{"id":58128,"date":"2023-08-20T14:29:05","date_gmt":"2023-08-20T18:29:05","guid":{"rendered":"https:\/\/lasprimeras.com.do\/?p=58128"},"modified":"2023-08-20T14:29:06","modified_gmt":"2023-08-20T18:29:06","slug":"raquel-penagobierno-mejora-red-de-escuelas-publicas-estudiantes-tienen-educacion-de-calidad","status":"publish","type":"post","link":"https:\/\/lasprimeras.com.do\/index.php\/2023\/08\/20\/raquel-penagobierno-mejora-red-de-escuelas-publicas-estudiantes-tienen-educacion-de-calidad\/","title":{"rendered":"Raquel Pe\u00f1a:\u201dGobierno mejora red de escuelas p\u00fablicas; estudiantes tienen educaci\u00f3n de calidad\u201d"},"content":{"rendered":"\n<p><strong>En sus 24 aulas, el centro educativo acoger\u00e1 800 alumnos de primaria y de educaci\u00f3n inicial de la comunidad Para\u00edso Escondido.<\/strong><\/p>\n\n\n\n<p>La vicepresidenta de la Rep\u00fablica, Raquel Pe\u00f1a, afirm\u00f3 que el Gobierno de Luis Abinader mejora red de escuelas p\u00fablicas para que los ni\u00f1os y j\u00f3venes tengan educaci\u00f3n de calidad.<\/p>\n\n\n\n<p>La vicepresidenta, hizo estos pronunciamientos al dejar inaugurada la Escuela B\u00e1sica Mam\u00e1 Ting\u00f3 en el sector Para\u00edso Escondido en Villa Mella con una inversi\u00f3n de RD$ 132, 829,119.10 millones de pesos.<\/p>\n\n\n\n<p>\u201cEn esta gesti\u00f3n de gobierno estamos mejorando la red de escuelas p\u00fablicas, porque recibir ense\u00f1anza en aulas dignas es fundamental para que nuestros ni\u00f1os y j\u00f3venes tengan la educaci\u00f3n de calidad que merecen\u201d, expres\u00f3 Pe\u00f1a.<\/p>\n\n\n\n<p>La vice mandataria manifest\u00f3 la emoci\u00f3n que sinti\u00f3 al escuchar a los ni\u00f1os interpretar el Himno Nacional con fervor lo que demuestra que se forman con amor a la patria.<\/p>\n\n\n\n<p>Tambi\u00e9n Pe\u00f1a, expres\u00f3 la alegr\u00eda por saber que cientos de alumnos comenzar\u00e1n el pr\u00f3ximo a\u00f1o escolar en un centro educativo como el entregado hoy a la comunidad de Para\u00edso Escondido.<\/p>\n\n\n\n<p>Resalt\u00f3 que la infraestructura educativa se termin\u00f3 en los plazos prometidos, para que el pr\u00f3ximo lunes, 28 de agosto, los ni\u00f1os de San Felipe, Villa Mella, comiencen el a\u00f1o escolar en buenas instalaciones educativas.<\/p>\n\n\n\n<p>&#8220;Como siempre digo, cada vez que entregamos una escuela toda la comunidad crece, porque la escuela transforma a los alumnos, pero tambi\u00e9n a las personas que viven en su entorno&#8221;, puntualiz\u00f3.<\/p>\n\n\n\n<p>De su lado, el ministro de Educaci\u00f3n, \u00c1ngel Hern\u00e1ndez, destac\u00f3 que de las escuelas salen las riquezas por lo que el saber es el capital que se debe valorar.<\/p>\n\n\n\n<p>Mientras, que la directora del centro educativo, Anny Francis M\u00f3nica, dijo que con la inauguraci\u00f3n de la edificaci\u00f3n se cumple con un anhelo de la comunidad que esper\u00f3 por 15 a\u00f1os.<\/p>\n\n\n\n<p>En nombre de los estudiantes, Jabniel David Almonte, manifest\u00f3 su alegr\u00eda y la de sus compa\u00f1eros al decir: &#8220;Hoy es un d\u00eda de alegr\u00eda para valorar este gran regalo y comprometernos a cuidarlo y mantenerlo, para que cada d\u00eda siga siendo un centro de aprendizaje para las futuras generaciones&#8221;.<\/p>\n\n\n\n<p>Mostr\u00f3 su emoci\u00f3n por tener una escuela digna para continuar con el desarrollo de sus aprendizajes, talentos y habilidades como estudiantes.<\/p>\n\n\n\n<p>Estuvieron presentes, el director de los Centros Tecnol\u00f3gicos Comunitarios (CTC), Isidro Torres; Betty Ger\u00f3nimo, diputada y Teodosia Ota\u00f1o De Oleo, directora de la Regional 10 del Ministerio de Educaci\u00f3n.<\/p>\n","protected":false},"excerpt":{"rendered":"<p>En sus 24 aulas, el centro educativo acoger\u00e1 800 alumnos de primaria y de educaci\u00f3n inicial de la comunidad Para\u00edso Escondido. La vicepresidenta de la Rep\u00fablica, Raquel Pe\u00f1a, afirm\u00f3 que&hellip;<\/p>\n","protected":false},"author":2,"featured_media":58129,"comment_status":"open","ping_status":"open","sticky":false,"template":"","format":"standard","meta":{"content-type":"","jetpack_post_was_ever_published":false,"_jetpack_newsletter_access":"","_jetpack_dont_email_post_to_subs":false,"_jetpack_newsletter_tier_id":0,"_jetpack_memberships_contains_paywalled_content":false,"_jetpack_memberships_contains_paid_content":false,"footnotes":""},"categories":[39,25],"tags":[893,6466,524,171,2873,2874],"class_list":["post-58128","post","type-post","status-publish","format-standard","has-post-thumbnail","hentry","category-economia","category-portada","tag-educacion","tag-escuelas-publicas","tag-estudiantes","tag-gobierno","tag-raquel-pena","tag-vicepresidenta"],"jetpack_featured_media_url":"https:\/\/lasprimeras.com.do\/wp-content\/uploads\/2023\/08\/Raquel-Pena-1-1.jpg","jetpack-related-posts":[{"id":106526,"url":"https:\/\/lasprimeras.com.do\/index.php\/2025\/08\/16\/gobierno-inaugura-tres-liceos-dos-escuelas-y-dos-estancias-infantiles-en-beneficio-de-mas-de-4-mil-estudiantes\/","url_meta":{"origin":58128,"position":0},"title":"Gobierno inaugura tres liceos, dos escuelas y dos estancias infantiles en beneficio de m\u00e1s de 4 mil estudiantes","author":"Nelson Feliz","date":"16 de agosto de 2025","format":false,"excerpt":"La vicepresidenta de la Rep\u00fablica, Raquel Pe\u00f1a, y el ministro de Educaci\u00f3n, Luis Miguel De Camps, encabezaron este viernes la inauguraci\u00f3n de tres liceos, dos escuelas y dos estancias infantiles en la provincia San Pedro de Macor\u00eds, que beneficiar\u00e1n a 4 155 ni\u00f1os, ni\u00f1as y adolescentes, y aportar\u00e1n 129 nuevas\u2026","rel":"","context":"En \u00abNACIONALES\u00bb","block_context":{"text":"NACIONALES","link":"https:\/\/lasprimeras.com.do\/index.php\/category\/nacionales\/"},"img":{"alt_text":"","src":"https:\/\/i0.wp.com\/lasprimeras.com.do\/wp-content\/uploads\/2025\/08\/ESCUELAS.jpg?resize=350%2C200&ssl=1","width":350,"height":200,"srcset":"https:\/\/i0.wp.com\/lasprimeras.com.do\/wp-content\/uploads\/2025\/08\/ESCUELAS.jpg?resize=350%2C200&ssl=1 1x, https:\/\/i0.wp.com\/lasprimeras.com.do\/wp-content\/uploads\/2025\/08\/ESCUELAS.jpg?resize=525%2C300&ssl=1 1.5x, https:\/\/i0.wp.com\/lasprimeras.com.do\/wp-content\/uploads\/2025\/08\/ESCUELAS.jpg?resize=700%2C400&ssl=1 2x"},"classes":[]},{"id":58683,"url":"https:\/\/lasprimeras.com.do\/index.php\/2023\/08\/27\/gobierno-entrega-tres-escuelas-primarias-en-la-romana-monte-plata-y-san-cristobal\/","url_meta":{"origin":58128,"position":1},"title":"Gobierno entrega tres escuelas primarias en La Romana, Monte Plata y San Crist\u00f3bal","author":"Nelson Feliz","date":"27 de agosto de 2023","format":false,"excerpt":"Vicemandataria afirma a\u00f1o escolar 2023-2024 ser\u00e1 hist\u00f3rico por la calidad y la buena organizaci\u00f3n por parte de las autoridades y del gobierno. La vicepresidenta Raquel Pe\u00f1a, entreg\u00f3 tres escuelas primarias en La Romana, Monte Plata y San Crist\u00f3bal garantizando que 2,205 estudiantes sean beneficiados de una educaci\u00f3n de calidad y\u2026","rel":"","context":"En \u00abNACIONALES\u00bb","block_context":{"text":"NACIONALES","link":"https:\/\/lasprimeras.com.do\/index.php\/category\/nacionales\/"},"img":{"alt_text":"Raquel Pe\u00f1a","src":"https:\/\/i0.wp.com\/lasprimeras.com.do\/wp-content\/uploads\/2023\/08\/RAQUEL-PENA-4.jpg?resize=350%2C200&ssl=1","width":350,"height":200,"srcset":"https:\/\/i0.wp.com\/lasprimeras.com.do\/wp-content\/uploads\/2023\/08\/RAQUEL-PENA-4.jpg?resize=350%2C200&ssl=1 1x, https:\/\/i0.wp.com\/lasprimeras.com.do\/wp-content\/uploads\/2023\/08\/RAQUEL-PENA-4.jpg?resize=525%2C300&ssl=1 1.5x, https:\/\/i0.wp.com\/lasprimeras.com.do\/wp-content\/uploads\/2023\/08\/RAQUEL-PENA-4.jpg?resize=700%2C400&ssl=1 2x"},"classes":[]},{"id":89865,"url":"https:\/\/lasprimeras.com.do\/index.php\/2024\/10\/06\/raquel-pena-entrega-escuela-campo-de-beisbol-y-da-palazo-para-ampliacion-de-hospital-en-el-sur\/","url_meta":{"origin":58128,"position":2},"title":"Raquel Pe\u00f1a entrega escuela, campo de b\u00e9isbol y da palazo para ampliaci\u00f3n de hospital en el Sur","author":"Nelson Feliz","date":"6 de octubre de 2024","format":false,"excerpt":"Inversi\u00f3n en estas obras sobrepasa los RD$ 220 MM. La vicepresidenta de la Rep\u00fablica, Raquel Pe\u00f1a, entreg\u00f3 este domingo importantes obras para beneficio de comunidades del Sur del pa\u00eds, en materia de educaci\u00f3n, salud y deporte; pilares del Gobierno dominicano para la transformaci\u00f3n de cada localidad. La primera parada del\u2026","rel":"","context":"En \u00abECONOM\u00cdA\u00bb","block_context":{"text":"ECONOM\u00cdA","link":"https:\/\/lasprimeras.com.do\/index.php\/category\/economia\/"},"img":{"alt_text":"Raquel Pe\u00f1a","src":"https:\/\/i0.wp.com\/lasprimeras.com.do\/wp-content\/uploads\/2024\/10\/Raquel-Pena-6.jpg?resize=350%2C200&ssl=1","width":350,"height":200,"srcset":"https:\/\/i0.wp.com\/lasprimeras.com.do\/wp-content\/uploads\/2024\/10\/Raquel-Pena-6.jpg?resize=350%2C200&ssl=1 1x, https:\/\/i0.wp.com\/lasprimeras.com.do\/wp-content\/uploads\/2024\/10\/Raquel-Pena-6.jpg?resize=525%2C300&ssl=1 1.5x, https:\/\/i0.wp.com\/lasprimeras.com.do\/wp-content\/uploads\/2024\/10\/Raquel-Pena-6.jpg?resize=700%2C400&ssl=1 2x"},"classes":[]},{"id":122597,"url":"https:\/\/lasprimeras.com.do\/index.php\/2026\/02\/18\/gobierno-inaugura-escuela-y-estancia-infantil-en-azua\/","url_meta":{"origin":58128,"position":3},"title":"Gobierno inaugura escuela y estancia infantil en Azua","author":"Nelson Feliz","date":"18 de febrero de 2026","format":false,"excerpt":"El Gobierno de la Rep\u00fablica inaugur\u00f3 este mi\u00e9rcoles el Centro Educativo Hermana Dolores Garc\u00eda Alcaraz y el Centros de Atenci\u00f3n Integral a la Primera Infancia (CAIPI) Urbanizaci\u00f3n Quisqueya, en la provincia de Azua, dos infraestructuras que beneficiar\u00e1n de manera directa a cerca de mil ni\u00f1os y ni\u00f1as y que ampl\u00edan\u2026","rel":"","context":"En \u00abNACIONALES\u00bb","block_context":{"text":"NACIONALES","link":"https:\/\/lasprimeras.com.do\/index.php\/category\/nacionales\/"},"img":{"alt_text":"","src":"https:\/\/i0.wp.com\/lasprimeras.com.do\/wp-content\/uploads\/2026\/02\/escuela-1.jpg?resize=350%2C200&ssl=1","width":350,"height":200,"srcset":"https:\/\/i0.wp.com\/lasprimeras.com.do\/wp-content\/uploads\/2026\/02\/escuela-1.jpg?resize=350%2C200&ssl=1 1x, https:\/\/i0.wp.com\/lasprimeras.com.do\/wp-content\/uploads\/2026\/02\/escuela-1.jpg?resize=525%2C300&ssl=1 1.5x, https:\/\/i0.wp.com\/lasprimeras.com.do\/wp-content\/uploads\/2026\/02\/escuela-1.jpg?resize=700%2C400&ssl=1 2x"},"classes":[]},{"id":88306,"url":"https:\/\/lasprimeras.com.do\/index.php\/2024\/08\/25\/raquel-pena-rd-necesita-mas-educacion-educacion-y-educacion\/","url_meta":{"origin":58128,"position":4},"title":"Raquel Pe\u00f1a: \u201cRD necesita m\u00e1s educaci\u00f3n, educaci\u00f3n y educaci\u00f3n\u201d","author":"Nelson Feliz","date":"25 de agosto de 2024","format":false,"excerpt":"La vicepresidenta de la Rep\u00fablica, Raquel Pe\u00f1a, destac\u00f3 este domingo que para que el pa\u00eds pueda avanzar m\u00e1s r\u00e1pido en el camino del desarrollo de todas sus comunidades la pieza esencial es la educaci\u00f3n. \u201cSi nos preguntan qu\u00e9 necesita m\u00e1s la Rep\u00fablica Dominicana, la respuesta es clara: educaci\u00f3n, educaci\u00f3n y\u2026","rel":"","context":"En \u00abNACIONALES\u00bb","block_context":{"text":"NACIONALES","link":"https:\/\/lasprimeras.com.do\/index.php\/category\/nacionales\/"},"img":{"alt_text":"Raquel Pe\u00f1a","src":"https:\/\/i0.wp.com\/lasprimeras.com.do\/wp-content\/uploads\/2024\/08\/Raquel-Pena-1.jpg?resize=350%2C200&ssl=1","width":350,"height":200,"srcset":"https:\/\/i0.wp.com\/lasprimeras.com.do\/wp-content\/uploads\/2024\/08\/Raquel-Pena-1.jpg?resize=350%2C200&ssl=1 1x, https:\/\/i0.wp.com\/lasprimeras.com.do\/wp-content\/uploads\/2024\/08\/Raquel-Pena-1.jpg?resize=525%2C300&ssl=1 1.5x"},"classes":[]},{"id":92014,"url":"https:\/\/lasprimeras.com.do\/index.php\/2024\/12\/11\/raquel-pena-inaugura-destacamento-en-sde-y-escuela-en-spm\/","url_meta":{"origin":58128,"position":5},"title":"Raquel Pe\u00f1a inaugura destacamento en SDE y escuela en SPM","author":"Nelson Feliz","date":"11 de diciembre de 2024","format":false,"excerpt":"La vicepresidenta tambi\u00e9n comparti\u00f3 almuerzos navide\u00f1os con cientos de comunitarios de la regi\u00f3n Este. Con el objetivo de continuar sumando pelda\u00f1os a la escalada por la transformaci\u00f3n de la Polic\u00eda Nacional y el sistema educativo dominicano, la vicepresidenta de la Rep\u00fablica, Raquel Pe\u00f1a, inaugur\u00f3 un nuevo destacamento y una escuela\u2026","rel":"","context":"En \u00abNACIONALES\u00bb","block_context":{"text":"NACIONALES","link":"https:\/\/lasprimeras.com.do\/index.php\/category\/nacionales\/"},"img":{"alt_text":"Raquel Pe\u00f1a","src":"https:\/\/i0.wp.com\/lasprimeras.com.do\/wp-content\/uploads\/2024\/12\/Raquel-Pena.jpg?resize=350%2C200&ssl=1","width":350,"height":200,"srcset":"https:\/\/i0.wp.com\/lasprimeras.com.do\/wp-content\/uploads\/2024\/12\/Raquel-Pena.jpg?resize=350%2C200&ssl=1 1x, https:\/\/i0.wp.com\/lasprimeras.com.do\/wp-content\/uploads\/2024\/12\/Raquel-Pena.jpg?resize=525%2C300&ssl=1 1.5x"},"classes":[]}],"jetpack_sharing_enabled":true,"_links":{"self":[{"href":"https:\/\/lasprimeras.com.do\/index.php\/wp-json\/wp\/v2\/posts\/58128","targetHints":{"allow":["GET"]}}],"collection":[{"href":"https:\/\/lasprimeras.com.do\/index.php\/wp-json\/wp\/v2\/posts"}],"about":[{"href":"https:\/\/lasprimeras.com.do\/index.php\/wp-json\/wp\/v2\/types\/post"}],"author":[{"embeddable":true,"href":"https:\/\/lasprimeras.com.do\/index.php\/wp-json\/wp\/v2\/users\/2"}],"replies":[{"embeddable":true,"href":"https:\/\/lasprimeras.com.do\/index.php\/wp-json\/wp\/v2\/comments?post=58128"}],"version-history":[{"count":1,"href":"https:\/\/lasprimeras.com.do\/index.php\/wp-json\/wp\/v2\/posts\/58128\/revisions"}],"predecessor-version":[{"id":58130,"href":"https:\/\/lasprimeras.com.do\/index.php\/wp-json\/wp\/v2\/posts\/58128\/revisions\/58130"}],"wp:featuredmedia":[{"embeddable":true,"href":"https:\/\/lasprimeras.com.do\/index.php\/wp-json\/wp\/v2\/media\/58129"}],"wp:attachment":[{"href":"https:\/\/lasprimeras.com.do\/index.php\/wp-json\/wp\/v2\/media?parent=58128"}],"wp:term":[{"taxonomy":"category","embeddable":true,"href":"https:\/\/lasprimeras.com.do\/index.php\/wp-json\/wp\/v2\/categories?post=58128"},{"taxonomy":"post_tag","embeddable":true,"href":"https:\/\/lasprimeras.com.do\/index.php\/wp-json\/wp\/v2\/tags?post=58128"}],"curies":[{"name":"wp","href":"https:\/\/api.w.org\/{rel}","templated":true}]}}