{"id":58137,"date":"2023-08-20T23:59:16","date_gmt":"2023-08-21T03:59:16","guid":{"rendered":"https:\/\/lasprimeras.com.do\/?p=58137"},"modified":"2023-08-20T23:59:17","modified_gmt":"2023-08-21T03:59:17","slug":"onamet-modifica-alertas-de-tormenta-tropical-franklin-se-amplian-hacia-la-costa-norte","status":"publish","type":"post","link":"https:\/\/lasprimeras.com.do\/index.php\/2023\/08\/20\/onamet-modifica-alertas-de-tormenta-tropical-franklin-se-amplian-hacia-la-costa-norte\/","title":{"rendered":"Onamet modifica alertas de tormenta tropical Franklin; se ampl\u00edan hacia la costa norte"},"content":{"rendered":"\n<p>La Oficina Nacional de Meteorolog\u00eda modific\u00f3 esta noche las alertas de la tormenta tropical Franklin, las cuales fueron ampliadas hacia la costa norte.<\/p>\n\n\n\n<p>&#8220;A partir de este momento, se cambia el alerta a un aviso de condiciones de tormenta tropical desde pedernales, frontera con Hait\u00ed hasta la isla Saona, y un alerta desde isla Saona hasta Monte Cristi en la costa norte&#8221;, comunic\u00f3 en su bolet\u00edn n\u00famero dos.<\/p>\n\n\n\n<p>Explic\u00f3 que un aviso significa que en un plazo de 36 horas o menos, uno o dos de los efectos asociados a un cicl\u00f3n tr\u00f3pical, como son los vientos fuertes, altas olas y rompientes, as\u00ed como lluvias fuertes podr\u00edan afectar las zonas bajo aviso.<\/p>\n\n\n\n<p>En tanto que una alerta significa que en un plazo de 48 horas o menos, uno de los efectos asociados del cicl\u00f3n tropical, podr\u00edan afectar la zona bajo alerta.<\/p>\n\n\n\n<p>Trayectoria<\/p>\n\n\n\n<p>A las 10:00 de la noche de este domingo, el centro de la tormenta Franklin fue ubicado pr\u00f3ximo a la latitud 14.9 norte 68.0 oeste, esto es a unos 370 kil\u00f3metros al sur\/sureste de la isla Saona.<\/p>\n\n\n\n<p>De acuerdo con la directora de la Onamet, Gloria Ceballos, el fen\u00f3meno se mueve hacia el oeste a unos 19 kil\u00f3metros por hora, con vientos m\u00e1ximos sostenidos de 85 kil\u00f3metros. Respecto a los avisos de la tarde, los vientos aumentaron, mientras que el movimiento se ralentiz\u00f3 un poco.<\/p>\n\n\n\n<p>El fen\u00f3meno podr\u00eda intensificarse<\/p>\n\n\n\n<p>Las aguas del mar Caribe por donde transita Franklin tienen una temperatura entre 28\u00b0C y 30\u00b0C (grados Celsius) lo que favorece que se intensifique un poco, pero no a la intensidad de hurac\u00e1n, antes de acercarse al territorio dominicano. De acuerdo a su movimiento actual y su trayectoria probable futura, podr\u00eda estar acerc\u00e1ndose al suroeste del pa\u00eds en la tarde del martes.<\/p>\n\n\n\n<p>Fuertes lluvias<\/p>\n\n\n\n<p>Onamet explica que a partir de la madrugada del martes, &#8220;los densos y compactos campos nubosos&#8221; asociados a Franklin comenzar\u00e1n a penetrar por el este del territorio dominicano para luego ir extendi\u00e9ndose de forma gradual en el resto del territorio, esper\u00e1ndose acumulados que podr\u00edan oscilar entre 75 y 300 mil\u00edmetros. Estos valores ser\u00e1n ajustados, dependiendo de c\u00f3mo contin\u00fae el comportamiento tanto de la trayectoria como de su estructura nubosa, inform\u00f3 Onamet.<\/p>\n\n\n\n<p>El sistema actualmente, tiene la capacidad de generar valores de lluvias acumuladas hasta cerca de los 300 mil\u00edmetros.<\/p>\n\n\n\n<p>Condiciones mar\u00edtimas<\/p>\n\n\n\n<p>En lo que respecta a las condiciones mar\u00edtimas, desde este lunes, a lo largo de la costa caribe\u00f1a, se observar\u00e1n de manera paulatina olas de 8 a 9 pies, con algunos rompientes, por lo que se recomienda que las embarcaciones fr\u00e1giles, peque\u00f1as y medianas permanezcan en puerto, mientras que las de mayor calaje, deben consultar a las autoridades oficiales.<\/p>\n\n\n\n<p>Provincias en alerta<\/p>\n\n\n\n<p>Todo el pa\u00eds est\u00e1 bajo alerta. En amarillo est\u00e1n el Distrito Nacional y las provincias Santo Domingo, San Crist\u00f3bal, Peravia, Barahona, San Juan, Independencia, El\u00edas Pi\u00f1a, San Pedro de Macor\u00eds, La Romana, San Jos\u00e9 de Ocoa, Monte Plata, Pedernales, Azua, Bahoruco y La Altagracia.<\/p>\n\n\n\n<p>En verde est\u00e1n: La Vega, S\u00e1nchez Ram\u00edrez, Duarte, Santiago, Espaillat, Hermanas Mirabal, Valverde, Monte Cristi, Puerto Plata, Monse\u00f1or Nouel, Hato Mayor, El Seibo, Saman\u00e1, Mar\u00eda Trinidad S\u00e1nchez, Santiago Rodr\u00edguez y Dajab\u00f3n.<\/p>\n","protected":false},"excerpt":{"rendered":"<p>La Oficina Nacional de Meteorolog\u00eda modific\u00f3 esta noche las alertas de la tormenta tropical Franklin, las cuales fueron ampliadas hacia la costa norte. &#8220;A partir de este momento, se cambia&hellip;<\/p>\n","protected":false},"author":2,"featured_media":53124,"comment_status":"open","ping_status":"open","sticky":false,"template":"","format":"standard","meta":{"content-type":"","jetpack_post_was_ever_published":false,"_jetpack_newsletter_access":"","_jetpack_dont_email_post_to_subs":false,"_jetpack_newsletter_tier_id":0,"_jetpack_memberships_contains_paywalled_content":false,"_jetpack_memberships_contains_paid_content":false,"footnotes":""},"categories":[35,25],"tags":[1517],"class_list":["post-58137","post","type-post","status-publish","format-standard","has-post-thumbnail","hentry","category-nacionales","category-portada","tag-onamet"],"jetpack_featured_media_url":"https:\/\/lasprimeras.com.do\/wp-content\/uploads\/2023\/06\/onamet-1.jpg","jetpack-related-posts":[{"id":58248,"url":"https:\/\/lasprimeras.com.do\/index.php\/2023\/08\/22\/franklin-a-415-kms-de-rd-mas-viento-y-lluvia-desde-esta-noche\/","url_meta":{"origin":58137,"position":0},"title":"Franklin a 415 kms de RD; m\u00e1s viento y lluvia desde esta noche","author":"Nelson Feliz","date":"22 de agosto de 2023","format":false,"excerpt":"El Centro Nacional de Huracanes (CNH), con sede en Miami, Estados Unidos, public\u00f3 a las 5:00 de esta ma\u00f1ana que a esta hora el centro de la tormenta tropical Franklin estaba a 415 kil\u00f3metros al sur de Santo Domingo. Ten\u00eda vientos m\u00e1ximos sostenidos de 85 kil\u00f3metros por hora, movi\u00e9ndose a\u2026","rel":"","context":"En \u00abSin categor\u00eda\u00bb","block_context":{"text":"Sin categor\u00eda","link":"https:\/\/lasprimeras.com.do\/index.php\/category\/sin-categoria\/"},"img":{"alt_text":"","src":"https:\/\/i0.wp.com\/lasprimeras.com.do\/wp-content\/uploads\/2023\/08\/Franklin-2.jpg?resize=350%2C200&ssl=1","width":350,"height":200,"srcset":"https:\/\/i0.wp.com\/lasprimeras.com.do\/wp-content\/uploads\/2023\/08\/Franklin-2.jpg?resize=350%2C200&ssl=1 1x, https:\/\/i0.wp.com\/lasprimeras.com.do\/wp-content\/uploads\/2023\/08\/Franklin-2.jpg?resize=525%2C300&ssl=1 1.5x"},"classes":[]},{"id":58181,"url":"https:\/\/lasprimeras.com.do\/index.php\/2023\/08\/21\/coe-incrementa-alertas-ante-tormenta-tropical-franklin-14-provincias-en-rojo\/","url_meta":{"origin":58137,"position":1},"title":"COE incrementa alertas ante tormenta tropical Franklin; 14 provincias en rojo","author":"Nelson Feliz","date":"21 de agosto de 2023","format":false,"excerpt":"La alerta roja se emite cuando el fen\u00f3meno tiene una alta probabilidad de impactar una zona. El Centro de Operaciones de Emergencia (COE) increment\u00f3 este lunes los niveles de alerta ante los efectos que se esperan de la tormenta tropical Franklin que incidir\u00eda directamente sobre el pa\u00eds desde este martes.\u2026","rel":"","context":"En \u00abNACIONALES\u00bb","block_context":{"text":"NACIONALES","link":"https:\/\/lasprimeras.com.do\/index.php\/category\/nacionales\/"},"img":{"alt_text":"coe","src":"https:\/\/i0.wp.com\/lasprimeras.com.do\/wp-content\/uploads\/2023\/08\/coe.jpg?resize=350%2C200&ssl=1","width":350,"height":200,"srcset":"https:\/\/i0.wp.com\/lasprimeras.com.do\/wp-content\/uploads\/2023\/08\/coe.jpg?resize=350%2C200&ssl=1 1x, https:\/\/i0.wp.com\/lasprimeras.com.do\/wp-content\/uploads\/2023\/08\/coe.jpg?resize=525%2C300&ssl=1 1.5x, https:\/\/i0.wp.com\/lasprimeras.com.do\/wp-content\/uploads\/2023\/08\/coe.jpg?resize=700%2C400&ssl=1 2x"},"classes":[]},{"id":58778,"url":"https:\/\/lasprimeras.com.do\/index.php\/2023\/08\/28\/emiten-alerta-de-huracan-para-la-provincia-cubana-de-pinar-del-rio\/","url_meta":{"origin":58137,"position":2},"title":"Emiten alerta de hurac\u00e1n para la provincia cubana de Pinar del R\u00edo","author":"Nelson Feliz","date":"28 de agosto de 2023","format":false,"excerpt":"Por Robert Shackelford (CNN) -- La tormenta tropical Idalia se est\u00e1 fortaleciendo r\u00e1pidamente, seg\u00fan la actualizaci\u00f3n de las 11 p.m. hora del este de EE.UU. del Centro Nacional de Huracanes (NHC). Idalia tiene vientos de 97 km\/h con r\u00e1fagas m\u00e1s fuertes y actualmente est\u00e1 estacionaria. El gobierno de Cuba elev\u00f3\u2026","rel":"","context":"En \u00abSin categor\u00eda\u00bb","block_context":{"text":"Sin categor\u00eda","link":"https:\/\/lasprimeras.com.do\/index.php\/category\/sin-categoria\/"},"img":{"alt_text":"","src":"","width":0,"height":0},"classes":[]},{"id":58625,"url":"https:\/\/lasprimeras.com.do\/index.php\/2023\/08\/26\/coe-mantiene-21-provincias-dominicanas-en-alerta-por-lluvias\/","url_meta":{"origin":58137,"position":3},"title":"COE mantiene 21 provincias dominicanas en alerta por lluvias","author":"Nelson Feliz","date":"26 de agosto de 2023","format":false,"excerpt":"El Centro de Operaciones de Emergencias (COE) suspendi\u00f3 este s\u00e1bado la alerta por lluvias en 11 provincias del pa\u00eds, aunque mantiene 12 en nivel amarillo y otras 9 en nivel verde ante la previsi\u00f3n de nuevas precipitaciones y por la saturaci\u00f3n de los suelos efecto del paso de la tormenta\u2026","rel":"","context":"En \u00abNACIONALES\u00bb","block_context":{"text":"NACIONALES","link":"https:\/\/lasprimeras.com.do\/index.php\/category\/nacionales\/"},"img":{"alt_text":"COE","src":"https:\/\/i0.wp.com\/lasprimeras.com.do\/wp-content\/uploads\/2023\/08\/alerta.jpg?resize=350%2C200&ssl=1","width":350,"height":200,"srcset":"https:\/\/i0.wp.com\/lasprimeras.com.do\/wp-content\/uploads\/2023\/08\/alerta.jpg?resize=350%2C200&ssl=1 1x, https:\/\/i0.wp.com\/lasprimeras.com.do\/wp-content\/uploads\/2023\/08\/alerta.jpg?resize=525%2C300&ssl=1 1.5x, https:\/\/i0.wp.com\/lasprimeras.com.do\/wp-content\/uploads\/2023\/08\/alerta.jpg?resize=700%2C400&ssl=1 2x"},"classes":[]},{"id":86975,"url":"https:\/\/lasprimeras.com.do\/index.php\/2024\/08\/04\/alerta-por-tormenta-tropical-debby-impactara-mexico\/","url_meta":{"origin":58137,"position":4},"title":"Alerta por Tormenta Tropical \u2018Debby\u2019; \u00bfImpactar\u00e1 M\u00e9xico?","author":"Nelson Feliz","date":"4 de agosto de 2024","format":false,"excerpt":"El Centro Nacional de Huracanes inform\u00f3 que la depresi\u00f3n tropical se convirti\u00f3 en tormenta tropical 'Debby' el s\u00e1bado a las 17:00 horas. Por Karla Palacio El s\u00e1bado, la tormenta tropical \u2018Debby\u2019 se form\u00f3 en el sureste del Golfo de M\u00e9xico, lo que ha generado una serie de alertas debido a\u2026","rel":"","context":"En \u00abSin categor\u00eda\u00bb","block_context":{"text":"Sin categor\u00eda","link":"https:\/\/lasprimeras.com.do\/index.php\/category\/sin-categoria\/"},"img":{"alt_text":"","src":"https:\/\/i0.wp.com\/lasprimeras.com.do\/wp-content\/uploads\/2024\/08\/huracan.png?resize=350%2C200&ssl=1","width":350,"height":200,"srcset":"https:\/\/i0.wp.com\/lasprimeras.com.do\/wp-content\/uploads\/2024\/08\/huracan.png?resize=350%2C200&ssl=1 1x, https:\/\/i0.wp.com\/lasprimeras.com.do\/wp-content\/uploads\/2024\/08\/huracan.png?resize=525%2C300&ssl=1 1.5x, https:\/\/i0.wp.com\/lasprimeras.com.do\/wp-content\/uploads\/2024\/08\/huracan.png?resize=700%2C400&ssl=1 2x"},"classes":[]},{"id":58850,"url":"https:\/\/lasprimeras.com.do\/index.php\/2023\/08\/28\/bermudas-emite-alerta-de-tormenta-tropical-por-franklin-que-provoca-desvio-de-un-crucero\/","url_meta":{"origin":58137,"position":5},"title":"Bermudas emite alerta de tormenta tropical por Franklin, que provoca desv\u00edo de un crucero","author":"Nelson Feliz","date":"28 de agosto de 2023","format":false,"excerpt":"El Servicio Meteorol\u00f3gico de Bermudas (BWS, por sus siglas en ingl\u00e9s) emiti\u00f3 este lunes alerta de tormenta tropical para el territorio brit\u00e1nico por los efectos del hurac\u00e1n de categor\u00eda 4 Franklin, que han provocado ya el desv\u00edo de un crucero. La agencia explic\u00f3 en su \u00faltimo bolet\u00edn que los grupos\u2026","rel":"","context":"En \u00abSin categor\u00eda\u00bb","block_context":{"text":"Sin categor\u00eda","link":"https:\/\/lasprimeras.com.do\/index.php\/category\/sin-categoria\/"},"img":{"alt_text":"El crucero deb\u00eda llegar a Dockyard ma\u00f1ana para una estad\u00eda de dos noches, despu\u00e9s de salir ayer de Norfolk, Virginia (Estados Unidos).","src":"https:\/\/i0.wp.com\/lasprimeras.com.do\/wp-content\/uploads\/2023\/08\/CRUCERO.jpg?resize=350%2C200&ssl=1","width":350,"height":200,"srcset":"https:\/\/i0.wp.com\/lasprimeras.com.do\/wp-content\/uploads\/2023\/08\/CRUCERO.jpg?resize=350%2C200&ssl=1 1x, https:\/\/i0.wp.com\/lasprimeras.com.do\/wp-content\/uploads\/2023\/08\/CRUCERO.jpg?resize=525%2C300&ssl=1 1.5x, https:\/\/i0.wp.com\/lasprimeras.com.do\/wp-content\/uploads\/2023\/08\/CRUCERO.jpg?resize=700%2C400&ssl=1 2x"},"classes":[]}],"jetpack_sharing_enabled":true,"_links":{"self":[{"href":"https:\/\/lasprimeras.com.do\/index.php\/wp-json\/wp\/v2\/posts\/58137","targetHints":{"allow":["GET"]}}],"collection":[{"href":"https:\/\/lasprimeras.com.do\/index.php\/wp-json\/wp\/v2\/posts"}],"about":[{"href":"https:\/\/lasprimeras.com.do\/index.php\/wp-json\/wp\/v2\/types\/post"}],"author":[{"embeddable":true,"href":"https:\/\/lasprimeras.com.do\/index.php\/wp-json\/wp\/v2\/users\/2"}],"replies":[{"embeddable":true,"href":"https:\/\/lasprimeras.com.do\/index.php\/wp-json\/wp\/v2\/comments?post=58137"}],"version-history":[{"count":1,"href":"https:\/\/lasprimeras.com.do\/index.php\/wp-json\/wp\/v2\/posts\/58137\/revisions"}],"predecessor-version":[{"id":58138,"href":"https:\/\/lasprimeras.com.do\/index.php\/wp-json\/wp\/v2\/posts\/58137\/revisions\/58138"}],"wp:featuredmedia":[{"embeddable":true,"href":"https:\/\/lasprimeras.com.do\/index.php\/wp-json\/wp\/v2\/media\/53124"}],"wp:attachment":[{"href":"https:\/\/lasprimeras.com.do\/index.php\/wp-json\/wp\/v2\/media?parent=58137"}],"wp:term":[{"taxonomy":"category","embeddable":true,"href":"https:\/\/lasprimeras.com.do\/index.php\/wp-json\/wp\/v2\/categories?post=58137"},{"taxonomy":"post_tag","embeddable":true,"href":"https:\/\/lasprimeras.com.do\/index.php\/wp-json\/wp\/v2\/tags?post=58137"}],"curies":[{"name":"wp","href":"https:\/\/api.w.org\/{rel}","templated":true}]}}