{"id":58169,"date":"2023-08-21T08:48:56","date_gmt":"2023-08-21T12:48:56","guid":{"rendered":"https:\/\/lasprimeras.com.do\/?p=58169"},"modified":"2023-08-21T08:48:58","modified_gmt":"2023-08-21T12:48:58","slug":"en-18-horas-se-forman-tres-tormentas-tropicales-en-el-atlantico-emily-franklin-y-ahora-gert","status":"publish","type":"post","link":"https:\/\/lasprimeras.com.do\/index.php\/2023\/08\/21\/en-18-horas-se-forman-tres-tormentas-tropicales-en-el-atlantico-emily-franklin-y-ahora-gert\/","title":{"rendered":"En 18 horas se forman tres tormentas tropicales en el Atl\u00e1ntico: Emily, Franklin y ahora Gert"},"content":{"rendered":"\n<p>A fines de mayo, la Administraci\u00f3n Nacional Oce\u00e1nica y Atmosf\u00e9rica (NOAA, por sus siglas en ingl\u00e9s) predijo que habr\u00eda de 12 a 17 tormentas con nombre este a\u00f1o, una cantidad &#8220;casi normal&#8221;. El 10 de agosto, los funcionarios de la NOAA aumentaron su estimaci\u00f3n, de 14 a 21 tormentas.<\/p>\n\n\n\n<p>La tormenta tropical Gert se form\u00f3 el lunes temprano y se convirti\u00f3 en la m\u00e1s reciente de la temporada cicl\u00f3nica 2023.<\/p>\n\n\n\n<p>En un lapso de 18 horas, se formaron tres tormentas tropicales en el Oc\u00e9ano Atl\u00e1ntico: Emily, Franklin y ahora Gert, lo que indica que la temporada de huracanes est\u00e1 lejos de terminar, a pesar de un verano relativamente tranquilo, y que el resto de la temporada podr\u00eda ver una gran actividad como algunos expertos han predicho.<\/p>\n\n\n\n<p>Por su parte, el Centro Nacional de Huracanes (NHC, por sus silgas en ingl\u00e9s) estim\u00f3 que Gert ten\u00eda vientos sostenidos de 40 millas por hora con r\u00e1fagas m\u00e1s altas.<\/p>\n\n\n\n<p>Cuando las perturbaciones tropicales tienen vientos sostenidos de 39 mph., ganan un nombre. Una vez que los vientos alcanzan las 74 mph, una tormenta se convierte en hurac\u00e1n, y a 111 mph. se convierte en un gran hurac\u00e1n.<\/p>\n\n\n\n<p>Gert se form\u00f3 a unas 485 millas al este de las Islas de Sotavento en el Caribe y se mov\u00eda hacia el oeste \/ noroeste. No hab\u00eda alertas costeras ni avisos en vigor.<\/p>\n\n\n\n<p>Se esperaba que la tormenta se convirtiera en un m\u00ednimo remanente m\u00e1s tarde el lunes y se disipara el martes.<\/p>\n\n\n\n<p>A fines de mayo, la Administraci\u00f3n Nacional Oce\u00e1nica y Atmosf\u00e9rica (NOAA, por sus siglas en ingl\u00e9s) predijo que habr\u00eda de 12 a 17 tormentas con nombre este a\u00f1o, una cantidad &#8220;casi normal&#8221;.<\/p>\n\n\n\n<p>El 10 de agosto, los funcionarios de la NOAA aumentaron su estimaci\u00f3n, de 14 a 21 tormentas.<\/p>\n","protected":false},"excerpt":{"rendered":"<p>A fines de mayo, la Administraci\u00f3n Nacional Oce\u00e1nica y Atmosf\u00e9rica (NOAA, por sus siglas en ingl\u00e9s) predijo que habr\u00eda de 12 a 17 tormentas con nombre este a\u00f1o, una cantidad&hellip;<\/p>\n","protected":false},"author":2,"featured_media":58170,"comment_status":"open","ping_status":"open","sticky":false,"template":"","format":"standard","meta":{"content-type":"","jetpack_post_was_ever_published":false,"_jetpack_newsletter_access":"","_jetpack_dont_email_post_to_subs":false,"_jetpack_newsletter_tier_id":0,"_jetpack_memberships_contains_paywalled_content":false,"_jetpack_memberships_contains_paid_content":false,"footnotes":""},"categories":[35,25],"tags":[6414,6485,6482,6486,6483,6484],"class_list":["post-58169","post","type-post","status-publish","format-standard","has-post-thumbnail","hentry","category-nacionales","category-portada","tag-atlantico","tag-emily","tag-franklin","tag-gert","tag-tormentas","tag-tropicales"],"jetpack_featured_media_url":"https:\/\/lasprimeras.com.do\/wp-content\/uploads\/2023\/08\/tormentas.jpeg","jetpack-related-posts":[{"id":99572,"url":"https:\/\/lasprimeras.com.do\/index.php\/2025\/05\/23\/pronostican-temporada-activa-de-huracanes-en-el-atlantico-aunque-quiza-menos-intensa-que-en-2024\/","url_meta":{"origin":58169,"position":0},"title":"Pronostican temporada activa de huracanes en el Atl\u00e1ntico, aunque quiz\u00e1 menos intensa que en 2024","author":"Nelson Feliz","date":"23 de mayo de 2025","format":false,"excerpt":"POR SETH BORENSTEIN WASHINGTON (AP) \u2014 Con aguas oce\u00e1nicas m\u00e1s c\u00e1lidas de lo normal, los meteor\u00f3logos pronostican otra temporada de huracanes inusualmente activa en el Atl\u00e1ntico. Pero no piensan que sea tan ca\u00f3tica como la de 2024, la tercera temporada m\u00e1s costosa en da\u00f1os de la que se tenga registro,\u2026","rel":"","context":"En \u00abINTERNACIONALES\u00bb","block_context":{"text":"INTERNACIONALES","link":"https:\/\/lasprimeras.com.do\/index.php\/category\/sin-categoria\/internacionales\/"},"img":{"alt_text":"","src":"https:\/\/i0.wp.com\/lasprimeras.com.do\/wp-content\/uploads\/2025\/05\/hurac.jpg?resize=350%2C200&ssl=1","width":350,"height":200,"srcset":"https:\/\/i0.wp.com\/lasprimeras.com.do\/wp-content\/uploads\/2025\/05\/hurac.jpg?resize=350%2C200&ssl=1 1x, https:\/\/i0.wp.com\/lasprimeras.com.do\/wp-content\/uploads\/2025\/05\/hurac.jpg?resize=525%2C300&ssl=1 1.5x, https:\/\/i0.wp.com\/lasprimeras.com.do\/wp-content\/uploads\/2025\/05\/hurac.jpg?resize=700%2C400&ssl=1 2x"},"classes":[]},{"id":59680,"url":"https:\/\/lasprimeras.com.do\/index.php\/2023\/09\/06\/meteorologos-del-nhc-preven-que-la-tormenta-lee-amenaza-ser-huracan-este-fin-de-semana\/","url_meta":{"origin":58169,"position":1},"title":"Meteor\u00f3logos del NHC prev\u00e9n que la tormenta Lee amenaza ser hurac\u00e1n este fin de semana","author":"Nelson Feliz","date":"6 de septiembre de 2023","format":false,"excerpt":"Los meteor\u00f3logos del NHC prev\u00e9n que la tormenta \"se intensifique r\u00e1pidamente en un hurac\u00e1n extremadamente peligroso\" y que el viernes alcance a ser un hurac\u00e1n mayor, es decir de categor\u00eda tres o m\u00e1s en la escala Saffir-Simpson, de un m\u00e1ximo de cinco. La depresi\u00f3n tropical 13 que se form\u00f3 este\u2026","rel":"","context":"En \u00abPORTADA\u00bb","block_context":{"text":"PORTADA","link":"https:\/\/lasprimeras.com.do\/index.php\/category\/portada\/"},"img":{"alt_text":"Tormenta Lee","src":"https:\/\/i0.wp.com\/lasprimeras.com.do\/wp-content\/uploads\/2023\/09\/LEE-1.jpg?resize=350%2C200&ssl=1","width":350,"height":200,"srcset":"https:\/\/i0.wp.com\/lasprimeras.com.do\/wp-content\/uploads\/2023\/09\/LEE-1.jpg?resize=350%2C200&ssl=1 1x, https:\/\/i0.wp.com\/lasprimeras.com.do\/wp-content\/uploads\/2023\/09\/LEE-1.jpg?resize=525%2C300&ssl=1 1.5x, https:\/\/i0.wp.com\/lasprimeras.com.do\/wp-content\/uploads\/2023\/09\/LEE-1.jpg?resize=700%2C400&ssl=1 2x"},"classes":[]},{"id":58020,"url":"https:\/\/lasprimeras.com.do\/index.php\/2023\/08\/18\/meteorologos-de-ee-uu-vigilan-cuatro-areas-de-baja-presion-en-el-atlantico\/","url_meta":{"origin":58169,"position":2},"title":"Meteor\u00f3logos de EE.UU. vigilan cuatro \u00e1reas de baja presi\u00f3n en el Atl\u00e1ntico","author":"Nelson Feliz","date":"18 de agosto de 2023","format":false,"excerpt":"El Centro Nacional de Huracanes (NHC, por su sigla en ingl\u00e9s) de EE.UU. vigila este viernes cuatro sistemas de baja presi\u00f3n formados en la cuenca atl\u00e1ntica, uno de los cuales presenta altas posibilidades de convertirse en una depresi\u00f3n tropical en las pr\u00f3ximas 48 horas. De acuerdo a un bolet\u00edn matutino\u2026","rel":"","context":"En \u00abSin categor\u00eda\u00bb","block_context":{"text":"Sin categor\u00eda","link":"https:\/\/lasprimeras.com.do\/index.php\/category\/sin-categoria\/"},"img":{"alt_text":"meteorologia","src":"https:\/\/i0.wp.com\/lasprimeras.com.do\/wp-content\/uploads\/2023\/08\/meteorologia.jpg?resize=350%2C200&ssl=1","width":350,"height":200,"srcset":"https:\/\/i0.wp.com\/lasprimeras.com.do\/wp-content\/uploads\/2023\/08\/meteorologia.jpg?resize=350%2C200&ssl=1 1x, https:\/\/i0.wp.com\/lasprimeras.com.do\/wp-content\/uploads\/2023\/08\/meteorologia.jpg?resize=525%2C300&ssl=1 1.5x, https:\/\/i0.wp.com\/lasprimeras.com.do\/wp-content\/uploads\/2023\/08\/meteorologia.jpg?resize=700%2C400&ssl=1 2x"},"classes":[]},{"id":86975,"url":"https:\/\/lasprimeras.com.do\/index.php\/2024\/08\/04\/alerta-por-tormenta-tropical-debby-impactara-mexico\/","url_meta":{"origin":58169,"position":3},"title":"Alerta por Tormenta Tropical \u2018Debby\u2019; \u00bfImpactar\u00e1 M\u00e9xico?","author":"Nelson Feliz","date":"4 de agosto de 2024","format":false,"excerpt":"El Centro Nacional de Huracanes inform\u00f3 que la depresi\u00f3n tropical se convirti\u00f3 en tormenta tropical 'Debby' el s\u00e1bado a las 17:00 horas. Por Karla Palacio El s\u00e1bado, la tormenta tropical \u2018Debby\u2019 se form\u00f3 en el sureste del Golfo de M\u00e9xico, lo que ha generado una serie de alertas debido a\u2026","rel":"","context":"En \u00abSin categor\u00eda\u00bb","block_context":{"text":"Sin categor\u00eda","link":"https:\/\/lasprimeras.com.do\/index.php\/category\/sin-categoria\/"},"img":{"alt_text":"","src":"https:\/\/i0.wp.com\/lasprimeras.com.do\/wp-content\/uploads\/2024\/08\/huracan.png?resize=350%2C200&ssl=1","width":350,"height":200,"srcset":"https:\/\/i0.wp.com\/lasprimeras.com.do\/wp-content\/uploads\/2024\/08\/huracan.png?resize=350%2C200&ssl=1 1x, https:\/\/i0.wp.com\/lasprimeras.com.do\/wp-content\/uploads\/2024\/08\/huracan.png?resize=525%2C300&ssl=1 1.5x, https:\/\/i0.wp.com\/lasprimeras.com.do\/wp-content\/uploads\/2024\/08\/huracan.png?resize=700%2C400&ssl=1 2x"},"classes":[]},{"id":99828,"url":"https:\/\/lasprimeras.com.do\/index.php\/2025\/05\/27\/primera-tormenta-tropical-alvin-podria-tocar-usa-en-esta-semana-dominicanos-comienza-a-prepararse\/","url_meta":{"origin":58169,"position":4},"title":"Primera tormenta tropical Alvin podr\u00eda tocar USA en esta semana; dominicanos comienza a prepararse","author":"Nelson Feliz","date":"27 de mayo de 2025","format":false,"excerpt":"Por Ram\u00f3n Mercedes NUEVA YORK.- La primera tormenta tropical podr\u00eda formarse esta semana frente a las costas de M\u00e9xico y a la vez ser\u00eda la primera en tocar suelo estadounidense a trav\u00e9s del estado de Florida. De confirmarse su evoluci\u00f3n, Alvin ser\u00eda el primer cicl\u00f3n nombrado de la temporada en\u2026","rel":"","context":"En \u00abINTERNACIONALES\u00bb","block_context":{"text":"INTERNACIONALES","link":"https:\/\/lasprimeras.com.do\/index.php\/category\/sin-categoria\/internacionales\/"},"img":{"alt_text":"","src":"https:\/\/i0.wp.com\/lasprimeras.com.do\/wp-content\/uploads\/2025\/05\/WhatsApp-Image-2025-05-27-at-6.32.06-AM-2.jpeg?resize=350%2C200&ssl=1","width":350,"height":200,"srcset":"https:\/\/i0.wp.com\/lasprimeras.com.do\/wp-content\/uploads\/2025\/05\/WhatsApp-Image-2025-05-27-at-6.32.06-AM-2.jpeg?resize=350%2C200&ssl=1 1x, https:\/\/i0.wp.com\/lasprimeras.com.do\/wp-content\/uploads\/2025\/05\/WhatsApp-Image-2025-05-27-at-6.32.06-AM-2.jpeg?resize=525%2C300&ssl=1 1.5x, https:\/\/i0.wp.com\/lasprimeras.com.do\/wp-content\/uploads\/2025\/05\/WhatsApp-Image-2025-05-27-at-6.32.06-AM-2.jpeg?resize=700%2C400&ssl=1 2x"},"classes":[]},{"id":54621,"url":"https:\/\/lasprimeras.com.do\/index.php\/2023\/07\/12\/preven-formacion-de-depresion-o-tormenta-tropical-sobre-oceano-atlantico-central\/","url_meta":{"origin":58169,"position":5},"title":"Prev\u00e9n formaci\u00f3n de depresi\u00f3n o tormenta tropical sobre Oc\u00e9ano Atl\u00e1ntico central","author":"Nelson Feliz","date":"12 de julio de 2023","format":false,"excerpt":"Aseguraron que las posibilidades de desarrollo podr\u00edan disminuir durante el fin de semana, una vez que el sistema alcance aguas m\u00e1s fr\u00edas. El Centro Nacional de Huracanes (NHC, por sus siglas en ingl\u00e9s) de Estados Unidos inform\u00f3 que un \u00e1rea de baja presi\u00f3n ubicada a m\u00e1s de 500 millas al\u2026","rel":"","context":"En \u00abSin categor\u00eda\u00bb","block_context":{"text":"Sin categor\u00eda","link":"https:\/\/lasprimeras.com.do\/index.php\/category\/sin-categoria\/"},"img":{"alt_text":"tormenta tropical","src":"https:\/\/i0.wp.com\/lasprimeras.com.do\/wp-content\/uploads\/2023\/07\/NCH-1.png?resize=350%2C200&ssl=1","width":350,"height":200,"srcset":"https:\/\/i0.wp.com\/lasprimeras.com.do\/wp-content\/uploads\/2023\/07\/NCH-1.png?resize=350%2C200&ssl=1 1x, https:\/\/i0.wp.com\/lasprimeras.com.do\/wp-content\/uploads\/2023\/07\/NCH-1.png?resize=525%2C300&ssl=1 1.5x, https:\/\/i0.wp.com\/lasprimeras.com.do\/wp-content\/uploads\/2023\/07\/NCH-1.png?resize=700%2C400&ssl=1 2x"},"classes":[]}],"jetpack_sharing_enabled":true,"_links":{"self":[{"href":"https:\/\/lasprimeras.com.do\/index.php\/wp-json\/wp\/v2\/posts\/58169","targetHints":{"allow":["GET"]}}],"collection":[{"href":"https:\/\/lasprimeras.com.do\/index.php\/wp-json\/wp\/v2\/posts"}],"about":[{"href":"https:\/\/lasprimeras.com.do\/index.php\/wp-json\/wp\/v2\/types\/post"}],"author":[{"embeddable":true,"href":"https:\/\/lasprimeras.com.do\/index.php\/wp-json\/wp\/v2\/users\/2"}],"replies":[{"embeddable":true,"href":"https:\/\/lasprimeras.com.do\/index.php\/wp-json\/wp\/v2\/comments?post=58169"}],"version-history":[{"count":1,"href":"https:\/\/lasprimeras.com.do\/index.php\/wp-json\/wp\/v2\/posts\/58169\/revisions"}],"predecessor-version":[{"id":58171,"href":"https:\/\/lasprimeras.com.do\/index.php\/wp-json\/wp\/v2\/posts\/58169\/revisions\/58171"}],"wp:featuredmedia":[{"embeddable":true,"href":"https:\/\/lasprimeras.com.do\/index.php\/wp-json\/wp\/v2\/media\/58170"}],"wp:attachment":[{"href":"https:\/\/lasprimeras.com.do\/index.php\/wp-json\/wp\/v2\/media?parent=58169"}],"wp:term":[{"taxonomy":"category","embeddable":true,"href":"https:\/\/lasprimeras.com.do\/index.php\/wp-json\/wp\/v2\/categories?post=58169"},{"taxonomy":"post_tag","embeddable":true,"href":"https:\/\/lasprimeras.com.do\/index.php\/wp-json\/wp\/v2\/tags?post=58169"}],"curies":[{"name":"wp","href":"https:\/\/api.w.org\/{rel}","templated":true}]}}