{"id":58307,"date":"2023-08-22T13:51:55","date_gmt":"2023-08-22T17:51:55","guid":{"rendered":"https:\/\/lasprimeras.com.do\/?p=58307"},"modified":"2023-08-22T13:51:57","modified_gmt":"2023-08-22T17:51:57","slug":"seis-vuelos-cancelados-y-uno-retrasado-por-el-paso-de-tormenta-franklin-sobre-rd","status":"publish","type":"post","link":"https:\/\/lasprimeras.com.do\/index.php\/2023\/08\/22\/seis-vuelos-cancelados-y-uno-retrasado-por-el-paso-de-tormenta-franklin-sobre-rd\/","title":{"rendered":"Seis vuelos cancelados y uno retrasado por el paso de tormenta Franklin sobre RD"},"content":{"rendered":"\n<p>El Aeropuerto Internacional de Las Am\u00e9ricas Jos\u00e9 Francisco Pe\u00f1a G\u00f3mez (AILA), inform\u00f3 este martes que sus operaciones se est\u00e1n desarrollando sin novedad y que sus vuelos para el d\u00eda de hoy se mantienen sin variaci\u00f3n, excepto por tres vuelos programados para esta noche: dos a la ciudad de Panam\u00e1 y otro a la Isla Guadalupe.<\/p>\n\n\n\n<p>Sin embargo, el portal especializado en vuelos, Flightaware, muestra tres vuelos m\u00e1s cancelados, uno con destino a la ciudad de Nueva York y otro hacia San Juan, Puerto Rico, donde se espera que la tormenta Franklin impacte el oeste de la isla.<\/p>\n\n\n\n<p>Un vuelo con destino a Boston presenta un breve retraso de aproximadamente 50 minutos. En total, se han cancelado cinco vuelos en el AILA.<\/p>\n\n\n\n<p>Los vuelos cancelados son: dos vuelos de Copa Airlines con destino a Panam\u00e1, uno de Air Antilles hacia Guadalupe, otro de JetBlue con destino a la ciudad de Nueva York y otro hacia Puerto Rico, perteneciente a la misma aerol\u00ednea. Otro vuelo cancelado es el JBU309 que estaba programado para salir del aeropuerto JFK de Nueva York a las 3:42 p.m.<\/p>\n\n\n\n<p>Por otro lado, los aeropuertos de Punta Cana, Santiago y Puerto Plata no presentan retrasos ni cancelaciones en ninguno de sus vuelos.<\/p>\n\n\n\n<p>Las autoridades del AILA recomendaron a los pasajeros estar atentos a las recomendaciones de las autoridades y consultar con su l\u00ednea a\u00e9rea el estado de su vuelo antes de dirigirse al aeropuerto para verificar que no haya sufrido cambios.<\/p>\n\n\n\n<p>La tormenta tropical Franklin se est\u00e1 moviendo hacia el noroeste en direcci\u00f3n a la Rep\u00fablica Dominicana, despu\u00e9s de haber mantenido un movimiento hacia el oeste en el mar Caribe, seg\u00fan el bolet\u00edn de las 11:00 de la ma\u00f1ana de este martes del Centro Nacional de Huracanes de Estados Unidos.<\/p>\n\n\n\n<p>En el bolet\u00edn de las 8:00 de la ma\u00f1ana de hoy, Franklin se desplazaba hacia el oeste a 5 kil\u00f3metros por hora, pero en el bolet\u00edn m\u00e1s reciente de las 11:00 de la ma\u00f1ana, la tormenta tropical muestra un desplazamiento hacia el noroeste a cerca de 11 kil\u00f3metros por hora.<\/p>\n\n\n\n<p>Seg\u00fan el bolet\u00edn, Franklin se acerca a\u00fan m\u00e1s al territorio dominicano, ya que se encuentra a 355 kil\u00f3metros al sur-suroeste de Santo Domingo, cuando anteriormente (a las 8:00 de la ma\u00f1ana) estaba a 420 kil\u00f3metros al sur de Santo Domingo.<\/p>\n\n\n\n<p>El meteor\u00f3logo John Morales explica que el fen\u00f3meno se dirige hacia el pa\u00eds, aunque de forma muy desorganizada.<\/p>\n","protected":false},"excerpt":{"rendered":"<p>El Aeropuerto Internacional de Las Am\u00e9ricas Jos\u00e9 Francisco Pe\u00f1a G\u00f3mez (AILA), inform\u00f3 este martes que sus operaciones se est\u00e1n desarrollando sin novedad y que sus vuelos para el d\u00eda de&hellip;<\/p>\n","protected":false},"author":2,"featured_media":55381,"comment_status":"open","ping_status":"open","sticky":false,"template":"","format":"standard","meta":{"content-type":"","jetpack_post_was_ever_published":false,"_jetpack_newsletter_access":"","_jetpack_dont_email_post_to_subs":false,"_jetpack_newsletter_tier_id":0,"_jetpack_memberships_contains_paywalled_content":false,"_jetpack_memberships_contains_paid_content":false,"footnotes":""},"categories":[35],"tags":[6545,127,1749,6495,2059],"class_list":["post-58307","post","type-post","status-publish","format-standard","has-post-thumbnail","hentry","category-nacionales","tag-cancelados","tag-rd","tag-retrasado","tag-tormenta-franklin","tag-vuelos"],"jetpack_featured_media_url":"https:\/\/lasprimeras.com.do\/wp-content\/uploads\/2023\/07\/Aereopuerto-Aila.jpg","jetpack-related-posts":[{"id":87631,"url":"https:\/\/lasprimeras.com.do\/index.php\/2024\/08\/14\/cancelan-10-vuelos-en-el-aila-por-amenaza-del-huracan-ernesto\/","url_meta":{"origin":58307,"position":0},"title":"Cancelan 10 vuelos en el AILA por amenaza del hurac\u00e1n Ernesto","author":"Nelson Feliz","date":"14 de agosto de 2024","format":false,"excerpt":"Los vuelos ten\u00edan destino a las Islas Brit\u00e1nicas, islas de Antigua y Guadalupe, San Mart\u00edn y Puerto Rico. RAFAEL CASTRO El paso del hurac\u00e1n Ernesto ha provocado este mi\u00e9rcoles las cancelaciones de al menos diez vuelos comerciales por el Aeropuerto Internacional de Las Am\u00e9ricas, Jos\u00e9 Francisco Pe\u00f1a G\u00f3mez. El departamento\u2026","rel":"","context":"En \u00abNACIONALES\u00bb","block_context":{"text":"NACIONALES","link":"https:\/\/lasprimeras.com.do\/index.php\/category\/nacionales\/"},"img":{"alt_text":"","src":"https:\/\/i0.wp.com\/lasprimeras.com.do\/wp-content\/uploads\/2024\/08\/AILA.jpeg?resize=350%2C200&ssl=1","width":350,"height":200,"srcset":"https:\/\/i0.wp.com\/lasprimeras.com.do\/wp-content\/uploads\/2024\/08\/AILA.jpeg?resize=350%2C200&ssl=1 1x, https:\/\/i0.wp.com\/lasprimeras.com.do\/wp-content\/uploads\/2024\/08\/AILA.jpeg?resize=525%2C300&ssl=1 1.5x, https:\/\/i0.wp.com\/lasprimeras.com.do\/wp-content\/uploads\/2024\/08\/AILA.jpeg?resize=700%2C400&ssl=1 2x"},"classes":[]},{"id":120650,"url":"https:\/\/lasprimeras.com.do\/index.php\/2026\/01\/26\/al-menos-89-vuelos-cancelados-entre-ee-uu-y-rd-por-tormenta-invernal\/","url_meta":{"origin":58307,"position":1},"title":"Al menos 89 vuelos cancelados entre EE. UU. y RD por tormenta invernal","author":"Nelson Feliz","date":"26 de enero de 2026","format":false,"excerpt":"Aeropuertos dominicanos comienzan a normalizar operaciones tras cancelaciones masivas de vuelos. Un total de 89 vuelos entre Estados Unidos y la Rep\u00fablica Dominicana fueron cancelados este lunes debido a las condiciones clim\u00e1ticas generadas por una tormenta invernal que afecta desde el pasado viernes a varios estados del pa\u00eds norteamericano y\u2026","rel":"","context":"En \u00abNACIONALES\u00bb","block_context":{"text":"NACIONALES","link":"https:\/\/lasprimeras.com.do\/index.php\/category\/nacionales\/"},"img":{"alt_text":"Aeropuerto Internacional Boston Logan, bajo una tormenta de nieve","src":"https:\/\/i0.wp.com\/lasprimeras.com.do\/wp-content\/uploads\/2026\/01\/Aeropuerto-Internacional-Boston-Logan-bajo-una-tormenta-de-nieve.jpg?resize=350%2C200&ssl=1","width":350,"height":200,"srcset":"https:\/\/i0.wp.com\/lasprimeras.com.do\/wp-content\/uploads\/2026\/01\/Aeropuerto-Internacional-Boston-Logan-bajo-una-tormenta-de-nieve.jpg?resize=350%2C200&ssl=1 1x, https:\/\/i0.wp.com\/lasprimeras.com.do\/wp-content\/uploads\/2026\/01\/Aeropuerto-Internacional-Boston-Logan-bajo-una-tormenta-de-nieve.jpg?resize=525%2C300&ssl=1 1.5x, https:\/\/i0.wp.com\/lasprimeras.com.do\/wp-content\/uploads\/2026\/01\/Aeropuerto-Internacional-Boston-Logan-bajo-una-tormenta-de-nieve.jpg?resize=700%2C400&ssl=1 2x"},"classes":[]},{"id":84692,"url":"https:\/\/lasprimeras.com.do\/index.php\/2024\/06\/13\/cuatro-vuelos-aila-florida-fueron-cancelados-debido-fuertes-lluvias\/","url_meta":{"origin":58307,"position":2},"title":"Cuatro vuelos AILA-Florida fueron cancelados debido fuertes lluvias","author":"Nelson Feliz","date":"13 de junio de 2024","format":false,"excerpt":"Al menos cuatro vuelos desde el Aeropuerto Internacional de Las Am\u00e9ricas (AILA) de Santo Domingo hacia Florida fueron cancelados este mi\u00e9rcoles debido a las torrenciales lluvias que afectan a ese estado. Entre ellos figuran 987 y 1574 de American Airlines, B-62448 de JetBlue y N-K142 de Spirit Airlines. El portal\u2026","rel":"","context":"En \u00abNACIONALES\u00bb","block_context":{"text":"NACIONALES","link":"https:\/\/lasprimeras.com.do\/index.php\/category\/nacionales\/"},"img":{"alt_text":"","src":"https:\/\/i0.wp.com\/lasprimeras.com.do\/wp-content\/uploads\/2024\/06\/Vuelos.jpg?resize=350%2C200&ssl=1","width":350,"height":200,"srcset":"https:\/\/i0.wp.com\/lasprimeras.com.do\/wp-content\/uploads\/2024\/06\/Vuelos.jpg?resize=350%2C200&ssl=1 1x, https:\/\/i0.wp.com\/lasprimeras.com.do\/wp-content\/uploads\/2024\/06\/Vuelos.jpg?resize=525%2C300&ssl=1 1.5x, https:\/\/i0.wp.com\/lasprimeras.com.do\/wp-content\/uploads\/2024\/06\/Vuelos.jpg?resize=700%2C400&ssl=1 2x, https:\/\/i0.wp.com\/lasprimeras.com.do\/wp-content\/uploads\/2024\/06\/Vuelos.jpg?resize=1050%2C600&ssl=1 3x"},"classes":[]},{"id":73655,"url":"https:\/\/lasprimeras.com.do\/index.php\/2024\/01\/15\/eeuu-una-ola-de-frio-barre-y-hace-cancelar-vuelos-y-otros-eventos\/","url_meta":{"origin":58307,"position":3},"title":"EEUU: Una ola de fr\u00edo barre y hace cancelar vuelos y otros eventos","author":"BIMARY DE JES\u00daS Matos","date":"15 de enero de 2024","format":false,"excerpt":"Nueva York (EFE).- Una ola de fr\u00edo que afecta a gran parte de Estados Unidos ha obligado a cancelar cientos de vuelos y algunos eventos deportivos, como el partido Buffalo Bills-Pittsburgh Steelers de la ronda de \u2018wild card\u2019 de la NFL, que se iba a disputar este domingo al mediod\u00eda\u2026","rel":"","context":"En \u00abSin categor\u00eda\u00bb","block_context":{"text":"Sin categor\u00eda","link":"https:\/\/lasprimeras.com.do\/index.php\/category\/sin-categoria\/"},"img":{"alt_text":"","src":"https:\/\/i0.wp.com\/lasprimeras.com.do\/wp-content\/uploads\/2024\/01\/WhatsApp-Image-2024-01-14-at-10.45.20-PM.jpeg?resize=350%2C200&ssl=1","width":350,"height":200,"srcset":"https:\/\/i0.wp.com\/lasprimeras.com.do\/wp-content\/uploads\/2024\/01\/WhatsApp-Image-2024-01-14-at-10.45.20-PM.jpeg?resize=350%2C200&ssl=1 1x, https:\/\/i0.wp.com\/lasprimeras.com.do\/wp-content\/uploads\/2024\/01\/WhatsApp-Image-2024-01-14-at-10.45.20-PM.jpeg?resize=525%2C300&ssl=1 1.5x"},"classes":[]},{"id":58416,"url":"https:\/\/lasprimeras.com.do\/index.php\/2023\/08\/23\/asonahores-tormenta-franklin-no-altero-actividades-de-la-zonas-turisticas-del-pais\/","url_meta":{"origin":58307,"position":4},"title":"Asonahores: Tormenta Franklin no alter\u00f3 actividades de la zonas tur\u00edsticas del pa\u00eds","author":"Nelson Feliz","date":"23 de agosto de 2023","format":false,"excerpt":"El paso de la tormenta Franklin no ha tenido un impacto importante en las principales zonas tur\u00edsticas del pa\u00eds, no afect\u00f3 hoteles ni otros establecimientos y no detuvo las operaciones del Aeropuerto Internacional de Punta Cana. As\u00ed lo confirm\u00f3 la Asociaci\u00f3n de Hoteles y Turismo de la Rep\u00fablica Dominicana (Asonahores)\u2026","rel":"","context":"En \u00abTURISMO\u00bb","block_context":{"text":"TURISMO","link":"https:\/\/lasprimeras.com.do\/index.php\/category\/turismo\/"},"img":{"alt_text":"Vista panor\u00e1mica de los hoteles resort de playa en B\u00e1varo, Punta Cana, Rep\u00fablica Dominicana","src":"https:\/\/i0.wp.com\/lasprimeras.com.do\/wp-content\/uploads\/2023\/08\/turismo.jpg?resize=350%2C200&ssl=1","width":350,"height":200,"srcset":"https:\/\/i0.wp.com\/lasprimeras.com.do\/wp-content\/uploads\/2023\/08\/turismo.jpg?resize=350%2C200&ssl=1 1x, https:\/\/i0.wp.com\/lasprimeras.com.do\/wp-content\/uploads\/2023\/08\/turismo.jpg?resize=525%2C300&ssl=1 1.5x, https:\/\/i0.wp.com\/lasprimeras.com.do\/wp-content\/uploads\/2023\/08\/turismo.jpg?resize=700%2C400&ssl=1 2x"},"classes":[]},{"id":76673,"url":"https:\/\/lasprimeras.com.do\/index.php\/2024\/02\/13\/nevada-obliga-cierre-escuelas-y-cancelacion-vuelos-en-noreste-eu\/","url_meta":{"origin":58307,"position":5},"title":"Nevada obliga cierre escuelas y cancelaci\u00f3n vuelos en noreste EU","author":"Nelson Feliz","date":"13 de febrero de 2024","format":false,"excerpt":"NUEVA YORK.- Una tormenta de nieve y r\u00e1fagas de viento ha obligado este martes a cierre de escuelas y cancelaci\u00f3n de vuelos en Nueva York y otros estados. Seg\u00fan los \u00faltimos pron\u00f3sticos, en la ciudad de Nueva York nevar\u00e1 hasta la 1:00 o 2:00 de la tarde a un ritmo\u2026","rel":"","context":"En \u00abSin categor\u00eda\u00bb","block_context":{"text":"Sin categor\u00eda","link":"https:\/\/lasprimeras.com.do\/index.php\/category\/sin-categoria\/"},"img":{"alt_text":"tormenta de nieve","src":"https:\/\/i0.wp.com\/lasprimeras.com.do\/wp-content\/uploads\/2024\/02\/tormenta-de-nieve-1.jpg?resize=350%2C200&ssl=1","width":350,"height":200,"srcset":"https:\/\/i0.wp.com\/lasprimeras.com.do\/wp-content\/uploads\/2024\/02\/tormenta-de-nieve-1.jpg?resize=350%2C200&ssl=1 1x, https:\/\/i0.wp.com\/lasprimeras.com.do\/wp-content\/uploads\/2024\/02\/tormenta-de-nieve-1.jpg?resize=525%2C300&ssl=1 1.5x, https:\/\/i0.wp.com\/lasprimeras.com.do\/wp-content\/uploads\/2024\/02\/tormenta-de-nieve-1.jpg?resize=700%2C400&ssl=1 2x"},"classes":[]}],"jetpack_sharing_enabled":true,"_links":{"self":[{"href":"https:\/\/lasprimeras.com.do\/index.php\/wp-json\/wp\/v2\/posts\/58307","targetHints":{"allow":["GET"]}}],"collection":[{"href":"https:\/\/lasprimeras.com.do\/index.php\/wp-json\/wp\/v2\/posts"}],"about":[{"href":"https:\/\/lasprimeras.com.do\/index.php\/wp-json\/wp\/v2\/types\/post"}],"author":[{"embeddable":true,"href":"https:\/\/lasprimeras.com.do\/index.php\/wp-json\/wp\/v2\/users\/2"}],"replies":[{"embeddable":true,"href":"https:\/\/lasprimeras.com.do\/index.php\/wp-json\/wp\/v2\/comments?post=58307"}],"version-history":[{"count":1,"href":"https:\/\/lasprimeras.com.do\/index.php\/wp-json\/wp\/v2\/posts\/58307\/revisions"}],"predecessor-version":[{"id":58308,"href":"https:\/\/lasprimeras.com.do\/index.php\/wp-json\/wp\/v2\/posts\/58307\/revisions\/58308"}],"wp:featuredmedia":[{"embeddable":true,"href":"https:\/\/lasprimeras.com.do\/index.php\/wp-json\/wp\/v2\/media\/55381"}],"wp:attachment":[{"href":"https:\/\/lasprimeras.com.do\/index.php\/wp-json\/wp\/v2\/media?parent=58307"}],"wp:term":[{"taxonomy":"category","embeddable":true,"href":"https:\/\/lasprimeras.com.do\/index.php\/wp-json\/wp\/v2\/categories?post=58307"},{"taxonomy":"post_tag","embeddable":true,"href":"https:\/\/lasprimeras.com.do\/index.php\/wp-json\/wp\/v2\/tags?post=58307"}],"curies":[{"name":"wp","href":"https:\/\/api.w.org\/{rel}","templated":true}]}}