{"id":58309,"date":"2023-08-22T20:27:40","date_gmt":"2023-08-23T00:27:40","guid":{"rendered":"https:\/\/lasprimeras.com.do\/?p=58309"},"modified":"2023-08-22T20:27:41","modified_gmt":"2023-08-23T00:27:41","slug":"coe-aumenta-a-25-las-provincias-en-alerta-roja-por-tormenta-franklin","status":"publish","type":"post","link":"https:\/\/lasprimeras.com.do\/index.php\/2023\/08\/22\/coe-aumenta-a-25-las-provincias-en-alerta-roja-por-tormenta-franklin\/","title":{"rendered":"COE aumenta a 25 las provincias en alerta roja por tormenta Franklin"},"content":{"rendered":"\n<p><strong>Durante la rueda de prensa el director del COE, Juan Manuel M\u00e9ndez, indic\u00f3 que se elev\u00f3 el nivel de alerta amarilla a roja a la provincia S\u00e1nchez Ram\u00edrez.<\/strong><\/p>\n\n\n\n<p>El Centro de Operaciones de Emergencias (COE) inform\u00f3 que aumentaron a 25 provincias en alerta roja, y que colocaron siete en alerta amarilla, debido al paso de la tormenta Franklin por el territorio nacional.<\/p>\n\n\n\n<p>Durante la rueda de prensa el director del COE, Juan Manuel M\u00e9ndez, indic\u00f3 que se elev\u00f3 el nivel de alerta amarilla a roja a la provincia S\u00e1nchez Ram\u00edrez.<\/p>\n\n\n\n<p>Se mantienen bajo esa misma alerta las provincias Santo Domingo, San Pedro de Macor\u00eds, Mar\u00eda Trinidad S\u00e1nchez, Distrito Nacional, La Romana, Monte Plata, San Crist\u00f3bal, San Jos\u00e9 de Ocoa, La Altagracia, Peravia, Azua, La Vega, Barahona, Pedernales, Monse\u00f1or Nouel, San Juan, Bahoruco, Hato Mayor, Independencia, El\u00edas Pi\u00f1a, El Seibo, Puerto Plata, Duarte y Saman\u00e1.<\/p>\n\n\n\n<p>Mientras que en alerta amarilla siguen Dajab\u00f3n, Montecristi, Hermanas Mirabal, Espaillat, Santiago Rodr\u00edguez, Santiago y Valverde.<\/p>\n\n\n\n<p><strong>RECOMENDACIONES<\/strong><\/p>\n\n\n\n<p>La entidad recomienda, en tiempo de tormentas, mantenerse en contacto con la Defensa Civil, Fuerzas Armadas, Cruz Roja, la Polic\u00eda Nacional, Cuerpos de Bomberos y este Centro a trav\u00e9s de los tel\u00e9fonos 809-472-0909 , 9-1-1, *462 de la OPTIC.<\/p>\n\n\n\n<p>Asimismo, a seguir las orientaciones de los organismos de protecci\u00f3n civil, tomar precauci\u00f3n necesarias ante posibles crecidas e inundaciones repentinas, en el caso de las zonas m\u00e1s vulnerables.<\/p>\n\n\n\n<p>Adem\u00e1s, abstenerse de cruzar r\u00edos, arroyos y ca\u00f1adas que presenten altos vol\u00famenes de agua y no hacer uso de balnearios en las provincias bajo alerta.<\/p>\n","protected":false},"excerpt":{"rendered":"<p>Durante la rueda de prensa el director del COE, Juan Manuel M\u00e9ndez, indic\u00f3 que se elev\u00f3 el nivel de alerta amarilla a roja a la provincia S\u00e1nchez Ram\u00edrez. El Centro&hellip;<\/p>\n","protected":false},"author":2,"featured_media":58310,"comment_status":"open","ping_status":"open","sticky":false,"template":"","format":"standard","meta":{"content-type":"","jetpack_post_was_ever_published":false,"_jetpack_newsletter_access":"","_jetpack_dont_email_post_to_subs":false,"_jetpack_newsletter_tier_id":0,"_jetpack_memberships_contains_paywalled_content":false,"_jetpack_memberships_contains_paid_content":false,"footnotes":""},"categories":[35,25],"tags":[6543,6546,2266,1825,6495],"class_list":["post-58309","post","type-post","status-publish","format-standard","has-post-thumbnail","hentry","category-nacionales","category-portada","tag-alerta-roja","tag-aumentan","tag-coe","tag-provincias","tag-tormenta-franklin"],"jetpack_featured_media_url":"https:\/\/lasprimeras.com.do\/wp-content\/uploads\/2023\/08\/coe-25.jpeg","jetpack-related-posts":[{"id":58305,"url":"https:\/\/lasprimeras.com.do\/index.php\/2023\/08\/22\/elevan-a-24-las-provincias-en-alerta-roja-por-paso-de-la-tormenta-franklin\/","url_meta":{"origin":58309,"position":0},"title":"Elevan a 24 las provincias en alerta roja por paso de la tormenta Franklin","author":"Nelson Feliz","date":"22 de agosto de 2023","format":false,"excerpt":"Tormenta Franklin aumenta se velocidad de desplazamiento a 11 kil\u00f3metros por hora. El Centro de Operaciones de Emergencia (COE) ha elevado a 24 la cantidad de provincias en alerta roja debido al paso de la tormenta Franklin por el territorio nacional. Esta ma\u00f1ana, la tormenta aument\u00f3 su velocidad de traslaci\u00f3n\u2026","rel":"","context":"En \u00abNACIONALES\u00bb","block_context":{"text":"NACIONALES","link":"https:\/\/lasprimeras.com.do\/index.php\/category\/nacionales\/"},"img":{"alt_text":"","src":"https:\/\/i0.wp.com\/lasprimeras.com.do\/wp-content\/uploads\/2023\/08\/COE.jpeg?resize=350%2C200&ssl=1","width":350,"height":200,"srcset":"https:\/\/i0.wp.com\/lasprimeras.com.do\/wp-content\/uploads\/2023\/08\/COE.jpeg?resize=350%2C200&ssl=1 1x, https:\/\/i0.wp.com\/lasprimeras.com.do\/wp-content\/uploads\/2023\/08\/COE.jpeg?resize=525%2C300&ssl=1 1.5x, https:\/\/i0.wp.com\/lasprimeras.com.do\/wp-content\/uploads\/2023\/08\/COE.jpeg?resize=700%2C400&ssl=1 2x"},"classes":[]},{"id":110232,"url":"https:\/\/lasprimeras.com.do\/index.php\/2025\/09\/26\/coe-eleva-a-29-las-provincias-en-alerta-por-onda-tropical-y-vaguada-la-sigue-capital-en-alerta-roja\/","url_meta":{"origin":58309,"position":1},"title":"COE eleva a 29 las provincias en alerta por onda tropical y vaguada; la sigue capital en alerta roja","author":"Nelson Feliz","date":"26 de septiembre de 2025","format":false,"excerpt":"El organismo mantiene en alerta roja al Gran Santo Domingo y a cuatro provincias. El Centro de Operaciones de Emergencias (COE) aument\u00f3 este viernes el n\u00famero de provincias en alerta, debido a los efectos de un amplio campo nuboso asociado a una activa onda tropical, cuyo eje se encuentra actualmente\u2026","rel":"","context":"En \u00abCLIMA\u00bb","block_context":{"text":"CLIMA","link":"https:\/\/lasprimeras.com.do\/index.php\/category\/clima\/"},"img":{"alt_text":"","src":"https:\/\/i0.wp.com\/lasprimeras.com.do\/wp-content\/uploads\/2025\/09\/Mapa-de-las-alertas-emitido-por-el-COE-la-manana-de-este-viernes.jpg?resize=350%2C200&ssl=1","width":350,"height":200,"srcset":"https:\/\/i0.wp.com\/lasprimeras.com.do\/wp-content\/uploads\/2025\/09\/Mapa-de-las-alertas-emitido-por-el-COE-la-manana-de-este-viernes.jpg?resize=350%2C200&ssl=1 1x, https:\/\/i0.wp.com\/lasprimeras.com.do\/wp-content\/uploads\/2025\/09\/Mapa-de-las-alertas-emitido-por-el-COE-la-manana-de-este-viernes.jpg?resize=525%2C300&ssl=1 1.5x, https:\/\/i0.wp.com\/lasprimeras.com.do\/wp-content\/uploads\/2025\/09\/Mapa-de-las-alertas-emitido-por-el-COE-la-manana-de-este-viernes.jpg?resize=700%2C400&ssl=1 2x"},"classes":[]},{"id":71381,"url":"https:\/\/lasprimeras.com.do\/index.php\/2023\/12\/19\/coe-aumenta-la-alerta-por-lluvias-en-25-provincias\/","url_meta":{"origin":58309,"position":2},"title":"COE aumenta la alerta por lluvias en 25 provincias","author":"BIMARY DE JES\u00daS Matos","date":"19 de diciembre de 2023","format":false,"excerpt":"SANTO DOMINGO.- El Centro de Operaciones de Emergencia (COE) dispuso la alerta roja por lluvias en cuatro provincias, en amarillo se encuentran trece y en verde hay otras siete provincias, para un total 25, a causa de la acumulaci\u00f3n de precipitaciones en las \u00faltimas horas y las que se esperan.\u2026","rel":"","context":"En \u00abPORTADA\u00bb","block_context":{"text":"PORTADA","link":"https:\/\/lasprimeras.com.do\/index.php\/category\/portada\/"},"img":{"alt_text":"","src":"https:\/\/i0.wp.com\/lasprimeras.com.do\/wp-content\/uploads\/2023\/12\/Noticias-5-1.jpg?resize=350%2C200&ssl=1","width":350,"height":200,"srcset":"https:\/\/i0.wp.com\/lasprimeras.com.do\/wp-content\/uploads\/2023\/12\/Noticias-5-1.jpg?resize=350%2C200&ssl=1 1x, https:\/\/i0.wp.com\/lasprimeras.com.do\/wp-content\/uploads\/2023\/12\/Noticias-5-1.jpg?resize=525%2C300&ssl=1 1.5x"},"classes":[]},{"id":58373,"url":"https:\/\/lasprimeras.com.do\/index.php\/2023\/08\/23\/juan-manuel-mendez-pide-a-poblacion-no-salir-a-las-calles-ni-banarse-en-aguaceros\/","url_meta":{"origin":58309,"position":3},"title":"Juan Manuel M\u00e9ndez pide a poblaci\u00f3n no salir a las calles ni ba\u00f1arse en aguaceros","author":"Nelson Feliz","date":"23 de agosto de 2023","format":false,"excerpt":"El director del Centro de Operaciones de Emergencias (COE), Juan Manuel M\u00e9ndez, hizo un llamado a la poblaci\u00f3n a no salir a las calles y a mantenerse en sus respectivas casas y lugares mientras la tormenta tropical Franklin contin\u00fae afectando la Rep\u00fablica Dominicana. M\u00e9ndez record\u00f3 que el pa\u00eds est\u00e1 siendo\u2026","rel":"","context":"En \u00abNACIONALES\u00bb","block_context":{"text":"NACIONALES","link":"https:\/\/lasprimeras.com.do\/index.php\/category\/nacionales\/"},"img":{"alt_text":"Juan Manuel M\u00e9ndez","src":"https:\/\/i0.wp.com\/lasprimeras.com.do\/wp-content\/uploads\/2023\/08\/Juan-Manuel-Mendez-1.jpg?resize=350%2C200&ssl=1","width":350,"height":200,"srcset":"https:\/\/i0.wp.com\/lasprimeras.com.do\/wp-content\/uploads\/2023\/08\/Juan-Manuel-Mendez-1.jpg?resize=350%2C200&ssl=1 1x, https:\/\/i0.wp.com\/lasprimeras.com.do\/wp-content\/uploads\/2023\/08\/Juan-Manuel-Mendez-1.jpg?resize=525%2C300&ssl=1 1.5x, https:\/\/i0.wp.com\/lasprimeras.com.do\/wp-content\/uploads\/2023\/08\/Juan-Manuel-Mendez-1.jpg?resize=700%2C400&ssl=1 2x"},"classes":[]},{"id":58181,"url":"https:\/\/lasprimeras.com.do\/index.php\/2023\/08\/21\/coe-incrementa-alertas-ante-tormenta-tropical-franklin-14-provincias-en-rojo\/","url_meta":{"origin":58309,"position":4},"title":"COE incrementa alertas ante tormenta tropical Franklin; 14 provincias en rojo","author":"Nelson Feliz","date":"21 de agosto de 2023","format":false,"excerpt":"La alerta roja se emite cuando el fen\u00f3meno tiene una alta probabilidad de impactar una zona. El Centro de Operaciones de Emergencia (COE) increment\u00f3 este lunes los niveles de alerta ante los efectos que se esperan de la tormenta tropical Franklin que incidir\u00eda directamente sobre el pa\u00eds desde este martes.\u2026","rel":"","context":"En \u00abNACIONALES\u00bb","block_context":{"text":"NACIONALES","link":"https:\/\/lasprimeras.com.do\/index.php\/category\/nacionales\/"},"img":{"alt_text":"coe","src":"https:\/\/i0.wp.com\/lasprimeras.com.do\/wp-content\/uploads\/2023\/08\/coe.jpg?resize=350%2C200&ssl=1","width":350,"height":200,"srcset":"https:\/\/i0.wp.com\/lasprimeras.com.do\/wp-content\/uploads\/2023\/08\/coe.jpg?resize=350%2C200&ssl=1 1x, https:\/\/i0.wp.com\/lasprimeras.com.do\/wp-content\/uploads\/2023\/08\/coe.jpg?resize=525%2C300&ssl=1 1.5x, https:\/\/i0.wp.com\/lasprimeras.com.do\/wp-content\/uploads\/2023\/08\/coe.jpg?resize=700%2C400&ssl=1 2x"},"classes":[]},{"id":110174,"url":"https:\/\/lasprimeras.com.do\/index.php\/2025\/09\/26\/coe-declara-alerta-roja-en-santo-domingo-distrito-nacional-y-tres-provincias-por-onda-tropical\/","url_meta":{"origin":58309,"position":5},"title":"COE declara alerta roja en Santo Domingo, Distrito Nacional y tres provincias por onda tropical","author":"Nelson Feliz","date":"26 de septiembre de 2025","format":false,"excerpt":"La Direcci\u00f3n del Centro de Operaciones de Emergencias (COE) coloc\u00f3 este viernes a cuatro provincias y al Distrito Nacional en alerta roja, mientras mantiene nueve en amarilla y cinco en verde, debido a la incidencia de una activa onda tropical combinada con una vaguada en altura, que contin\u00faa generando aguaceros\u2026","rel":"","context":"En \u00abCLIMA\u00bb","block_context":{"text":"CLIMA","link":"https:\/\/lasprimeras.com.do\/index.php\/category\/clima\/"},"img":{"alt_text":"","src":"https:\/\/i0.wp.com\/lasprimeras.com.do\/wp-content\/uploads\/2025\/09\/COE.jpg?resize=350%2C200&ssl=1","width":350,"height":200},"classes":[]}],"jetpack_sharing_enabled":true,"_links":{"self":[{"href":"https:\/\/lasprimeras.com.do\/index.php\/wp-json\/wp\/v2\/posts\/58309","targetHints":{"allow":["GET"]}}],"collection":[{"href":"https:\/\/lasprimeras.com.do\/index.php\/wp-json\/wp\/v2\/posts"}],"about":[{"href":"https:\/\/lasprimeras.com.do\/index.php\/wp-json\/wp\/v2\/types\/post"}],"author":[{"embeddable":true,"href":"https:\/\/lasprimeras.com.do\/index.php\/wp-json\/wp\/v2\/users\/2"}],"replies":[{"embeddable":true,"href":"https:\/\/lasprimeras.com.do\/index.php\/wp-json\/wp\/v2\/comments?post=58309"}],"version-history":[{"count":1,"href":"https:\/\/lasprimeras.com.do\/index.php\/wp-json\/wp\/v2\/posts\/58309\/revisions"}],"predecessor-version":[{"id":58311,"href":"https:\/\/lasprimeras.com.do\/index.php\/wp-json\/wp\/v2\/posts\/58309\/revisions\/58311"}],"wp:featuredmedia":[{"embeddable":true,"href":"https:\/\/lasprimeras.com.do\/index.php\/wp-json\/wp\/v2\/media\/58310"}],"wp:attachment":[{"href":"https:\/\/lasprimeras.com.do\/index.php\/wp-json\/wp\/v2\/media?parent=58309"}],"wp:term":[{"taxonomy":"category","embeddable":true,"href":"https:\/\/lasprimeras.com.do\/index.php\/wp-json\/wp\/v2\/categories?post=58309"},{"taxonomy":"post_tag","embeddable":true,"href":"https:\/\/lasprimeras.com.do\/index.php\/wp-json\/wp\/v2\/tags?post=58309"}],"curies":[{"name":"wp","href":"https:\/\/api.w.org\/{rel}","templated":true}]}}