{"id":58312,"date":"2023-08-22T20:33:34","date_gmt":"2023-08-23T00:33:34","guid":{"rendered":"https:\/\/lasprimeras.com.do\/?p=58312"},"modified":"2023-08-22T20:33:35","modified_gmt":"2023-08-23T00:33:35","slug":"defensa-civil-aun-no-hay-personas-desplazadas-ocupando-albergues","status":"publish","type":"post","link":"https:\/\/lasprimeras.com.do\/index.php\/2023\/08\/22\/defensa-civil-aun-no-hay-personas-desplazadas-ocupando-albergues\/","title":{"rendered":"Defensa Civil: &#8220;A\u00fan no hay personas desplazadas ocupando albergues&#8221;"},"content":{"rendered":"\n<p><strong>A partir de las 8:00 de la noche de este martes comenzar\u00e1n desplazamientos no voluntarios.<\/strong><\/p>\n\n\n\n<p>La Defensa Civil inform\u00f3 durante el bolet\u00edn del Centro de Operaciones de Emergencia de las 6:00 de la tarde, que hasta el momento no hay personas ocupando los albergues dispuestos a nivel nacional para salvaguardarse de los efectos de la tormenta Franklin.<\/p>\n\n\n\n<p>Seg\u00fan explic\u00f3 un integrante de la Defensa Civil, en todo el territorio nacional hay habilitados unos 2744 albergues, pero que actualmente no hay personas aun ocup\u00e1ndolos.<\/p>\n\n\n\n<p>Indic\u00f3 que desde este lunes, cuando emitieron las alertas, est\u00e1s haciendo desplazamientos preventivos en las zonas vulnerables, pero que esto cambiar\u00e1 cuando den las 8:00 de la noche de hoy martes.<\/p>\n\n\n\n<p>\u201cYa en horas de la noche, a partir de las ocho, no van a ser evacuaciones preventivas, sino evacuaciones de otro tipo en zonas de alta vulnerabilidad\u201d, explic\u00f3.<\/p>\n\n\n\n<p>Se\u00f1al\u00f3 que hay varios equipos de rescate trabajando en distintas zonas, puntualizando uno en la ca\u00f1ada de Guajim\u00eda.<\/p>\n\n\n\n<p>Junto a esta informaci\u00f3n, la alcaldesa del Distrito Nacional, Carolina Mej\u00eda, se\u00f1al\u00f3 que han realizado traslados de algunos mun\u00edcipes de los sectores de Los Guand\u00fales y Los Girasoles.<\/p>\n","protected":false},"excerpt":{"rendered":"<p>A partir de las 8:00 de la noche de este martes comenzar\u00e1n desplazamientos no voluntarios. La Defensa Civil inform\u00f3 durante el bolet\u00edn del Centro de Operaciones de Emergencia de las&hellip;<\/p>\n","protected":false},"author":2,"featured_media":58313,"comment_status":"open","ping_status":"open","sticky":false,"template":"","format":"standard","meta":{"content-type":"","jetpack_post_was_ever_published":false,"_jetpack_newsletter_access":"","_jetpack_dont_email_post_to_subs":false,"_jetpack_newsletter_tier_id":0,"_jetpack_memberships_contains_paywalled_content":false,"_jetpack_memberships_contains_paid_content":false,"footnotes":""},"categories":[35,25],"tags":[6547,3922,6548,6549],"class_list":["post-58312","post","type-post","status-publish","format-standard","has-post-thumbnail","hentry","category-nacionales","category-portada","tag-albergues","tag-defensa-civil","tag-desplazadas","tag-voluntarios"],"jetpack_featured_media_url":"https:\/\/lasprimeras.com.do\/wp-content\/uploads\/2023\/08\/Miembro-del-COE.png","jetpack-related-posts":[{"id":58305,"url":"https:\/\/lasprimeras.com.do\/index.php\/2023\/08\/22\/elevan-a-24-las-provincias-en-alerta-roja-por-paso-de-la-tormenta-franklin\/","url_meta":{"origin":58312,"position":0},"title":"Elevan a 24 las provincias en alerta roja por paso de la tormenta Franklin","author":"Nelson Feliz","date":"22 de agosto de 2023","format":false,"excerpt":"Tormenta Franklin aumenta se velocidad de desplazamiento a 11 kil\u00f3metros por hora. El Centro de Operaciones de Emergencia (COE) ha elevado a 24 la cantidad de provincias en alerta roja debido al paso de la tormenta Franklin por el territorio nacional. Esta ma\u00f1ana, la tormenta aument\u00f3 su velocidad de traslaci\u00f3n\u2026","rel":"","context":"En \u00abNACIONALES\u00bb","block_context":{"text":"NACIONALES","link":"https:\/\/lasprimeras.com.do\/index.php\/category\/nacionales\/"},"img":{"alt_text":"","src":"https:\/\/i0.wp.com\/lasprimeras.com.do\/wp-content\/uploads\/2023\/08\/COE.jpeg?resize=350%2C200&ssl=1","width":350,"height":200,"srcset":"https:\/\/i0.wp.com\/lasprimeras.com.do\/wp-content\/uploads\/2023\/08\/COE.jpeg?resize=350%2C200&ssl=1 1x, https:\/\/i0.wp.com\/lasprimeras.com.do\/wp-content\/uploads\/2023\/08\/COE.jpeg?resize=525%2C300&ssl=1 1.5x, https:\/\/i0.wp.com\/lasprimeras.com.do\/wp-content\/uploads\/2023\/08\/COE.jpeg?resize=700%2C400&ssl=1 2x"},"classes":[]},{"id":112607,"url":"https:\/\/lasprimeras.com.do\/index.php\/2025\/10\/24\/rd-identifica-en-tiempo-real-zonas-vulnerables-y-personas-afectadas-ante-fenomenos-como-melissa\/","url_meta":{"origin":58312,"position":1},"title":"RD identifica en tiempo real zonas vulnerables y personas afectadas ante fen\u00f3menos como Melissa","author":"Nelson Feliz","date":"24 de octubre de 2025","format":false,"excerpt":"Gloria Reyes, directora de la DDSS, indic\u00f3 que debido a las caracter\u00edsticas de la tormenta el monitoreo se hace minuto a minuto. Durante una reuni\u00f3n de coordinaci\u00f3n ante el paso de la tormenta Melissa por la Rep\u00fablica Dominicana, Gloria Reyes, directora general de Desarrollo Social Sup\u00e9rate inform\u00f3 que con el\u2026","rel":"","context":"En \u00abNACIONALES\u00bb","block_context":{"text":"NACIONALES","link":"https:\/\/lasprimeras.com.do\/index.php\/category\/nacionales\/"},"img":{"alt_text":"","src":"https:\/\/i0.wp.com\/lasprimeras.com.do\/wp-content\/uploads\/2025\/10\/Gloria-Reyes.jpg?resize=350%2C200&ssl=1","width":350,"height":200,"srcset":"https:\/\/i0.wp.com\/lasprimeras.com.do\/wp-content\/uploads\/2025\/10\/Gloria-Reyes.jpg?resize=350%2C200&ssl=1 1x, https:\/\/i0.wp.com\/lasprimeras.com.do\/wp-content\/uploads\/2025\/10\/Gloria-Reyes.jpg?resize=525%2C300&ssl=1 1.5x, https:\/\/i0.wp.com\/lasprimeras.com.do\/wp-content\/uploads\/2025\/10\/Gloria-Reyes.jpg?resize=700%2C400&ssl=1 2x"},"classes":[]},{"id":112595,"url":"https:\/\/lasprimeras.com.do\/index.php\/2025\/10\/24\/coe-un-hombre-arrastrado-por-una-canada-915-desplazados-y-610-mil-sin-agua-potable\/","url_meta":{"origin":58312,"position":2},"title":"COE: un hombre arrastrado por una ca\u00f1ada, 915 desplazados y 610 mil sin agua potable","author":"Nelson Feliz","date":"24 de octubre de 2025","format":false,"excerpt":"El hombre fue llevado a un centro de salud en Santo Domingo Este. Hasta la ma\u00f1ana de este viernes, al menos 183 viviendas han resultado afectadas por la tormenta Melissa en Rep\u00fablica Dominicana y 915 personas han sido evacuadas, de acuerdo con el bolet\u00edn n\u00famero 7 del Centro de Operaciones\u2026","rel":"","context":"En \u00abCLIMA\u00bb","block_context":{"text":"CLIMA","link":"https:\/\/lasprimeras.com.do\/index.php\/category\/clima\/"},"img":{"alt_text":"","src":"https:\/\/i0.wp.com\/lasprimeras.com.do\/wp-content\/uploads\/2025\/10\/tormenta-Melissa.jpeg?resize=350%2C200&ssl=1","width":350,"height":200,"srcset":"https:\/\/i0.wp.com\/lasprimeras.com.do\/wp-content\/uploads\/2025\/10\/tormenta-Melissa.jpeg?resize=350%2C200&ssl=1 1x, https:\/\/i0.wp.com\/lasprimeras.com.do\/wp-content\/uploads\/2025\/10\/tormenta-Melissa.jpeg?resize=525%2C300&ssl=1 1.5x, https:\/\/i0.wp.com\/lasprimeras.com.do\/wp-content\/uploads\/2025\/10\/tormenta-Melissa.jpeg?resize=700%2C400&ssl=1 2x"},"classes":[]},{"id":99864,"url":"https:\/\/lasprimeras.com.do\/index.php\/2025\/05\/28\/defensa-civil-y-proinfancia-firman-acuerdo-de-cooperacion-de-cara-a-la-temporada-ciclonica-2025\/","url_meta":{"origin":58312,"position":3},"title":"Defensa Civil y Proinfancia firman acuerdo de cooperaci\u00f3n de cara a la Temporada Cicl\u00f3nica 2025","author":"Nelson Feliz","date":"28 de mayo de 2025","format":false,"excerpt":"La Defensa Civil y el Centro de Promoci\u00f3n de la Atenci\u00f3n Integral a la Infancia (Proinfancia) firmaron este d\u00eda un acuerdo de cooperaci\u00f3n entre ambas entidades de cara a la temporada de huracanes 2025. El convenio fue firmado por los titulares de las entidades, Juan Salas, de Defensa Civil y\u2026","rel":"","context":"En \u00abNACIONALES\u00bb","block_context":{"text":"NACIONALES","link":"https:\/\/lasprimeras.com.do\/index.php\/category\/nacionales\/"},"img":{"alt_text":"","src":"https:\/\/i0.wp.com\/lasprimeras.com.do\/wp-content\/uploads\/2025\/05\/foto2.jpg?resize=350%2C200&ssl=1","width":350,"height":200,"srcset":"https:\/\/i0.wp.com\/lasprimeras.com.do\/wp-content\/uploads\/2025\/05\/foto2.jpg?resize=350%2C200&ssl=1 1x, https:\/\/i0.wp.com\/lasprimeras.com.do\/wp-content\/uploads\/2025\/05\/foto2.jpg?resize=525%2C300&ssl=1 1.5x, https:\/\/i0.wp.com\/lasprimeras.com.do\/wp-content\/uploads\/2025\/05\/foto2.jpg?resize=700%2C400&ssl=1 2x"},"classes":[]},{"id":126917,"url":"https:\/\/lasprimeras.com.do\/index.php\/2026\/04\/06\/abinader-reconoce-civismo-de-la-poblacion-en-semana-santa-y-la-labor-del-coe\/","url_meta":{"origin":58312,"position":4},"title":"Abinader reconoce civismo de la poblaci\u00f3n en Semana Santa y la labor del COE","author":"Nelson Feliz","date":"6 de abril de 2026","format":false,"excerpt":"Estas declaraciones fueron ofrecidas por el mandatario tras encabezar una reuni\u00f3n del Consejo de Seguridad y Defensa Nacional. El presidente Luis Abinader reconoci\u00f3 este domingo el comportamiento civilizado de la mayor\u00eda del pueblo dominicano durante el asueto de la Semana Santa, en el que se registr\u00f3 un desplazamiento r\u00e9cord de\u2026","rel":"","context":"En \u00abNACIONALES\u00bb","block_context":{"text":"NACIONALES","link":"https:\/\/lasprimeras.com.do\/index.php\/category\/nacionales\/"},"img":{"alt_text":"Luis Abinader","src":"https:\/\/i0.wp.com\/lasprimeras.com.do\/wp-content\/uploads\/2026\/03\/Luis-Abinader-c.jpg?resize=350%2C200&ssl=1","width":350,"height":200,"srcset":"https:\/\/i0.wp.com\/lasprimeras.com.do\/wp-content\/uploads\/2026\/03\/Luis-Abinader-c.jpg?resize=350%2C200&ssl=1 1x, https:\/\/i0.wp.com\/lasprimeras.com.do\/wp-content\/uploads\/2026\/03\/Luis-Abinader-c.jpg?resize=525%2C300&ssl=1 1.5x"},"classes":[]},{"id":110217,"url":"https:\/\/lasprimeras.com.do\/index.php\/2025\/09\/26\/coe-las-lluvias-han-dejado-351-viviendas-afectadas-y-1781-personas-desplazadas\/","url_meta":{"origin":58312,"position":5},"title":"COE: Las lluvias han dejado 351 viviendas afectadas y 1,781 personas desplazadas","author":"Nelson Feliz","date":"26 de septiembre de 2025","format":false,"excerpt":"Hay nueve comunidades incomunicadas y diez acueductos fuera de servicio, seg\u00fan inform\u00f3 el Centro de Operaciones de Emergencias. El Centro de Operaciones de Emergencias (COE) report\u00f3 los da\u00f1os causados hasta las 11:00 de la ma\u00f1ana por las lluvias que afectan el territorio nacional, debido a una activa onda tropical con\u2026","rel":"","context":"En \u00abNACIONALES\u00bb","block_context":{"text":"NACIONALES","link":"https:\/\/lasprimeras.com.do\/index.php\/category\/nacionales\/"},"img":{"alt_text":"COE","src":"https:\/\/i0.wp.com\/lasprimeras.com.do\/wp-content\/uploads\/2023\/12\/COE-2.jpg?resize=350%2C200&ssl=1","width":350,"height":200,"srcset":"https:\/\/i0.wp.com\/lasprimeras.com.do\/wp-content\/uploads\/2023\/12\/COE-2.jpg?resize=350%2C200&ssl=1 1x, https:\/\/i0.wp.com\/lasprimeras.com.do\/wp-content\/uploads\/2023\/12\/COE-2.jpg?resize=525%2C300&ssl=1 1.5x, https:\/\/i0.wp.com\/lasprimeras.com.do\/wp-content\/uploads\/2023\/12\/COE-2.jpg?resize=700%2C400&ssl=1 2x"},"classes":[]}],"jetpack_sharing_enabled":true,"_links":{"self":[{"href":"https:\/\/lasprimeras.com.do\/index.php\/wp-json\/wp\/v2\/posts\/58312","targetHints":{"allow":["GET"]}}],"collection":[{"href":"https:\/\/lasprimeras.com.do\/index.php\/wp-json\/wp\/v2\/posts"}],"about":[{"href":"https:\/\/lasprimeras.com.do\/index.php\/wp-json\/wp\/v2\/types\/post"}],"author":[{"embeddable":true,"href":"https:\/\/lasprimeras.com.do\/index.php\/wp-json\/wp\/v2\/users\/2"}],"replies":[{"embeddable":true,"href":"https:\/\/lasprimeras.com.do\/index.php\/wp-json\/wp\/v2\/comments?post=58312"}],"version-history":[{"count":1,"href":"https:\/\/lasprimeras.com.do\/index.php\/wp-json\/wp\/v2\/posts\/58312\/revisions"}],"predecessor-version":[{"id":58314,"href":"https:\/\/lasprimeras.com.do\/index.php\/wp-json\/wp\/v2\/posts\/58312\/revisions\/58314"}],"wp:featuredmedia":[{"embeddable":true,"href":"https:\/\/lasprimeras.com.do\/index.php\/wp-json\/wp\/v2\/media\/58313"}],"wp:attachment":[{"href":"https:\/\/lasprimeras.com.do\/index.php\/wp-json\/wp\/v2\/media?parent=58312"}],"wp:term":[{"taxonomy":"category","embeddable":true,"href":"https:\/\/lasprimeras.com.do\/index.php\/wp-json\/wp\/v2\/categories?post=58312"},{"taxonomy":"post_tag","embeddable":true,"href":"https:\/\/lasprimeras.com.do\/index.php\/wp-json\/wp\/v2\/tags?post=58312"}],"curies":[{"name":"wp","href":"https:\/\/api.w.org\/{rel}","templated":true}]}}