{"id":58315,"date":"2023-08-22T20:44:09","date_gmt":"2023-08-23T00:44:09","guid":{"rendered":"https:\/\/lasprimeras.com.do\/?p=58315"},"modified":"2023-08-22T20:44:12","modified_gmt":"2023-08-23T00:44:12","slug":"lluvias-podrian-superar-los-400-milimetros-en-algunas-zonas-del-pais","status":"publish","type":"post","link":"https:\/\/lasprimeras.com.do\/index.php\/2023\/08\/22\/lluvias-podrian-superar-los-400-milimetros-en-algunas-zonas-del-pais\/","title":{"rendered":"Lluvias podr\u00edan superar los 400 mil\u00edmetros en algunas zonas del pa\u00eds"},"content":{"rendered":"\n<p>La Oficina Nacional de Meteorolog\u00eda (Onamet) pronostic\u00f3 que el impacto de la tormenta tropical Franklin sobre el territorio nacional puede superar algunas zonas del pa\u00eds los 400 mil\u00edmetros de lluvia y otras recibir\u00e1n desde 200 a 300 mil\u00edmetros de lluvia.<\/p>\n\n\n\n<p>Franklin se encuentra 340 kil\u00f3metros del sur de la provincia Santo Domingo, desplaz\u00e1ndose hacia el noroeste, mientras se espera que esta noche est\u00e9 dando un giro hacia el norte.<\/p>\n\n\n\n<p>Esta tormenta tropical ha tenido una variaci\u00f3n en la intensidad de sus vientos, alcanzando los 65 kil\u00f3metros por horas con r\u00e1fagas superiores.<\/p>\n\n\n\n<p>Se espera que el impacto desde el sur de la Rep\u00fablica Dominicana con el centro de la tormenta se sienta a las 8:00 de la ma\u00f1ana, aunque desde este martes se han sentido las lluvias.<\/p>\n\n\n\n<p>Mientras que el Centro de Operaciones de Emergencia mantiene todo el pa\u00eds en alerta, aumentando a 25 la alerta roja y a siete las provincias en alerta amarilla.<\/p>\n\n\n\n<p>De acuerdo al pron\u00f3stico las lluvias provocar\u00e1n inundaciones severas en varias zonas del pa\u00eds.<\/p>\n","protected":false},"excerpt":{"rendered":"<p>La Oficina Nacional de Meteorolog\u00eda (Onamet) pronostic\u00f3 que el impacto de la tormenta tropical Franklin sobre el territorio nacional puede superar algunas zonas del pa\u00eds los 400 mil\u00edmetros de lluvia&hellip;<\/p>\n","protected":false},"author":2,"featured_media":56343,"comment_status":"open","ping_status":"open","sticky":false,"template":"","format":"standard","meta":{"content-type":"","jetpack_post_was_ever_published":false,"_jetpack_newsletter_access":"","_jetpack_dont_email_post_to_subs":false,"_jetpack_newsletter_tier_id":0,"_jetpack_memberships_contains_paywalled_content":false,"_jetpack_memberships_contains_paid_content":false,"footnotes":""},"categories":[35],"tags":[2130,1517,6495],"class_list":["post-58315","post","type-post","status-publish","format-standard","has-post-thumbnail","hentry","category-nacionales","tag-lluvias","tag-onamet","tag-tormenta-franklin"],"jetpack_featured_media_url":"https:\/\/lasprimeras.com.do\/wp-content\/uploads\/2023\/07\/Lluvias-China.jpg","jetpack-related-posts":[{"id":58137,"url":"https:\/\/lasprimeras.com.do\/index.php\/2023\/08\/20\/onamet-modifica-alertas-de-tormenta-tropical-franklin-se-amplian-hacia-la-costa-norte\/","url_meta":{"origin":58315,"position":0},"title":"Onamet modifica alertas de tormenta tropical Franklin; se ampl\u00edan hacia la costa norte","author":"Nelson Feliz","date":"20 de agosto de 2023","format":false,"excerpt":"La Oficina Nacional de Meteorolog\u00eda modific\u00f3 esta noche las alertas de la tormenta tropical Franklin, las cuales fueron ampliadas hacia la costa norte. \"A partir de este momento, se cambia el alerta a un aviso de condiciones de tormenta tropical desde pedernales, frontera con Hait\u00ed hasta la isla Saona, y\u2026","rel":"","context":"En \u00abNACIONALES\u00bb","block_context":{"text":"NACIONALES","link":"https:\/\/lasprimeras.com.do\/index.php\/category\/nacionales\/"},"img":{"alt_text":"tormenta tropical BRET","src":"https:\/\/i0.wp.com\/lasprimeras.com.do\/wp-content\/uploads\/2023\/06\/onamet-1.jpg?resize=350%2C200&ssl=1","width":350,"height":200,"srcset":"https:\/\/i0.wp.com\/lasprimeras.com.do\/wp-content\/uploads\/2023\/06\/onamet-1.jpg?resize=350%2C200&ssl=1 1x, https:\/\/i0.wp.com\/lasprimeras.com.do\/wp-content\/uploads\/2023\/06\/onamet-1.jpg?resize=525%2C300&ssl=1 1.5x, https:\/\/i0.wp.com\/lasprimeras.com.do\/wp-content\/uploads\/2023\/06\/onamet-1.jpg?resize=700%2C400&ssl=1 2x"},"classes":[]},{"id":58217,"url":"https:\/\/lasprimeras.com.do\/index.php\/2023\/08\/21\/tormenta-franklin-se-desplaza-con-mas-lentitud-y-desvia-su-trayectoria-hacia-el-este\/","url_meta":{"origin":58315,"position":1},"title":"Tormenta Franklin se desplaza con m\u00e1s lentitud y desv\u00eda su trayectoria hacia el este","author":"Nelson Feliz","date":"21 de agosto de 2023","format":false,"excerpt":"La tormenta tropical Franklin ha disminuido su velocidad de traslaci\u00f3n debido a una vaguada a nivel alto posicionada cerca de la frontera con Hait\u00ed, lo que har\u00e1 que su trayectoria al entrar en el pa\u00eds sea m\u00e1s hacia el este de lo previsto anteriormente, inform\u00f3 este lunes la Onamet. Seg\u00fan\u2026","rel":"","context":"En \u00abNACIONALES\u00bb","block_context":{"text":"NACIONALES","link":"https:\/\/lasprimeras.com.do\/index.php\/category\/nacionales\/"},"img":{"alt_text":"Tormenta","src":"https:\/\/i0.wp.com\/lasprimeras.com.do\/wp-content\/uploads\/2023\/08\/Tormenta.png?resize=350%2C200&ssl=1","width":350,"height":200,"srcset":"https:\/\/i0.wp.com\/lasprimeras.com.do\/wp-content\/uploads\/2023\/08\/Tormenta.png?resize=350%2C200&ssl=1 1x, https:\/\/i0.wp.com\/lasprimeras.com.do\/wp-content\/uploads\/2023\/08\/Tormenta.png?resize=525%2C300&ssl=1 1.5x, https:\/\/i0.wp.com\/lasprimeras.com.do\/wp-content\/uploads\/2023\/08\/Tormenta.png?resize=700%2C400&ssl=1 2x"},"classes":[]},{"id":58382,"url":"https:\/\/lasprimeras.com.do\/index.php\/2023\/08\/23\/centro-de-tormenta-franklin-salio-del-pais-por-aguas-del-atlantico\/","url_meta":{"origin":58315,"position":2},"title":"Centro de tormenta Franklin sali\u00f3 del pa\u00eds por aguas del Atl\u00e1ntico","author":"Nelson Feliz","date":"23 de agosto de 2023","format":false,"excerpt":"Lluvias continuar\u00e1n hasta este jueves, seg\u00fan la Onamet, por un campo nuboso. La directora de la Oficina Nacional de Meteorolog\u00eda (Onamet), Gloria Ceballos, inform\u00f3 que el centro de la tormenta tropical Franklin sali\u00f3 del pa\u00eds, por aguas del Atl\u00e1ntico norte entre las 4:00 y 5:00 de la tarde de hoy,\u2026","rel":"","context":"En \u00abNACIONALES\u00bb","block_context":{"text":"NACIONALES","link":"https:\/\/lasprimeras.com.do\/index.php\/category\/nacionales\/"},"img":{"alt_text":"","src":"https:\/\/i0.wp.com\/lasprimeras.com.do\/wp-content\/uploads\/2023\/08\/centro-franklin.jpg?resize=350%2C200&ssl=1","width":350,"height":200},"classes":[]},{"id":58248,"url":"https:\/\/lasprimeras.com.do\/index.php\/2023\/08\/22\/franklin-a-415-kms-de-rd-mas-viento-y-lluvia-desde-esta-noche\/","url_meta":{"origin":58315,"position":3},"title":"Franklin a 415 kms de RD; m\u00e1s viento y lluvia desde esta noche","author":"Nelson Feliz","date":"22 de agosto de 2023","format":false,"excerpt":"El Centro Nacional de Huracanes (CNH), con sede en Miami, Estados Unidos, public\u00f3 a las 5:00 de esta ma\u00f1ana que a esta hora el centro de la tormenta tropical Franklin estaba a 415 kil\u00f3metros al sur de Santo Domingo. Ten\u00eda vientos m\u00e1ximos sostenidos de 85 kil\u00f3metros por hora, movi\u00e9ndose a\u2026","rel":"","context":"En \u00abSin categor\u00eda\u00bb","block_context":{"text":"Sin categor\u00eda","link":"https:\/\/lasprimeras.com.do\/index.php\/category\/sin-categoria\/"},"img":{"alt_text":"","src":"https:\/\/i0.wp.com\/lasprimeras.com.do\/wp-content\/uploads\/2023\/08\/Franklin-2.jpg?resize=350%2C200&ssl=1","width":350,"height":200,"srcset":"https:\/\/i0.wp.com\/lasprimeras.com.do\/wp-content\/uploads\/2023\/08\/Franklin-2.jpg?resize=350%2C200&ssl=1 1x, https:\/\/i0.wp.com\/lasprimeras.com.do\/wp-content\/uploads\/2023\/08\/Franklin-2.jpg?resize=525%2C300&ssl=1 1.5x"},"classes":[]},{"id":58305,"url":"https:\/\/lasprimeras.com.do\/index.php\/2023\/08\/22\/elevan-a-24-las-provincias-en-alerta-roja-por-paso-de-la-tormenta-franklin\/","url_meta":{"origin":58315,"position":4},"title":"Elevan a 24 las provincias en alerta roja por paso de la tormenta Franklin","author":"Nelson Feliz","date":"22 de agosto de 2023","format":false,"excerpt":"Tormenta Franklin aumenta se velocidad de desplazamiento a 11 kil\u00f3metros por hora. El Centro de Operaciones de Emergencia (COE) ha elevado a 24 la cantidad de provincias en alerta roja debido al paso de la tormenta Franklin por el territorio nacional. Esta ma\u00f1ana, la tormenta aument\u00f3 su velocidad de traslaci\u00f3n\u2026","rel":"","context":"En \u00abNACIONALES\u00bb","block_context":{"text":"NACIONALES","link":"https:\/\/lasprimeras.com.do\/index.php\/category\/nacionales\/"},"img":{"alt_text":"","src":"https:\/\/i0.wp.com\/lasprimeras.com.do\/wp-content\/uploads\/2023\/08\/COE.jpeg?resize=350%2C200&ssl=1","width":350,"height":200,"srcset":"https:\/\/i0.wp.com\/lasprimeras.com.do\/wp-content\/uploads\/2023\/08\/COE.jpeg?resize=350%2C200&ssl=1 1x, https:\/\/i0.wp.com\/lasprimeras.com.do\/wp-content\/uploads\/2023\/08\/COE.jpeg?resize=525%2C300&ssl=1 1.5x, https:\/\/i0.wp.com\/lasprimeras.com.do\/wp-content\/uploads\/2023\/08\/COE.jpeg?resize=700%2C400&ssl=1 2x"},"classes":[]},{"id":58474,"url":"https:\/\/lasprimeras.com.do\/index.php\/2023\/08\/24\/remanentes-de-franklin-provocaran-de-1-a-3-pulgadas-mas-de-lluvia-en-rd-y-haiti\/","url_meta":{"origin":58315,"position":5},"title":"Remanentes de Franklin provocar\u00e1n de 1 a 3 pulgadas m\u00e1s de lluvia en RD y Hait\u00ed","author":"Nelson Feliz","date":"24 de agosto de 2023","format":false,"excerpt":"El Centro Nacional de Huracanes inform\u00f3 que la tormenta tropical Franklin producir\u00e1 de 1 a 3 pulgadas m\u00e1s de lluvia tanto en Rep\u00fablica Dominicana como Hait\u00ed. Seg\u00fan el informe de las 5:00 de la ma\u00f1ana de la instituci\u00f3n, Franklin est\u00e1 movi\u00e9ndose hacia el norte a cerca de 20 km\/h, pero\u2026","rel":"","context":"En \u00abNACIONALES\u00bb","block_context":{"text":"NACIONALES","link":"https:\/\/lasprimeras.com.do\/index.php\/category\/nacionales\/"},"img":{"alt_text":"Tras las primeras horas de lluvia torrencial provocada por la tormenta Franklin, las calles de los barrios y las avenidas c\u00e9ntricas quedaron inundadas.JORGE_MARTINEZ","src":"https:\/\/i0.wp.com\/lasprimeras.com.do\/wp-content\/uploads\/2023\/08\/lluvias.jpeg?resize=350%2C200&ssl=1","width":350,"height":200,"srcset":"https:\/\/i0.wp.com\/lasprimeras.com.do\/wp-content\/uploads\/2023\/08\/lluvias.jpeg?resize=350%2C200&ssl=1 1x, https:\/\/i0.wp.com\/lasprimeras.com.do\/wp-content\/uploads\/2023\/08\/lluvias.jpeg?resize=525%2C300&ssl=1 1.5x, https:\/\/i0.wp.com\/lasprimeras.com.do\/wp-content\/uploads\/2023\/08\/lluvias.jpeg?resize=700%2C400&ssl=1 2x"},"classes":[]}],"jetpack_sharing_enabled":true,"_links":{"self":[{"href":"https:\/\/lasprimeras.com.do\/index.php\/wp-json\/wp\/v2\/posts\/58315","targetHints":{"allow":["GET"]}}],"collection":[{"href":"https:\/\/lasprimeras.com.do\/index.php\/wp-json\/wp\/v2\/posts"}],"about":[{"href":"https:\/\/lasprimeras.com.do\/index.php\/wp-json\/wp\/v2\/types\/post"}],"author":[{"embeddable":true,"href":"https:\/\/lasprimeras.com.do\/index.php\/wp-json\/wp\/v2\/users\/2"}],"replies":[{"embeddable":true,"href":"https:\/\/lasprimeras.com.do\/index.php\/wp-json\/wp\/v2\/comments?post=58315"}],"version-history":[{"count":1,"href":"https:\/\/lasprimeras.com.do\/index.php\/wp-json\/wp\/v2\/posts\/58315\/revisions"}],"predecessor-version":[{"id":58316,"href":"https:\/\/lasprimeras.com.do\/index.php\/wp-json\/wp\/v2\/posts\/58315\/revisions\/58316"}],"wp:featuredmedia":[{"embeddable":true,"href":"https:\/\/lasprimeras.com.do\/index.php\/wp-json\/wp\/v2\/media\/56343"}],"wp:attachment":[{"href":"https:\/\/lasprimeras.com.do\/index.php\/wp-json\/wp\/v2\/media?parent=58315"}],"wp:term":[{"taxonomy":"category","embeddable":true,"href":"https:\/\/lasprimeras.com.do\/index.php\/wp-json\/wp\/v2\/categories?post=58315"},{"taxonomy":"post_tag","embeddable":true,"href":"https:\/\/lasprimeras.com.do\/index.php\/wp-json\/wp\/v2\/tags?post=58315"}],"curies":[{"name":"wp","href":"https:\/\/api.w.org\/{rel}","templated":true}]}}