{"id":58317,"date":"2023-08-22T20:55:03","date_gmt":"2023-08-23T00:55:03","guid":{"rendered":"https:\/\/lasprimeras.com.do\/?p=58317"},"modified":"2023-08-22T20:55:05","modified_gmt":"2023-08-23T00:55:05","slug":"defensa-civil-evacua-primeras-familias-en-barahona-por-tormenta-franklin","status":"publish","type":"post","link":"https:\/\/lasprimeras.com.do\/index.php\/2023\/08\/22\/defensa-civil-evacua-primeras-familias-en-barahona-por-tormenta-franklin\/","title":{"rendered":"Defensa Civil evac\u00faa primeras familias en Barahona por tormenta Franklin"},"content":{"rendered":"\n<p>Por Benny Rodriguez<\/p>\n\n\n\n<p>En la medida en que avanzan las horas y se acerca al territorio nacional la tormenta tropical Franklin, miembros de la Defensa Civil evacuaron las familias en la comunidad de Fondo Negro provincia Barahona.<\/p>\n\n\n\n<p>La informaci\u00f3n la suministr\u00f3 a este medio el director regional de la Defensa Civil, Carlos Confidente, quien dijo que familias fueron reubicadas en casas de amigos, as\u00ed como de familiares de Fondo Negro, perteneciente a Vicente Noble.<\/p>\n\n\n\n<p>Confidente dijo que la evacuaci\u00f3n de estas primeras familias se debe a una medida preventiva ante el inminente paso por esta localidad de la tormenta, debido a las abundantes lluvias que el fen\u00f3meno provocar\u00e1 sobre todo el territorio nacional.<\/p>\n\n\n\n<p>Adem\u00e1s, dijo que personal voluntario de la entidad se prepara para en las pr\u00f3ximas horas comenzar a evacuar a familias que viven en condici\u00f3n de vulnerabilidad en el municipio de Jaquimeyes.<\/p>\n\n\n\n<p>Sin embargo, Confidente, quien acudi\u00f3 junto a la gobernadora provincial Genara Gonz\u00e1lez Marmolejos, dijo que en Jaquimeyes hay cierta resistencia de la comunidad que se niega a ser reubicadas en refugios que previamente han sido identificados.<\/p>\n\n\n\n<p>Afirm\u00f3 que no se trata de un llamado \u201camigable\u201d a los habitantes de este municipio, sino que es la instrucci\u00f3n que tienen para salvar, sobre todo, vidas humanas, sin importar si la persona est\u00e1 de acuerdo o no en dejar su vivienda.<\/p>\n\n\n\n<p>Advierte a comunitarios de la localidad Jaquimeyes, con quienes sostuvo un encuentro de sensibilizaci\u00f3n, que las evacuaciones de personas de sus casas se har\u00e1, aunque haya que emplear a efectivos militares y policiales para hacerlo.<\/p>\n\n\n\n<p>El director regional de la Defensa Civil, revel\u00f3 esta ma\u00f1ana que 1,500 familias corren el riesgo en varias localidades de esta provincia, debido a las intensas lluvias y que podr\u00edan provocar inundaciones, por lo que ser\u00edan evacuadas de sus casas.<\/p>\n\n\n\n<p>Acciones preventivas<\/p>\n\n\n\n<p>La Defensa Civil, como parte de las acciones preventivas, inici\u00f3 la limpieza del aliviadero de Canoa y el r\u00edo Palomino, para evitar situaciones en la zona de \u201cCome Callao\u201d, de la comunidad de Habanero, as\u00ed como arroyo \u201cBuringa\u201d, con el objetivo de que este no penetre a la poblaci\u00f3n de Vicente Noble.<\/p>\n\n\n\n<p>Adem\u00e1s, dijo que est\u00e1n en contacto permanente con alcaldes de los once municipios que conforman la provincia, as\u00ed como con igual cantidad de distritos municipales, con el objetivo de que informen si hacen alg\u00fan desplazamiento de familias de sus respectivos hogares.<\/p>\n","protected":false},"excerpt":{"rendered":"<p>Por Benny Rodriguez En la medida en que avanzan las horas y se acerca al territorio nacional la tormenta tropical Franklin, miembros de la Defensa Civil evacuaron las familias en&hellip;<\/p>\n","protected":false},"author":2,"featured_media":58318,"comment_status":"open","ping_status":"open","sticky":false,"template":"","format":"standard","meta":{"content-type":"","jetpack_post_was_ever_published":false,"_jetpack_newsletter_access":"","_jetpack_dont_email_post_to_subs":false,"_jetpack_newsletter_tier_id":0,"_jetpack_memberships_contains_paywalled_content":false,"_jetpack_memberships_contains_paid_content":false,"footnotes":""},"categories":[35],"tags":[6550,3922,6495],"class_list":["post-58317","post","type-post","status-publish","format-standard","has-post-thumbnail","hentry","category-nacionales","tag-barahon","tag-defensa-civil","tag-tormenta-franklin"],"jetpack_featured_media_url":"https:\/\/lasprimeras.com.do\/wp-content\/uploads\/2023\/08\/Carlos-Confidente.jpeg","jetpack-related-posts":[{"id":58305,"url":"https:\/\/lasprimeras.com.do\/index.php\/2023\/08\/22\/elevan-a-24-las-provincias-en-alerta-roja-por-paso-de-la-tormenta-franklin\/","url_meta":{"origin":58317,"position":0},"title":"Elevan a 24 las provincias en alerta roja por paso de la tormenta Franklin","author":"Nelson Feliz","date":"22 de agosto de 2023","format":false,"excerpt":"Tormenta Franklin aumenta se velocidad de desplazamiento a 11 kil\u00f3metros por hora. El Centro de Operaciones de Emergencia (COE) ha elevado a 24 la cantidad de provincias en alerta roja debido al paso de la tormenta Franklin por el territorio nacional. Esta ma\u00f1ana, la tormenta aument\u00f3 su velocidad de traslaci\u00f3n\u2026","rel":"","context":"En \u00abNACIONALES\u00bb","block_context":{"text":"NACIONALES","link":"https:\/\/lasprimeras.com.do\/index.php\/category\/nacionales\/"},"img":{"alt_text":"","src":"https:\/\/i0.wp.com\/lasprimeras.com.do\/wp-content\/uploads\/2023\/08\/COE.jpeg?resize=350%2C200&ssl=1","width":350,"height":200,"srcset":"https:\/\/i0.wp.com\/lasprimeras.com.do\/wp-content\/uploads\/2023\/08\/COE.jpeg?resize=350%2C200&ssl=1 1x, https:\/\/i0.wp.com\/lasprimeras.com.do\/wp-content\/uploads\/2023\/08\/COE.jpeg?resize=525%2C300&ssl=1 1.5x, https:\/\/i0.wp.com\/lasprimeras.com.do\/wp-content\/uploads\/2023\/08\/COE.jpeg?resize=700%2C400&ssl=1 2x"},"classes":[]},{"id":58597,"url":"https:\/\/lasprimeras.com.do\/index.php\/2023\/08\/25\/asde-lleva-asistencia-a-familias-afectadas-por-tormenta-franklin\/","url_meta":{"origin":58317,"position":1},"title":"ASDE lleva asistencia a familias afectadas por tormenta Franklin","author":"Nelson Feliz","date":"25 de agosto de 2023","format":false,"excerpt":"EL ALCALDE MANUEL JIM\u00c9NEZ DISPUSO TODOS LOS EQUIPOS NECESARIOS PARA DAR ASISTENCIA A LOS AFECTADOS POR FRANKLIN. Por Martin Restituyo El Ayuntamiento de Santo Domingo Este llev\u00f3 asistencia a decenas de familias que resultaron afectadas por los da\u00f1os causados por la tormenta Franklin que afect\u00f3 al pa\u00eds, en una acci\u00f3n\u2026","rel":"","context":"En \u00abNACIONALES\u00bb","block_context":{"text":"NACIONALES","link":"https:\/\/lasprimeras.com.do\/index.php\/category\/nacionales\/"},"img":{"alt_text":"asde","src":"https:\/\/i0.wp.com\/lasprimeras.com.do\/wp-content\/uploads\/2023\/08\/asde-1-1.jpg?resize=350%2C200&ssl=1","width":350,"height":200,"srcset":"https:\/\/i0.wp.com\/lasprimeras.com.do\/wp-content\/uploads\/2023\/08\/asde-1-1.jpg?resize=350%2C200&ssl=1 1x, https:\/\/i0.wp.com\/lasprimeras.com.do\/wp-content\/uploads\/2023\/08\/asde-1-1.jpg?resize=525%2C300&ssl=1 1.5x, https:\/\/i0.wp.com\/lasprimeras.com.do\/wp-content\/uploads\/2023\/08\/asde-1-1.jpg?resize=700%2C400&ssl=1 2x"},"classes":[]},{"id":58361,"url":"https:\/\/lasprimeras.com.do\/index.php\/2023\/08\/23\/defensa-civil-reporta-un-fallecido-en-hatillo-por-la-tormenta-franklin\/","url_meta":{"origin":58317,"position":2},"title":"Defensa Civil reporta un fallecido en Hatillo por la tormenta Franklin","author":"Nelson Feliz","date":"23 de agosto de 2023","format":false,"excerpt":"Reportan primera v\u00edctima mortal de la tormenta tropical Franklin. El encargado de operaciones de la Defensa Civil en San Crist\u00f3bal, Jos\u00e9 Ceballos, report\u00f3 una persona fallecida en el barrio el Zumb\u00f3n en Hatillo. De acuerdo con el reporte de la Defensa Civil, el cad\u00e1ver de la persona, por el momento\u2026","rel":"","context":"En \u00abNACIONALES\u00bb","block_context":{"text":"NACIONALES","link":"https:\/\/lasprimeras.com.do\/index.php\/category\/nacionales\/"},"img":{"alt_text":"Hatillo San Cristobal","src":"https:\/\/i0.wp.com\/lasprimeras.com.do\/wp-content\/uploads\/2023\/08\/Hatillo-San-Cristobal.jpg?resize=350%2C200&ssl=1","width":350,"height":200,"srcset":"https:\/\/i0.wp.com\/lasprimeras.com.do\/wp-content\/uploads\/2023\/08\/Hatillo-San-Cristobal.jpg?resize=350%2C200&ssl=1 1x, https:\/\/i0.wp.com\/lasprimeras.com.do\/wp-content\/uploads\/2023\/08\/Hatillo-San-Cristobal.jpg?resize=525%2C300&ssl=1 1.5x, https:\/\/i0.wp.com\/lasprimeras.com.do\/wp-content\/uploads\/2023\/08\/Hatillo-San-Cristobal.jpg?resize=700%2C400&ssl=1 2x"},"classes":[]},{"id":112601,"url":"https:\/\/lasprimeras.com.do\/index.php\/2025\/10\/24\/cuatro-comunidades-de-barahona-afectadas-por-los-efectos-de-la-tormenta-melissa\/","url_meta":{"origin":58317,"position":3},"title":"Cuatro comunidades de Barahona afectadas por los efectos de la tormenta Melissa","author":"Nelson Feliz","date":"24 de octubre de 2025","format":false,"excerpt":"Las localidades son El Plat\u00f3n, Las Saladillas, Lemba y Villa Nizao, donde se han reportado \u00e1rboles derribados a causa de los fuertes vientos, as\u00ed como lluvias intensas. Benny Rodr\u00edguez Al menos cuatro comunidades de la provincia Barahona se encuentran este viernes afectadas por los efectos de la tormenta tropical Melissa.\u2026","rel":"","context":"En \u00abNACIONALES\u00bb","block_context":{"text":"NACIONALES","link":"https:\/\/lasprimeras.com.do\/index.php\/category\/nacionales\/"},"img":{"alt_text":"","src":"https:\/\/i0.wp.com\/lasprimeras.com.do\/wp-content\/uploads\/2025\/10\/Brigadas-de-la-Defensa-Civil.jpg?resize=350%2C200&ssl=1","width":350,"height":200,"srcset":"https:\/\/i0.wp.com\/lasprimeras.com.do\/wp-content\/uploads\/2025\/10\/Brigadas-de-la-Defensa-Civil.jpg?resize=350%2C200&ssl=1 1x, https:\/\/i0.wp.com\/lasprimeras.com.do\/wp-content\/uploads\/2025\/10\/Brigadas-de-la-Defensa-Civil.jpg?resize=525%2C300&ssl=1 1.5x, https:\/\/i0.wp.com\/lasprimeras.com.do\/wp-content\/uploads\/2025\/10\/Brigadas-de-la-Defensa-Civil.jpg?resize=700%2C400&ssl=1 2x"},"classes":[]},{"id":58312,"url":"https:\/\/lasprimeras.com.do\/index.php\/2023\/08\/22\/defensa-civil-aun-no-hay-personas-desplazadas-ocupando-albergues\/","url_meta":{"origin":58317,"position":4},"title":"Defensa Civil: &#8220;A\u00fan no hay personas desplazadas ocupando albergues&#8221;","author":"Nelson Feliz","date":"22 de agosto de 2023","format":false,"excerpt":"A partir de las 8:00 de la noche de este martes comenzar\u00e1n desplazamientos no voluntarios. La Defensa Civil inform\u00f3 durante el bolet\u00edn del Centro de Operaciones de Emergencia de las 6:00 de la tarde, que hasta el momento no hay personas ocupando los albergues dispuestos a nivel nacional para salvaguardarse\u2026","rel":"","context":"En \u00abNACIONALES\u00bb","block_context":{"text":"NACIONALES","link":"https:\/\/lasprimeras.com.do\/index.php\/category\/nacionales\/"},"img":{"alt_text":"Miembro del COE","src":"https:\/\/i0.wp.com\/lasprimeras.com.do\/wp-content\/uploads\/2023\/08\/Miembro-del-COE.png?resize=350%2C200&ssl=1","width":350,"height":200,"srcset":"https:\/\/i0.wp.com\/lasprimeras.com.do\/wp-content\/uploads\/2023\/08\/Miembro-del-COE.png?resize=350%2C200&ssl=1 1x, https:\/\/i0.wp.com\/lasprimeras.com.do\/wp-content\/uploads\/2023\/08\/Miembro-del-COE.png?resize=525%2C300&ssl=1 1.5x, https:\/\/i0.wp.com\/lasprimeras.com.do\/wp-content\/uploads\/2023\/08\/Miembro-del-COE.png?resize=700%2C400&ssl=1 2x"},"classes":[]},{"id":58329,"url":"https:\/\/lasprimeras.com.do\/index.php\/2023\/08\/22\/diputado-orlando-martinez-verifica-planes-de-prevencion-ante-la-tormenta-franklin\/","url_meta":{"origin":58317,"position":5},"title":"Diputado Orlando Mart\u00ednez verifica planes de prevenci\u00f3n ante la tormenta Franklin","author":"Nelson Feliz","date":"22 de agosto de 2023","format":false,"excerpt":"El diputado y aspirante a senador por la provincia Monse\u00f1or Nouel(Bonao), Orlando Mart\u00ednez, realiz\u00f3 un recorrido a las sedes de diversos organismos de socorro de esta demarcaci\u00f3n para evaluar las medidas de prevenci\u00f3n ante la inminente llegada de la tormenta tropical Franklin. El recorrido abarc\u00f3 las instalaciones de la Defensa\u2026","rel":"","context":"En \u00abSin categor\u00eda\u00bb","block_context":{"text":"Sin categor\u00eda","link":"https:\/\/lasprimeras.com.do\/index.php\/category\/sin-categoria\/"},"img":{"alt_text":"Orlando Martinez","src":"https:\/\/i0.wp.com\/lasprimeras.com.do\/wp-content\/uploads\/2023\/08\/Orlando-Martinez.jpg?resize=350%2C200&ssl=1","width":350,"height":200,"srcset":"https:\/\/i0.wp.com\/lasprimeras.com.do\/wp-content\/uploads\/2023\/08\/Orlando-Martinez.jpg?resize=350%2C200&ssl=1 1x, https:\/\/i0.wp.com\/lasprimeras.com.do\/wp-content\/uploads\/2023\/08\/Orlando-Martinez.jpg?resize=525%2C300&ssl=1 1.5x, https:\/\/i0.wp.com\/lasprimeras.com.do\/wp-content\/uploads\/2023\/08\/Orlando-Martinez.jpg?resize=700%2C400&ssl=1 2x"},"classes":[]}],"jetpack_sharing_enabled":true,"_links":{"self":[{"href":"https:\/\/lasprimeras.com.do\/index.php\/wp-json\/wp\/v2\/posts\/58317","targetHints":{"allow":["GET"]}}],"collection":[{"href":"https:\/\/lasprimeras.com.do\/index.php\/wp-json\/wp\/v2\/posts"}],"about":[{"href":"https:\/\/lasprimeras.com.do\/index.php\/wp-json\/wp\/v2\/types\/post"}],"author":[{"embeddable":true,"href":"https:\/\/lasprimeras.com.do\/index.php\/wp-json\/wp\/v2\/users\/2"}],"replies":[{"embeddable":true,"href":"https:\/\/lasprimeras.com.do\/index.php\/wp-json\/wp\/v2\/comments?post=58317"}],"version-history":[{"count":1,"href":"https:\/\/lasprimeras.com.do\/index.php\/wp-json\/wp\/v2\/posts\/58317\/revisions"}],"predecessor-version":[{"id":58319,"href":"https:\/\/lasprimeras.com.do\/index.php\/wp-json\/wp\/v2\/posts\/58317\/revisions\/58319"}],"wp:featuredmedia":[{"embeddable":true,"href":"https:\/\/lasprimeras.com.do\/index.php\/wp-json\/wp\/v2\/media\/58318"}],"wp:attachment":[{"href":"https:\/\/lasprimeras.com.do\/index.php\/wp-json\/wp\/v2\/media?parent=58317"}],"wp:term":[{"taxonomy":"category","embeddable":true,"href":"https:\/\/lasprimeras.com.do\/index.php\/wp-json\/wp\/v2\/categories?post=58317"},{"taxonomy":"post_tag","embeddable":true,"href":"https:\/\/lasprimeras.com.do\/index.php\/wp-json\/wp\/v2\/tags?post=58317"}],"curies":[{"name":"wp","href":"https:\/\/api.w.org\/{rel}","templated":true}]}}