{"id":58320,"date":"2023-08-22T21:05:38","date_gmt":"2023-08-23T01:05:38","guid":{"rendered":"https:\/\/lasprimeras.com.do\/?p=58320"},"modified":"2023-08-22T21:05:39","modified_gmt":"2023-08-23T01:05:39","slug":"alcalde-manuel-jimenez-solicita-municipes-eviten-lugares-de-alto-riesgo","status":"publish","type":"post","link":"https:\/\/lasprimeras.com.do\/index.php\/2023\/08\/22\/alcalde-manuel-jimenez-solicita-municipes-eviten-lugares-de-alto-riesgo\/","title":{"rendered":"Alcalde Manuel Jim\u00e9nez solicita mun\u00edcipes eviten lugares de alto riesgo"},"content":{"rendered":"\n<p><strong>EL ALCALDE DE SANTO DOMINGO ESTE COORDINA PERSONALMENTE LOS TRABAJOS DE PREVENCI\u00d3N EN LOS SECTORES M\u00c1S VULNERABLES DEL MUNICIPIO.<\/strong><\/p>\n\n\n\n<p>Por Martin Restituyo<\/p>\n\n\n\n<p>El alcalde de Santo Domingo Este, Manuel Jim\u00e9nez exhort\u00f3 a la ciudadan\u00eda a que se mantenga alejada de la costa de la avenida Espa\u00f1a, la orilla del r\u00edo Ozama y de los espacios que puedan ser peligrosos durante el paso de la tormenta Franklin por el pa\u00eds.<\/p>\n\n\n\n<p>Jim\u00e9nez explic\u00f3 que los equipos del Ayuntamiento de Santo Domingo Este realizaron un trabajo preventivo de limpieza de ca\u00f1adas, filtrantes e imbornales en los puntos cr\u00edticos del municipio.<br>El Edil, advirti\u00f3, que los altos niveles de lluvia que se esperan generar\u00e1n grandes c\u00famulos de agua y situaciones de riesgo.<\/p>\n\n\n\n<p>\u201cTodos los equipos operativos del Ayuntamiento est\u00e1n activos en los trabajos de prevenci\u00f3n y atenci\u00f3n de emergencias. Junto al gobierno del presidente Luis Abinader nos mantendremos atentos al fen\u00f3meno, pero necesitamos que la ciudadan\u00eda act\u00fae con prudencia y tome las precauciones de lugar\u201d, declar\u00f3 Manuel Jim\u00e9nez durante su recorrido por Los Mameyes, la Avenida Espa\u00f1a, el sector presidente Caama\u00f1o, Los Mina y otros sectores del municipio.<\/p>\n\n\n\n<p>El Ayuntamiento de Santo Domingo Este, a trav\u00e9s de la Direcci\u00f3n de Gesti\u00f3n Ambiental y Riesgo, lidera el Comit\u00e9 Municipal de Prevenci\u00f3n, Mitigaci\u00f3n y Respuesta ante el paso por el territorio dominicano de la tormenta Franklin.<\/p>\n\n\n\n<p>Como parte de los trabajos del Comit\u00e9, decenas de brigadas se encuentran en las calles y sectores del municipio en labores de podas, cuneteos, limpiezas de colectores, ca\u00f1adas y otras acciones para evitar inundaciones.<\/p>\n\n\n\n<p>Los operativos se desarrollan en coordinaci\u00f3n con todas las instituciones estatales en el municipio, como la Cruz Roja, la Defensa Civil, Los Bomberos y las fuerzas castrenses, para dar respuesta a cualquier emergencia que se presente y garantizar que de pasar el fen\u00f3meno cause el menor impacto posible en la ciudadan\u00eda.<\/p>\n","protected":false},"excerpt":{"rendered":"<p>EL ALCALDE DE SANTO DOMINGO ESTE COORDINA PERSONALMENTE LOS TRABAJOS DE PREVENCI\u00d3N EN LOS SECTORES M\u00c1S VULNERABLES DEL MUNICIPIO. Por Martin Restituyo El alcalde de Santo Domingo Este, Manuel Jim\u00e9nez&hellip;<\/p>\n","protected":false},"author":2,"featured_media":58321,"comment_status":"open","ping_status":"open","sticky":false,"template":"","format":"standard","meta":{"content-type":"","jetpack_post_was_ever_published":false,"_jetpack_newsletter_access":"","_jetpack_dont_email_post_to_subs":false,"_jetpack_newsletter_tier_id":0,"_jetpack_memberships_contains_paywalled_content":false,"_jetpack_memberships_contains_paid_content":false,"footnotes":""},"categories":[35,25],"tags":[161,196,1570,6495],"class_list":["post-58320","post","type-post","status-publish","format-standard","has-post-thumbnail","hentry","category-nacionales","category-portada","tag-alcalde","tag-manuel-jimenez","tag-santo-domingo-este","tag-tormenta-franklin"],"jetpack_featured_media_url":"https:\/\/lasprimeras.com.do\/wp-content\/uploads\/2023\/08\/Manuel-Jimenez-4.jpg","jetpack-related-posts":[{"id":58364,"url":"https:\/\/lasprimeras.com.do\/index.php\/2023\/08\/23\/alcalde-manuel-jimenez-cierra-avenida-barcelo-y-maxima-precaucion\/","url_meta":{"origin":58320,"position":0},"title":"Alcalde Manuel Jim\u00e9nez cierra avenida Barcel\u00f3 y m\u00e1xima precauci\u00f3n","author":"Nelson Feliz","date":"23 de agosto de 2023","format":false,"excerpt":"El alcalde de Santo Domingo Este inform\u00f3 el cierre de la Avenida Barcel\u00f3, debido a un derrumbe ocurrido esta madrugada que afect\u00f3, adem\u00e1s, el tendido el\u00e9ctrico. La informaci\u00f3n la ofreci\u00f3 durante una visita al \u00e1rea afectada, donde dijo que ya las brigadas correspondientes trabajan para rehabilitarla nuevamente. Jim\u00e9nez hizo un\u2026","rel":"","context":"En \u00abNACIONALES\u00bb","block_context":{"text":"NACIONALES","link":"https:\/\/lasprimeras.com.do\/index.php\/category\/nacionales\/"},"img":{"alt_text":"Manuel Jimenez","src":"https:\/\/i0.wp.com\/lasprimeras.com.do\/wp-content\/uploads\/2023\/08\/Manuel-Jimenez-2-1.jpg?resize=350%2C200&ssl=1","width":350,"height":200,"srcset":"https:\/\/i0.wp.com\/lasprimeras.com.do\/wp-content\/uploads\/2023\/08\/Manuel-Jimenez-2-1.jpg?resize=350%2C200&ssl=1 1x, https:\/\/i0.wp.com\/lasprimeras.com.do\/wp-content\/uploads\/2023\/08\/Manuel-Jimenez-2-1.jpg?resize=525%2C300&ssl=1 1.5x, https:\/\/i0.wp.com\/lasprimeras.com.do\/wp-content\/uploads\/2023\/08\/Manuel-Jimenez-2-1.jpg?resize=700%2C400&ssl=1 2x"},"classes":[]},{"id":103652,"url":"https:\/\/lasprimeras.com.do\/index.php\/2025\/07\/17\/manuel-jimenez-exhorta-a-diputados-aprobar-ley-que-asigna-nombre-la-trinitaria-a-santo-domingo-este\/","url_meta":{"origin":58320,"position":1},"title":"Manuel Jim\u00e9nez exhorta a diputados aprobar Ley que asigna nombre &#8220;La Trinitaria&#8221; a Santo Domingo Este","author":"Nelson Feliz","date":"17 de julio de 2025","format":false,"excerpt":"El dirigente pol\u00edtico del Partido Revolucionario Moderno (PRM) Manuel Jim\u00e9nez, exhort\u00f3 a la C\u00e1mara de Diputados a avanzar en la discusi\u00f3n del proyecto que asigna el nombre de La Trinitaria al municipio Santo Domingo Este. El ex alcalde record\u00f3 que cientos de dirigentes comunitarios, pol\u00edticos y empresarios han celebrado vistas\u2026","rel":"","context":"En \u00abNACIONALES\u00bb","block_context":{"text":"NACIONALES","link":"https:\/\/lasprimeras.com.do\/index.php\/category\/nacionales\/"},"img":{"alt_text":"Manuel Jim\u00e9nez","src":"https:\/\/i0.wp.com\/lasprimeras.com.do\/wp-content\/uploads\/2025\/07\/Manuel-Jimenez-1.jpg?resize=350%2C200&ssl=1","width":350,"height":200,"srcset":"https:\/\/i0.wp.com\/lasprimeras.com.do\/wp-content\/uploads\/2025\/07\/Manuel-Jimenez-1.jpg?resize=350%2C200&ssl=1 1x, https:\/\/i0.wp.com\/lasprimeras.com.do\/wp-content\/uploads\/2025\/07\/Manuel-Jimenez-1.jpg?resize=525%2C300&ssl=1 1.5x, https:\/\/i0.wp.com\/lasprimeras.com.do\/wp-content\/uploads\/2025\/07\/Manuel-Jimenez-1.jpg?resize=700%2C400&ssl=1 2x"},"classes":[]},{"id":120697,"url":"https:\/\/lasprimeras.com.do\/index.php\/2026\/01\/27\/manuel-jimenez-recomienda-funcionarios-y-politicos-tengan-a-duarte-como-guia\/","url_meta":{"origin":58320,"position":2},"title":"Manuel Jim\u00e9nez recomienda funcionarios y pol\u00edticos tengan a Duarte como gu\u00eda","author":"Nelson Feliz","date":"27 de enero de 2026","format":false,"excerpt":"El dirigente pol\u00edtico asegur\u00f3 que Duarte es el ejemplo de eficiencia y honestidad que todo gobierno necesita segu\u00edr. En el marco de un acto conmemorativo de los 213 a\u00f1os del natalicio de Juan Pablo Duarte, el dirigente pol\u00edtico y gestor cultural Manuel Jim\u00e9nez exhort\u00f3 a todos los servidores p\u00fablicos del\u2026","rel":"","context":"En \u00abNACIONALES\u00bb","block_context":{"text":"NACIONALES","link":"https:\/\/lasprimeras.com.do\/index.php\/category\/nacionales\/"},"img":{"alt_text":"","src":"https:\/\/i0.wp.com\/lasprimeras.com.do\/wp-content\/uploads\/2026\/01\/IMG-20260126-WA0727.jpg?resize=350%2C200&ssl=1","width":350,"height":200,"srcset":"https:\/\/i0.wp.com\/lasprimeras.com.do\/wp-content\/uploads\/2026\/01\/IMG-20260126-WA0727.jpg?resize=350%2C200&ssl=1 1x, https:\/\/i0.wp.com\/lasprimeras.com.do\/wp-content\/uploads\/2026\/01\/IMG-20260126-WA0727.jpg?resize=525%2C300&ssl=1 1.5x, https:\/\/i0.wp.com\/lasprimeras.com.do\/wp-content\/uploads\/2026\/01\/IMG-20260126-WA0727.jpg?resize=700%2C400&ssl=1 2x, https:\/\/i0.wp.com\/lasprimeras.com.do\/wp-content\/uploads\/2026\/01\/IMG-20260126-WA0727.jpg?resize=1050%2C600&ssl=1 3x, https:\/\/i0.wp.com\/lasprimeras.com.do\/wp-content\/uploads\/2026\/01\/IMG-20260126-WA0727.jpg?resize=1400%2C800&ssl=1 4x"},"classes":[]},{"id":58597,"url":"https:\/\/lasprimeras.com.do\/index.php\/2023\/08\/25\/asde-lleva-asistencia-a-familias-afectadas-por-tormenta-franklin\/","url_meta":{"origin":58320,"position":3},"title":"ASDE lleva asistencia a familias afectadas por tormenta Franklin","author":"Nelson Feliz","date":"25 de agosto de 2023","format":false,"excerpt":"EL ALCALDE MANUEL JIM\u00c9NEZ DISPUSO TODOS LOS EQUIPOS NECESARIOS PARA DAR ASISTENCIA A LOS AFECTADOS POR FRANKLIN. Por Martin Restituyo El Ayuntamiento de Santo Domingo Este llev\u00f3 asistencia a decenas de familias que resultaron afectadas por los da\u00f1os causados por la tormenta Franklin que afect\u00f3 al pa\u00eds, en una acci\u00f3n\u2026","rel":"","context":"En \u00abNACIONALES\u00bb","block_context":{"text":"NACIONALES","link":"https:\/\/lasprimeras.com.do\/index.php\/category\/nacionales\/"},"img":{"alt_text":"asde","src":"https:\/\/i0.wp.com\/lasprimeras.com.do\/wp-content\/uploads\/2023\/08\/asde-1-1.jpg?resize=350%2C200&ssl=1","width":350,"height":200,"srcset":"https:\/\/i0.wp.com\/lasprimeras.com.do\/wp-content\/uploads\/2023\/08\/asde-1-1.jpg?resize=350%2C200&ssl=1 1x, https:\/\/i0.wp.com\/lasprimeras.com.do\/wp-content\/uploads\/2023\/08\/asde-1-1.jpg?resize=525%2C300&ssl=1 1.5x, https:\/\/i0.wp.com\/lasprimeras.com.do\/wp-content\/uploads\/2023\/08\/asde-1-1.jpg?resize=700%2C400&ssl=1 2x"},"classes":[]},{"id":58185,"url":"https:\/\/lasprimeras.com.do\/index.php\/2023\/08\/21\/asde-activa-su-comite-de-riesgo-ante-el-paso-de-la-tormenta-franklin\/","url_meta":{"origin":58320,"position":4},"title":"ASDE activa su Comit\u00e9 de Riesgo ante el paso de la tormenta Franklin","author":"Nelson Feliz","date":"21 de agosto de 2023","format":false,"excerpt":"DECENAS DE BRIGADAS Y BOMBEROS DEL MUNICIPIO ESTAR\u00c1N EN LAS CALLES DANDO RESPUESTA A CUALQUIER EMERGENCIA QUE SE PRESENTE Por Martin Restituyo El Ayuntamiento de Santo Domingo Este, a trav\u00e9s de la Direcci\u00f3n de Gesti\u00f3n Ambiental y Riesgo, activ\u00f3 su Comit\u00e9 Municipal de Prevenci\u00f3n, Mitigaci\u00f3n y Respuesta ante el posible\u2026","rel":"","context":"En \u00abNACIONALES\u00bb","block_context":{"text":"NACIONALES","link":"https:\/\/lasprimeras.com.do\/index.php\/category\/nacionales\/"},"img":{"alt_text":"","src":"https:\/\/i0.wp.com\/lasprimeras.com.do\/wp-content\/uploads\/2023\/08\/Manuel-Jimenez-2.jpg?resize=350%2C200&ssl=1","width":350,"height":200,"srcset":"https:\/\/i0.wp.com\/lasprimeras.com.do\/wp-content\/uploads\/2023\/08\/Manuel-Jimenez-2.jpg?resize=350%2C200&ssl=1 1x, https:\/\/i0.wp.com\/lasprimeras.com.do\/wp-content\/uploads\/2023\/08\/Manuel-Jimenez-2.jpg?resize=525%2C300&ssl=1 1.5x, https:\/\/i0.wp.com\/lasprimeras.com.do\/wp-content\/uploads\/2023\/08\/Manuel-Jimenez-2.jpg?resize=700%2C400&ssl=1 2x"},"classes":[]},{"id":68057,"url":"https:\/\/lasprimeras.com.do\/index.php\/2023\/11\/21\/alcalde-manuel-jimenez-mantiene-activo-comite-de-emergencias-de-sde\/","url_meta":{"origin":58320,"position":5},"title":"Alcalde Manuel Jim\u00e9nez mantiene activo Comit\u00e9 de Emergencias de SDE","author":"Nelson Feliz","date":"21 de noviembre de 2023","format":false,"excerpt":"EN EL MUNICIPIO NO SE REGISTRAN P\u00c9RDIDAS HUMANAS POR LAS LLUVIAS. Por Mart\u00edn Restituyo El alcalde de Santo Domingo Este, Manuel Jim\u00e9nez, inform\u00f3 este martes que todos los equipos del Comit\u00e9 Municipal de Prevenci\u00f3n y Mitigaci\u00f3n de Riesgos de la demarcaci\u00f3n se mantendr\u00e1 en alerta y desarrollando trabajos preventivos ante\u2026","rel":"","context":"En \u00abNACIONALES\u00bb","block_context":{"text":"NACIONALES","link":"https:\/\/lasprimeras.com.do\/index.php\/category\/nacionales\/"},"img":{"alt_text":"Manuel Jim\u00e9nez","src":"https:\/\/i0.wp.com\/lasprimeras.com.do\/wp-content\/uploads\/2023\/11\/Manuel-Jimenez-1.jpg?resize=350%2C200&ssl=1","width":350,"height":200,"srcset":"https:\/\/i0.wp.com\/lasprimeras.com.do\/wp-content\/uploads\/2023\/11\/Manuel-Jimenez-1.jpg?resize=350%2C200&ssl=1 1x, https:\/\/i0.wp.com\/lasprimeras.com.do\/wp-content\/uploads\/2023\/11\/Manuel-Jimenez-1.jpg?resize=525%2C300&ssl=1 1.5x, https:\/\/i0.wp.com\/lasprimeras.com.do\/wp-content\/uploads\/2023\/11\/Manuel-Jimenez-1.jpg?resize=700%2C400&ssl=1 2x"},"classes":[]}],"jetpack_sharing_enabled":true,"_links":{"self":[{"href":"https:\/\/lasprimeras.com.do\/index.php\/wp-json\/wp\/v2\/posts\/58320","targetHints":{"allow":["GET"]}}],"collection":[{"href":"https:\/\/lasprimeras.com.do\/index.php\/wp-json\/wp\/v2\/posts"}],"about":[{"href":"https:\/\/lasprimeras.com.do\/index.php\/wp-json\/wp\/v2\/types\/post"}],"author":[{"embeddable":true,"href":"https:\/\/lasprimeras.com.do\/index.php\/wp-json\/wp\/v2\/users\/2"}],"replies":[{"embeddable":true,"href":"https:\/\/lasprimeras.com.do\/index.php\/wp-json\/wp\/v2\/comments?post=58320"}],"version-history":[{"count":1,"href":"https:\/\/lasprimeras.com.do\/index.php\/wp-json\/wp\/v2\/posts\/58320\/revisions"}],"predecessor-version":[{"id":58322,"href":"https:\/\/lasprimeras.com.do\/index.php\/wp-json\/wp\/v2\/posts\/58320\/revisions\/58322"}],"wp:featuredmedia":[{"embeddable":true,"href":"https:\/\/lasprimeras.com.do\/index.php\/wp-json\/wp\/v2\/media\/58321"}],"wp:attachment":[{"href":"https:\/\/lasprimeras.com.do\/index.php\/wp-json\/wp\/v2\/media?parent=58320"}],"wp:term":[{"taxonomy":"category","embeddable":true,"href":"https:\/\/lasprimeras.com.do\/index.php\/wp-json\/wp\/v2\/categories?post=58320"},{"taxonomy":"post_tag","embeddable":true,"href":"https:\/\/lasprimeras.com.do\/index.php\/wp-json\/wp\/v2\/tags?post=58320"}],"curies":[{"name":"wp","href":"https:\/\/api.w.org\/{rel}","templated":true}]}}