{"id":58358,"date":"2023-08-23T13:26:33","date_gmt":"2023-08-23T17:26:33","guid":{"rendered":"https:\/\/lasprimeras.com.do\/?p=58358"},"modified":"2023-08-23T13:26:34","modified_gmt":"2023-08-23T17:26:34","slug":"santo-domingo-este-amanece-rodeado-de-basura-y-resintiendo-ligeros-efectos-de-franklin","status":"publish","type":"post","link":"https:\/\/lasprimeras.com.do\/index.php\/2023\/08\/23\/santo-domingo-este-amanece-rodeado-de-basura-y-resintiendo-ligeros-efectos-de-franklin\/","title":{"rendered":"Santo Domingo Este amanece rodeado de basura y resintiendo ligeros efectos de Franklin"},"content":{"rendered":"\n<p>Los diferentes sectores del municipio de Santo Domingo Este amanecieron este mi\u00e9rcoles rodeados de basura y resintiendo con ligereza los efectos del vigente paso de la tormenta Franklin por territorio nacional.<\/p>\n\n\n\n<p>Hasta el momento, aunque han sido ininterrumpidas desde la noche de ayer, las lluvias en el municipio no han sido suficientes para propiciar ninguna cat\u00e1strofe, de acuerdo con las autoridades.<\/p>\n\n\n\n<p>Por el momento, incluso los grandes charcos que los moradores reportan como habituales, se encuentran activos, pero en su versi\u00f3n m\u00e1s ligera.<\/p>\n\n\n\n<p>No obstante, los desechos sueltos, aparentemente arrastrados por el viento y el agua, se hacen ver en lugares como Los Mina, Villa Faro, Cancino Adentro y la avenida Charles de Gaulle, lugares en los que tambi\u00e9n se encuentran reiterados grupos de basura enfundada que la gente ha sacado a las esquinas a \u201cesperas de que pase el cami\u00f3n de basura\u201d.<\/p>\n\n\n\n<p>Por otro lado, un gran grupo de peque\u00f1os negocios, como colmados, carnicer\u00edas, gomeras, etc., se encuentran abiertos desde muy temprano, con intenciones de permanecer \u201chasta que Dios quiera\u201d.<\/p>\n\n\n\n<p>En el caso particular del mercado de Los Mina, la gran mayor\u00eda de comercios permanecen abiertos y los propios vendedores reportaron que atienden desde tempranas horas de la madrugada.<\/p>\n\n\n\n<p>Entre tanto, las personas en sus casas permanecen tranquilas y seguras de que \u201cno pasar\u00e1 nada\u201d, confiando en que poseen las municiones suficientes para permanecer en sus casas por el tiempo que determinen las autoridades.<\/p>\n\n\n\n<p>Sobre Franklin<\/p>\n\n\n\n<p>La directora de la Oficina Nacional de Meteorolog\u00eda (Onamet), Gloria Ceballos, inform\u00f3 que el centro de la tormenta Franklin ya toc\u00f3 tierra en la zona sur del pa\u00eds.<\/p>\n\n\n\n<p>De acuerdo con Ceballos el primer contacto fue por Los Cocos, en Barahona, una de las provincias que se encuentra en alerta roja, de acuerdo con los organismos de emergencia.<\/p>\n\n\n\n<p>Fuente Listin Diario<\/p>\n","protected":false},"excerpt":{"rendered":"<p>Los diferentes sectores del municipio de Santo Domingo Este amanecieron este mi\u00e9rcoles rodeados de basura y resintiendo con ligereza los efectos del vigente paso de la tormenta Franklin por territorio&hellip;<\/p>\n","protected":false},"author":2,"featured_media":58359,"comment_status":"open","ping_status":"open","sticky":false,"template":"","format":"standard","meta":{"content-type":"","jetpack_post_was_ever_published":false,"_jetpack_newsletter_access":"","_jetpack_dont_email_post_to_subs":false,"_jetpack_newsletter_tier_id":0,"_jetpack_memberships_contains_paywalled_content":false,"_jetpack_memberships_contains_paid_content":false,"footnotes":""},"categories":[35,25],"tags":[6565,3045,6566,1570,6495],"class_list":["post-58358","post","type-post","status-publish","format-standard","has-post-thumbnail","hentry","category-nacionales","category-portada","tag-amanece","tag-basura","tag-rodeado","tag-santo-domingo-este","tag-tormenta-franklin"],"jetpack_featured_media_url":"https:\/\/lasprimeras.com.do\/wp-content\/uploads\/2023\/08\/basura.jpeg","jetpack-related-posts":[{"id":58410,"url":"https:\/\/lasprimeras.com.do\/index.php\/2023\/08\/23\/alcalde-carlos-guzman-dispuso-todos-los-equipos-para-preservar-vidas-por-paso-de-tormenta-franklin\/","url_meta":{"origin":58358,"position":0},"title":"Alcalde Carlos Guzm\u00e1n dispuso todos los equipos para preservar vidas por paso de tormenta Franklin","author":"Nelson Feliz","date":"23 de agosto de 2023","format":false,"excerpt":"Guzm\u00e1n asegur\u00f3 que se ha estado dando respuesta minuto a minuto a las situaciones que se presentan en las diferentes comunidades. Por Martin Restituyo El alcalde de Santo Domingo Norte (SDN), Carlos Guzm\u00e1n, expres\u00f3 que se han dispuestos todos los equipos operativos y humanos posible para preservar vidas y evitar\u2026","rel":"","context":"En \u00abNACIONALES\u00bb","block_context":{"text":"NACIONALES","link":"https:\/\/lasprimeras.com.do\/index.php\/category\/nacionales\/"},"img":{"alt_text":"Carlos Guzman","src":"https:\/\/i0.wp.com\/lasprimeras.com.do\/wp-content\/uploads\/2023\/08\/Carlos-Guzman-1.jpg?resize=350%2C200&ssl=1","width":350,"height":200,"srcset":"https:\/\/i0.wp.com\/lasprimeras.com.do\/wp-content\/uploads\/2023\/08\/Carlos-Guzman-1.jpg?resize=350%2C200&ssl=1 1x, https:\/\/i0.wp.com\/lasprimeras.com.do\/wp-content\/uploads\/2023\/08\/Carlos-Guzman-1.jpg?resize=525%2C300&ssl=1 1.5x"},"classes":[]},{"id":58597,"url":"https:\/\/lasprimeras.com.do\/index.php\/2023\/08\/25\/asde-lleva-asistencia-a-familias-afectadas-por-tormenta-franklin\/","url_meta":{"origin":58358,"position":1},"title":"ASDE lleva asistencia a familias afectadas por tormenta Franklin","author":"Nelson Feliz","date":"25 de agosto de 2023","format":false,"excerpt":"EL ALCALDE MANUEL JIM\u00c9NEZ DISPUSO TODOS LOS EQUIPOS NECESARIOS PARA DAR ASISTENCIA A LOS AFECTADOS POR FRANKLIN. Por Martin Restituyo El Ayuntamiento de Santo Domingo Este llev\u00f3 asistencia a decenas de familias que resultaron afectadas por los da\u00f1os causados por la tormenta Franklin que afect\u00f3 al pa\u00eds, en una acci\u00f3n\u2026","rel":"","context":"En \u00abNACIONALES\u00bb","block_context":{"text":"NACIONALES","link":"https:\/\/lasprimeras.com.do\/index.php\/category\/nacionales\/"},"img":{"alt_text":"asde","src":"https:\/\/i0.wp.com\/lasprimeras.com.do\/wp-content\/uploads\/2023\/08\/asde-1-1.jpg?resize=350%2C200&ssl=1","width":350,"height":200,"srcset":"https:\/\/i0.wp.com\/lasprimeras.com.do\/wp-content\/uploads\/2023\/08\/asde-1-1.jpg?resize=350%2C200&ssl=1 1x, https:\/\/i0.wp.com\/lasprimeras.com.do\/wp-content\/uploads\/2023\/08\/asde-1-1.jpg?resize=525%2C300&ssl=1 1.5x, https:\/\/i0.wp.com\/lasprimeras.com.do\/wp-content\/uploads\/2023\/08\/asde-1-1.jpg?resize=700%2C400&ssl=1 2x"},"classes":[]},{"id":58367,"url":"https:\/\/lasprimeras.com.do\/index.php\/2023\/08\/23\/centro-de-la-tormenta-franklin-toco-tierra-en-barahona\/","url_meta":{"origin":58358,"position":2},"title":"Centro de la tormenta Franklin toc\u00f3 tierra en Barahona","author":"Nelson Feliz","date":"23 de agosto de 2023","format":false,"excerpt":"La directora de la Oficina Nacional de Meteorolog\u00eda (Onamet), Gloria Ceballos, inform\u00f3 la ma\u00f1ana de este mi\u00e9rcoles 23 de agosto que el ojo o centro de la tormenta toc\u00f3 tierra en Los Cocos en Barahona. \"Centro de la Tormenta tropical Franklin toc\u00f3 \"tierra\" por Los Cocos, Barahona\", dijo Ceballos en\u2026","rel":"","context":"En \u00abNACIONALES\u00bb","block_context":{"text":"NACIONALES","link":"https:\/\/lasprimeras.com.do\/index.php\/category\/nacionales\/"},"img":{"alt_text":"","src":"https:\/\/i0.wp.com\/lasprimeras.com.do\/wp-content\/uploads\/2023\/08\/centro-franklin.jpg?resize=350%2C200&ssl=1","width":350,"height":200},"classes":[]},{"id":58413,"url":"https:\/\/lasprimeras.com.do\/index.php\/2023\/08\/22\/diputada-betty-geronimo-activa-plan-de-contingencia-ante-el-paso-de-la-tormenta-franklin\/","url_meta":{"origin":58358,"position":3},"title":"Diputada Betty Ger\u00f3nimo activa plan de contingencia ante el paso de la tormenta Franklin","author":"Nelson Feliz","date":"22 de agosto de 2023","format":false,"excerpt":"La diputada y aspirante a alcaldesa por el municipio Santo Domingo Norte, Betty Ger\u00f3nimo en conjunto con representantes del gobierno activaron sus planes de contingencia con la finalidad de prevenir y reducir los efectos negativos que pudieran presentarse ante el paso de la tormenta Franklin. Esos planes de contingencia de\u2026","rel":"","context":"En \u00abNACIONALES\u00bb","block_context":{"text":"NACIONALES","link":"https:\/\/lasprimeras.com.do\/index.php\/category\/nacionales\/"},"img":{"alt_text":"Betty Ger\u00f3nimo","src":"https:\/\/i0.wp.com\/lasprimeras.com.do\/wp-content\/uploads\/2023\/08\/Betty-Geronimo.jpg?resize=350%2C200&ssl=1","width":350,"height":200,"srcset":"https:\/\/i0.wp.com\/lasprimeras.com.do\/wp-content\/uploads\/2023\/08\/Betty-Geronimo.jpg?resize=350%2C200&ssl=1 1x, https:\/\/i0.wp.com\/lasprimeras.com.do\/wp-content\/uploads\/2023\/08\/Betty-Geronimo.jpg?resize=525%2C300&ssl=1 1.5x, https:\/\/i0.wp.com\/lasprimeras.com.do\/wp-content\/uploads\/2023\/08\/Betty-Geronimo.jpg?resize=700%2C400&ssl=1 2x"},"classes":[]},{"id":58194,"url":"https:\/\/lasprimeras.com.do\/index.php\/2023\/08\/21\/alcaldia-distrito-nacional-limpia-alcantarillados-ante-tormenta-franklin\/","url_meta":{"origin":58358,"position":4},"title":"Alcald\u00eda Distrito Nacional limpia alcantarillados ante tormenta Franklin","author":"Nelson Feliz","date":"21 de agosto de 2023","format":false,"excerpt":"La Alcald\u00eda del Distrito Nacional activ\u00f3 su Comit\u00e9 de Prevenci\u00f3n, Mitigaci\u00f3n y Respuesta ante Desastres por el inminente paso de la tormenta tropical Franklin. El organismo se declar\u00f3 en sesi\u00f3n permanente y ya dispuso acciones como la limpieza de imbornales, retiro de residuos, adem\u00e1s de solicitar a los ciudadanos no\u2026","rel":"","context":"En \u00abNACIONALES\u00bb","block_context":{"text":"NACIONALES","link":"https:\/\/lasprimeras.com.do\/index.php\/category\/nacionales\/"},"img":{"alt_text":"brigadas","src":"https:\/\/i0.wp.com\/lasprimeras.com.do\/wp-content\/uploads\/2023\/08\/brigadas.jpg?resize=350%2C200&ssl=1","width":350,"height":200,"srcset":"https:\/\/i0.wp.com\/lasprimeras.com.do\/wp-content\/uploads\/2023\/08\/brigadas.jpg?resize=350%2C200&ssl=1 1x, https:\/\/i0.wp.com\/lasprimeras.com.do\/wp-content\/uploads\/2023\/08\/brigadas.jpg?resize=525%2C300&ssl=1 1.5x, https:\/\/i0.wp.com\/lasprimeras.com.do\/wp-content\/uploads\/2023\/08\/brigadas.jpg?resize=700%2C400&ssl=1 2x"},"classes":[]},{"id":58734,"url":"https:\/\/lasprimeras.com.do\/index.php\/2023\/08\/27\/brigadas-del-ayuntamiento-asiste-a-todos-los-afectados-por-franklin-en-sde\/","url_meta":{"origin":58358,"position":5},"title":"Brigadas del Ayuntamiento asiste a todos los afectados por Franklin en SDE","author":"Nelson Feliz","date":"27 de agosto de 2023","format":false,"excerpt":"Las familias que resultaron afectadas producto de la secuela de la tormenta Franklin contin\u00faan siendo asistidas por el Ayuntamiento de Santo Domingo Este, que durante todo el fin de semana se mantuvo realizando labores de recuperaci\u00f3n y limpieza de las zonas m\u00e1s impactadas por el fen\u00f3meno. Decenas de brigadas de\u2026","rel":"","context":"En \u00abNACIONALES\u00bb","block_context":{"text":"NACIONALES","link":"https:\/\/lasprimeras.com.do\/index.php\/category\/nacionales\/"},"img":{"alt_text":"ASDE","src":"https:\/\/i0.wp.com\/lasprimeras.com.do\/wp-content\/uploads\/2023\/08\/ASDE-2.jpg?resize=350%2C200&ssl=1","width":350,"height":200,"srcset":"https:\/\/i0.wp.com\/lasprimeras.com.do\/wp-content\/uploads\/2023\/08\/ASDE-2.jpg?resize=350%2C200&ssl=1 1x, https:\/\/i0.wp.com\/lasprimeras.com.do\/wp-content\/uploads\/2023\/08\/ASDE-2.jpg?resize=525%2C300&ssl=1 1.5x, https:\/\/i0.wp.com\/lasprimeras.com.do\/wp-content\/uploads\/2023\/08\/ASDE-2.jpg?resize=700%2C400&ssl=1 2x"},"classes":[]}],"jetpack_sharing_enabled":true,"_links":{"self":[{"href":"https:\/\/lasprimeras.com.do\/index.php\/wp-json\/wp\/v2\/posts\/58358","targetHints":{"allow":["GET"]}}],"collection":[{"href":"https:\/\/lasprimeras.com.do\/index.php\/wp-json\/wp\/v2\/posts"}],"about":[{"href":"https:\/\/lasprimeras.com.do\/index.php\/wp-json\/wp\/v2\/types\/post"}],"author":[{"embeddable":true,"href":"https:\/\/lasprimeras.com.do\/index.php\/wp-json\/wp\/v2\/users\/2"}],"replies":[{"embeddable":true,"href":"https:\/\/lasprimeras.com.do\/index.php\/wp-json\/wp\/v2\/comments?post=58358"}],"version-history":[{"count":1,"href":"https:\/\/lasprimeras.com.do\/index.php\/wp-json\/wp\/v2\/posts\/58358\/revisions"}],"predecessor-version":[{"id":58360,"href":"https:\/\/lasprimeras.com.do\/index.php\/wp-json\/wp\/v2\/posts\/58358\/revisions\/58360"}],"wp:featuredmedia":[{"embeddable":true,"href":"https:\/\/lasprimeras.com.do\/index.php\/wp-json\/wp\/v2\/media\/58359"}],"wp:attachment":[{"href":"https:\/\/lasprimeras.com.do\/index.php\/wp-json\/wp\/v2\/media?parent=58358"}],"wp:term":[{"taxonomy":"category","embeddable":true,"href":"https:\/\/lasprimeras.com.do\/index.php\/wp-json\/wp\/v2\/categories?post=58358"},{"taxonomy":"post_tag","embeddable":true,"href":"https:\/\/lasprimeras.com.do\/index.php\/wp-json\/wp\/v2\/tags?post=58358"}],"curies":[{"name":"wp","href":"https:\/\/api.w.org\/{rel}","templated":true}]}}