{"id":58364,"date":"2023-08-23T13:40:44","date_gmt":"2023-08-23T17:40:44","guid":{"rendered":"https:\/\/lasprimeras.com.do\/?p=58364"},"modified":"2023-08-23T13:40:45","modified_gmt":"2023-08-23T17:40:45","slug":"alcalde-manuel-jimenez-cierra-avenida-barcelo-y-maxima-precaucion","status":"publish","type":"post","link":"https:\/\/lasprimeras.com.do\/index.php\/2023\/08\/23\/alcalde-manuel-jimenez-cierra-avenida-barcelo-y-maxima-precaucion\/","title":{"rendered":"Alcalde Manuel Jim\u00e9nez cierra avenida Barcel\u00f3 y m\u00e1xima precauci\u00f3n"},"content":{"rendered":"\n<p>El alcalde de Santo Domingo Este inform\u00f3 el cierre de la Avenida Barcel\u00f3, debido a un derrumbe ocurrido esta madrugada que afect\u00f3, adem\u00e1s, el tendido el\u00e9ctrico.<\/p>\n\n\n\n<p>La informaci\u00f3n la ofreci\u00f3 durante una visita al \u00e1rea afectada, donde dijo que ya las brigadas correspondientes trabajan para rehabilitarla nuevamente.<\/p>\n\n\n\n<p>Jim\u00e9nez hizo un llamado a los mun\u00edcipes y usuarios de la v\u00eda, de que se abstengan de utilizarla para evitar cualquier situaci\u00f3n de peligro, por la gran humedad que concentra el terreno producto del c\u00famulo de lluvias que provoca la tormenta Franklin.<\/p>\n\n\n\n<p>\u201cEste derrumbe que estamos trabajando se podr\u00eda repetir m\u00e1s fuerte m\u00e1s adelante en la medida que siga lloviendo, as\u00ed que vamos a cerrar el tr\u00e1nsito en la v\u00eda durante un tiempo, ahora estamos resolviendo para devolver la energ\u00eda\u201d, sostuvo Jim\u00e9nez.<\/p>\n\n\n\n<p>En el lugar ya se encuentran agilizando las labores brigadas de la Edeeste, los Bomberos y del Ayuntamiento, para restaurar el servicio energ\u00e9tico en la zona afectada en la mayor brevedad posible.<\/p>\n\n\n\n<p>El alcalde de Santo Domingo Este inst\u00f3 a los mun\u00edcipes a ser prudente y abstenerse de salir a las calles si no est\u00e1 haciendo una labor que le obligue y de esa manera preservar su integridad, as\u00ed como alejarse de las orillas de r\u00edos y ca\u00f1adas. \u201cCuidarse y protegerse es la mejor manera de ayudar en estos momentos\u201d, reiter\u00f3 Jim\u00e9nez.<\/p>\n\n\n\n<p>Decenas de brigadas de la instituci\u00f3n trabajan de manera ininterrumpida en distintos puntos de la ciudad en acciones de prevenci\u00f3n para evitar situaciones de riesgo durante y despu\u00e9s del paso de la tormenta Franklin.<\/p>\n","protected":false},"excerpt":{"rendered":"<p>El alcalde de Santo Domingo Este inform\u00f3 el cierre de la Avenida Barcel\u00f3, debido a un derrumbe ocurrido esta madrugada que afect\u00f3, adem\u00e1s, el tendido el\u00e9ctrico. La informaci\u00f3n la ofreci\u00f3&hellip;<\/p>\n","protected":false},"author":2,"featured_media":58365,"comment_status":"open","ping_status":"open","sticky":false,"template":"","format":"standard","meta":{"content-type":"","jetpack_post_was_ever_published":false,"_jetpack_newsletter_access":"","_jetpack_dont_email_post_to_subs":false,"_jetpack_newsletter_tier_id":0,"_jetpack_memberships_contains_paywalled_content":false,"_jetpack_memberships_contains_paid_content":false,"footnotes":""},"categories":[35,25],"tags":[161,6567,1612,196,6329],"class_list":["post-58364","post","type-post","status-publish","format-standard","has-post-thumbnail","hentry","category-nacionales","category-portada","tag-alcalde","tag-avenida-barcelo","tag-cierre","tag-manuel-jimenez","tag-precaucion"],"jetpack_featured_media_url":"https:\/\/lasprimeras.com.do\/wp-content\/uploads\/2023\/08\/Manuel-Jimenez-2-1.jpg","jetpack-related-posts":[{"id":48553,"url":"https:\/\/lasprimeras.com.do\/index.php\/2023\/05\/01\/alcalde-manuel-jimenez-enciende-primera-bombilla-del-faro-a-colon\/","url_meta":{"origin":58364,"position":0},"title":"Alcalde Manuel Jim\u00e9nez enciende primera bombilla del Faro a Col\u00f3n","author":"prenxa100","date":"1 de mayo de 2023","format":false,"excerpt":"Santo Domingo, Este.-. El alcalde de Santo Domingo Este, Manuel Jim\u00e9nez, encendi\u00f3 la primera bombilla del nuevo sistema de luces que exhibir\u00e1 el Faro a Col\u00f3n, un proyecto que se desarrolla en coordinaci\u00f3n con el Ministerio de Cultura y el Programa de las Naciones Unidas Para el Desarrollo (PNUD), y\u2026","rel":"","context":"En \u00abNACIONALES\u00bb","block_context":{"text":"NACIONALES","link":"https:\/\/lasprimeras.com.do\/index.php\/category\/nacionales\/"},"img":{"alt_text":"","src":"","width":0,"height":0},"classes":[]},{"id":58320,"url":"https:\/\/lasprimeras.com.do\/index.php\/2023\/08\/22\/alcalde-manuel-jimenez-solicita-municipes-eviten-lugares-de-alto-riesgo\/","url_meta":{"origin":58364,"position":1},"title":"Alcalde Manuel Jim\u00e9nez solicita mun\u00edcipes eviten lugares de alto riesgo","author":"Nelson Feliz","date":"22 de agosto de 2023","format":false,"excerpt":"EL ALCALDE DE SANTO DOMINGO ESTE COORDINA PERSONALMENTE LOS TRABAJOS DE PREVENCI\u00d3N EN LOS SECTORES M\u00c1S VULNERABLES DEL MUNICIPIO. Por Martin Restituyo El alcalde de Santo Domingo Este, Manuel Jim\u00e9nez exhort\u00f3 a la ciudadan\u00eda a que se mantenga alejada de la costa de la avenida Espa\u00f1a, la orilla del r\u00edo\u2026","rel":"","context":"En \u00abNACIONALES\u00bb","block_context":{"text":"NACIONALES","link":"https:\/\/lasprimeras.com.do\/index.php\/category\/nacionales\/"},"img":{"alt_text":"Manuel Jimenez","src":"https:\/\/i0.wp.com\/lasprimeras.com.do\/wp-content\/uploads\/2023\/08\/Manuel-Jimenez-4.jpg?resize=350%2C200&ssl=1","width":350,"height":200,"srcset":"https:\/\/i0.wp.com\/lasprimeras.com.do\/wp-content\/uploads\/2023\/08\/Manuel-Jimenez-4.jpg?resize=350%2C200&ssl=1 1x, https:\/\/i0.wp.com\/lasprimeras.com.do\/wp-content\/uploads\/2023\/08\/Manuel-Jimenez-4.jpg?resize=525%2C300&ssl=1 1.5x, https:\/\/i0.wp.com\/lasprimeras.com.do\/wp-content\/uploads\/2023\/08\/Manuel-Jimenez-4.jpg?resize=700%2C400&ssl=1 2x"},"classes":[]},{"id":120697,"url":"https:\/\/lasprimeras.com.do\/index.php\/2026\/01\/27\/manuel-jimenez-recomienda-funcionarios-y-politicos-tengan-a-duarte-como-guia\/","url_meta":{"origin":58364,"position":2},"title":"Manuel Jim\u00e9nez recomienda funcionarios y pol\u00edticos tengan a Duarte como gu\u00eda","author":"Nelson Feliz","date":"27 de enero de 2026","format":false,"excerpt":"El dirigente pol\u00edtico asegur\u00f3 que Duarte es el ejemplo de eficiencia y honestidad que todo gobierno necesita segu\u00edr. En el marco de un acto conmemorativo de los 213 a\u00f1os del natalicio de Juan Pablo Duarte, el dirigente pol\u00edtico y gestor cultural Manuel Jim\u00e9nez exhort\u00f3 a todos los servidores p\u00fablicos del\u2026","rel":"","context":"En \u00abNACIONALES\u00bb","block_context":{"text":"NACIONALES","link":"https:\/\/lasprimeras.com.do\/index.php\/category\/nacionales\/"},"img":{"alt_text":"","src":"https:\/\/i0.wp.com\/lasprimeras.com.do\/wp-content\/uploads\/2026\/01\/IMG-20260126-WA0727.jpg?resize=350%2C200&ssl=1","width":350,"height":200,"srcset":"https:\/\/i0.wp.com\/lasprimeras.com.do\/wp-content\/uploads\/2026\/01\/IMG-20260126-WA0727.jpg?resize=350%2C200&ssl=1 1x, https:\/\/i0.wp.com\/lasprimeras.com.do\/wp-content\/uploads\/2026\/01\/IMG-20260126-WA0727.jpg?resize=525%2C300&ssl=1 1.5x, https:\/\/i0.wp.com\/lasprimeras.com.do\/wp-content\/uploads\/2026\/01\/IMG-20260126-WA0727.jpg?resize=700%2C400&ssl=1 2x, https:\/\/i0.wp.com\/lasprimeras.com.do\/wp-content\/uploads\/2026\/01\/IMG-20260126-WA0727.jpg?resize=1050%2C600&ssl=1 3x, https:\/\/i0.wp.com\/lasprimeras.com.do\/wp-content\/uploads\/2026\/01\/IMG-20260126-WA0727.jpg?resize=1400%2C800&ssl=1 4x"},"classes":[]},{"id":112816,"url":"https:\/\/lasprimeras.com.do\/index.php\/2025\/10\/27\/exdiputado-arremete-contra-el-cambio-de-nombre-de-la-avenida-ecologica-profesor-juan-bosch-por-la-av-doctor-jose-francisco-pena-gomez\/","url_meta":{"origin":58364,"position":3},"title":"Exdiputado arremete contra el cambio de nombre de la\u00a0avenida Ecol\u00f3gica profesor Juan Bosch por la Av. doctor Jos\u00e9 Francisco Pe\u00f1a G\u00f3mez","author":"Nelson Feliz","date":"27 de octubre de 2025","format":false,"excerpt":"El exdiputado y\u00a0 miembro del Comit\u00e9 Central del Partido de la Liberaci\u00f3n Dominicana (PLD) D,\u00a0V\u00edctor Manuel Terrero, ha alzado su voz en protesta contra la aprobaci\u00f3n legislativa que renombra la\u00a0avenida Ecol\u00f3gica\u00a0profesor Juan Bosch por la Avenida doctor Jos\u00e9 Francisco Pe\u00f1a G\u00f3mez. Terrero, un destacado miembro del Comit\u00e9 Central del Partido\u2026","rel":"","context":"En \u00abPOLITICA\u00bb","block_context":{"text":"POLITICA","link":"https:\/\/lasprimeras.com.do\/index.php\/category\/politica\/"},"img":{"alt_text":"V\u00edctor Manuel Terrero","src":"https:\/\/i0.wp.com\/lasprimeras.com.do\/wp-content\/uploads\/2024\/04\/Victor-Manuel-Terrero.jpg?resize=350%2C200&ssl=1","width":350,"height":200,"srcset":"https:\/\/i0.wp.com\/lasprimeras.com.do\/wp-content\/uploads\/2024\/04\/Victor-Manuel-Terrero.jpg?resize=350%2C200&ssl=1 1x, https:\/\/i0.wp.com\/lasprimeras.com.do\/wp-content\/uploads\/2024\/04\/Victor-Manuel-Terrero.jpg?resize=525%2C300&ssl=1 1.5x"},"classes":[]},{"id":75871,"url":"https:\/\/lasprimeras.com.do\/index.php\/2024\/02\/05\/alcalde-manuel-jimenez-desmontara-miles-de-vallas-en-sd-este\/","url_meta":{"origin":58364,"position":4},"title":"Alcalde Manuel Jim\u00e9nez desmontara miles de vallas en SD-Este","author":"Nelson Feliz","date":"5 de febrero de 2024","format":false,"excerpt":"El alcalde Manuel Jim\u00e9nez inform\u00f3 que en los \u00faltimos cuatro a\u00f1os el Ayuntamiento de Santo Domingo Este retir\u00f3 de las principales calles y avenidas m\u00e1s de 2,000 vallas ilegales y desmont\u00f3 decenas de negocios instalados en medio de las calles o en zonas de recreaci\u00f3n familiar como el parque del\u2026","rel":"","context":"En \u00abNACIONALES\u00bb","block_context":{"text":"NACIONALES","link":"https:\/\/lasprimeras.com.do\/index.php\/category\/nacionales\/"},"img":{"alt_text":"Manuel Jim\u00e9nez","src":"https:\/\/i0.wp.com\/lasprimeras.com.do\/wp-content\/uploads\/2024\/02\/Manuel-Jimenez.jpg?resize=350%2C200&ssl=1","width":350,"height":200,"srcset":"https:\/\/i0.wp.com\/lasprimeras.com.do\/wp-content\/uploads\/2024\/02\/Manuel-Jimenez.jpg?resize=350%2C200&ssl=1 1x, https:\/\/i0.wp.com\/lasprimeras.com.do\/wp-content\/uploads\/2024\/02\/Manuel-Jimenez.jpg?resize=525%2C300&ssl=1 1.5x"},"classes":[]},{"id":53680,"url":"https:\/\/lasprimeras.com.do\/index.php\/2023\/06\/30\/alcalde-manuel-jimenez-develiza-busto-y-plazoleta-dedicados-a-juan-bosch-en-sde\/","url_meta":{"origin":58364,"position":5},"title":"Alcalde Manuel Jim\u00e9nez develiza busto y plazoleta dedicados a Juan Bosch en SDE","author":"Nelson Feliz","date":"30 de junio de 2023","format":false,"excerpt":"Por Martin Restituyo El alcalde Manuel Jim\u00e9nez develiz\u00f3 este viernes un busto monumental dedicado por el Ayuntamiento de Santo Domingo Este al profesor Juan Bosch, en el marco de un acto conmemorativo del 114 aniversario del natalicio del insigne literato y l\u00edder pol\u00edtico dominicano. Acompa\u00f1ado de importantes figuras de la\u2026","rel":"","context":"En \u00abNACIONALES\u00bb","block_context":{"text":"NACIONALES","link":"https:\/\/lasprimeras.com.do\/index.php\/category\/nacionales\/"},"img":{"alt_text":"El busto y la plazoleta se integran al Paseo de la Historia que la gesti\u00f3n del alcalde Manuel Jim\u00e9nez est\u00e1 construyendo en las inmediaciones de las avenidas Coronel Rafael Fern\u00e1ndez Dom\u00ednguez y Profesor Juan Bosch","src":"https:\/\/i0.wp.com\/lasprimeras.com.do\/wp-content\/uploads\/2023\/06\/Manuel-Jimenez.jpg?resize=350%2C200&ssl=1","width":350,"height":200,"srcset":"https:\/\/i0.wp.com\/lasprimeras.com.do\/wp-content\/uploads\/2023\/06\/Manuel-Jimenez.jpg?resize=350%2C200&ssl=1 1x, https:\/\/i0.wp.com\/lasprimeras.com.do\/wp-content\/uploads\/2023\/06\/Manuel-Jimenez.jpg?resize=525%2C300&ssl=1 1.5x, https:\/\/i0.wp.com\/lasprimeras.com.do\/wp-content\/uploads\/2023\/06\/Manuel-Jimenez.jpg?resize=700%2C400&ssl=1 2x"},"classes":[]}],"jetpack_sharing_enabled":true,"_links":{"self":[{"href":"https:\/\/lasprimeras.com.do\/index.php\/wp-json\/wp\/v2\/posts\/58364","targetHints":{"allow":["GET"]}}],"collection":[{"href":"https:\/\/lasprimeras.com.do\/index.php\/wp-json\/wp\/v2\/posts"}],"about":[{"href":"https:\/\/lasprimeras.com.do\/index.php\/wp-json\/wp\/v2\/types\/post"}],"author":[{"embeddable":true,"href":"https:\/\/lasprimeras.com.do\/index.php\/wp-json\/wp\/v2\/users\/2"}],"replies":[{"embeddable":true,"href":"https:\/\/lasprimeras.com.do\/index.php\/wp-json\/wp\/v2\/comments?post=58364"}],"version-history":[{"count":1,"href":"https:\/\/lasprimeras.com.do\/index.php\/wp-json\/wp\/v2\/posts\/58364\/revisions"}],"predecessor-version":[{"id":58366,"href":"https:\/\/lasprimeras.com.do\/index.php\/wp-json\/wp\/v2\/posts\/58364\/revisions\/58366"}],"wp:featuredmedia":[{"embeddable":true,"href":"https:\/\/lasprimeras.com.do\/index.php\/wp-json\/wp\/v2\/media\/58365"}],"wp:attachment":[{"href":"https:\/\/lasprimeras.com.do\/index.php\/wp-json\/wp\/v2\/media?parent=58364"}],"wp:term":[{"taxonomy":"category","embeddable":true,"href":"https:\/\/lasprimeras.com.do\/index.php\/wp-json\/wp\/v2\/categories?post=58364"},{"taxonomy":"post_tag","embeddable":true,"href":"https:\/\/lasprimeras.com.do\/index.php\/wp-json\/wp\/v2\/tags?post=58364"}],"curies":[{"name":"wp","href":"https:\/\/api.w.org\/{rel}","templated":true}]}}