{"id":58367,"date":"2023-08-23T13:45:44","date_gmt":"2023-08-23T17:45:44","guid":{"rendered":"https:\/\/lasprimeras.com.do\/?p=58367"},"modified":"2023-08-23T13:45:46","modified_gmt":"2023-08-23T17:45:46","slug":"centro-de-la-tormenta-franklin-toco-tierra-en-barahona","status":"publish","type":"post","link":"https:\/\/lasprimeras.com.do\/index.php\/2023\/08\/23\/centro-de-la-tormenta-franklin-toco-tierra-en-barahona\/","title":{"rendered":"Centro de la tormenta Franklin toc\u00f3 tierra en Barahona"},"content":{"rendered":"\n<p>La directora de la Oficina Nacional de Meteorolog\u00eda (Onamet), Gloria Ceballos, inform\u00f3 la ma\u00f1ana de este mi\u00e9rcoles 23 de agosto que el ojo o centro de la tormenta toc\u00f3 tierra en Los Cocos en Barahona.<\/p>\n\n\n\n<p>&#8220;Centro de la Tormenta tropical Franklin toc\u00f3 &#8220;tierra&#8221; por Los Cocos, Barahona&#8221;, dijo Ceballos en Twitter o X.<\/p>\n\n\n\n<p>La directora general de la Oficina Nacional de Meteorolog\u00eda (Onamet), Gloria Ceballos, advirti\u00f3 que &#8220;continuar\u00e1 generando aguaceros fuertes con r\u00e1fagas de viento&#8221; durante este mi\u00e9rcoles 23 de agosto.<\/p>\n\n\n\n<p>Ceballos escribi\u00f3 en Twitter o X que un &#8220;campo nuboso asociado a la tormenta tropical Franklin est\u00e1 cubriendo gran parte del territorio nacional. Franklin mantiene su desplazamiento hacia el norte a unos 17 kph, los vientos m\u00e1ximos sostenidos se incrementaron a 85 kil\u00f3metros por hora&#8221;.<\/p>\n\n\n\n<p>En su reporte de las 6:00 am de este mi\u00e9rcoles Onamet advierte que se prev\u00e9 que la tormenta tropical incida directamente sobre el territorio nacional a partir de hoy en horas matutinas.<\/p>\n\n\n\n<p>Est\u00e1 vigente un aviso de condiciones de tormenta tropical desde Pedernales, frontera con Hait\u00ed, hasta Montecristi. Recomendamos a la poblaci\u00f3n mantenerse atentos a las informaciones emitidas por el Centro de Pron\u00f3sticos.<\/p>\n\n\n\n<p>En tanto que en Rep\u00fablica Dominicana amanece nublado con aguaceros d\u00e9biles, moderados a fuertes, provocados por la tormenta tropical Franklin sobre las vertientes suroeste, sureste, la llanura Oriental, el litoral costero Caribe\u00f1o y la cordillera Central, en provincias como Pedernales, Barahona, Azua, Peravia, San Jos\u00e9 e Ocoa, San Crist\u00f3bal, El Gran Santo Domingo, San Pedro de Macor\u00eds, Monte Plata, La Romana, El Seibo y La Altagracia y que estar\u00e1n expandi\u00e9ndose a otras localidades.<\/p>\n\n\n\n<p>Fuente Diario Libre<\/p>\n","protected":false},"excerpt":{"rendered":"<p>La directora de la Oficina Nacional de Meteorolog\u00eda (Onamet), Gloria Ceballos, inform\u00f3 la ma\u00f1ana de este mi\u00e9rcoles 23 de agosto que el ojo o centro de la tormenta toc\u00f3 tierra&hellip;<\/p>\n","protected":false},"author":2,"featured_media":58368,"comment_status":"open","ping_status":"open","sticky":false,"template":"","format":"standard","meta":{"content-type":"","jetpack_post_was_ever_published":false,"_jetpack_newsletter_access":"","_jetpack_dont_email_post_to_subs":false,"_jetpack_newsletter_tier_id":0,"_jetpack_memberships_contains_paywalled_content":false,"_jetpack_memberships_contains_paid_content":false,"footnotes":""},"categories":[35,25],"tags":[265,743,1517,6568,6495],"class_list":["post-58367","post","type-post","status-publish","format-standard","has-post-thumbnail","hentry","category-nacionales","category-portada","tag-barahona","tag-centro","tag-onamet","tag-toco-tierra","tag-tormenta-franklin"],"jetpack_featured_media_url":"https:\/\/lasprimeras.com.do\/wp-content\/uploads\/2023\/08\/centro-franklin.jpg","jetpack-related-posts":[{"id":58358,"url":"https:\/\/lasprimeras.com.do\/index.php\/2023\/08\/23\/santo-domingo-este-amanece-rodeado-de-basura-y-resintiendo-ligeros-efectos-de-franklin\/","url_meta":{"origin":58367,"position":0},"title":"Santo Domingo Este amanece rodeado de basura y resintiendo ligeros efectos de Franklin","author":"Nelson Feliz","date":"23 de agosto de 2023","format":false,"excerpt":"Los diferentes sectores del municipio de Santo Domingo Este amanecieron este mi\u00e9rcoles rodeados de basura y resintiendo con ligereza los efectos del vigente paso de la tormenta Franklin por territorio nacional. Hasta el momento, aunque han sido ininterrumpidas desde la noche de ayer, las lluvias en el municipio no han\u2026","rel":"","context":"En \u00abNACIONALES\u00bb","block_context":{"text":"NACIONALES","link":"https:\/\/lasprimeras.com.do\/index.php\/category\/nacionales\/"},"img":{"alt_text":"","src":"https:\/\/i0.wp.com\/lasprimeras.com.do\/wp-content\/uploads\/2023\/08\/basura.jpeg?resize=350%2C200&ssl=1","width":350,"height":200,"srcset":"https:\/\/i0.wp.com\/lasprimeras.com.do\/wp-content\/uploads\/2023\/08\/basura.jpeg?resize=350%2C200&ssl=1 1x, https:\/\/i0.wp.com\/lasprimeras.com.do\/wp-content\/uploads\/2023\/08\/basura.jpeg?resize=525%2C300&ssl=1 1.5x, https:\/\/i0.wp.com\/lasprimeras.com.do\/wp-content\/uploads\/2023\/08\/basura.jpeg?resize=700%2C400&ssl=1 2x"},"classes":[]},{"id":58382,"url":"https:\/\/lasprimeras.com.do\/index.php\/2023\/08\/23\/centro-de-tormenta-franklin-salio-del-pais-por-aguas-del-atlantico\/","url_meta":{"origin":58367,"position":1},"title":"Centro de tormenta Franklin sali\u00f3 del pa\u00eds por aguas del Atl\u00e1ntico","author":"Nelson Feliz","date":"23 de agosto de 2023","format":false,"excerpt":"Lluvias continuar\u00e1n hasta este jueves, seg\u00fan la Onamet, por un campo nuboso. La directora de la Oficina Nacional de Meteorolog\u00eda (Onamet), Gloria Ceballos, inform\u00f3 que el centro de la tormenta tropical Franklin sali\u00f3 del pa\u00eds, por aguas del Atl\u00e1ntico norte entre las 4:00 y 5:00 de la tarde de hoy,\u2026","rel":"","context":"En \u00abNACIONALES\u00bb","block_context":{"text":"NACIONALES","link":"https:\/\/lasprimeras.com.do\/index.php\/category\/nacionales\/"},"img":{"alt_text":"","src":"https:\/\/i0.wp.com\/lasprimeras.com.do\/wp-content\/uploads\/2023\/08\/centro-franklin.jpg?resize=350%2C200&ssl=1","width":350,"height":200},"classes":[]},{"id":58392,"url":"https:\/\/lasprimeras.com.do\/index.php\/2023\/08\/23\/la-tormenta-franklin-provoca-inundaciones-en-los-cocos-de-barahona\/","url_meta":{"origin":58367,"position":2},"title":"La tormenta Franklin provoca inundaciones en Los Cocos de Barahona","author":"Nelson Feliz","date":"23 de agosto de 2023","format":false,"excerpt":"La comunidad Los Cocos, del municipio Enriquillo, en la provincia Barahona, result\u00f3 afectada este mi\u00e9rcoles por inundaciones causadas por la incidencia de la tormenta Franklin, cuyo centro toc\u00f3 esa localidad esta ma\u00f1ana. Las lluvias afectaron ajuares en viviendas como las de Aracelis Gar\u00f3 y Griselda P\u00e9rez, quienes informaron a Diario\u2026","rel":"","context":"En \u00abNACIONALES\u00bb","block_context":{"text":"NACIONALES","link":"https:\/\/lasprimeras.com.do\/index.php\/category\/nacionales\/"},"img":{"alt_text":"Los Cocos","src":"https:\/\/i0.wp.com\/lasprimeras.com.do\/wp-content\/uploads\/2023\/08\/Los-Cocos-1.jpg?resize=350%2C200&ssl=1","width":350,"height":200,"srcset":"https:\/\/i0.wp.com\/lasprimeras.com.do\/wp-content\/uploads\/2023\/08\/Los-Cocos-1.jpg?resize=350%2C200&ssl=1 1x, https:\/\/i0.wp.com\/lasprimeras.com.do\/wp-content\/uploads\/2023\/08\/Los-Cocos-1.jpg?resize=525%2C300&ssl=1 1.5x, https:\/\/i0.wp.com\/lasprimeras.com.do\/wp-content\/uploads\/2023\/08\/Los-Cocos-1.jpg?resize=700%2C400&ssl=1 2x, https:\/\/i0.wp.com\/lasprimeras.com.do\/wp-content\/uploads\/2023\/08\/Los-Cocos-1.jpg?resize=1050%2C600&ssl=1 3x"},"classes":[]},{"id":58137,"url":"https:\/\/lasprimeras.com.do\/index.php\/2023\/08\/20\/onamet-modifica-alertas-de-tormenta-tropical-franklin-se-amplian-hacia-la-costa-norte\/","url_meta":{"origin":58367,"position":3},"title":"Onamet modifica alertas de tormenta tropical Franklin; se ampl\u00edan hacia la costa norte","author":"Nelson Feliz","date":"20 de agosto de 2023","format":false,"excerpt":"La Oficina Nacional de Meteorolog\u00eda modific\u00f3 esta noche las alertas de la tormenta tropical Franklin, las cuales fueron ampliadas hacia la costa norte. \"A partir de este momento, se cambia el alerta a un aviso de condiciones de tormenta tropical desde pedernales, frontera con Hait\u00ed hasta la isla Saona, y\u2026","rel":"","context":"En \u00abNACIONALES\u00bb","block_context":{"text":"NACIONALES","link":"https:\/\/lasprimeras.com.do\/index.php\/category\/nacionales\/"},"img":{"alt_text":"tormenta tropical BRET","src":"https:\/\/i0.wp.com\/lasprimeras.com.do\/wp-content\/uploads\/2023\/06\/onamet-1.jpg?resize=350%2C200&ssl=1","width":350,"height":200,"srcset":"https:\/\/i0.wp.com\/lasprimeras.com.do\/wp-content\/uploads\/2023\/06\/onamet-1.jpg?resize=350%2C200&ssl=1 1x, https:\/\/i0.wp.com\/lasprimeras.com.do\/wp-content\/uploads\/2023\/06\/onamet-1.jpg?resize=525%2C300&ssl=1 1.5x, https:\/\/i0.wp.com\/lasprimeras.com.do\/wp-content\/uploads\/2023\/06\/onamet-1.jpg?resize=700%2C400&ssl=1 2x"},"classes":[]},{"id":58240,"url":"https:\/\/lasprimeras.com.do\/index.php\/2023\/08\/21\/gobierno-decreta-como-no-laborable-desde-el-mediodia-del-martes-y-miercoles-completo\/","url_meta":{"origin":58367,"position":4},"title":"Gobierno decreta como no laborable desde el mediod\u00eda del martes y mi\u00e9rcoles completo","author":"Nelson Feliz","date":"21 de agosto de 2023","format":false,"excerpt":"El Gobierno dominicano decret\u00f3 no laborable a partir del mediod\u00eda del martes y el d\u00eda completo del mi\u00e9rcoles debido al paso de la tormenta tropical Franklin sobre la Rep\u00fablica Dominicana, con vientos de 85 kil\u00f3metros por hora, seg\u00fan las proyecciones. Esta fue la principal medida que tom\u00f3 el presidente Luis\u2026","rel":"","context":"En \u00abNACIONALES\u00bb","block_context":{"text":"NACIONALES","link":"https:\/\/lasprimeras.com.do\/index.php\/category\/nacionales\/"},"img":{"alt_text":"Luis Miguel De Camps","src":"https:\/\/i0.wp.com\/lasprimeras.com.do\/wp-content\/uploads\/2023\/08\/Luis-Miguel-De-Camps.jpg?resize=350%2C200&ssl=1","width":350,"height":200,"srcset":"https:\/\/i0.wp.com\/lasprimeras.com.do\/wp-content\/uploads\/2023\/08\/Luis-Miguel-De-Camps.jpg?resize=350%2C200&ssl=1 1x, https:\/\/i0.wp.com\/lasprimeras.com.do\/wp-content\/uploads\/2023\/08\/Luis-Miguel-De-Camps.jpg?resize=525%2C300&ssl=1 1.5x, https:\/\/i0.wp.com\/lasprimeras.com.do\/wp-content\/uploads\/2023\/08\/Luis-Miguel-De-Camps.jpg?resize=700%2C400&ssl=1 2x, https:\/\/i0.wp.com\/lasprimeras.com.do\/wp-content\/uploads\/2023\/08\/Luis-Miguel-De-Camps.jpg?resize=1050%2C600&ssl=1 3x, https:\/\/i0.wp.com\/lasprimeras.com.do\/wp-content\/uploads\/2023\/08\/Luis-Miguel-De-Camps.jpg?resize=1400%2C800&ssl=1 4x"},"classes":[]},{"id":67783,"url":"https:\/\/lasprimeras.com.do\/index.php\/2023\/11\/18\/directora-de-onamet-afirma-que-aguaceros-prevaleceran-durante-todo-el-dia\/","url_meta":{"origin":58367,"position":5},"title":"Directora de Onamet afirma que aguaceros prevalecer\u00e1n durante todo el d\u00eda","author":"BIMARY DE JES\u00daS Matos","date":"18 de noviembre de 2023","format":false,"excerpt":"Santo Domingo.-La directora de la Oficina Nacional de Meteorolog\u00eda (Onamet), Gloria Ceballos, inform\u00f3 a trav\u00e9s de su cuenta de X (antiguo Twitter) que el disturbio tropical presente en el pa\u00eds seguir\u00e1 generando fuertes aguaceros, con tormentas el\u00e9ctricas y r\u00e1fagas de viento durante todo el d\u00eda. La Onamet pronostic\u00f3 que estas\u2026","rel":"","context":"En \u00abPORTADA\u00bb","block_context":{"text":"PORTADA","link":"https:\/\/lasprimeras.com.do\/index.php\/category\/portada\/"},"img":{"alt_text":"","src":"https:\/\/i0.wp.com\/lasprimeras.com.do\/wp-content\/uploads\/2023\/11\/WhatsApp-Image-2023-11-18-at-8.18.25-AM-1.jpeg?resize=350%2C200&ssl=1","width":350,"height":200,"srcset":"https:\/\/i0.wp.com\/lasprimeras.com.do\/wp-content\/uploads\/2023\/11\/WhatsApp-Image-2023-11-18-at-8.18.25-AM-1.jpeg?resize=350%2C200&ssl=1 1x, https:\/\/i0.wp.com\/lasprimeras.com.do\/wp-content\/uploads\/2023\/11\/WhatsApp-Image-2023-11-18-at-8.18.25-AM-1.jpeg?resize=525%2C300&ssl=1 1.5x, https:\/\/i0.wp.com\/lasprimeras.com.do\/wp-content\/uploads\/2023\/11\/WhatsApp-Image-2023-11-18-at-8.18.25-AM-1.jpeg?resize=700%2C400&ssl=1 2x"},"classes":[]}],"jetpack_sharing_enabled":true,"_links":{"self":[{"href":"https:\/\/lasprimeras.com.do\/index.php\/wp-json\/wp\/v2\/posts\/58367","targetHints":{"allow":["GET"]}}],"collection":[{"href":"https:\/\/lasprimeras.com.do\/index.php\/wp-json\/wp\/v2\/posts"}],"about":[{"href":"https:\/\/lasprimeras.com.do\/index.php\/wp-json\/wp\/v2\/types\/post"}],"author":[{"embeddable":true,"href":"https:\/\/lasprimeras.com.do\/index.php\/wp-json\/wp\/v2\/users\/2"}],"replies":[{"embeddable":true,"href":"https:\/\/lasprimeras.com.do\/index.php\/wp-json\/wp\/v2\/comments?post=58367"}],"version-history":[{"count":1,"href":"https:\/\/lasprimeras.com.do\/index.php\/wp-json\/wp\/v2\/posts\/58367\/revisions"}],"predecessor-version":[{"id":58369,"href":"https:\/\/lasprimeras.com.do\/index.php\/wp-json\/wp\/v2\/posts\/58367\/revisions\/58369"}],"wp:featuredmedia":[{"embeddable":true,"href":"https:\/\/lasprimeras.com.do\/index.php\/wp-json\/wp\/v2\/media\/58368"}],"wp:attachment":[{"href":"https:\/\/lasprimeras.com.do\/index.php\/wp-json\/wp\/v2\/media?parent=58367"}],"wp:term":[{"taxonomy":"category","embeddable":true,"href":"https:\/\/lasprimeras.com.do\/index.php\/wp-json\/wp\/v2\/categories?post=58367"},{"taxonomy":"post_tag","embeddable":true,"href":"https:\/\/lasprimeras.com.do\/index.php\/wp-json\/wp\/v2\/tags?post=58367"}],"curies":[{"name":"wp","href":"https:\/\/api.w.org\/{rel}","templated":true}]}}