{"id":58544,"date":"2023-08-24T22:43:33","date_gmt":"2023-08-25T02:43:33","guid":{"rendered":"https:\/\/lasprimeras.com.do\/?p=58544"},"modified":"2023-08-24T22:43:35","modified_gmt":"2023-08-25T02:43:35","slug":"marileidy-paulino-agradece-al-presidente-abinader-su-apoyo-al-deporte-dominicano","status":"publish","type":"post","link":"https:\/\/lasprimeras.com.do\/index.php\/2023\/08\/24\/marileidy-paulino-agradece-al-presidente-abinader-su-apoyo-al-deporte-dominicano\/","title":{"rendered":"Marileidy Paulino agradece al presidente Abinader su apoyo al deporte dominicano"},"content":{"rendered":"\n<p><strong>La atleta manifest\u00f3 su agradecimiento v\u00eda un intercambio de Twitter luego que el mandatario la felicitara por su triunfo en el Mundial de Atletismo.<\/strong><\/p>\n\n\n\n<p>La campeona del mundo en los 400 metros planos en atletismo, Marileidy Paulino, agradeci\u00f3 al presidente Luis Abinader por el apoyo al deporte dominicano que ha realizado en su gobierno.<\/p>\n\n\n\n<p>\u201cMuch\u00edsimas gracias excelent\u00edsimo presidente Luis Abinader, que Dios lo siga guiando y ayudando como lo ha hecho siempre con el deporte dominicano\u201d, escribi\u00f3 la doble medallista ol\u00edmpica y oriunda de Don Gregorio, Nizao, provincia Peravia, a trav\u00e9s de una publicaci\u00f3n en su cuenta de Twitter @Marileidy_P.<\/p>\n\n\n\n<p>Previo a la respuesta de Marileidy, en la noche del mi\u00e9rcoles, el jefe de Estado felicit\u00f3 a trav\u00e9s de la referida red social a Paulino por la conquista de la medalla de oro en el evento que re\u00fane a los mejores velocistas del mundo, celebrado en Budapest, Hungr\u00eda.<\/p>\n\n\n\n<p>\u201c\u00a1Enhorabuena, Marileidy Paulino! Tu medalla de oro en los 400 metros del mundial de atletismo en Budapest, con un impresionante tiempo de 48.76 segundos, llena de orgullo a toda la naci\u00f3n. \u00a1De Nizao para el mundo, siguen los \u00e9xitos, campeona! #OrgulloDominicano\u201d, poste\u00f3 Abinader.<\/p>\n\n\n\n<p>La nueva campeona mundial registr\u00f3 un tiempo de 48.76 para convertirse en la primera mujer dominicana que gana el evento mundial.<\/p>\n","protected":false},"excerpt":{"rendered":"<p>La atleta manifest\u00f3 su agradecimiento v\u00eda un intercambio de Twitter luego que el mandatario la felicitara por su triunfo en el Mundial de Atletismo. La campeona del mundo en los&hellip;<\/p>\n","protected":false},"author":2,"featured_media":58545,"comment_status":"open","ping_status":"open","sticky":false,"template":"","format":"standard","meta":{"content-type":"","jetpack_post_was_ever_published":false,"_jetpack_newsletter_access":"","_jetpack_dont_email_post_to_subs":false,"_jetpack_newsletter_tier_id":0,"_jetpack_memberships_contains_paywalled_content":false,"_jetpack_memberships_contains_paid_content":false,"footnotes":""},"categories":[1],"tags":[6651,2720,1873,364,67,3317],"class_list":["post-58544","post","type-post","status-publish","format-standard","has-post-thumbnail","hentry","category-sin-categoria","tag-agradece","tag-apoyo","tag-deporte","tag-dominicano","tag-luis-abinader","tag-marileidy-paulino"],"jetpack_featured_media_url":"https:\/\/lasprimeras.com.do\/wp-content\/uploads\/2023\/08\/Marileidy-Paulino-1-1.jpg","jetpack-related-posts":[{"id":59954,"url":"https:\/\/lasprimeras.com.do\/index.php\/2023\/09\/08\/abinader-recibe-visita-a-la-campeona-en-los-400-metros-planos-de-atletismo-marileidy-paulino\/","url_meta":{"origin":58544,"position":0},"title":"Abinader recibe visita a la campeona en los 400 metros planos de atletismo, Marileidy Paulino","author":"Nelson Feliz","date":"8 de septiembre de 2023","format":false,"excerpt":"Paulino exhort\u00f3 a los j\u00f3venes tener disciplina, mucha fe en Dios y confianza en ellos mismos. El presidente Luis Abinader junto con la primera dama Raquel Arbaje, recibi\u00f3 este viernes en su Despacho Presidencial a la campeona del mundo en los 400 metros planos de atletismo, Marileidy Paulino. El jefe\u2026","rel":"","context":"En \u00abSin categor\u00eda\u00bb","block_context":{"text":"Sin categor\u00eda","link":"https:\/\/lasprimeras.com.do\/index.php\/category\/sin-categoria\/"},"img":{"alt_text":"Luis Abinader recibe Paulino","src":"https:\/\/i0.wp.com\/lasprimeras.com.do\/wp-content\/uploads\/2023\/09\/Luis-Abinader-recibe-Paulino.jpg?resize=350%2C200&ssl=1","width":350,"height":200,"srcset":"https:\/\/i0.wp.com\/lasprimeras.com.do\/wp-content\/uploads\/2023\/09\/Luis-Abinader-recibe-Paulino.jpg?resize=350%2C200&ssl=1 1x, https:\/\/i0.wp.com\/lasprimeras.com.do\/wp-content\/uploads\/2023\/09\/Luis-Abinader-recibe-Paulino.jpg?resize=525%2C300&ssl=1 1.5x, https:\/\/i0.wp.com\/lasprimeras.com.do\/wp-content\/uploads\/2023\/09\/Luis-Abinader-recibe-Paulino.jpg?resize=700%2C400&ssl=1 2x"},"classes":[]},{"id":87330,"url":"https:\/\/lasprimeras.com.do\/index.php\/2024\/08\/10\/abinader-llama-jovenes-dominicanos-a-no-ponerse-limites-en-sus-aspiraciones\/","url_meta":{"origin":58544,"position":1},"title":"Abinader llama j\u00f3venes dominicanos a no ponerse l\u00edmites en sus aspiraciones","author":"Nelson Feliz","date":"10 de agosto de 2024","format":false,"excerpt":"Dice que la atleta Marileidy Paulino es un orgullo nacional y un paradigma a seguir para la juventud dominicana. El presidente Luis Abinader hizo un llamado a los j\u00f3venes dominicanos para que no se pongan l\u00edmites en sus aspiraciones, sin importar el \u00e1rea en la que quieran desarrollarse y para\u2026","rel":"","context":"En \u00abNACIONALES\u00bb","block_context":{"text":"NACIONALES","link":"https:\/\/lasprimeras.com.do\/index.php\/category\/nacionales\/"},"img":{"alt_text":"Luis Abinader","src":"https:\/\/i0.wp.com\/lasprimeras.com.do\/wp-content\/uploads\/2024\/08\/Luis-Abinader-6.jpg?resize=350%2C200&ssl=1","width":350,"height":200,"srcset":"https:\/\/i0.wp.com\/lasprimeras.com.do\/wp-content\/uploads\/2024\/08\/Luis-Abinader-6.jpg?resize=350%2C200&ssl=1 1x, https:\/\/i0.wp.com\/lasprimeras.com.do\/wp-content\/uploads\/2024\/08\/Luis-Abinader-6.jpg?resize=525%2C300&ssl=1 1.5x"},"classes":[]},{"id":111718,"url":"https:\/\/lasprimeras.com.do\/index.php\/2025\/10\/12\/velocista-dominicana-marileidy-paulino-se-destaca-en-carrera-nueva-york\/","url_meta":{"origin":58544,"position":2},"title":"Velocista dominicana Marileidy Paulino se destaca en carrera Nueva York","author":"Nelson Feliz","date":"12 de octubre de 2025","format":false,"excerpt":"Santo Domingo, PL.- Medios de comunicaci\u00f3n dominicanos destacaron el nuevo triunfo de la velocista Marileidy Paulino, quien cerr\u00f3 su temporada 2025 con una victoria en los 400 metros planos del Athlos NYC 2025, celebrado en el Icahn Stadium, en Nueva York. Peri\u00f3dicos, portales digitales y noticieros televisivos coincidieron en resaltar\u2026","rel":"","context":"En \u00abDEPORTES\u00bb","block_context":{"text":"DEPORTES","link":"https:\/\/lasprimeras.com.do\/index.php\/category\/deportes\/"},"img":{"alt_text":"Marileidy Paulino","src":"https:\/\/i0.wp.com\/lasprimeras.com.do\/wp-content\/uploads\/2025\/10\/Marileidy-Paulino.jpg?resize=350%2C200&ssl=1","width":350,"height":200,"srcset":"https:\/\/i0.wp.com\/lasprimeras.com.do\/wp-content\/uploads\/2025\/10\/Marileidy-Paulino.jpg?resize=350%2C200&ssl=1 1x, https:\/\/i0.wp.com\/lasprimeras.com.do\/wp-content\/uploads\/2025\/10\/Marileidy-Paulino.jpg?resize=525%2C300&ssl=1 1.5x, https:\/\/i0.wp.com\/lasprimeras.com.do\/wp-content\/uploads\/2025\/10\/Marileidy-Paulino.jpg?resize=700%2C400&ssl=1 2x, https:\/\/i0.wp.com\/lasprimeras.com.do\/wp-content\/uploads\/2025\/10\/Marileidy-Paulino.jpg?resize=1050%2C600&ssl=1 3x"},"classes":[]},{"id":58438,"url":"https:\/\/lasprimeras.com.do\/index.php\/2023\/08\/24\/abinader-destaca-oro-de-marileidy-paulino-en-mundial-de-atletismo\/","url_meta":{"origin":58544,"position":3},"title":"Abinader destaca oro de Marileidy Paulino en Mundial de Atletismo","author":"Nelson Feliz","date":"24 de agosto de 2023","format":false,"excerpt":"La conquista por la dominicana Marileidy Paulino de la medalla de oro en los 400 metros del Mundial de atletismo en Budapest ha sido destacada por el presidente del pa\u00eds, Luis Abinader, quien asegur\u00f3 que la velocista \u00abllena de orgullo a toda la naci\u00f3n\u00bb. Paulino, quien fij\u00f3 una nueva marca\u2026","rel":"","context":"En \u00abSin categor\u00eda\u00bb","block_context":{"text":"Sin categor\u00eda","link":"https:\/\/lasprimeras.com.do\/index.php\/category\/sin-categoria\/"},"img":{"alt_text":"Marileidy Paulino","src":"https:\/\/i0.wp.com\/lasprimeras.com.do\/wp-content\/uploads\/2023\/08\/Marileidy-Paulino-1.jpeg?resize=350%2C200&ssl=1","width":350,"height":200,"srcset":"https:\/\/i0.wp.com\/lasprimeras.com.do\/wp-content\/uploads\/2023\/08\/Marileidy-Paulino-1.jpeg?resize=350%2C200&ssl=1 1x, https:\/\/i0.wp.com\/lasprimeras.com.do\/wp-content\/uploads\/2023\/08\/Marileidy-Paulino-1.jpeg?resize=525%2C300&ssl=1 1.5x, https:\/\/i0.wp.com\/lasprimeras.com.do\/wp-content\/uploads\/2023\/08\/Marileidy-Paulino-1.jpeg?resize=700%2C400&ssl=1 2x"},"classes":[]},{"id":87927,"url":"https:\/\/lasprimeras.com.do\/index.php\/2024\/08\/19\/marileidy-paulino-no-tengo-problema-con-nadie-viviendo-mi-momento-disfrutando-mi-medalla\/","url_meta":{"origin":58544,"position":4},"title":"Marileidy Paulino: \u00abNo tengo problema con nadie. Viviendo mi momento, disfrutando mi medalla\u00bb","author":"Nelson Feliz","date":"19 de agosto de 2024","format":false,"excerpt":"Paulino partir\u00e1 este 26 de agosto hacia Polonia a representar su liga Diamante y luego a la final. La medallista ol\u00edmpica Marileidy Paulino declar\u00f3 que \u00abNo tiene problema con nadie ni con nada, viviendo mi momento, disfrutando mi medalla, junto con mi familia, seres queridos y tambi\u00e9n mi equipo\u00bb. Esas\u2026","rel":"","context":"En \u00abSin categor\u00eda\u00bb","block_context":{"text":"Sin categor\u00eda","link":"https:\/\/lasprimeras.com.do\/index.php\/category\/sin-categoria\/"},"img":{"alt_text":"Marileidy Paulino","src":"https:\/\/i0.wp.com\/lasprimeras.com.do\/wp-content\/uploads\/2024\/08\/Marileidy-Paulino.jpg?resize=350%2C200&ssl=1","width":350,"height":200,"srcset":"https:\/\/i0.wp.com\/lasprimeras.com.do\/wp-content\/uploads\/2024\/08\/Marileidy-Paulino.jpg?resize=350%2C200&ssl=1 1x, https:\/\/i0.wp.com\/lasprimeras.com.do\/wp-content\/uploads\/2024\/08\/Marileidy-Paulino.jpg?resize=525%2C300&ssl=1 1.5x"},"classes":[]},{"id":87308,"url":"https:\/\/lasprimeras.com.do\/index.php\/2024\/08\/09\/presidente-del-senado-felicita-a-marileidy-paulino-ganadora-medalla-oro-en-juegos-olimpicos-de-paris\/","url_meta":{"origin":58544,"position":5},"title":"Presidente del Senado felicita a Marileidy Paulino ganadora medalla oro en Juegos Ol\u00edmpicos de Par\u00eds","author":"Nelson Feliz","date":"9 de agosto de 2024","format":false,"excerpt":"El presidente del Senado, Ricardo de los Santos, felicit\u00f3 este viernes a la atleta velocista dominicana, Marileidy Paulino, quien conquist\u00f3 la medalla de oro en la final de los 400 metros planos de los XXXIII\u00a0Juegos Ol\u00edmpicos de Par\u00eds, Francia, 2024, con un tiempo de 48.17 segundos, quien adem\u00e1s rompi\u00f3 el\u2026","rel":"","context":"En \u00abNACIONALES\u00bb","block_context":{"text":"NACIONALES","link":"https:\/\/lasprimeras.com.do\/index.php\/category\/nacionales\/"},"img":{"alt_text":"Ricardo de los Santos","src":"https:\/\/i0.wp.com\/lasprimeras.com.do\/wp-content\/uploads\/2024\/08\/Ricardo-de-los-Santos-2.jpg?resize=350%2C200&ssl=1","width":350,"height":200,"srcset":"https:\/\/i0.wp.com\/lasprimeras.com.do\/wp-content\/uploads\/2024\/08\/Ricardo-de-los-Santos-2.jpg?resize=350%2C200&ssl=1 1x, https:\/\/i0.wp.com\/lasprimeras.com.do\/wp-content\/uploads\/2024\/08\/Ricardo-de-los-Santos-2.jpg?resize=525%2C300&ssl=1 1.5x"},"classes":[]}],"jetpack_sharing_enabled":true,"_links":{"self":[{"href":"https:\/\/lasprimeras.com.do\/index.php\/wp-json\/wp\/v2\/posts\/58544","targetHints":{"allow":["GET"]}}],"collection":[{"href":"https:\/\/lasprimeras.com.do\/index.php\/wp-json\/wp\/v2\/posts"}],"about":[{"href":"https:\/\/lasprimeras.com.do\/index.php\/wp-json\/wp\/v2\/types\/post"}],"author":[{"embeddable":true,"href":"https:\/\/lasprimeras.com.do\/index.php\/wp-json\/wp\/v2\/users\/2"}],"replies":[{"embeddable":true,"href":"https:\/\/lasprimeras.com.do\/index.php\/wp-json\/wp\/v2\/comments?post=58544"}],"version-history":[{"count":1,"href":"https:\/\/lasprimeras.com.do\/index.php\/wp-json\/wp\/v2\/posts\/58544\/revisions"}],"predecessor-version":[{"id":58546,"href":"https:\/\/lasprimeras.com.do\/index.php\/wp-json\/wp\/v2\/posts\/58544\/revisions\/58546"}],"wp:featuredmedia":[{"embeddable":true,"href":"https:\/\/lasprimeras.com.do\/index.php\/wp-json\/wp\/v2\/media\/58545"}],"wp:attachment":[{"href":"https:\/\/lasprimeras.com.do\/index.php\/wp-json\/wp\/v2\/media?parent=58544"}],"wp:term":[{"taxonomy":"category","embeddable":true,"href":"https:\/\/lasprimeras.com.do\/index.php\/wp-json\/wp\/v2\/categories?post=58544"},{"taxonomy":"post_tag","embeddable":true,"href":"https:\/\/lasprimeras.com.do\/index.php\/wp-json\/wp\/v2\/tags?post=58544"}],"curies":[{"name":"wp","href":"https:\/\/api.w.org\/{rel}","templated":true}]}}