{"id":58584,"date":"2023-08-25T21:14:29","date_gmt":"2023-08-26T01:14:29","guid":{"rendered":"https:\/\/lasprimeras.com.do\/?p=58584"},"modified":"2023-08-25T21:14:30","modified_gmt":"2023-08-26T01:14:30","slug":"junior-martinez-impulsara-proyectos-para-mejorar-el-transito-en-santo-domingo-norte","status":"publish","type":"post","link":"https:\/\/lasprimeras.com.do\/index.php\/2023\/08\/25\/junior-martinez-impulsara-proyectos-para-mejorar-el-transito-en-santo-domingo-norte\/","title":{"rendered":"Junior Mart\u00ednez impulsar\u00e1 proyectos para mejorar el tr\u00e1nsito en Santo Domingo Norte"},"content":{"rendered":"\n<p>El precandidato ha diputado por el Partido Revolucionario Moderno (PRM), Junior Mart\u00ednez, asegur\u00f3 que tiene como prioridad impulsar proyectos que garanticen el ordenamiento del tr\u00e1nsito vehicular en Santo Domingo Norte, afirmando que esto puede ser el plan piloto para aplicarlo en el resto de la provincia y el Distrito Nacional.<\/p>\n\n\n\n<p>Mart\u00ednez, entiende que se debe buscar una soluci\u00f3n definitiva al tema, debido al gran c\u00famulo de veh\u00edculos que se desplazan por las diferentes avenidas y carreteras del pa\u00eds y la falta de planificaci\u00f3n desde la creaci\u00f3n del municipio que ya tiene 23 a\u00f1os.<\/p>\n\n\n\n<p>\u201cSe debe iniciar con el reordenamiento vial, las principales entradas, como, por ejemplo, en la avenida Hermanas Mirabal y la carretera que conecta con el distrito municipal de La Victoria\u201d, explic\u00f3 el l\u00edder pol\u00edtico.<\/p>\n\n\n\n<p>El joven, quien se ha destacado por su trabajo a favor de las comunidades de su demarcaci\u00f3n, sostuvo que se deben implementar rutas alternas a lo interno de los sectores que rodean las principales avenidas.<\/p>\n\n\n\n<p>El comunitario revel\u00f3 otras propuestas que presentar\u00e1 ante la C\u00e1mara Baja, con la finalidad de mejorar la calidad de vida de las familias que viven en condiciones de vulnerabilidad en el municipio al que pertenece.<\/p>\n\n\n\n<p>\u201cSe trata de un plan en conjunto con otras importantes instituciones como el Ministerio de la Vivienda, para poder reubicar a las familias que viven en esos alrededores, el Ministerio de Obras P\u00fablicas, Instituto Nacional de Tr\u00e1nsito y Transporte Terrestre (INTRANT) y la Corporaci\u00f3n del Acueducto y Alcantarillado de Santo Domingo (CAASD) y la propia Alcald\u00eda de Santo Domingo Norte\u201d, detall\u00f3 Mart\u00ednez.<\/p>\n\n\n\n<p>De igual modo, se\u00f1al\u00f3 que buscar\u00e1 elaborar un plan en conjunto con la alcald\u00eda para regularizar el permiso de construcci\u00f3n en los espacios p\u00fablicos, adem\u00e1s de exonerar el pago en Santo Domingo Norte, y de plantear la construcci\u00f3n de un mercado municipal en el casco urbano y otro en las afueras.<\/p>\n\n\n\n<p>Indic\u00f3 que la propuesta abarcar\u00eda un trabajo en conjunto con instituciones del Gobierno Central para garantizar que mejore la calidad de vida de las familias.<\/p>\n\n\n\n<p>Plante\u00f3 la construcci\u00f3n de parqueos en las principales avenidas del municipio, con gran capacidad de alojamiento, con la finalidad de que los ciudadanos puedan estacionarse de forma gratuita.<\/p>\n\n\n\n<p>\u201cPensamos en las verdaderas soluciones a corto, mediano y largo plazo, que permitan hacer sentir a nuestra gente orgullo de ser de Santo Domingo Norte\u201d, expres\u00f3.<\/p>\n\n\n\n<p>Empleos<\/p>\n\n\n\n<p>El dirigente pol\u00edtico precis\u00f3 que promover\u00e1 la feria de empleos para garantizar que los j\u00f3venes puedan insertases al mercado laboral.<\/p>\n\n\n\n<p>En ese sentido, invit\u00f3 a la juventud a sumarse a su proyecto pol\u00edtico para juntos construir mayores oportunidades para todos y todas.<\/p>\n\n\n\n<p>\u201cEste proyecto nace para invitar y enamorar a la juventud en la construcci\u00f3n de un nuevo sue\u00f1o, un nuevo camino\u201d, explic\u00f3.<\/p>\n\n\n\n<p><strong>\u00bfQui\u00e9n es Junior Mart\u00ednez?<\/strong><\/p>\n\n\n\n<p>Junior Mart\u00ednez es hijo de Do\u00f1a Rosa y Don M\u00e1ximo, es ingeniero electromec\u00e1nico-menci\u00f3n el\u00e9ctrica de profesi\u00f3n. Cuenta con maestr\u00eda en eficiencia energ\u00e9tica de la universidad de Cadis, Madrid, Espa\u00f1a y maestr\u00eda en matem\u00e1ticas en la Universidad Aut\u00f3noma de Santo Domingo (UASD). Adem\u00e1s, es facilitador de temas de gerencia y liderazgo joven.<\/p>\n\n\n\n<p>Mart\u00ednez fue miembro y suplente del delegado electoral del Frente Estudiantil Democr\u00e1tico (FESD16), presidente y fundador del Movimiento Estudiantil Democr\u00e1tico (MED23), \u00f3rgano que agrupa a estudiantes universitarios en la visi\u00f3n de la formaci\u00f3n acad\u00e9mica como base fundamental para crecimiento social, es actualmente catedr\u00e1tico universitario en la Universidad Dominicana (O&amp;M)<\/p>\n\n\n\n<p>&nbsp;Despu\u00e9s de varios a\u00f1os vinculados a la carrera de ingenier\u00eda electromec\u00e1nica y a la docencia del segundo nivel, Junior ha recorrido todo el territorio que compone el municipio de Santo Domingo Norte, escuchando el sentir de la gente y levantando todas las necesidades de las comunidades.<\/p>\n","protected":false},"excerpt":{"rendered":"<p>El precandidato ha diputado por el Partido Revolucionario Moderno (PRM), Junior Mart\u00ednez, asegur\u00f3 que tiene como prioridad impulsar proyectos que garanticen el ordenamiento del tr\u00e1nsito vehicular en Santo Domingo Norte,&hellip;<\/p>\n","protected":false},"author":2,"featured_media":58585,"comment_status":"open","ping_status":"open","sticky":false,"template":"","format":"standard","meta":{"content-type":"","jetpack_post_was_ever_published":false,"_jetpack_newsletter_access":"","_jetpack_dont_email_post_to_subs":false,"_jetpack_newsletter_tier_id":0,"_jetpack_memberships_contains_paywalled_content":false,"_jetpack_memberships_contains_paid_content":false,"footnotes":""},"categories":[1],"tags":[6666,449,2716,2049],"class_list":["post-58584","post","type-post","status-publish","format-standard","has-post-thumbnail","hentry","category-sin-categoria","tag-junior-martinez","tag-proyectos","tag-santo-domingo-norte","tag-transito"],"jetpack_featured_media_url":"https:\/\/lasprimeras.com.do\/wp-content\/uploads\/2023\/08\/Junior-Martinez.jpg","jetpack-related-posts":[{"id":62930,"url":"https:\/\/lasprimeras.com.do\/index.php\/2023\/10\/09\/caos-del-transito-es-cada-dia-peor-en-sdn\/","url_meta":{"origin":58584,"position":0},"title":"Caos del tr\u00e1nsito es cada d\u00eda peor en SDN","author":"BIMARY DE JES\u00daS Matos","date":"9 de octubre de 2023","format":false,"excerpt":"Santo Domingo.-En el municipio Santo Domingo Norte es cada vez m\u00e1s ca\u00f3tico el desplazamiento del tr\u00e1nsito debido al crecimiento poblacional que, a su vez, ha impulsado el incremento del parque vehicular que converge en horas pico y a cualquier hora del d\u00eda por las pocas v\u00edas de salidas o entrada\u2026","rel":"","context":"En \u00abPORTADA\u00bb","block_context":{"text":"PORTADA","link":"https:\/\/lasprimeras.com.do\/index.php\/category\/portada\/"},"img":{"alt_text":"","src":"https:\/\/i0.wp.com\/lasprimeras.com.do\/wp-content\/uploads\/2023\/10\/WhatsApp-Image-2023-10-09-at-7.44.34-AM.webp?resize=350%2C200&ssl=1","width":350,"height":200,"srcset":"https:\/\/i0.wp.com\/lasprimeras.com.do\/wp-content\/uploads\/2023\/10\/WhatsApp-Image-2023-10-09-at-7.44.34-AM.webp?resize=350%2C200&ssl=1 1x, https:\/\/i0.wp.com\/lasprimeras.com.do\/wp-content\/uploads\/2023\/10\/WhatsApp-Image-2023-10-09-at-7.44.34-AM.webp?resize=525%2C300&ssl=1 1.5x, https:\/\/i0.wp.com\/lasprimeras.com.do\/wp-content\/uploads\/2023\/10\/WhatsApp-Image-2023-10-09-at-7.44.34-AM.webp?resize=700%2C400&ssl=1 2x, https:\/\/i0.wp.com\/lasprimeras.com.do\/wp-content\/uploads\/2023\/10\/WhatsApp-Image-2023-10-09-at-7.44.34-AM.webp?resize=1050%2C600&ssl=1 3x"},"classes":[]},{"id":118323,"url":"https:\/\/lasprimeras.com.do\/index.php\/2025\/12\/26\/caasd-instalara-nueva-linea-de-distribucion-de-agua-potable-en-la-carretera-mella\/","url_meta":{"origin":58584,"position":1},"title":"CAASD instalar\u00e1 nueva l\u00ednea de distribuci\u00f3n de agua potable en la carretera Mella","author":"Nelson Feliz","date":"26 de diciembre de 2025","format":false,"excerpt":"La entidad anuncia desv\u00edos temporales durante ejecuci\u00f3n de trabajos La Corporaci\u00f3n del Acueducto y Alcantarillado de Santo Domingo (CAASD) inform\u00f3 que iniciar\u00e1 la instalaci\u00f3n de una nueva l\u00ednea de distribuci\u00f3n de agua potable en la carretera Mella como parte de los trabajos para seguir modernizando el acueducto Barrera de Salinidad\u2026","rel":"","context":"En \u00abNACIONALES\u00bb","block_context":{"text":"NACIONALES","link":"https:\/\/lasprimeras.com.do\/index.php\/category\/nacionales\/"},"img":{"alt_text":"l\u00ednea de distribuci\u00f3n","src":"https:\/\/i0.wp.com\/lasprimeras.com.do\/wp-content\/uploads\/2025\/12\/linea-de-distribucion.jpg?resize=350%2C200&ssl=1","width":350,"height":200,"srcset":"https:\/\/i0.wp.com\/lasprimeras.com.do\/wp-content\/uploads\/2025\/12\/linea-de-distribucion.jpg?resize=350%2C200&ssl=1 1x, https:\/\/i0.wp.com\/lasprimeras.com.do\/wp-content\/uploads\/2025\/12\/linea-de-distribucion.jpg?resize=525%2C300&ssl=1 1.5x, https:\/\/i0.wp.com\/lasprimeras.com.do\/wp-content\/uploads\/2025\/12\/linea-de-distribucion.jpg?resize=700%2C400&ssl=1 2x"},"classes":[]},{"id":51104,"url":"https:\/\/lasprimeras.com.do\/index.php\/2023\/05\/27\/cntu-apoya-construccion-de-puentes-para-viabilizar-transito-y-paso-a-desnivel-en-pintura\/","url_meta":{"origin":58584,"position":2},"title":"CNTU apoya construcci\u00f3n de puentes para viabilizar tr\u00e1nsito y paso a desnivel en Pintura","author":"prenxa100","date":"27 de mayo de 2023","format":false,"excerpt":"Santo Domingo, RD.- La Central Nacional de Transportistas Unificados (CNTU), saludo el anuncio hecho por el Ministro de Obras P\u00fablicas Deligne Ascensi\u00f3n, de que el Gobierno construir\u00e1 cuatro puentes en el Gran Santo Domingo para agilizar el tr\u00e1nsito vehicular de la capital. El presidente de la CNTU, William P\u00e9rez Figuereo,\u2026","rel":"","context":"En \u00abNACIONALES\u00bb","block_context":{"text":"NACIONALES","link":"https:\/\/lasprimeras.com.do\/index.php\/category\/nacionales\/"},"img":{"alt_text":"","src":"","width":0,"height":0},"classes":[]},{"id":122116,"url":"https:\/\/lasprimeras.com.do\/index.php\/2026\/02\/13\/transito-caoticos-tras-la-celebracion-del-dia-de-san-valentin\/","url_meta":{"origin":58584,"position":3},"title":"Transito ca\u00f3ticos tras la celebraci\u00f3n del Dia de San Valentin","author":"Nelson Feliz","date":"13 de febrero de 2026","format":false,"excerpt":"En v\u00edspera de la celebraci\u00f3n del Dia del Amor y la Amistad (Dia de San Valentin) el transito se ha tornado ca\u00f3ticos en las principales calles y avenidas del Gran Santo Domingo y el Distrito Nacional. La poblaci\u00f3n ha acudido masivamente a las principales arterias comerciales, para comprar los regalos\u2026","rel":"","context":"En \u00abNACIONALES\u00bb","block_context":{"text":"NACIONALES","link":"https:\/\/lasprimeras.com.do\/index.php\/category\/nacionales\/"},"img":{"alt_text":"","src":"https:\/\/i0.wp.com\/lasprimeras.com.do\/wp-content\/uploads\/2026\/02\/transito.jpg?resize=350%2C200&ssl=1","width":350,"height":200,"srcset":"https:\/\/i0.wp.com\/lasprimeras.com.do\/wp-content\/uploads\/2026\/02\/transito.jpg?resize=350%2C200&ssl=1 1x, https:\/\/i0.wp.com\/lasprimeras.com.do\/wp-content\/uploads\/2026\/02\/transito.jpg?resize=525%2C300&ssl=1 1.5x, https:\/\/i0.wp.com\/lasprimeras.com.do\/wp-content\/uploads\/2026\/02\/transito.jpg?resize=700%2C400&ssl=1 2x"},"classes":[]},{"id":70730,"url":"https:\/\/lasprimeras.com.do\/index.php\/2023\/12\/13\/muere-adolescente-de-16-anos-en-accidente-de-transito-en-carretera-spm\/","url_meta":{"origin":58584,"position":4},"title":"Muere adolescente de 16 a\u00f1os en accidente de tr\u00e1nsito en carretera SPM","author":"Nelson Feliz","date":"13 de diciembre de 2023","format":false,"excerpt":"Un adolescente de 16 a\u00f1os perdi\u00f3 la vida la tarde de este martes, producto de un accidente de tr\u00e1nsito. El hecho ocurri\u00f3 en la carretera Consuelo-San Pedro de Macor\u00eds. La v\u00edctima fue identificada como Junior Taveras, quien muri\u00f3 tras colisionar su motocicleta con un veh\u00edculo, de datos desconocidos. Taveras resid\u00eda\u2026","rel":"","context":"En \u00abNACIONALES\u00bb","block_context":{"text":"NACIONALES","link":"https:\/\/lasprimeras.com.do\/index.php\/category\/nacionales\/"},"img":{"alt_text":"MOTO","src":"https:\/\/i0.wp.com\/lasprimeras.com.do\/wp-content\/uploads\/2023\/12\/MOTO.jpg?resize=350%2C200&ssl=1","width":350,"height":200,"srcset":"https:\/\/i0.wp.com\/lasprimeras.com.do\/wp-content\/uploads\/2023\/12\/MOTO.jpg?resize=350%2C200&ssl=1 1x, https:\/\/i0.wp.com\/lasprimeras.com.do\/wp-content\/uploads\/2023\/12\/MOTO.jpg?resize=525%2C300&ssl=1 1.5x, https:\/\/i0.wp.com\/lasprimeras.com.do\/wp-content\/uploads\/2023\/12\/MOTO.jpg?resize=700%2C400&ssl=1 2x"},"classes":[]},{"id":126521,"url":"https:\/\/lasprimeras.com.do\/index.php\/2026\/04\/02\/caos-en-la-carretera-bani-sc-por-alto-flujo-vehicular\/","url_meta":{"origin":58584,"position":5},"title":"Caos en la carretera Ban\u00ed-SC por alto flujo vehicular","author":"Nelson Feliz","date":"2 de abril de 2026","format":false,"excerpt":"Cientos de veh\u00edculos transitan por las carreteras y calles de las provincias del Sur y Suroeste del pa\u00eds, movilizando a miles de personas que se trasladan durante esta Semana Santa para visitar familiares, playas y balnearios desde este Jueves Santo hasta el Domingo de Resurrecci\u00f3n. En la carretera S\u00e1nchez, espec\u00edficamente\u2026","rel":"","context":"En \u00abNACIONALES\u00bb","block_context":{"text":"NACIONALES","link":"https:\/\/lasprimeras.com.do\/index.php\/category\/nacionales\/"},"img":{"alt_text":"","src":"https:\/\/i0.wp.com\/lasprimeras.com.do\/wp-content\/uploads\/2026\/04\/tapon.jpg?resize=350%2C200&ssl=1","width":350,"height":200,"srcset":"https:\/\/i0.wp.com\/lasprimeras.com.do\/wp-content\/uploads\/2026\/04\/tapon.jpg?resize=350%2C200&ssl=1 1x, https:\/\/i0.wp.com\/lasprimeras.com.do\/wp-content\/uploads\/2026\/04\/tapon.jpg?resize=525%2C300&ssl=1 1.5x"},"classes":[]}],"jetpack_sharing_enabled":true,"_links":{"self":[{"href":"https:\/\/lasprimeras.com.do\/index.php\/wp-json\/wp\/v2\/posts\/58584","targetHints":{"allow":["GET"]}}],"collection":[{"href":"https:\/\/lasprimeras.com.do\/index.php\/wp-json\/wp\/v2\/posts"}],"about":[{"href":"https:\/\/lasprimeras.com.do\/index.php\/wp-json\/wp\/v2\/types\/post"}],"author":[{"embeddable":true,"href":"https:\/\/lasprimeras.com.do\/index.php\/wp-json\/wp\/v2\/users\/2"}],"replies":[{"embeddable":true,"href":"https:\/\/lasprimeras.com.do\/index.php\/wp-json\/wp\/v2\/comments?post=58584"}],"version-history":[{"count":1,"href":"https:\/\/lasprimeras.com.do\/index.php\/wp-json\/wp\/v2\/posts\/58584\/revisions"}],"predecessor-version":[{"id":58586,"href":"https:\/\/lasprimeras.com.do\/index.php\/wp-json\/wp\/v2\/posts\/58584\/revisions\/58586"}],"wp:featuredmedia":[{"embeddable":true,"href":"https:\/\/lasprimeras.com.do\/index.php\/wp-json\/wp\/v2\/media\/58585"}],"wp:attachment":[{"href":"https:\/\/lasprimeras.com.do\/index.php\/wp-json\/wp\/v2\/media?parent=58584"}],"wp:term":[{"taxonomy":"category","embeddable":true,"href":"https:\/\/lasprimeras.com.do\/index.php\/wp-json\/wp\/v2\/categories?post=58584"},{"taxonomy":"post_tag","embeddable":true,"href":"https:\/\/lasprimeras.com.do\/index.php\/wp-json\/wp\/v2\/tags?post=58584"}],"curies":[{"name":"wp","href":"https:\/\/api.w.org\/{rel}","templated":true}]}}