{"id":58615,"date":"2023-08-25T23:27:46","date_gmt":"2023-08-26T03:27:46","guid":{"rendered":"https:\/\/lasprimeras.com.do\/?p=58615"},"modified":"2023-08-25T23:27:48","modified_gmt":"2023-08-26T03:27:48","slug":"dajabon-se-entrega-cobrador-de-autobus-era-buscado-por-agresion-a-extranjero-envejeciente","status":"publish","type":"post","link":"https:\/\/lasprimeras.com.do\/index.php\/2023\/08\/25\/dajabon-se-entrega-cobrador-de-autobus-era-buscado-por-agresion-a-extranjero-envejeciente\/","title":{"rendered":"Dajab\u00f3n: Se entrega cobrador de autob\u00fas era buscado por agresi\u00f3n a extranjero envejeciente"},"content":{"rendered":"\n<p><strong>-La acci\u00f3n fue captada en un video aficionado que fue hecho viral en las redes sociales.<\/strong><\/p>\n\n\n\n<figure class=\"wp-block-embed is-type-rich is-provider-instagram wp-block-embed-instagram\"><div class=\"wp-block-embed__wrapper\">\n<blockquote class=\"instagram-media\" data-instgrm-captioned data-instgrm-permalink=\"https:\/\/www.instagram.com\/reel\/CwQb9tALcWG\/?utm_source=ig_embed&amp;utm_campaign=loading\" data-instgrm-version=\"14\" style=\" background:#FFF; border:0; border-radius:3px; box-shadow:0 0 1px 0 rgba(0,0,0,0.5),0 1px 10px 0 rgba(0,0,0,0.15); margin: 1px; max-width:500px; min-width:326px; padding:0; width:99.375%; width:-webkit-calc(100% - 2px); width:calc(100% - 2px);\"><div style=\"padding:16px;\"> <a href=\"https:\/\/www.instagram.com\/reel\/CwQb9tALcWG\/?utm_source=ig_embed&amp;utm_campaign=loading\" style=\" background:#FFFFFF; line-height:0; padding:0 0; text-align:center; text-decoration:none; width:100%;\" target=\"_blank\"> <div style=\" display: flex; flex-direction: row; align-items: center;\"> <div style=\"background-color: #F4F4F4; border-radius: 50%; flex-grow: 0; height: 40px; margin-right: 14px; width: 40px;\"><\/div> <div style=\"display: flex; flex-direction: column; flex-grow: 1; justify-content: center;\"> <div style=\" background-color: #F4F4F4; border-radius: 4px; flex-grow: 0; height: 14px; margin-bottom: 6px; width: 100px;\"><\/div> <div style=\" background-color: #F4F4F4; border-radius: 4px; flex-grow: 0; height: 14px; width: 60px;\"><\/div><\/div><\/div><div style=\"padding: 19% 0;\"><\/div> <div style=\"display:block; height:50px; margin:0 auto 12px; width:50px;\"><svg width=\"50px\" height=\"50px\" viewBox=\"0 0 60 60\" version=\"1.1\" xmlns=\"https:\/\/www.w3.org\/2000\/svg\" xmlns:xlink=\"https:\/\/www.w3.org\/1999\/xlink\"><g stroke=\"none\" stroke-width=\"1\" fill=\"none\" fill-rule=\"evenodd\"><g transform=\"translate(-511.000000, -20.000000)\" fill=\"#000000\"><g><path d=\"M556.869,30.41 C554.814,30.41 553.148,32.076 553.148,34.131 C553.148,36.186 554.814,37.852 556.869,37.852 C558.924,37.852 560.59,36.186 560.59,34.131 C560.59,32.076 558.924,30.41 556.869,30.41 M541,60.657 C535.114,60.657 530.342,55.887 530.342,50 C530.342,44.114 535.114,39.342 541,39.342 C546.887,39.342 551.658,44.114 551.658,50 C551.658,55.887 546.887,60.657 541,60.657 M541,33.886 C532.1,33.886 524.886,41.1 524.886,50 C524.886,58.899 532.1,66.113 541,66.113 C549.9,66.113 557.115,58.899 557.115,50 C557.115,41.1 549.9,33.886 541,33.886 M565.378,62.101 C565.244,65.022 564.756,66.606 564.346,67.663 C563.803,69.06 563.154,70.057 562.106,71.106 C561.058,72.155 560.06,72.803 558.662,73.347 C557.607,73.757 556.021,74.244 553.102,74.378 C549.944,74.521 548.997,74.552 541,74.552 C533.003,74.552 532.056,74.521 528.898,74.378 C525.979,74.244 524.393,73.757 523.338,73.347 C521.94,72.803 520.942,72.155 519.894,71.106 C518.846,70.057 518.197,69.06 517.654,67.663 C517.244,66.606 516.755,65.022 516.623,62.101 C516.479,58.943 516.448,57.996 516.448,50 C516.448,42.003 516.479,41.056 516.623,37.899 C516.755,34.978 517.244,33.391 517.654,32.338 C518.197,30.938 518.846,29.942 519.894,28.894 C520.942,27.846 521.94,27.196 523.338,26.654 C524.393,26.244 525.979,25.756 528.898,25.623 C532.057,25.479 533.004,25.448 541,25.448 C548.997,25.448 549.943,25.479 553.102,25.623 C556.021,25.756 557.607,26.244 558.662,26.654 C560.06,27.196 561.058,27.846 562.106,28.894 C563.154,29.942 563.803,30.938 564.346,32.338 C564.756,33.391 565.244,34.978 565.378,37.899 C565.522,41.056 565.552,42.003 565.552,50 C565.552,57.996 565.522,58.943 565.378,62.101 M570.82,37.631 C570.674,34.438 570.167,32.258 569.425,30.349 C568.659,28.377 567.633,26.702 565.965,25.035 C564.297,23.368 562.623,22.342 560.652,21.575 C558.743,20.834 556.562,20.326 553.369,20.18 C550.169,20.033 549.148,20 541,20 C532.853,20 531.831,20.033 528.631,20.18 C525.438,20.326 523.257,20.834 521.349,21.575 C519.376,22.342 517.703,23.368 516.035,25.035 C514.368,26.702 513.342,28.377 512.574,30.349 C511.834,32.258 511.326,34.438 511.181,37.631 C511.035,40.831 511,41.851 511,50 C511,58.147 511.035,59.17 511.181,62.369 C511.326,65.562 511.834,67.743 512.574,69.651 C513.342,71.625 514.368,73.296 516.035,74.965 C517.703,76.634 519.376,77.658 521.349,78.425 C523.257,79.167 525.438,79.673 528.631,79.82 C531.831,79.965 532.853,80.001 541,80.001 C549.148,80.001 550.169,79.965 553.369,79.82 C556.562,79.673 558.743,79.167 560.652,78.425 C562.623,77.658 564.297,76.634 565.965,74.965 C567.633,73.296 568.659,71.625 569.425,69.651 C570.167,67.743 570.674,65.562 570.82,62.369 C570.966,59.17 571,58.147 571,50 C571,41.851 570.966,40.831 570.82,37.631\"><\/path><\/g><\/g><\/g><\/svg><\/div><div style=\"padding-top: 8px;\"> <div style=\" color:#3897f0; font-family:Arial,sans-serif; font-size:14px; font-style:normal; font-weight:550; line-height:18px;\">View this post on Instagram<\/div><\/div><div style=\"padding: 12.5% 0;\"><\/div> <div style=\"display: flex; flex-direction: row; margin-bottom: 14px; align-items: center;\"><div> <div style=\"background-color: #F4F4F4; border-radius: 50%; height: 12.5px; width: 12.5px; transform: translateX(0px) translateY(7px);\"><\/div> <div style=\"background-color: #F4F4F4; height: 12.5px; transform: rotate(-45deg) translateX(3px) translateY(1px); width: 12.5px; flex-grow: 0; margin-right: 14px; margin-left: 2px;\"><\/div> <div style=\"background-color: #F4F4F4; border-radius: 50%; height: 12.5px; width: 12.5px; transform: translateX(9px) translateY(-18px);\"><\/div><\/div><div style=\"margin-left: 8px;\"> <div style=\" background-color: #F4F4F4; border-radius: 50%; flex-grow: 0; height: 20px; width: 20px;\"><\/div> <div style=\" width: 0; height: 0; border-top: 2px solid transparent; border-left: 6px solid #f4f4f4; border-bottom: 2px solid transparent; transform: translateX(16px) translateY(-4px) rotate(30deg)\"><\/div><\/div><div style=\"margin-left: auto;\"> <div style=\" width: 0px; border-top: 8px solid #F4F4F4; border-right: 8px solid transparent; transform: translateY(16px);\"><\/div> <div style=\" background-color: #F4F4F4; flex-grow: 0; height: 12px; width: 16px; transform: translateY(-4px);\"><\/div> <div style=\" width: 0; height: 0; border-top: 8px solid #F4F4F4; border-left: 8px solid transparent; transform: translateY(-4px) translateX(8px);\"><\/div><\/div><\/div> <div style=\"display: flex; flex-direction: column; flex-grow: 1; justify-content: center; margin-bottom: 24px;\"> <div style=\" background-color: #F4F4F4; border-radius: 4px; flex-grow: 0; height: 14px; margin-bottom: 6px; width: 224px;\"><\/div> <div style=\" background-color: #F4F4F4; border-radius: 4px; flex-grow: 0; height: 14px; width: 144px;\"><\/div><\/div><\/a><p style=\" color:#c9c8cd; font-family:Arial,sans-serif; font-size:14px; line-height:17px; margin-bottom:0; margin-top:8px; overflow:hidden; padding:8px 0 7px; text-align:center; text-overflow:ellipsis; white-space:nowrap;\"><a href=\"https:\/\/www.instagram.com\/reel\/CwQb9tALcWG\/?utm_source=ig_embed&amp;utm_campaign=loading\" style=\" color:#c9c8cd; font-family:Arial,sans-serif; font-size:14px; font-style:normal; font-weight:normal; line-height:17px; text-decoration:none;\" target=\"_blank\">A post shared by CACHICHA (@cachicha)<\/a><\/p><\/div><\/blockquote><script async src=\"\/\/platform.instagram.com\/en_US\/embeds.js\"><\/script>\n<\/div><\/figure>\n\n\n\n<p>La Polic\u00eda Nacional inform\u00f3 que se entreg\u00f3 un cobrador de guagua perteneciente a una ruta que opera en la provincia Valverde, quien era activamente buscado por los organismos investigativos de la instituci\u00f3n, luego de ser captado en un video hecho viral en las redes sociales, el pasado 22 de agosto, en el que se aprecia el maltrato contra una persona de avanzada edad y de nacionalidad extranjera.<\/p>\n\n\n\n<p>Se trata de Leyni Alberto Espinal Vargas, de 32 a\u00f1os, quien lleg\u00f3 acompa\u00f1ado de su abogado y una comisi\u00f3n de personas, para entregarse a las autoridades tras ser buscado por los miembros policiales de la Subdirecci\u00f3n Regional de Investigaci\u00f3n (Dicrim) y de Prevenci\u00f3n, en la provincia Valverde.<\/p>\n\n\n\n<p>El hecho ocurri\u00f3 en el distrito municipal de Jaib\u00f3n, del municipio de Laguna Salada, de la referida provincia, contra un se\u00f1or de nacionalidad norteamericana.<\/p>\n\n\n\n<p>Al ser cuestionado en torno al suceso, manifest\u00f3 que el hecho ocurri\u00f3 cuando supuestamente el se\u00f1or de la tercera edad, con actitud agresiva, le obstaculizaba el tr\u00e1nsito exigiendo que lo abordaran en la guagua, y que por ese motivo se vio en la obligaci\u00f3n de desmontarse y echarlo a un lado tom\u00e1ndolo por los hombros.<\/p>\n\n\n\n<p>Sin embargo, en el video grabado por un conductor que se encontraba en v\u00eda contraria, el vual fue viralizado en las plataformas digitales, se aprecia el momento cuando el cobrador (detenido) lo tira de forma violenta contra el piso y huye del lugar a bordo del autob\u00fas, dejando a la v\u00edctima tirada en el pavimento.<\/p>\n\n\n\n<p>El detenido fue enviado ante el Ministerio P\u00fablico de esa dependencia, para los fines legales correspondientes.<\/p>\n","protected":false},"excerpt":{"rendered":"<p>-La acci\u00f3n fue captada en un video aficionado que fue hecho viral en las redes sociales. La Polic\u00eda Nacional inform\u00f3 que se entreg\u00f3 un cobrador de guagua perteneciente a una&hellip;<\/p>\n","protected":false},"author":2,"featured_media":58616,"comment_status":"open","ping_status":"open","sticky":false,"template":"","format":"standard","meta":{"content-type":"","jetpack_post_was_ever_published":false,"_jetpack_newsletter_access":"","_jetpack_dont_email_post_to_subs":false,"_jetpack_newsletter_tier_id":0,"_jetpack_memberships_contains_paywalled_content":false,"_jetpack_memberships_contains_paid_content":false,"footnotes":""},"categories":[3057],"tags":[3364,2709,3814,6678,6677,2663],"class_list":["post-58615","post","type-post","status-publish","format-standard","has-post-thumbnail","hentry","category-militares","tag-agresion","tag-autobus","tag-cobrador","tag-envejeciente","tag-extranjero","tag-transporte-publico"],"jetpack_featured_media_url":"https:\/\/lasprimeras.com.do\/wp-content\/uploads\/2023\/08\/agresion.jpg","jetpack-related-posts":[{"id":53164,"url":"https:\/\/lasprimeras.com.do\/index.php\/2023\/06\/23\/video-apresan-cobrador-y-chofer-de-guagua-que-atropellaron-oficial-retirado\/","url_meta":{"origin":58615,"position":0},"title":"Video: Apresan cobrador y chofer de guagua que atropellaron oficial retirado","author":"Nelson Feliz","date":"23 de junio de 2023","format":false,"excerpt":"El incidente hecho viral en redes sociales. Agentes de la Polic\u00eda Nacional apresaron a un chofer de autob\u00fas del transporte p\u00fablico y su cobrador, quienes embistieron el veh\u00edculo donde transitaba un hombre con el cual sostuvieron una discusi\u00f3n por un roce entre sus autom\u00f3viles. Los detenidos son el chofer Julio\u2026","rel":"","context":"En \u00abNACIONALES\u00bb","block_context":{"text":"NACIONALES","link":"https:\/\/lasprimeras.com.do\/index.php\/category\/nacionales\/"},"img":{"alt_text":"","src":"https:\/\/i0.wp.com\/lasprimeras.com.do\/wp-content\/uploads\/2023\/06\/Incidente.jpg?resize=350%2C200&ssl=1","width":350,"height":200,"srcset":"https:\/\/i0.wp.com\/lasprimeras.com.do\/wp-content\/uploads\/2023\/06\/Incidente.jpg?resize=350%2C200&ssl=1 1x, https:\/\/i0.wp.com\/lasprimeras.com.do\/wp-content\/uploads\/2023\/06\/Incidente.jpg?resize=525%2C300&ssl=1 1.5x, https:\/\/i0.wp.com\/lasprimeras.com.do\/wp-content\/uploads\/2023\/06\/Incidente.jpg?resize=700%2C400&ssl=1 2x"},"classes":[]},{"id":119096,"url":"https:\/\/lasprimeras.com.do\/index.php\/2026\/01\/07\/ejercito-detiene-chofer-y-cobrador-de-autobus-transportando-extranjeros-indocumentados-en-sjm\/","url_meta":{"origin":58615,"position":1},"title":"Ej\u00e9rcito detiene chofer y cobrador de autob\u00fas transportando extranjeros indocumentados en SJM","author":"Nelson Feliz","date":"7 de enero de 2026","format":false,"excerpt":"Miembros del 12do. Batall\u00f3n de Monta\u00f1eros del Ej\u00e9rcito de Rep\u00fablica Dominicana (ERD) detuvieron a dos ciudadanos dominicanos por transportar a extranjeros en condici\u00f3n migratoria irregular, durante un chequeo militar improvisado realizado en la comunidad de Sabana Alta, de la provincia San Juan de la Maguana. Los soldados del ERD interceptaron\u2026","rel":"","context":"En \u00abMILITARES\u00bb","block_context":{"text":"MILITARES","link":"https:\/\/lasprimeras.com.do\/index.php\/category\/militares\/"},"img":{"alt_text":"","src":"https:\/\/i0.wp.com\/lasprimeras.com.do\/wp-content\/uploads\/2026\/01\/IMG-20260105-WA0309.jpg?resize=350%2C200&ssl=1","width":350,"height":200,"srcset":"https:\/\/i0.wp.com\/lasprimeras.com.do\/wp-content\/uploads\/2026\/01\/IMG-20260105-WA0309.jpg?resize=350%2C200&ssl=1 1x, https:\/\/i0.wp.com\/lasprimeras.com.do\/wp-content\/uploads\/2026\/01\/IMG-20260105-WA0309.jpg?resize=525%2C300&ssl=1 1.5x, https:\/\/i0.wp.com\/lasprimeras.com.do\/wp-content\/uploads\/2026\/01\/IMG-20260105-WA0309.jpg?resize=700%2C400&ssl=1 2x, https:\/\/i0.wp.com\/lasprimeras.com.do\/wp-content\/uploads\/2026\/01\/IMG-20260105-WA0309.jpg?resize=1050%2C600&ssl=1 3x"},"classes":[]},{"id":127899,"url":"https:\/\/lasprimeras.com.do\/index.php\/2026\/04\/17\/detienen-chofer-y-cobrador-de-autobus-con-once-paquetes-de-presunta-marihuana-en-barahona\/","url_meta":{"origin":58615,"position":2},"title":"Detienen ch\u00f3fer y cobrador de autob\u00fas con once paquetes de presunta marihuana en Barahona","author":"Nelson Feliz","date":"17 de abril de 2026","format":false,"excerpt":"_Las pacas del vegetal, con un peso preliminar de 18 libras, estaban ocultas dentro de un saco de pl\u00e1tanos_ En la continuaci\u00f3n del reforzamiento de las operaciones de interdicci\u00f3n en contra del trafico de estupefacientes, agentes de la Direccion Nacional de Control de Drogas (DNCD) y miembros del Ministerio P\u00fablico,\u2026","rel":"","context":"En \u00abMILITARES\u00bb","block_context":{"text":"MILITARES","link":"https:\/\/lasprimeras.com.do\/index.php\/category\/militares\/"},"img":{"alt_text":"","src":"https:\/\/i0.wp.com\/lasprimeras.com.do\/wp-content\/uploads\/2026\/04\/IMG-20260417-WA0190.jpg?resize=350%2C200&ssl=1","width":350,"height":200,"srcset":"https:\/\/i0.wp.com\/lasprimeras.com.do\/wp-content\/uploads\/2026\/04\/IMG-20260417-WA0190.jpg?resize=350%2C200&ssl=1 1x, https:\/\/i0.wp.com\/lasprimeras.com.do\/wp-content\/uploads\/2026\/04\/IMG-20260417-WA0190.jpg?resize=525%2C300&ssl=1 1.5x, https:\/\/i0.wp.com\/lasprimeras.com.do\/wp-content\/uploads\/2026\/04\/IMG-20260417-WA0190.jpg?resize=700%2C400&ssl=1 2x"},"classes":[]},{"id":80724,"url":"https:\/\/lasprimeras.com.do\/index.php\/2024\/04\/11\/policia-nacional-apresa-hombre-captado-en-video-agrediendo-a-su-pareja-en-dajabon\/","url_meta":{"origin":58615,"position":3},"title":"Polic\u00eda Nacional apresa hombre captado en video agrediendo a su pareja en Dajab\u00f3n","author":"BIMARY DE JES\u00daS Matos","date":"11 de abril de 2024","format":false,"excerpt":"Santo Domingo.-Agentes policiales, pertenecientes a la Direcci\u00f3n Central de Prevenci\u00f3n, apresaron mediante orden de arresto en el distrito municipal de Santiago de la Cruz, del municipio de Loma de Cabrera, provincia Dajab\u00f3n, a un hombre que era buscado por agresi\u00f3n f\u00edsica y verbal contra su pareja, hecho captado en un\u2026","rel":"","context":"En \u00abNACIONALES\u00bb","block_context":{"text":"NACIONALES","link":"https:\/\/lasprimeras.com.do\/index.php\/category\/nacionales\/"},"img":{"alt_text":"","src":"https:\/\/i0.wp.com\/lasprimeras.com.do\/wp-content\/uploads\/2024\/04\/Captura-de-pantalla-2024-04-11-122308.png?resize=350%2C200&ssl=1","width":350,"height":200},"classes":[]},{"id":70011,"url":"https:\/\/lasprimeras.com.do\/index.php\/2023\/12\/07\/detenido-hombre-captado-en-video-agrediendo-una-mujer-en-la-vega\/","url_meta":{"origin":58615,"position":4},"title":"Detenido hombre captado en video agrediendo una mujer en La Vega","author":"Nelson Feliz","date":"7 de diciembre de 2023","format":false,"excerpt":"Por Mart\u00edn Restituyo Agentes policiales, pertenecientes a la Direcci\u00f3n Central de Investigaci\u00f3n (Dicrim), apresaron mediante orden de arresto en la provincia de La Vega, a un hombre que era buscado por agresi\u00f3n f\u00edsica y verbal contra su pareja, hecho que fue captado en video y hecho viral en las redes\u2026","rel":"","context":"En \u00abMILITARES\u00bb","block_context":{"text":"MILITARES","link":"https:\/\/lasprimeras.com.do\/index.php\/category\/militares\/"},"img":{"alt_text":"preso-celda","src":"https:\/\/i0.wp.com\/lasprimeras.com.do\/wp-content\/uploads\/2023\/06\/preso-celda.jpg?resize=350%2C200&ssl=1","width":350,"height":200,"srcset":"https:\/\/i0.wp.com\/lasprimeras.com.do\/wp-content\/uploads\/2023\/06\/preso-celda.jpg?resize=350%2C200&ssl=1 1x, https:\/\/i0.wp.com\/lasprimeras.com.do\/wp-content\/uploads\/2023\/06\/preso-celda.jpg?resize=525%2C300&ssl=1 1.5x, https:\/\/i0.wp.com\/lasprimeras.com.do\/wp-content\/uploads\/2023\/06\/preso-celda.jpg?resize=700%2C400&ssl=1 2x"},"classes":[]},{"id":83845,"url":"https:\/\/lasprimeras.com.do\/index.php\/2024\/05\/26\/el-cobrador-reacciona-ante-acusacion-de-abuso-sexual-nunca-pense-que-era-tan-importante-para-las-mafias-del-poder\/","url_meta":{"origin":58615,"position":5},"title":"El Cobrador reacciona ante acusaci\u00f3n de abuso sexual: \u201cNunca pens\u00e9 que era tan importante para las mafias del poder\u201d","author":"Nelson Feliz","date":"26 de mayo de 2024","format":false,"excerpt":"En las elecciones presidenciales y congresuales, el partido que represent\u00f3 El Cobrador qued\u00f3 en cuarto lugar alcanzando un 1.36% El excandidato presidencial por el Partido Esperanza Democr\u00e1tica (PED), Roque Espaillat, reaccion\u00f3 a las acusaciones de abuso sexual contra uno de sus hijos que cita un reportaje de la periodista Nuria\u2026","rel":"","context":"En \u00abSin categor\u00eda\u00bb","block_context":{"text":"Sin categor\u00eda","link":"https:\/\/lasprimeras.com.do\/index.php\/category\/sin-categoria\/"},"img":{"alt_text":"","src":"https:\/\/i0.wp.com\/lasprimeras.com.do\/wp-content\/uploads\/2024\/05\/Roque-Espaillat.jpeg?resize=350%2C200&ssl=1","width":350,"height":200,"srcset":"https:\/\/i0.wp.com\/lasprimeras.com.do\/wp-content\/uploads\/2024\/05\/Roque-Espaillat.jpeg?resize=350%2C200&ssl=1 1x, https:\/\/i0.wp.com\/lasprimeras.com.do\/wp-content\/uploads\/2024\/05\/Roque-Espaillat.jpeg?resize=525%2C300&ssl=1 1.5x, https:\/\/i0.wp.com\/lasprimeras.com.do\/wp-content\/uploads\/2024\/05\/Roque-Espaillat.jpeg?resize=700%2C400&ssl=1 2x"},"classes":[]}],"jetpack_sharing_enabled":true,"_links":{"self":[{"href":"https:\/\/lasprimeras.com.do\/index.php\/wp-json\/wp\/v2\/posts\/58615","targetHints":{"allow":["GET"]}}],"collection":[{"href":"https:\/\/lasprimeras.com.do\/index.php\/wp-json\/wp\/v2\/posts"}],"about":[{"href":"https:\/\/lasprimeras.com.do\/index.php\/wp-json\/wp\/v2\/types\/post"}],"author":[{"embeddable":true,"href":"https:\/\/lasprimeras.com.do\/index.php\/wp-json\/wp\/v2\/users\/2"}],"replies":[{"embeddable":true,"href":"https:\/\/lasprimeras.com.do\/index.php\/wp-json\/wp\/v2\/comments?post=58615"}],"version-history":[{"count":1,"href":"https:\/\/lasprimeras.com.do\/index.php\/wp-json\/wp\/v2\/posts\/58615\/revisions"}],"predecessor-version":[{"id":58617,"href":"https:\/\/lasprimeras.com.do\/index.php\/wp-json\/wp\/v2\/posts\/58615\/revisions\/58617"}],"wp:featuredmedia":[{"embeddable":true,"href":"https:\/\/lasprimeras.com.do\/index.php\/wp-json\/wp\/v2\/media\/58616"}],"wp:attachment":[{"href":"https:\/\/lasprimeras.com.do\/index.php\/wp-json\/wp\/v2\/media?parent=58615"}],"wp:term":[{"taxonomy":"category","embeddable":true,"href":"https:\/\/lasprimeras.com.do\/index.php\/wp-json\/wp\/v2\/categories?post=58615"},{"taxonomy":"post_tag","embeddable":true,"href":"https:\/\/lasprimeras.com.do\/index.php\/wp-json\/wp\/v2\/tags?post=58615"}],"curies":[{"name":"wp","href":"https:\/\/api.w.org\/{rel}","templated":true}]}}