{"id":58619,"date":"2023-08-26T19:03:09","date_gmt":"2023-08-26T23:03:09","guid":{"rendered":"https:\/\/lasprimeras.com.do\/?p=58619"},"modified":"2023-08-26T19:03:13","modified_gmt":"2023-08-26T23:03:13","slug":"al-menos-cuatro-muertos-deja-tiroteo-masivo-en-jacksonville","status":"publish","type":"post","link":"https:\/\/lasprimeras.com.do\/index.php\/2023\/08\/26\/al-menos-cuatro-muertos-deja-tiroteo-masivo-en-jacksonville\/","title":{"rendered":"Al menos cuatro muertos deja tiroteo masivo en Jacksonville"},"content":{"rendered":"\n<p>Por EUROPA PRESS<\/p>\n\n\n\n<p>FLORIDA.- Al menos cuatro personas murieron este s\u00e1bado durante un tiroteo supuestamente en una tienda en Jacksonville, al norte de Florida (EE.UU.), seg\u00fan un medio local.<\/p>\n\n\n\n<p>La alcaldesa de la ciudad estadounidense de Jacksonville, Donna Deegan, ha confirmado \u00abvarios muertos\u00bb en lo que podr\u00eda tratarse de un tiroteo en masa ocurrido este s\u00e1bado y que ha desencadenado una importante respuesta policial.<\/p>\n\n\n\n<p>Entre los muertos se encuentra el presunto pistolero.<\/p>\n\n\n\n<p>El incidente ha ocurrido en torno a la 1:00 entre las v\u00edas de Kings Road y Canal Street, en el este de la ciudad y relativamente cerca de la universidad Edward Waters, han informado fuentes policiales al canal local News4Jax.<\/p>\n\n\n\n<p>En breves declaraciones recogidas por el medio, Deegan ha indicado que el tiroteo podr\u00eda ser extremadamente grave. \u00abEsto es inaceptable. Un tiroteo es demasiado pero estos tiroteos multitudinarios son muy dif\u00edciles de asumir\u00bb, ha indicado.<\/p>\n\n\n\n<p>La Polic\u00eda de Jacksonville ha desplegado un helic\u00f3ptero en la zona y un equipo de intervenci\u00f3n especial (los SWAT) a la escena del incidente.<\/p>\n\n\n\n<p>La zona se encuentra ahora mismo completamente acordonada.<\/p>\n","protected":false},"excerpt":{"rendered":"<p>Por EUROPA PRESS FLORIDA.- Al menos cuatro personas murieron este s\u00e1bado durante un tiroteo supuestamente en una tienda en Jacksonville, al norte de Florida (EE.UU.), seg\u00fan un medio local. La&hellip;<\/p>\n","protected":false},"author":2,"featured_media":58620,"comment_status":"open","ping_status":"open","sticky":false,"template":"","format":"standard","meta":{"content-type":"","jetpack_post_was_ever_published":false,"_jetpack_newsletter_access":"","_jetpack_dont_email_post_to_subs":false,"_jetpack_newsletter_tier_id":0,"_jetpack_memberships_contains_paywalled_content":false,"_jetpack_memberships_contains_paid_content":false,"footnotes":""},"categories":[1],"tags":[6680,6679,686,70],"class_list":["post-58619","post","type-post","status-publish","format-standard","has-post-thumbnail","hentry","category-sin-categoria","tag-europa-press","tag-jacksonville","tag-muertos","tag-tiroteo"],"jetpack_featured_media_url":"https:\/\/lasprimeras.com.do\/wp-content\/uploads\/2023\/08\/HERIDOS.png","jetpack-related-posts":[{"id":53988,"url":"https:\/\/lasprimeras.com.do\/index.php\/2023\/07\/04\/al-menos-4-muertos-y-dos-heridos-en-un-tiroteo-en-filadelfia\/","url_meta":{"origin":58619,"position":0},"title":"Al menos 4 muertos y dos heridos en un tiroteo en Filadelfia","author":"Nelson Feliz","date":"4 de julio de 2023","format":false,"excerpt":"Por EUROPA PRESS Al menos cuatro personas han fallecido y dos han resultado heridas por un tiroteo que ha tenido lugar en la ciudad estadounidense de Filadelfia, en Pensilvania. Los agentes de Polic\u00eda respondieron a un aviso que tuvo lugar alrededor de las 20.30 horas (hora local) en el que\u2026","rel":"","context":"En \u00abSin categor\u00eda\u00bb","block_context":{"text":"Sin categor\u00eda","link":"https:\/\/lasprimeras.com.do\/index.php\/category\/sin-categoria\/"},"img":{"alt_text":"","src":"https:\/\/i0.wp.com\/lasprimeras.com.do\/wp-content\/uploads\/2023\/07\/filad.jpg?resize=350%2C200&ssl=1","width":350,"height":200},"classes":[]},{"id":85075,"url":"https:\/\/lasprimeras.com.do\/index.php\/2024\/06\/22\/eeuu-al-menos-3-muertos-y-11-heridos-en-un-tiroteo-en-arkansas\/","url_meta":{"origin":58619,"position":1},"title":"EEUU: Al menos 3 muertos y 11 heridos en un tiroteo en Arkansas","author":"Nelson Feliz","date":"22 de junio de 2024","format":false,"excerpt":"ARKANSAS, EEUU, EUROPA PRESS.- Al menos tres personas han fallecido y otras once han resultado heridas, incluidos dos agentes de Polic\u00eda, como v\u00edctimas de un tiroteo ocurrido este viernes en una tienda de alimentaci\u00f3n de la localidad de Fordyce, ubicada en el estado estadounidense de Arkansas. Los agentes de la\u2026","rel":"","context":"En \u00abSin categor\u00eda\u00bb","block_context":{"text":"Sin categor\u00eda","link":"https:\/\/lasprimeras.com.do\/index.php\/category\/sin-categoria\/"},"img":{"alt_text":"POLICIA NY","src":"https:\/\/i0.wp.com\/lasprimeras.com.do\/wp-content\/uploads\/2023\/11\/POLICIA-NY.jpg?resize=350%2C200&ssl=1","width":350,"height":200,"srcset":"https:\/\/i0.wp.com\/lasprimeras.com.do\/wp-content\/uploads\/2023\/11\/POLICIA-NY.jpg?resize=350%2C200&ssl=1 1x, https:\/\/i0.wp.com\/lasprimeras.com.do\/wp-content\/uploads\/2023\/11\/POLICIA-NY.jpg?resize=525%2C300&ssl=1 1.5x, https:\/\/i0.wp.com\/lasprimeras.com.do\/wp-content\/uploads\/2023\/11\/POLICIA-NY.jpg?resize=700%2C400&ssl=1 2x"},"classes":[]},{"id":51302,"url":"https:\/\/lasprimeras.com.do\/index.php\/2023\/05\/30\/varias-personas-resultan-heridas-durante-tiroteo-en-hollywood-beach-miami\/","url_meta":{"origin":58619,"position":2},"title":"Varias personas resultan heridas durante tiroteo en Hollywood Beach, Miami","author":"prenxa100","date":"30 de mayo de 2023","format":false,"excerpt":"Miami, EFE.-.Nueve personas fueron hospitalizadas este lunes por un enfrentamiento a tiros entre dos grupos en el paseo de la playa de la ciudad de Hollywood, a unos 30 kil\u00f3metros al norte de Miami, seg\u00fan confirmaron fuentes policiales. Una persona fue detenida como sospechosa y la Polic\u00eda busca a otro\u2026","rel":"","context":"En \u00abSin categor\u00eda\u00bb","block_context":{"text":"Sin categor\u00eda","link":"https:\/\/lasprimeras.com.do\/index.php\/category\/sin-categoria\/"},"img":{"alt_text":"","src":"","width":0,"height":0},"classes":[]},{"id":50543,"url":"https:\/\/lasprimeras.com.do\/index.php\/2023\/05\/22\/al-menos-10-muertos-y-varios-heridos-un-tiroteo-durante-un-rally\/","url_meta":{"origin":58619,"position":3},"title":"Al menos 10 muertos y varios heridos un tiroteo durante un rally","author":"prenxa100","date":"22 de mayo de 2023","format":false,"excerpt":"Ciudad de M\u00e9xico.- Al menos 10 muertos y m\u00faltiples heridos dej\u00f3 un tiroteo durante un rally de veh\u00edculos todoterreno, en el poblado mexicano de San Vicente, sur de Ensenada, reportan medios locales. Seg\u00fan las fuentes, los hechos ocurrieron cuando un grupo de hombres armados acudi\u00f3 al evento, denominado \u2018Cachanillazo\u2019, y\u2026","rel":"","context":"En \u00abSin categor\u00eda\u00bb","block_context":{"text":"Sin categor\u00eda","link":"https:\/\/lasprimeras.com.do\/index.php\/category\/sin-categoria\/"},"img":{"alt_text":"","src":"","width":0,"height":0},"classes":[]},{"id":76850,"url":"https:\/\/lasprimeras.com.do\/index.php\/2024\/02\/14\/un-muerto-y-9-heridos-en-tiroteo-en-la-celebracion-del-super-bowl\/","url_meta":{"origin":58619,"position":4},"title":"Un muerto y 9 heridos en tiroteo en la celebraci\u00f3n del Super Bowl","author":"BIMARY DE JES\u00daS Matos","date":"14 de febrero de 2024","format":false,"excerpt":"Washington.- Al menos una persona muri\u00f3 y m\u00e1s de 10 resultaron heridas este mi\u00e9rcoles en un tiroteo ocurrido al finalizar el desfile de celebraci\u00f3n del Super Bowl de los Kansas City Chiefs en la ciudad de Kansas City (Misuri, EE.UU.), de acuerdo a medios locales. El suceso tuvo lugar en\u2026","rel":"","context":"En \u00abSin categor\u00eda\u00bb","block_context":{"text":"Sin categor\u00eda","link":"https:\/\/lasprimeras.com.do\/index.php\/category\/sin-categoria\/"},"img":{"alt_text":"","src":"https:\/\/i0.wp.com\/lasprimeras.com.do\/wp-content\/uploads\/2024\/02\/tiroteo22222-e1707959493431.jpg?resize=350%2C200&ssl=1","width":350,"height":200,"srcset":"https:\/\/i0.wp.com\/lasprimeras.com.do\/wp-content\/uploads\/2024\/02\/tiroteo22222-e1707959493431.jpg?resize=350%2C200&ssl=1 1x, https:\/\/i0.wp.com\/lasprimeras.com.do\/wp-content\/uploads\/2024\/02\/tiroteo22222-e1707959493431.jpg?resize=525%2C300&ssl=1 1.5x, https:\/\/i0.wp.com\/lasprimeras.com.do\/wp-content\/uploads\/2024\/02\/tiroteo22222-e1707959493431.jpg?resize=700%2C400&ssl=1 2x, https:\/\/i0.wp.com\/lasprimeras.com.do\/wp-content\/uploads\/2024\/02\/tiroteo22222-e1707959493431.jpg?resize=1050%2C600&ssl=1 3x"},"classes":[]},{"id":49801,"url":"https:\/\/lasprimeras.com.do\/index.php\/2023\/05\/14\/dos-muertos-y-cinco-heridos-tras-tiroteo-masivo-en-la-frontera-de-yuma-arizona\/","url_meta":{"origin":58619,"position":5},"title":"Dos muertos y cinco heridos tras tiroteo masivo en la frontera de Yuma, Arizona","author":"prenxa100","date":"14 de mayo de 2023","format":false,"excerpt":"El tiroteo ocurri\u00f3 poco antes de las 11:00 p.m. en un vecindario residencial en el sureste del centro de Yuma, donde las dos personas murieron al ser trasladadas a un hospital local. Por: Jerald Jim\u00e9nez Arizona.-. Al menos dos personas murieron y cinco resultaron heridas tras un tiroteo durante una\u2026","rel":"","context":"En \u00abSin categor\u00eda\u00bb","block_context":{"text":"Sin categor\u00eda","link":"https:\/\/lasprimeras.com.do\/index.php\/category\/sin-categoria\/"},"img":{"alt_text":"","src":"","width":0,"height":0},"classes":[]}],"jetpack_sharing_enabled":true,"_links":{"self":[{"href":"https:\/\/lasprimeras.com.do\/index.php\/wp-json\/wp\/v2\/posts\/58619","targetHints":{"allow":["GET"]}}],"collection":[{"href":"https:\/\/lasprimeras.com.do\/index.php\/wp-json\/wp\/v2\/posts"}],"about":[{"href":"https:\/\/lasprimeras.com.do\/index.php\/wp-json\/wp\/v2\/types\/post"}],"author":[{"embeddable":true,"href":"https:\/\/lasprimeras.com.do\/index.php\/wp-json\/wp\/v2\/users\/2"}],"replies":[{"embeddable":true,"href":"https:\/\/lasprimeras.com.do\/index.php\/wp-json\/wp\/v2\/comments?post=58619"}],"version-history":[{"count":1,"href":"https:\/\/lasprimeras.com.do\/index.php\/wp-json\/wp\/v2\/posts\/58619\/revisions"}],"predecessor-version":[{"id":58621,"href":"https:\/\/lasprimeras.com.do\/index.php\/wp-json\/wp\/v2\/posts\/58619\/revisions\/58621"}],"wp:featuredmedia":[{"embeddable":true,"href":"https:\/\/lasprimeras.com.do\/index.php\/wp-json\/wp\/v2\/media\/58620"}],"wp:attachment":[{"href":"https:\/\/lasprimeras.com.do\/index.php\/wp-json\/wp\/v2\/media?parent=58619"}],"wp:term":[{"taxonomy":"category","embeddable":true,"href":"https:\/\/lasprimeras.com.do\/index.php\/wp-json\/wp\/v2\/categories?post=58619"},{"taxonomy":"post_tag","embeddable":true,"href":"https:\/\/lasprimeras.com.do\/index.php\/wp-json\/wp\/v2\/tags?post=58619"}],"curies":[{"name":"wp","href":"https:\/\/api.w.org\/{rel}","templated":true}]}}