{"id":58628,"date":"2023-08-26T19:22:25","date_gmt":"2023-08-26T23:22:25","guid":{"rendered":"https:\/\/lasprimeras.com.do\/?p=58628"},"modified":"2023-08-26T19:22:26","modified_gmt":"2023-08-26T23:22:26","slug":"piden-juicio-politico-contra-biden-por-posibles-sobornos-en-ucrania","status":"publish","type":"post","link":"https:\/\/lasprimeras.com.do\/index.php\/2023\/08\/26\/piden-juicio-politico-contra-biden-por-posibles-sobornos-en-ucrania\/","title":{"rendered":"Piden juicio pol\u00edtico contra Biden por posibles sobornos en Ucrania"},"content":{"rendered":"\n<p>WASHINGTON.- La republicana Marjorie Taylor Greene, miembro de la C\u00e1mara de Representantes de EEUU, pidi\u00f3 que se inicie una investigaci\u00f3n al presidente, Joe Biden.<\/p>\n\n\n\n<p>La iniciativa llega tras las declaraciones del exfiscal general ucraniano en las que afirm\u00f3 que est\u00e1 \u00abfirmemente convencido\u00bb de la implicaci\u00f3n del jefe de la Casa Blanca en actos de corrupci\u00f3n.<\/p>\n\n\n\n<p>\u00abTenemos que aprobar una investigaci\u00f3n de destituci\u00f3n tan pronto como el Congreso se re\u00fana en septiembre\u00bb, declar\u00f3 la congresista por el estado de Georgia, Marjorie Taylor Greene.<\/p>\n\n\n\n<p>La C\u00e1mara de Representantes debe aprobar el inicio de la investigaci\u00f3n, que podr\u00eda dar lugar a la apertura de un procedimiento de destituci\u00f3n.<\/p>\n\n\n\n<p>El 25 de agosto el exfiscal general ucraniano V\u00edktor Shokin, en una entrevista concedida al canal de televisi\u00f3n Fox News, acus\u00f3 a Biden de estar implicado en actos de corrupci\u00f3n, alegando que perdi\u00f3 su puesto porque su despido fue \u00abpagado\u00bb y se produjo por presiones de Washington.<\/p>\n\n\n\n<p>\u00abEstoy firmemente convencido de los hechos. Fueron sobornados\u00bb, indic\u00f3 el exfiscal general.<br>Agreg\u00f3 que Biden dio 1.000 millones de d\u00f3lares a cambio de su destituci\u00f3n.<\/p>\n\n\n\n<p>Anteriormente, el senador estadounidense Chuck Grassley public\u00f3 datos del FBI sobre una trama de corrupci\u00f3n con posible implicaci\u00f3n de Biden. Asimismo, el candidato presidencial estadounidense Vivek Ramaswamy se\u00f1al\u00f3 que la ayuda a Kiev podr\u00eda estar relacionada con la corrupci\u00f3n de Biden.<\/p>\n\n\n\n<p>Shokin es una figura central en la pol\u00e9mica sobre el supuesto uso de la influencia pol\u00edtica de Biden como vicepresidente de Estados Unidos para favorecer los intereses empresariales de su hijo Hunter Biden. En 2016, Shokin fue enviado a la jubilaci\u00f3n, algunos creen que tras intensas presiones de Joe Biden.<\/p>\n\n\n\n<p>Biden era vicepresidente de Estados Unidos en aquel momento y estaba a cargo de Ucrania en la Administraci\u00f3n Obama.<\/p>\n\n\n\n<p>El mandatario afirm\u00f3 en repetidas ocasiones que no tuvo nada que ver con las operaciones empresariales de su hijo, que ahora investiga la C\u00e1mara de Representantes, controlada por los republicanos.<\/p>\n","protected":false},"excerpt":{"rendered":"<p>WASHINGTON.- La republicana Marjorie Taylor Greene, miembro de la C\u00e1mara de Representantes de EEUU, pidi\u00f3 que se inicie una investigaci\u00f3n al presidente, Joe Biden. La iniciativa llega tras las declaraciones&hellip;<\/p>\n","protected":false},"author":2,"featured_media":58629,"comment_status":"open","ping_status":"open","sticky":false,"template":"","format":"standard","meta":{"content-type":"","jetpack_post_was_ever_published":false,"_jetpack_newsletter_access":"","_jetpack_dont_email_post_to_subs":false,"_jetpack_newsletter_tier_id":0,"_jetpack_memberships_contains_paywalled_content":false,"_jetpack_memberships_contains_paid_content":false,"footnotes":""},"categories":[1],"tags":[1343,392,5752,1108,3652],"class_list":["post-58628","post","type-post","status-publish","format-standard","has-post-thumbnail","hentry","category-sin-categoria","tag-joe-biden","tag-juicio-politico","tag-sobornos","tag-ucrania","tag-washington"],"jetpack_featured_media_url":"https:\/\/lasprimeras.com.do\/wp-content\/uploads\/2023\/08\/1.jpeg","jetpack-related-posts":[{"id":54288,"url":"https:\/\/lasprimeras.com.do\/index.php\/2023\/07\/09\/zelenski-biden-podria-ponerle-fin-al-conflicto-en-ucrania-en-5-minutos-pero-no-lo-aceptariamos\/","url_meta":{"origin":58628,"position":0},"title":"Zelenski: Biden podr\u00eda ponerle fin al conflicto en Ucrania &#8220;en 5 minutos&#8221;, pero no lo aceptar\u00edamos","author":"Nelson Feliz","date":"9 de julio de 2023","format":false,"excerpt":"El presidente ucraniano coment\u00f3 la promesa de Donald Trump de solucionar el conflicto en un d\u00eda si es elegido presidente de EE.UU. El presidente de Ucrania, Vlad\u00edmir Zelenski, ha comentado las declaraciones del exmandatario de Estados Unidos y candidato presidencial republicano, Donald Trump, sobre su capacidad de poner fin al\u2026","rel":"","context":"En \u00abSin categor\u00eda\u00bb","block_context":{"text":"Sin categor\u00eda","link":"https:\/\/lasprimeras.com.do\/index.php\/category\/sin-categoria\/"},"img":{"alt_text":"Joe Biden y Volodomir Zelemsky","src":"https:\/\/i0.wp.com\/lasprimeras.com.do\/wp-content\/uploads\/2023\/07\/Joe-Biden-y-Volodomir-Zelemsky.jpg?resize=350%2C200&ssl=1","width":350,"height":200,"srcset":"https:\/\/i0.wp.com\/lasprimeras.com.do\/wp-content\/uploads\/2023\/07\/Joe-Biden-y-Volodomir-Zelemsky.jpg?resize=350%2C200&ssl=1 1x, https:\/\/i0.wp.com\/lasprimeras.com.do\/wp-content\/uploads\/2023\/07\/Joe-Biden-y-Volodomir-Zelemsky.jpg?resize=525%2C300&ssl=1 1.5x, https:\/\/i0.wp.com\/lasprimeras.com.do\/wp-content\/uploads\/2023\/07\/Joe-Biden-y-Volodomir-Zelemsky.jpg?resize=700%2C400&ssl=1 2x, https:\/\/i0.wp.com\/lasprimeras.com.do\/wp-content\/uploads\/2023\/07\/Joe-Biden-y-Volodomir-Zelemsky.jpg?resize=1050%2C600&ssl=1 3x"},"classes":[]},{"id":70863,"url":"https:\/\/lasprimeras.com.do\/index.php\/2023\/12\/14\/camara-aprueba-investigacion-de-juicio-politico-contra-joe-biden\/","url_meta":{"origin":58628,"position":1},"title":"C\u00e1mara aprueba investigaci\u00f3n de juicio pol\u00edtico contra Joe Biden","author":"BIMARY DE JES\u00daS Matos","date":"14 de diciembre de 2023","format":false,"excerpt":"Santo Domingo.-La C\u00e1mara de Representantes de Estados Unidos aprob\u00f3 este mi\u00e9rcoles una investigaci\u00f3n de juicio pol\u00edtico contra el presidente Joe Biden. Este mi\u00e9rcoles los republicanos impulsaron una votaci\u00f3n en momentos en que el titular de la C\u00e1mara Baja, Mike Johnson, y otros dirigentes republicanos est\u00e1n bajo presi\u00f3n de mostrar alg\u00fan\u2026","rel":"","context":"En \u00abSin categor\u00eda\u00bb","block_context":{"text":"Sin categor\u00eda","link":"https:\/\/lasprimeras.com.do\/index.php\/category\/sin-categoria\/"},"img":{"alt_text":"","src":"https:\/\/i0.wp.com\/lasprimeras.com.do\/wp-content\/uploads\/2023\/12\/WhatsApp-Image-2023-12-14-at-10.38.32-AM-10.jpeg?resize=350%2C200&ssl=1","width":350,"height":200},"classes":[]},{"id":83465,"url":"https:\/\/lasprimeras.com.do\/index.php\/2024\/05\/16\/los-republicanos-de-la-camara-de-representantes-abandonan-sus-trabajos-diarios-para-apoyar-a-trump\/","url_meta":{"origin":58628,"position":2},"title":"Los republicanos de la C\u00e1mara de Representantes abandonan sus trabajos diarios para apoyar a Trump","author":"Nelson Feliz","date":"16 de mayo de 2024","format":false,"excerpt":"POR LISA MASCARO Dejando atr\u00e1s a Washington, prominentes republicanos de extrema derecha en la C\u00e1mara de Representantes, que repetidamente han sumido al Congreso en el caos, se presentaron el jueves en el juicio secreto de Donald Trump para hacer lo que mejor saben hacer. Se pararon afuera de la Torre\u2026","rel":"","context":"En \u00abSin categor\u00eda\u00bb","block_context":{"text":"Sin categor\u00eda","link":"https:\/\/lasprimeras.com.do\/index.php\/category\/sin-categoria\/"},"img":{"alt_text":"","src":"https:\/\/i0.wp.com\/lasprimeras.com.do\/wp-content\/uploads\/2024\/05\/Captura-1.jpg?resize=350%2C200&ssl=1","width":350,"height":200,"srcset":"https:\/\/i0.wp.com\/lasprimeras.com.do\/wp-content\/uploads\/2024\/05\/Captura-1.jpg?resize=350%2C200&ssl=1 1x, https:\/\/i0.wp.com\/lasprimeras.com.do\/wp-content\/uploads\/2024\/05\/Captura-1.jpg?resize=525%2C300&ssl=1 1.5x, https:\/\/i0.wp.com\/lasprimeras.com.do\/wp-content\/uploads\/2024\/05\/Captura-1.jpg?resize=700%2C400&ssl=1 2x"},"classes":[]},{"id":61103,"url":"https:\/\/lasprimeras.com.do\/index.php\/2023\/09\/22\/zelenskyy-envia-un-mensaje-optimista-a-los-legisladores-estadounidenses-sobre-el-progreso-de-la-guerra\/","url_meta":{"origin":58628,"position":3},"title":"Zelenskyy env\u00eda un mensaje optimista a los legisladores estadounidenses sobre el progreso de la guerra","author":"Nelson Feliz","date":"22 de septiembre de 2023","format":false,"excerpt":"POR ELLEN KNICKMEYER, LISA MASCARO Y MARY CLARE JALONICK WASHINGTON (AP) \u2014 El presidente Volodymyr Zelenskyy trabaj\u00f3 para reforzar el apoyo de Estados Unidos a Ucrania en una visita rel\u00e1mpago a Washington el jueves, entregando un mensaje optimista sobre el progreso de la guerra mientras enfrentaba nuevas preguntas sobre el\u2026","rel":"","context":"En \u00abSin categor\u00eda\u00bb","block_context":{"text":"Sin categor\u00eda","link":"https:\/\/lasprimeras.com.do\/index.php\/category\/sin-categoria\/"},"img":{"alt_text":"Volodymyr Zelensky vs Joe Biden","src":"https:\/\/i0.wp.com\/lasprimeras.com.do\/wp-content\/uploads\/2023\/09\/Volodymyr-Zelensky-vs-Joe-Biden.jpg?resize=350%2C200&ssl=1","width":350,"height":200,"srcset":"https:\/\/i0.wp.com\/lasprimeras.com.do\/wp-content\/uploads\/2023\/09\/Volodymyr-Zelensky-vs-Joe-Biden.jpg?resize=350%2C200&ssl=1 1x, https:\/\/i0.wp.com\/lasprimeras.com.do\/wp-content\/uploads\/2023\/09\/Volodymyr-Zelensky-vs-Joe-Biden.jpg?resize=525%2C300&ssl=1 1.5x, https:\/\/i0.wp.com\/lasprimeras.com.do\/wp-content\/uploads\/2023\/09\/Volodymyr-Zelensky-vs-Joe-Biden.jpg?resize=700%2C400&ssl=1 2x"},"classes":[]},{"id":59643,"url":"https:\/\/lasprimeras.com.do\/index.php\/2023\/09\/06\/el-congreso-evita-cierre-del-gobierno-mientras-el-partido-republicano-sopesa-una-investigacion-de-juicio-politico\/","url_meta":{"origin":58628,"position":4},"title":"El Congreso evita cierre del gobierno mientras el Partido Republicano sopesa una investigaci\u00f3n de juicio pol\u00edtico","author":"Nelson Feliz","date":"6 de septiembre de 2023","format":false,"excerpt":"POR STEPHEN GROVES Y MARY CLARE JALONICK WASHINGTON (AP) \u2014 Despu\u00e9s de meses de luchar para encontrar un acuerdo sobre casi cualquier cosa en un Congreso dividido, los legisladores regresan al Capitolio para tratar de evitar un cierre del gobierno, incluso cuando los republicanos de la C\u00e1mara de Representantes consideran\u2026","rel":"","context":"En \u00abSin categor\u00eda\u00bb","block_context":{"text":"Sin categor\u00eda","link":"https:\/\/lasprimeras.com.do\/index.php\/category\/sin-categoria\/"},"img":{"alt_text":"Capitolio","src":"https:\/\/i0.wp.com\/lasprimeras.com.do\/wp-content\/uploads\/2023\/09\/Capitolio.jpg?resize=350%2C200&ssl=1","width":350,"height":200,"srcset":"https:\/\/i0.wp.com\/lasprimeras.com.do\/wp-content\/uploads\/2023\/09\/Capitolio.jpg?resize=350%2C200&ssl=1 1x, https:\/\/i0.wp.com\/lasprimeras.com.do\/wp-content\/uploads\/2023\/09\/Capitolio.jpg?resize=525%2C300&ssl=1 1.5x, https:\/\/i0.wp.com\/lasprimeras.com.do\/wp-content\/uploads\/2023\/09\/Capitolio.jpg?resize=700%2C400&ssl=1 2x"},"classes":[]},{"id":60412,"url":"https:\/\/lasprimeras.com.do\/index.php\/2023\/09\/14\/biden-lleva-casi-un-ano-preparandose-para-luchar-contra-un-impeachment-esta-es-su-estrategia\/","url_meta":{"origin":58628,"position":5},"title":"Biden lleva casi un a\u00f1o prepar\u00e1ndose para luchar contra un impeachment. Esta es su estrategia","author":"Nelson Feliz","date":"14 de septiembre de 2023","format":false,"excerpt":"POR COLLEEN LARGO WASHINGTON (AP) \u2014 En el Capitolio, los republicanos de la C\u00e1mara de Representantes apoyaron el anuncio del presidente de la C\u00e1mara, Kevin McCarthy, de una investigaci\u00f3n de juicio pol\u00edtico contra el presidente Joe Biden. En la Avenida Pennsylvania, el presidente hablaba en la Casa Blanca sobre la\u2026","rel":"","context":"En \u00abSin categor\u00eda\u00bb","block_context":{"text":"Sin categor\u00eda","link":"https:\/\/lasprimeras.com.do\/index.php\/category\/sin-categoria\/"},"img":{"alt_text":"Joe Biden","src":"https:\/\/i0.wp.com\/lasprimeras.com.do\/wp-content\/uploads\/2023\/09\/Joe-Biden-1.jpg?resize=350%2C200&ssl=1","width":350,"height":200,"srcset":"https:\/\/i0.wp.com\/lasprimeras.com.do\/wp-content\/uploads\/2023\/09\/Joe-Biden-1.jpg?resize=350%2C200&ssl=1 1x, https:\/\/i0.wp.com\/lasprimeras.com.do\/wp-content\/uploads\/2023\/09\/Joe-Biden-1.jpg?resize=525%2C300&ssl=1 1.5x"},"classes":[]}],"jetpack_sharing_enabled":true,"_links":{"self":[{"href":"https:\/\/lasprimeras.com.do\/index.php\/wp-json\/wp\/v2\/posts\/58628","targetHints":{"allow":["GET"]}}],"collection":[{"href":"https:\/\/lasprimeras.com.do\/index.php\/wp-json\/wp\/v2\/posts"}],"about":[{"href":"https:\/\/lasprimeras.com.do\/index.php\/wp-json\/wp\/v2\/types\/post"}],"author":[{"embeddable":true,"href":"https:\/\/lasprimeras.com.do\/index.php\/wp-json\/wp\/v2\/users\/2"}],"replies":[{"embeddable":true,"href":"https:\/\/lasprimeras.com.do\/index.php\/wp-json\/wp\/v2\/comments?post=58628"}],"version-history":[{"count":1,"href":"https:\/\/lasprimeras.com.do\/index.php\/wp-json\/wp\/v2\/posts\/58628\/revisions"}],"predecessor-version":[{"id":58630,"href":"https:\/\/lasprimeras.com.do\/index.php\/wp-json\/wp\/v2\/posts\/58628\/revisions\/58630"}],"wp:featuredmedia":[{"embeddable":true,"href":"https:\/\/lasprimeras.com.do\/index.php\/wp-json\/wp\/v2\/media\/58629"}],"wp:attachment":[{"href":"https:\/\/lasprimeras.com.do\/index.php\/wp-json\/wp\/v2\/media?parent=58628"}],"wp:term":[{"taxonomy":"category","embeddable":true,"href":"https:\/\/lasprimeras.com.do\/index.php\/wp-json\/wp\/v2\/categories?post=58628"},{"taxonomy":"post_tag","embeddable":true,"href":"https:\/\/lasprimeras.com.do\/index.php\/wp-json\/wp\/v2\/tags?post=58628"}],"curies":[{"name":"wp","href":"https:\/\/api.w.org\/{rel}","templated":true}]}}