{"id":58767,"date":"2023-08-28T08:34:11","date_gmt":"2023-08-28T12:34:11","guid":{"rendered":"https:\/\/lasprimeras.com.do\/?p=58767"},"modified":"2023-08-28T08:34:13","modified_gmt":"2023-08-28T12:34:13","slug":"la-seleccion-dominicana-se-ilusiona-con-ganar-el-grupo-a-tras-vencer-a-italia","status":"publish","type":"post","link":"https:\/\/lasprimeras.com.do\/index.php\/2023\/08\/28\/la-seleccion-dominicana-se-ilusiona-con-ganar-el-grupo-a-tras-vencer-a-italia\/","title":{"rendered":"La selecci\u00f3n dominicana se ilusiona con ganar el Grupo A tras vencer a Italia"},"content":{"rendered":"\n<p class=\"wp-block-paragraph\"><strong>&#8211;Karl Towns y Andr\u00e9s F\u00e9liz 24 cada uno y suman 11 triples<\/strong><\/p>\n\n\n\n<p class=\"wp-block-paragraph\"><strong>&#8211;Si ganan el martes a Angola pasan como l\u00edderes de Grupo<\/strong><\/p>\n\n\n\n<p class=\"wp-block-paragraph\">Con la victoria de este domingo 87-82 ante Italia, qued\u00f3 evidenciado un gran hecho para Rep\u00fablica Dominicana y es que su selecci\u00f3n de baloncesto se une a la del Cl\u00e1sico Mundial de B\u00e9isbol que gan\u00f3 el t\u00edtulo en 2013 para ser las \u00fanicas en encabezar un Grupo.<\/p>\n\n\n\n<p class=\"wp-block-paragraph\">Aunque todav\u00eda pendiente de su encuentro final de la fase preliminar, hoy es l\u00edder del Grupo A, del Mundial de baloncesto con un puesto en la segunda ronda de los 16 mejores.<\/p>\n\n\n\n<p class=\"wp-block-paragraph\">El equipo dominicano venci\u00f3 a Italia 87-82 en un partido que luc\u00eda c\u00f3modo para el equipo caribe\u00f1o, pero que se complic\u00f3 en el \u00faltimo minuto. A\u00fan as\u00ed, ahora se ilusiona con pasar de cabeza de Grupo a la otra ronda.<\/p>\n\n\n\n<p class=\"wp-block-paragraph\">Gracias a Karl-Anthony Towns con su otro doble doble de 24 puntos (cuatro triples) y 10 rebotesy a otros 24 tantos de Andr\u00e9s F\u00e9liz (siete triples), el equipo venci\u00f3 a su segundo rival europeo en toda sus tres presentaciones mundalistas. Antes venci\u00f3 a Alemania en el Mundial 2019 con un ajustado 70-68.<\/p>\n\n\n\n<p class=\"wp-block-paragraph\">Los 24 de Towns lo mantienen de tercero en el liderato de puntos (25.0). Jean Montero aport\u00f3 12 puntos.<\/p>\n\n\n\n<p class=\"wp-block-paragraph\">Marco Spissu lider\u00f3 a Italia con 17 puntos, Simone Fontecchio 13, Giampaolo Ricci 12 y Achille Polonara 10.<\/p>\n\n\n\n<p class=\"wp-block-paragraph\">En total, la tricolor se encontr\u00f3 con una efectividad de un 41 por ciento detr\u00e1s del arco, contra un bajo 24 por ciento de los italianos, un desempe\u00f1o sin dudas inesperado para propios y extra\u00f1os.<\/p>\n\n\n\n<p class=\"wp-block-paragraph\">Este martes a las 4:00 a.m., la representaci\u00f3n quisqueyana se enfrenta a Angola (su segundo rival africano de por vida) de esa forma asegurar\u00eda pasar de l\u00edder a lasiguiente fase.<\/p>\n\n\n\n<p class=\"wp-block-paragraph\">Italia juega contra Filipinas, en el segundo partido del Grupo A (8:00 a.m.). El triunfo previo asegura el liderato dominicano, que ya se asegura su permanencia para la segunda ronda, que comienza el 31 de agosto.<\/p>\n\n\n\n<p class=\"wp-block-paragraph\">El equipo dominicano pone marca de 2-0 en esta fase preliminar, luego de vencer a Filipinas 87-81 en la apertura del Mundial.<\/p>\n\n\n\n<p class=\"wp-block-paragraph\">Serbia o Puerto Rico a la vista<\/p>\n\n\n\n<p class=\"wp-block-paragraph\">Con un triunfo asegurado ante Angola por el equipo dominicano entonces pasar\u00e1 a enfrentar al que quede segundo del Grupo B.<\/p>\n\n\n\n<p class=\"wp-block-paragraph\">En la segunda ronda, la tricolor pasar\u00e1 a ser parte del Grupo I, donde se espera que Serbia y Puerto Rico sean los que avancen del Pool B, el cual comparten con Sud\u00e1n del Sur y China, una selecci\u00f3n a tomar en cuenta.<\/p>\n\n\n\n<p class=\"wp-block-paragraph\">Serbia y Puerto Rico se miden este lunes a las 8:00 a.m. y ah\u00ed se puede definir cu\u00e1l de los dos encabezar\u00e1 su cuadro. Sud\u00e1n del Sur enfrenta a China.<\/p>\n\n\n\n<p class=\"wp-block-paragraph\">Dominicana nunca se ha enfrentado a Serbia en un Mundial, pero s\u00ed a Puerto Rico de quien perdi\u00f3 119-89 en el Mundial de 1978.<\/p>\n\n\n\n<p class=\"wp-block-paragraph\">El equipo dominicano tiene marca de 8-12 en sus participaciones mundialistas y el punto positivo es que por tercera vez gana dos victorias corridas, haza\u00f1a que ha logrado en cada uno de los cuatro escenarios mundialistas en que se ha presentado.<\/p>\n\n\n\n<p class=\"wp-block-paragraph\">Este martes buscar\u00e1 sumar tres triunfos corridos, lo que nunca ha ocurrido en las tres participaciones mundialistas previas.<\/p>\n","protected":false},"excerpt":{"rendered":"<p>&#8211;Karl Towns y Andr\u00e9s F\u00e9liz 24 cada uno y suman 11 triples &#8211;Si ganan el martes a Angola pasan como l\u00edderes de Grupo Con la victoria de este domingo 87-82&hellip;<\/p>\n","protected":false},"author":2,"featured_media":58768,"comment_status":"open","ping_status":"open","sticky":false,"template":"","format":"standard","meta":{"content-type":"","_jetpack_newsletter_access":"","_jetpack_dont_email_post_to_subs":false,"_jetpack_newsletter_tier_id":0,"_jetpack_memberships_contains_paywalled_content":false,"_jetpack_feature_clip_id":0,"_jetpack_memberships_contains_paid_content":false,"footnotes":"","jetpack_post_was_ever_published":false},"categories":[1],"tags":[549,1558,6744,6745,1870,2259,5737],"class_list":["post-58767","post","type-post","status-publish","format-standard","has-post-thumbnail","hentry","category-sin-categoria","tag-dominicana","tag-ganar","tag-grupo-a","tag-ilusiona","tag-italia","tag-seleccion","tag-vencer"],"jetpack-related-posts":[{"id":58910,"url":"https:\/\/lasprimeras.com.do\/index.php\/2023\/08\/29\/italia-se-luce-ante-filipinas-y-acompana-a-rd-a-segunda-fase-en-el-mundial\/","url_meta":{"origin":58767,"position":0},"title":"Italia se luce ante Filipinas y acompa\u00f1a a RD a segunda fase en el Mundial","author":"Nelson Feliz","date":"29 de agosto de 2023","format":false,"excerpt":"Horas despu\u00e9s de que los dominicanos asegurasen su continuidad con una brillante victoria por 67-75 contra Angola, Italia no se dej\u00f3 sorprender por los filipinos. La selecci\u00f3n italiana sell\u00f3 este martes su clasificaci\u00f3n para la segunda fase del Mundial de baloncesto al sumar su segunda victoria frente a Filipinas, una\u2026","rel":"","context":"En \u00abSin categor\u00eda\u00bb","block_context":{"text":"Sin categor\u00eda","link":"https:\/\/lasprimeras.com.do\/index.php\/category\/sin-categoria\/"},"img":{"alt_text":"El delantero italiano Nicolo Melli (9) contra el p\u00edvot filipino Ariel John Edu (34) durante su partido del grupo A de la Copa Mundial de baloncesto en el Araneta Coliseum, Manila, Filipinas, el martes 29 de agosto de 2023.AARON FAVILA","src":"https:\/\/i0.wp.com\/lasprimeras.com.do\/wp-content\/uploads\/2023\/08\/BASKET.jpeg?resize=350%2C200&ssl=1","width":350,"height":200,"srcset":"https:\/\/i0.wp.com\/lasprimeras.com.do\/wp-content\/uploads\/2023\/08\/BASKET.jpeg?resize=350%2C200&ssl=1 1x, https:\/\/i0.wp.com\/lasprimeras.com.do\/wp-content\/uploads\/2023\/08\/BASKET.jpeg?resize=525%2C300&ssl=1 1.5x, https:\/\/i0.wp.com\/lasprimeras.com.do\/wp-content\/uploads\/2023\/08\/BASKET.jpeg?resize=700%2C400&ssl=1 2x"},"classes":[]},{"id":86581,"url":"https:\/\/lasprimeras.com.do\/index.php\/2024\/07\/28\/las-reinas-del-caribe-pierden-3-1-ante-italia-en-juegos-olimpicos-de-paris\/","url_meta":{"origin":58767,"position":1},"title":"Las Reinas del Caribe pierden 3-1 ante Italia en Juegos Ol\u00edmpicos de Par\u00eds","author":"Nelson Feliz","date":"28 de julio de 2024","format":false,"excerpt":"Par\u00eds, EFE.- Las \u2018Reinas del Caribe\u2019 dominicanas no pudieron superar su primer obst\u00e1culo en los Juegos Ol\u00edmpicos de Par\u00eds y cayeron por 3-1 (25-19, 24-26, 25-21 y 25-18) ante Italia, la selecci\u00f3n que encabeza el r\u00e1nking mundial y que fue un rival demasiado fuerte para el equipo que entrena el\u2026","rel":"","context":"En \u00abSin categor\u00eda\u00bb","block_context":{"text":"Sin categor\u00eda","link":"https:\/\/lasprimeras.com.do\/index.php\/category\/sin-categoria\/"},"img":{"alt_text":"Jineiry Mart\u00ednez (izq.) y Brayelin Elizabeth Mart\u00ednez de Rep\u00fablica Dominicana (c) en acci\u00f3n contra Paola Ogechi Egonu de Italia durante el partido del grupo C de la ronda preliminar entre Italia y la Rep\u00fablica Dominicana de las competencias de voleibol en los Juegos Ol\u00edmpicos de Par\u00eds 2024, en el South Paris Arena en Par\u00eds, Francia, el 28 de julio de 2024. EFE\/EPA\/MAST IRHAM","src":"https:\/\/i0.wp.com\/lasprimeras.com.do\/wp-content\/uploads\/2024\/07\/Las-Reinas-del-Caribe-1.png?resize=350%2C200&ssl=1","width":350,"height":200,"srcset":"https:\/\/i0.wp.com\/lasprimeras.com.do\/wp-content\/uploads\/2024\/07\/Las-Reinas-del-Caribe-1.png?resize=350%2C200&ssl=1 1x, https:\/\/i0.wp.com\/lasprimeras.com.do\/wp-content\/uploads\/2024\/07\/Las-Reinas-del-Caribe-1.png?resize=525%2C300&ssl=1 1.5x, https:\/\/i0.wp.com\/lasprimeras.com.do\/wp-content\/uploads\/2024\/07\/Las-Reinas-del-Caribe-1.png?resize=700%2C400&ssl=1 2x"},"classes":[]},{"id":54463,"url":"https:\/\/lasprimeras.com.do\/index.php\/2023\/07\/11\/fiba-promociona-en-republica-dominicana-copa-mundial-basket\/","url_meta":{"origin":58767,"position":2},"title":"FIBA promociona en Rep\u00fablica Dominicana Copa Mundial Basket","author":"Nelson Feliz","date":"11 de julio de 2023","format":false,"excerpt":"La Copa del Mundial de Baloncesto est\u00e1 en la Rep\u00fablica Dominicana. Como parte de la promoci\u00f3n organizada por la Federaci\u00f3n Internacional de Baloncesto (FIBA), el evento que ser\u00e1 disputado por los 32 pa\u00edses que alcanzaron la clasificaci\u00f3n, ha iniciado una gira por esas nacionales y ahora le ha tocado al\u2026","rel":"","context":"En \u00abSin categor\u00eda\u00bb","block_context":{"text":"Sin categor\u00eda","link":"https:\/\/lasprimeras.com.do\/index.php\/category\/sin-categoria\/"},"img":{"alt_text":"David D\u00edaz, Iv\u00e1n Mieses, Vinicio Mu\u00f1oz, Faisal Abel, Eduardo G\u00f3mez y Junior P\u00e1ez junto a la Copa Mundial de Baloncesto","src":"https:\/\/i0.wp.com\/lasprimeras.com.do\/wp-content\/uploads\/2023\/07\/copafiba.jpeg?resize=350%2C200&ssl=1","width":350,"height":200,"srcset":"https:\/\/i0.wp.com\/lasprimeras.com.do\/wp-content\/uploads\/2023\/07\/copafiba.jpeg?resize=350%2C200&ssl=1 1x, https:\/\/i0.wp.com\/lasprimeras.com.do\/wp-content\/uploads\/2023\/07\/copafiba.jpeg?resize=525%2C300&ssl=1 1.5x, https:\/\/i0.wp.com\/lasprimeras.com.do\/wp-content\/uploads\/2023\/07\/copafiba.jpeg?resize=700%2C400&ssl=1 2x"},"classes":[]},{"id":50239,"url":"https:\/\/lasprimeras.com.do\/index.php\/2023\/05\/18\/republica-dominicana-buscara-clasificarse-con-jugadores-al-100-y-sin-depender-del-rival\/","url_meta":{"origin":58767,"position":3},"title":"Rep\u00fablica Dominicana buscar\u00e1 clasificarse con jugadores al 100 % y sin depender del rival","author":"prenxa100","date":"18 de mayo de 2023","format":false,"excerpt":"Santo Domingo, R.D.Rep\u00fablica Dominicana debutar\u00e1 en el Mundial Sub'20 de f\u00fatbol de Argentina con la vista puesta en superar la fase de grupos, en la que se citar\u00e1 con las selecciones de Brasil, Italia y Nigeria. Lograr la clasificaci\u00f3n a octavos de final es el gran desaf\u00edo. En pos de\u2026","rel":"","context":"En \u00abSin categor\u00eda\u00bb","block_context":{"text":"Sin categor\u00eda","link":"https:\/\/lasprimeras.com.do\/index.php\/category\/sin-categoria\/"},"img":{"alt_text":"","src":"","width":0,"height":0},"classes":[]},{"id":69790,"url":"https:\/\/lasprimeras.com.do\/index.php\/2023\/12\/05\/rd-vence-a-bermudas-y-avanza-al-repechaje-de-la-copa-oro-2024\/","url_meta":{"origin":58767,"position":4},"title":"RD vence a Bermudas y avanza al repechaje de la Copa Oro 2024","author":"Nelson Feliz","date":"5 de diciembre de 2023","format":false,"excerpt":"Alyssa Oviedo y M\u00eda Asenjo marcaron los dos goles para el equipo dominicano La selecci\u00f3n nacional de f\u00fatbol femenina de la Rep\u00fablica Dominicana dio un paso gigantesco al vencer 2-0 a su similar de Bermudas, en un partido celebrado la noche de este martes en el Estadio Panamericano de San\u2026","rel":"","context":"En \u00abSin categor\u00eda\u00bb","block_context":{"text":"Sin categor\u00eda","link":"https:\/\/lasprimeras.com.do\/index.php\/category\/sin-categoria\/"},"img":{"alt_text":"Alyssa Oviedo marc\u00f3 el gol que dio la victoria de RD","src":"https:\/\/i0.wp.com\/lasprimeras.com.do\/wp-content\/uploads\/2023\/12\/Alyssa-Oviedo-marco-el-gol-que-dio-la-victoria-de-RD.jpg?resize=350%2C200&ssl=1","width":350,"height":200,"srcset":"https:\/\/i0.wp.com\/lasprimeras.com.do\/wp-content\/uploads\/2023\/12\/Alyssa-Oviedo-marco-el-gol-que-dio-la-victoria-de-RD.jpg?resize=350%2C200&ssl=1 1x, https:\/\/i0.wp.com\/lasprimeras.com.do\/wp-content\/uploads\/2023\/12\/Alyssa-Oviedo-marco-el-gol-que-dio-la-victoria-de-RD.jpg?resize=525%2C300&ssl=1 1.5x"},"classes":[]},{"id":84471,"url":"https:\/\/lasprimeras.com.do\/index.php\/2024\/06\/09\/clark-dejo-la-lista-de-la-seleccion-nacional-de-baloncesto-de-ee-uu\/","url_meta":{"origin":58767,"position":5},"title":"Clark dej\u00f3 la lista de la selecci\u00f3n nacional de baloncesto de EE. UU.","author":"Nelson Feliz","date":"9 de junio de 2024","format":false,"excerpt":"Dice fuente AP; Taurasi forma parte del sexto equipo ol\u00edmpico POR DOUG FEINBERG Caitlin Clark no ir\u00e1 a los Juegos Ol\u00edmpicos de Par\u00eds, seg\u00fan una persona familiarizada con la decisi\u00f3n. La persona, que proporcion\u00f3 la lista completa a The Associated Press, habl\u00f3 el s\u00e1bado bajo condici\u00f3n de anonimato porque no\u2026","rel":"","context":"En \u00abSin categor\u00eda\u00bb","block_context":{"text":"Sin categor\u00eda","link":"https:\/\/lasprimeras.com.do\/index.php\/category\/sin-categoria\/"},"img":{"alt_text":"","src":"https:\/\/i0.wp.com\/lasprimeras.com.do\/wp-content\/uploads\/2024\/06\/Caitlin-Clark.jpg?resize=350%2C200&ssl=1","width":350,"height":200,"srcset":"https:\/\/i0.wp.com\/lasprimeras.com.do\/wp-content\/uploads\/2024\/06\/Caitlin-Clark.jpg?resize=350%2C200&ssl=1 1x, https:\/\/i0.wp.com\/lasprimeras.com.do\/wp-content\/uploads\/2024\/06\/Caitlin-Clark.jpg?resize=525%2C300&ssl=1 1.5x, https:\/\/i0.wp.com\/lasprimeras.com.do\/wp-content\/uploads\/2024\/06\/Caitlin-Clark.jpg?resize=700%2C400&ssl=1 2x"},"classes":[]}],"jetpack_sharing_enabled":true,"jetpack_featured_media_url":"https:\/\/lasprimeras.com.do\/wp-content\/uploads\/2023\/08\/basket.jpg","_links":{"self":[{"href":"https:\/\/lasprimeras.com.do\/index.php\/wp-json\/wp\/v2\/posts\/58767","targetHints":{"allow":["GET"]}}],"collection":[{"href":"https:\/\/lasprimeras.com.do\/index.php\/wp-json\/wp\/v2\/posts"}],"about":[{"href":"https:\/\/lasprimeras.com.do\/index.php\/wp-json\/wp\/v2\/types\/post"}],"author":[{"embeddable":true,"href":"https:\/\/lasprimeras.com.do\/index.php\/wp-json\/wp\/v2\/users\/2"}],"replies":[{"embeddable":true,"href":"https:\/\/lasprimeras.com.do\/index.php\/wp-json\/wp\/v2\/comments?post=58767"}],"version-history":[{"count":1,"href":"https:\/\/lasprimeras.com.do\/index.php\/wp-json\/wp\/v2\/posts\/58767\/revisions"}],"predecessor-version":[{"id":58769,"href":"https:\/\/lasprimeras.com.do\/index.php\/wp-json\/wp\/v2\/posts\/58767\/revisions\/58769"}],"wp:featuredmedia":[{"embeddable":true,"href":"https:\/\/lasprimeras.com.do\/index.php\/wp-json\/wp\/v2\/media\/58768"}],"wp:attachment":[{"href":"https:\/\/lasprimeras.com.do\/index.php\/wp-json\/wp\/v2\/media?parent=58767"}],"wp:term":[{"taxonomy":"category","embeddable":true,"href":"https:\/\/lasprimeras.com.do\/index.php\/wp-json\/wp\/v2\/categories?post=58767"},{"taxonomy":"post_tag","embeddable":true,"href":"https:\/\/lasprimeras.com.do\/index.php\/wp-json\/wp\/v2\/tags?post=58767"}],"curies":[{"name":"wp","href":"https:\/\/api.w.org\/{rel}","templated":true}]}}