{"id":58797,"date":"2023-08-28T12:17:24","date_gmt":"2023-08-28T16:17:24","guid":{"rendered":"https:\/\/lasprimeras.com.do\/?p=58797"},"modified":"2023-08-28T12:17:25","modified_gmt":"2023-08-28T16:17:25","slug":"luis-abinader-anuncia-transporte-escolar-gratis-para-santo-domingo","status":"publish","type":"post","link":"https:\/\/lasprimeras.com.do\/index.php\/2023\/08\/28\/luis-abinader-anuncia-transporte-escolar-gratis-para-santo-domingo\/","title":{"rendered":"Luis Abinader anuncia transporte escolar gratis para Santo Domingo"},"content":{"rendered":"\n<p class=\"wp-block-paragraph\">El presidente Luis Abinader anunci\u00f3 este lunes transportaci\u00f3n escolar gratis para estudiantes de la provincia Santo Domingo.<\/p>\n\n\n\n<p class=\"wp-block-paragraph\">Inform\u00f3 que para el denominado Plan Piloto de Movilidad Escolar ser\u00e1n utilizados m\u00e1s de 200 autobuses de empresas privada.<\/p>\n\n\n\n<p class=\"wp-block-paragraph\">Record\u00f3 que el Plan comenz\u00f3 en enero de este a\u00f1o en la provincia de Monte Plata, La Victoria y Haina, con aproximadamente 50 autobuses.<\/p>\n\n\n\n<p class=\"wp-block-paragraph\">\u00abA partir de hoy, se agregar\u00e1n m\u00e1s de 200 minibuses y guaguas para cubrir todo el Gran Santo Domingo en el transporte escolar\u00bb, indic\u00f3.<\/p>\n\n\n\n<p class=\"wp-block-paragraph\">Dijo que en los pr\u00f3ximos d\u00edas se publicar\u00e1 una evaluaci\u00f3n de los resultados del plan en t\u00e9rminos de su impacto en la vida de los estudiantes y su rendimiento.<\/p>\n\n\n\n<p class=\"wp-block-paragraph\">La empresa de Williams P\u00e9rez Figuereo, presidente de la Central Nacional de Transportistas Unificados (CNTU), gan\u00f3 el proceso de licitaci\u00f3n para proporcionar 50 guaguas.<\/p>\n\n\n\n<p class=\"wp-block-paragraph\">P\u00e9rez Figuereo asegur\u00f3 que la participaci\u00f3n en el proyecto ha sido generalizada entre todos los \u00abgremios\u00bb de transporte que han querido hacerlo.<\/p>\n\n\n\n<p class=\"wp-block-paragraph\">El Gobierno no tiene que invertir dinero en esta parte, pero deber\u00e1 pagar una mensualidad m\u00ednima de seis mil pesos diarios por el servicio.<\/p>\n","protected":false},"excerpt":{"rendered":"<p>El presidente Luis Abinader anunci\u00f3 este lunes transportaci\u00f3n escolar gratis para estudiantes de la provincia Santo Domingo. Inform\u00f3 que para el denominado Plan Piloto de Movilidad Escolar ser\u00e1n utilizados m\u00e1s&hellip;<\/p>\n","protected":false},"author":2,"featured_media":58798,"comment_status":"open","ping_status":"open","sticky":false,"template":"","format":"standard","meta":{"content-type":"","_jetpack_newsletter_access":"","_jetpack_dont_email_post_to_subs":false,"_jetpack_newsletter_tier_id":0,"_jetpack_memberships_contains_paywalled_content":false,"_jetpack_feature_clip_id":0,"_jetpack_memberships_contains_paid_content":false,"footnotes":"","jetpack_post_was_ever_published":false},"categories":[35,25],"tags":[838,67,806,6758],"class_list":["post-58797","post","type-post","status-publish","format-standard","has-post-thumbnail","hentry","category-nacionales","category-portada","tag-gratis","tag-luis-abinader","tag-santo-domingo","tag-transporte-escolar"],"jetpack-related-posts":[{"id":64897,"url":"https:\/\/lasprimeras.com.do\/index.php\/2023\/10\/24\/digesett-ofrece-apoyo-al-sistema-de-transporte-escolar-conocido-como-trae\/","url_meta":{"origin":58797,"position":0},"title":"DIGESETT ofrece apoyo al sistema de transporte escolar conocido como \u201cTrae\u201d","author":"Nelson Feliz","date":"24 de octubre de 2023","format":false,"excerpt":"Es un sistema de transporte gratis y seguro para los estudiantes, el cual se extender\u00e1 a todo el pa\u00eds. Por Mart\u00edn Restituyo\u00a0 La Direcci\u00f3n General de Seguridad de Tr\u00e1nsito y Transporte Terrestre (DIGESETT) ofrece todo su apoyo al Sistema Nacional de Transporte Estudiantil, conocido como \u201cTrae\u201d, que dirige On\u00e9ximo Gonz\u00e1lez,\u2026","rel":"","context":"En \u00abNACIONALES\u00bb","block_context":{"text":"NACIONALES","link":"https:\/\/lasprimeras.com.do\/index.php\/category\/nacionales\/"},"img":{"alt_text":"On\u00e9simo Gonz\u00e1lez","src":"https:\/\/i0.wp.com\/lasprimeras.com.do\/wp-content\/uploads\/2023\/10\/Onesimo-Gonzalez-1.jpg?resize=350%2C200&ssl=1","width":350,"height":200,"srcset":"https:\/\/i0.wp.com\/lasprimeras.com.do\/wp-content\/uploads\/2023\/10\/Onesimo-Gonzalez-1.jpg?resize=350%2C200&ssl=1 1x, https:\/\/i0.wp.com\/lasprimeras.com.do\/wp-content\/uploads\/2023\/10\/Onesimo-Gonzalez-1.jpg?resize=525%2C300&ssl=1 1.5x, https:\/\/i0.wp.com\/lasprimeras.com.do\/wp-content\/uploads\/2023\/10\/Onesimo-Gonzalez-1.jpg?resize=700%2C400&ssl=1 2x"},"classes":[]},{"id":138058,"url":"https:\/\/lasprimeras.com.do\/index.php\/2026\/08\/24\/gobierno-presenta-despliegue-operativo-integral-para-garantizar-el-inicio-exitoso-del-ano-escolar\/","url_meta":{"origin":58797,"position":1},"title":"Gobierno presenta despliegue operativo integral para garantizar el inicio exitoso del a\u00f1o escolar","author":"Nelson Feliz","date":"24 de agosto de 2026","format":false,"excerpt":"El plan contempla la habilitaci\u00f3n de 1,509 aulas para agosto, una inversi\u00f3n de RD 1,251 millones en bonos escolares y el despliegue de 1,871 autobuses del sistema TRAE en 31 provincias. Santo Domingo.- En el marco de la primera entrega del espacio institucional LA Agenda Semanal, realizada desde el Palacio\u2026","rel":"","context":"En \u00abPORTADA\u00bb","block_context":{"text":"PORTADA","link":"https:\/\/lasprimeras.com.do\/index.php\/category\/portada\/"},"img":{"alt_text":"","src":"https:\/\/i0.wp.com\/lasprimeras.com.do\/wp-content\/uploads\/2026\/08\/Luis-Abinader-3-1.jpg?resize=350%2C200&ssl=1","width":350,"height":200,"srcset":"https:\/\/i0.wp.com\/lasprimeras.com.do\/wp-content\/uploads\/2026\/08\/Luis-Abinader-3-1.jpg?resize=350%2C200&ssl=1 1x, https:\/\/i0.wp.com\/lasprimeras.com.do\/wp-content\/uploads\/2026\/08\/Luis-Abinader-3-1.jpg?resize=525%2C300&ssl=1 1.5x, https:\/\/i0.wp.com\/lasprimeras.com.do\/wp-content\/uploads\/2026\/08\/Luis-Abinader-3-1.jpg?resize=700%2C400&ssl=1 2x"},"classes":[]},{"id":65515,"url":"https:\/\/lasprimeras.com.do\/index.php\/2023\/10\/29\/trae-alcanza-el-millon-de-estudiantes-transportados-gratis\/","url_meta":{"origin":58797,"position":2},"title":"TRAE alcanza el mill\u00f3n de estudiantes transportados gratis","author":"Nelson Feliz","date":"29 de octubre de 2023","format":false,"excerpt":"El director del Sistema Nacional de Transporte Estudiantil (TRAE), ingeniero On\u00e9ximo Gonz\u00e1lez, inform\u00f3 este domingo que el programa ya alcanz\u00f3 el mill\u00f3n de estudiantes transportados gratis. Gonz\u00e1lez, experto en transporte, precis\u00f3 que el servicio de TRAE se ha expandido seg\u00fan lo planificado y aprovech\u00f3 para agradecer a todas las instituciones\u2026","rel":"","context":"En \u00abNACIONALES\u00bb","block_context":{"text":"NACIONALES","link":"https:\/\/lasprimeras.com.do\/index.php\/category\/nacionales\/"},"img":{"alt_text":"TRAE","src":"https:\/\/i0.wp.com\/lasprimeras.com.do\/wp-content\/uploads\/2023\/10\/TRAE-1.jpg?resize=350%2C200&ssl=1","width":350,"height":200,"srcset":"https:\/\/i0.wp.com\/lasprimeras.com.do\/wp-content\/uploads\/2023\/10\/TRAE-1.jpg?resize=350%2C200&ssl=1 1x, https:\/\/i0.wp.com\/lasprimeras.com.do\/wp-content\/uploads\/2023\/10\/TRAE-1.jpg?resize=525%2C300&ssl=1 1.5x, https:\/\/i0.wp.com\/lasprimeras.com.do\/wp-content\/uploads\/2023\/10\/TRAE-1.jpg?resize=700%2C400&ssl=1 2x"},"classes":[]},{"id":107291,"url":"https:\/\/lasprimeras.com.do\/index.php\/2025\/08\/25\/abinader-llama-a-los-padres-a-acompanar-y-motivar-a-sus-hijos-en-el-nuevo-ano-escolar-2025-2026\/","url_meta":{"origin":58797,"position":3},"title":"Abinader llama a los padres a acompa\u00f1ar y motivar a sus hijos en el nuevo a\u00f1o escolar 2025-2026","author":"Nelson Feliz","date":"25 de agosto de 2025","format":false,"excerpt":"Nuevo a\u00f1o arranca con m\u00e1s de 2 millones de estudiantes con actos simult\u00e1neos en los 122 distritos escolares en todo el pa\u00eds. El nuevo periodo acad\u00e9mico inicia con m\u00e1s de 6 mil docentes, expansi\u00f3n del transporte escolar, fortalecimiento de la alimentaci\u00f3n, entrega de \u00fatiles y programas de apoyo psicoemocional y\u2026","rel":"","context":"En \u00abNACIONALES\u00bb","block_context":{"text":"NACIONALES","link":"https:\/\/lasprimeras.com.do\/index.php\/category\/nacionales\/"},"img":{"alt_text":"","src":"https:\/\/i0.wp.com\/lasprimeras.com.do\/wp-content\/uploads\/2025\/08\/Luis-Abinader-1-3.jpg?resize=350%2C200&ssl=1","width":350,"height":200,"srcset":"https:\/\/i0.wp.com\/lasprimeras.com.do\/wp-content\/uploads\/2025\/08\/Luis-Abinader-1-3.jpg?resize=350%2C200&ssl=1 1x, https:\/\/i0.wp.com\/lasprimeras.com.do\/wp-content\/uploads\/2025\/08\/Luis-Abinader-1-3.jpg?resize=525%2C300&ssl=1 1.5x, https:\/\/i0.wp.com\/lasprimeras.com.do\/wp-content\/uploads\/2025\/08\/Luis-Abinader-1-3.jpg?resize=700%2C400&ssl=1 2x"},"classes":[]},{"id":64761,"url":"https:\/\/lasprimeras.com.do\/index.php\/2023\/10\/23\/transporte-escolar-gratuito-esta-circulando-en-mas-de-30-sectores-del-gran-santo-domingo\/","url_meta":{"origin":58797,"position":4},"title":"Transporte Escolar gratuito est\u00e1 circulando en m\u00e1s de 30 sectores del Gran Santo Domingo","author":"BIMARY DE JES\u00daS Matos","date":"23 de octubre de 2023","format":false,"excerpt":"Santo Domingo.-El programa de Transporte Escolar (TRAE), del Ministerio de Educaci\u00f3n de la Rep\u00fablica (Minerd), inici\u00f3 la ampliaci\u00f3n de su cobertura en el Gran Santo Domingo este lunes, cuando se colocan en funcionamiento nuevas rutas, con un total 230 autobuses. Seg\u00fan inform\u00f3 el consultor de movilidad escolar del Minerd, On\u00e9ximo\u2026","rel":"","context":"En \u00abPORTADA\u00bb","block_context":{"text":"PORTADA","link":"https:\/\/lasprimeras.com.do\/index.php\/category\/portada\/"},"img":{"alt_text":"","src":"https:\/\/i0.wp.com\/lasprimeras.com.do\/wp-content\/uploads\/2023\/10\/WhatsApp-Image-2023-10-23-at-11.47.46-AM.jpeg?resize=350%2C200&ssl=1","width":350,"height":200,"srcset":"https:\/\/i0.wp.com\/lasprimeras.com.do\/wp-content\/uploads\/2023\/10\/WhatsApp-Image-2023-10-23-at-11.47.46-AM.jpeg?resize=350%2C200&ssl=1 1x, https:\/\/i0.wp.com\/lasprimeras.com.do\/wp-content\/uploads\/2023\/10\/WhatsApp-Image-2023-10-23-at-11.47.46-AM.jpeg?resize=525%2C300&ssl=1 1.5x"},"classes":[]},{"id":134503,"url":"https:\/\/lasprimeras.com.do\/index.php\/2026\/07\/11\/presidente-abinader-escucha-inquietudes-de-estudiantes-de-samana\/","url_meta":{"origin":58797,"position":5},"title":"Presidente Abinader escucha inquietudes de estudiantes de Saman\u00e1","author":"Nelson Feliz","date":"11 de julio de 2026","format":false,"excerpt":"El jefe de Estado verifica funcionamiento de los programas de alimentaci\u00f3n y transporte escolar, y otorga becas completas en el ITLA y anuncia acciones para fortalecer la educaci\u00f3n en la provincia. Saman\u00e1.\u2013 El presidente Luis Abinader sostuvo este s\u00e1bado un encuentro con j\u00f3venes estudiantes de diferentes municipios de la provincia\u2026","rel":"","context":"En \u00abPOLITICA\u00bb","block_context":{"text":"POLITICA","link":"https:\/\/lasprimeras.com.do\/index.php\/category\/politica\/"},"img":{"alt_text":"Luis Abinader","src":"https:\/\/i0.wp.com\/lasprimeras.com.do\/wp-content\/uploads\/2026\/07\/Luis-Abinader-5-1.jpg?resize=350%2C200&ssl=1","width":350,"height":200,"srcset":"https:\/\/i0.wp.com\/lasprimeras.com.do\/wp-content\/uploads\/2026\/07\/Luis-Abinader-5-1.jpg?resize=350%2C200&ssl=1 1x, https:\/\/i0.wp.com\/lasprimeras.com.do\/wp-content\/uploads\/2026\/07\/Luis-Abinader-5-1.jpg?resize=525%2C300&ssl=1 1.5x, https:\/\/i0.wp.com\/lasprimeras.com.do\/wp-content\/uploads\/2026\/07\/Luis-Abinader-5-1.jpg?resize=700%2C400&ssl=1 2x"},"classes":[]}],"jetpack_sharing_enabled":true,"jetpack_featured_media_url":"https:\/\/lasprimeras.com.do\/wp-content\/uploads\/2023\/08\/Luis-Abinader-10.jpg","_links":{"self":[{"href":"https:\/\/lasprimeras.com.do\/index.php\/wp-json\/wp\/v2\/posts\/58797","targetHints":{"allow":["GET"]}}],"collection":[{"href":"https:\/\/lasprimeras.com.do\/index.php\/wp-json\/wp\/v2\/posts"}],"about":[{"href":"https:\/\/lasprimeras.com.do\/index.php\/wp-json\/wp\/v2\/types\/post"}],"author":[{"embeddable":true,"href":"https:\/\/lasprimeras.com.do\/index.php\/wp-json\/wp\/v2\/users\/2"}],"replies":[{"embeddable":true,"href":"https:\/\/lasprimeras.com.do\/index.php\/wp-json\/wp\/v2\/comments?post=58797"}],"version-history":[{"count":1,"href":"https:\/\/lasprimeras.com.do\/index.php\/wp-json\/wp\/v2\/posts\/58797\/revisions"}],"predecessor-version":[{"id":58799,"href":"https:\/\/lasprimeras.com.do\/index.php\/wp-json\/wp\/v2\/posts\/58797\/revisions\/58799"}],"wp:featuredmedia":[{"embeddable":true,"href":"https:\/\/lasprimeras.com.do\/index.php\/wp-json\/wp\/v2\/media\/58798"}],"wp:attachment":[{"href":"https:\/\/lasprimeras.com.do\/index.php\/wp-json\/wp\/v2\/media?parent=58797"}],"wp:term":[{"taxonomy":"category","embeddable":true,"href":"https:\/\/lasprimeras.com.do\/index.php\/wp-json\/wp\/v2\/categories?post=58797"},{"taxonomy":"post_tag","embeddable":true,"href":"https:\/\/lasprimeras.com.do\/index.php\/wp-json\/wp\/v2\/tags?post=58797"}],"curies":[{"name":"wp","href":"https:\/\/api.w.org\/{rel}","templated":true}]}}