{"id":58935,"date":"2023-08-29T18:07:41","date_gmt":"2023-08-29T22:07:41","guid":{"rendered":"https:\/\/lasprimeras.com.do\/?p=58935"},"modified":"2023-08-29T18:07:43","modified_gmt":"2023-08-29T22:07:43","slug":"capturan-dos-vinculan-a-red-enviaba-drogas-a-ee-uu-en-cajas-de-productos-agricolas","status":"publish","type":"post","link":"https:\/\/lasprimeras.com.do\/index.php\/2023\/08\/29\/capturan-dos-vinculan-a-red-enviaba-drogas-a-ee-uu-en-cajas-de-productos-agricolas\/","title":{"rendered":"Capturan dos vinculan a red enviaba drogas a EE.UU. en cajas de productos agr\u00edcolas"},"content":{"rendered":"\n<p>Por Martin Restituyo<\/p>\n\n\n\n<p>Agentes de la Direcci\u00f3n Nacional de Control de Drogas y miembros del Ministerio P\u00fablico, arrestaron en la provincia de Puerto Plata, a un hombre y una mujer, se\u00f1alados como integrantes de una estructura criminal que utilizaba los puertos del pa\u00eds, para enviar drogas escondidas en cajas de productos agr\u00edcolas, hacia los Estados Unidos y Europa.<\/p>\n\n\n\n<p>Se trata de Brandys Rosalinda Garc\u00eda, quien fue arrestada a bordo de la jeepeta marca Changan, placa PP-111407, mediante la orden de captura y allanamiento 530-2023-EMES 02562, suscrita por la Jurisdicci\u00f3n de Atenci\u00f3n Permanente del municipio Santo Domingo Este.<\/p>\n\n\n\n<p>Posteriormente, las autoridades se trasladaron a la residencia de la imputada, ubicada en la calle Sol, esquina Arco, sector Cuesta Amarilla del municipio de San Felipe, donde arrestaron a Wilvir And\u00fajar Puello (La Culebra).<\/p>\n\n\n\n<figure class=\"wp-block-image size-full is-resized\"><img decoding=\"async\" src=\"https:\/\/lasprimeras.com.do\/wp-content\/uploads\/2023\/08\/DNCD-1-2.jpg\" alt=\"\" class=\"wp-image-58937\" style=\"width:840px;height:466px\" width=\"840\" height=\"466\"\/><\/figure>\n\n\n\n<p>\u201cEl imputado era buscado desde el pasado d\u00eda 5 de julio de este a\u00f1o, cuando logr\u00f3 evadir la persecuci\u00f3n de los agentes de la DNCD, que intentaron arrestarlo en el sector Mar\u00eda Auxiliadora\u201d<\/p>\n\n\n\n<p>Por el caso guardan prisi\u00f3n, adem\u00e1s, Ariel Ernesto Gonz\u00e1lez M\u00e9ndez, Silvio Antonio P\u00e9rez Gonz\u00e1lez (El Pulpo), Aridis Duran y&nbsp; Abrah\u00e1n Lorenzo P\u00e9rez.<\/p>\n\n\n\n<p>Se recuerda que agentes antinarc\u00f3ticos y miembros del Ministerio P\u00fablico realizaron allanamientos en el Distrito Nacional, San Crist\u00f3bal y la Vega, donde intervinieron dos compa\u00f1\u00edas de productos agr\u00edcolas, una discoteca, oficinas de pr\u00e9stamos, apartamentos y residencias.<\/p>\n\n\n\n<p>En la operaci\u00f3n se incautaron doce veh\u00edculos, prendas, cuatro armas de fuego, 5, 234,450 pesos, 3,000 d\u00f3lares, varias computadoras, m\u00e1quinas para prensar, cajas, balanzas, fundas y otros equipos.<\/p>\n\n\n\n<p>El modo de operaci\u00f3n de esta red de narcotr\u00e1fico era colocar l\u00e1minas con doble fondo rellenas de coca\u00edna en cajas de productos agr\u00edcolas para luego enviarlas a Europa y Estados Unidos.<\/p>\n\n\n\n<p>Al grupo se le vincula a la incautaci\u00f3n de 270 l\u00e1minas de coca\u00edna con un peso de 69.42 kilogramos en el Puerto de Caucedo, que ser\u00edan enviadas en cajas de banano a R\u00f3terdam, entre otros casos que son investigados por los organismos correspondientes.<\/p>\n\n\n\n<p>El Ministerio P\u00fablico y la DNCD siguen profundizando la investigaci\u00f3n para apresar a otros posibles implicados en esta red de narcotr\u00e1fico internacional.<\/p>\n","protected":false},"excerpt":{"rendered":"<p>Por Martin Restituyo Agentes de la Direcci\u00f3n Nacional de Control de Drogas y miembros del Ministerio P\u00fablico, arrestaron en la provincia de Puerto Plata, a un hombre y una mujer,&hellip;<\/p>\n","protected":false},"author":2,"featured_media":58936,"comment_status":"open","ping_status":"open","sticky":false,"template":"","format":"standard","meta":{"content-type":"","jetpack_post_was_ever_published":false,"_jetpack_newsletter_access":"","_jetpack_dont_email_post_to_subs":false,"_jetpack_newsletter_tier_id":0,"_jetpack_memberships_contains_paywalled_content":false,"_jetpack_memberships_contains_paid_content":false,"footnotes":""},"categories":[3057,25],"tags":[6824,318,3707,5970,6823,2903,6465],"class_list":["post-58935","post","type-post","status-publish","format-standard","has-post-thumbnail","hentry","category-militares","category-portada","tag-agricolas","tag-capturan","tag-dncd","tag-drogas","tag-ee-uu-cajas","tag-productos","tag-red"],"jetpack_featured_media_url":"https:\/\/lasprimeras.com.do\/wp-content\/uploads\/2023\/08\/DNCD-1-1.jpg","jetpack-related-posts":[{"id":88849,"url":"https:\/\/lasprimeras.com.do\/index.php\/2024\/09\/08\/arrestan-hombre-y-frustran-envio-201-paquetes-de-cocaina-a-roterdam\/","url_meta":{"origin":58935,"position":0},"title":"Arrestan hombre y frustran env\u00edo 201 paquetes de coca\u00edna a Roterdam","author":"Nelson Feliz","date":"8 de septiembre de 2024","format":false,"excerpt":"Por Martin Restituyo Agentes de la Direcci\u00f3n Nacional de Control de Drogas (DNCD) y miembros del Ministerio P\u00fablico, incautaron un cargamento de 201 paquetes presumiblemente coca\u00edna, durante labores de inspecci\u00f3n desarrolladas en el municipio Pepillo Salcedo (Manzanillo), provincia de Monte Cristi. Las unidades actuantes, se encontraban perfilando decenas de contenedores\u2026","rel":"","context":"En \u00abMILITARES\u00bb","block_context":{"text":"MILITARES","link":"https:\/\/lasprimeras.com.do\/index.php\/category\/militares\/"},"img":{"alt_text":"","src":"https:\/\/i0.wp.com\/lasprimeras.com.do\/wp-content\/uploads\/2024\/09\/drogas-1.jpg?resize=350%2C200&ssl=1","width":350,"height":200,"srcset":"https:\/\/i0.wp.com\/lasprimeras.com.do\/wp-content\/uploads\/2024\/09\/drogas-1.jpg?resize=350%2C200&ssl=1 1x, https:\/\/i0.wp.com\/lasprimeras.com.do\/wp-content\/uploads\/2024\/09\/drogas-1.jpg?resize=525%2C300&ssl=1 1.5x, https:\/\/i0.wp.com\/lasprimeras.com.do\/wp-content\/uploads\/2024\/09\/drogas-1.jpg?resize=700%2C400&ssl=1 2x"},"classes":[]},{"id":97582,"url":"https:\/\/lasprimeras.com.do\/index.php\/2025\/04\/23\/extraditan-a-ee-uu-dominicano-acusado-trafico-de-drogas\/","url_meta":{"origin":58935,"position":1},"title":"Extraditan a EE.UU. dominicano acusado tr\u00e1fico de drogas","author":"Nelson Feliz","date":"23 de abril de 2025","format":false,"excerpt":"La Rep\u00fablica Dominicana, a trav\u00e9s de la Direcci\u00f3n Nacional de Control de Drogas (DNCD) y la Procuradur\u00eda General de la Rep\u00fablica (PGR), con el apoyo de Alguaciles de Estados Unidos (U.S. Marshals) y la Administraci\u00f3n de Control de Drogas, (DEA) entregaron a las autoridades estadounidenses a un dominicano, acusado de\u2026","rel":"","context":"En \u00abMILITARES\u00bb","block_context":{"text":"MILITARES","link":"https:\/\/lasprimeras.com.do\/index.php\/category\/militares\/"},"img":{"alt_text":"","src":"https:\/\/i0.wp.com\/lasprimeras.com.do\/wp-content\/uploads\/2025\/04\/WhatsApp-Image-2025-04-23-at-8.50.15-AM.jpeg?resize=350%2C200&ssl=1","width":350,"height":200,"srcset":"https:\/\/i0.wp.com\/lasprimeras.com.do\/wp-content\/uploads\/2025\/04\/WhatsApp-Image-2025-04-23-at-8.50.15-AM.jpeg?resize=350%2C200&ssl=1 1x, https:\/\/i0.wp.com\/lasprimeras.com.do\/wp-content\/uploads\/2025\/04\/WhatsApp-Image-2025-04-23-at-8.50.15-AM.jpeg?resize=525%2C300&ssl=1 1.5x, https:\/\/i0.wp.com\/lasprimeras.com.do\/wp-content\/uploads\/2025\/04\/WhatsApp-Image-2025-04-23-at-8.50.15-AM.jpeg?resize=700%2C400&ssl=1 2x, https:\/\/i0.wp.com\/lasprimeras.com.do\/wp-content\/uploads\/2025\/04\/WhatsApp-Image-2025-04-23-at-8.50.15-AM.jpeg?resize=1050%2C600&ssl=1 3x"},"classes":[]},{"id":66277,"url":"https:\/\/lasprimeras.com.do\/index.php\/2023\/11\/05\/ocupan-en-puerto-haina-12-paquetes-de-marihuana-escondidos-en-cajas-de-galletas\/","url_meta":{"origin":58935,"position":2},"title":"Ocupan en Puerto Haina 12 paquetes de marihuana escondidos en cajas de galletas","author":"Nelson Feliz","date":"5 de noviembre de 2023","format":false,"excerpt":"Por Martin Restituyo Agentes de la Direcci\u00f3n Nacional de Control de Drogas (DNCD) y miembros del Ministerio P\u00fablico, apoyados por el Cuerpo Especializado de Seguridad Portuaria e inspectores de Aduanas, incautaron 12 paquetes de marihuana en el puerto de Haina Oriental, municipio Santo Domingo Oeste. Miembros de organismos oficiales, realizaban\u2026","rel":"","context":"En \u00abMILITARES\u00bb","block_context":{"text":"MILITARES","link":"https:\/\/lasprimeras.com.do\/index.php\/category\/militares\/"},"img":{"alt_text":"DROGAS","src":"https:\/\/i0.wp.com\/lasprimeras.com.do\/wp-content\/uploads\/2023\/11\/DROGAS-1.jpg?resize=350%2C200&ssl=1","width":350,"height":200,"srcset":"https:\/\/i0.wp.com\/lasprimeras.com.do\/wp-content\/uploads\/2023\/11\/DROGAS-1.jpg?resize=350%2C200&ssl=1 1x, https:\/\/i0.wp.com\/lasprimeras.com.do\/wp-content\/uploads\/2023\/11\/DROGAS-1.jpg?resize=525%2C300&ssl=1 1.5x, https:\/\/i0.wp.com\/lasprimeras.com.do\/wp-content\/uploads\/2023\/11\/DROGAS-1.jpg?resize=700%2C400&ssl=1 2x"},"classes":[]},{"id":57134,"url":"https:\/\/lasprimeras.com.do\/index.php\/2023\/08\/09\/apresan-dos-hondurenos-con-siete-paquetes-de-cacaina-en-el-puerto-de-haina\/","url_meta":{"origin":58935,"position":3},"title":"Apresan dos hondure\u00f1os con siete paquetes de caca\u00edna en el Puerto de Haina","author":"Nelson Feliz","date":"9 de agosto de 2023","format":false,"excerpt":"Por Mart\u00edn Restituyo La Direcci\u00f3n Nacional de Control de Drogas (DNCD) apoyados por el Cuerpo Especializado de Seguridad Portuaria, organismos oficiales y miembros del Ministerio P\u00fablico, confiscaron siete paquetes presumiblemente coca\u00edna, en medio de un operativo conjunto desarrollado en el Puerto de Haina Oriental, municipio Santo Domingo Oeste. Las autoridades,\u2026","rel":"","context":"En \u00abMILITARES\u00bb","block_context":{"text":"MILITARES","link":"https:\/\/lasprimeras.com.do\/index.php\/category\/militares\/"},"img":{"alt_text":"DNCD","src":"https:\/\/i0.wp.com\/lasprimeras.com.do\/wp-content\/uploads\/2023\/08\/drogas-1.jpg?resize=350%2C200&ssl=1","width":350,"height":200,"srcset":"https:\/\/i0.wp.com\/lasprimeras.com.do\/wp-content\/uploads\/2023\/08\/drogas-1.jpg?resize=350%2C200&ssl=1 1x, https:\/\/i0.wp.com\/lasprimeras.com.do\/wp-content\/uploads\/2023\/08\/drogas-1.jpg?resize=525%2C300&ssl=1 1.5x, https:\/\/i0.wp.com\/lasprimeras.com.do\/wp-content\/uploads\/2023\/08\/drogas-1.jpg?resize=700%2C400&ssl=1 2x"},"classes":[]},{"id":56860,"url":"https:\/\/lasprimeras.com.do\/index.php\/2023\/08\/06\/autoridades-descubren-cocaina-impregnada-en-vestido-enviarian-a-ee-uu\/","url_meta":{"origin":58935,"position":4},"title":"Autoridades descubren coca\u00edna impregnada en vestido enviar\u00edan a EE.UU.","author":"Nelson Feliz","date":"6 de agosto de 2023","format":false,"excerpt":"Por Martin Restituyo La Direcci\u00f3n Nacional de Control de Drogas (DNCD) y miembros del Ministerio P\u00fablico, alertaron este s\u00e1bado de una nueva modalidad del narcotr\u00e1fico para tratar de burlar los controles de las autoridades en aeropuertos y puertos del pa\u00eds. Se trata de empapar coca\u00edna en polvo en prendas de\u2026","rel":"","context":"En \u00abMILITARES\u00bb","block_context":{"text":"MILITARES","link":"https:\/\/lasprimeras.com.do\/index.php\/category\/militares\/"},"img":{"alt_text":"vestido","src":"https:\/\/i0.wp.com\/lasprimeras.com.do\/wp-content\/uploads\/2023\/08\/vestido-dos.jpg?resize=350%2C200&ssl=1","width":350,"height":200,"srcset":"https:\/\/i0.wp.com\/lasprimeras.com.do\/wp-content\/uploads\/2023\/08\/vestido-dos.jpg?resize=350%2C200&ssl=1 1x, https:\/\/i0.wp.com\/lasprimeras.com.do\/wp-content\/uploads\/2023\/08\/vestido-dos.jpg?resize=525%2C300&ssl=1 1.5x, https:\/\/i0.wp.com\/lasprimeras.com.do\/wp-content\/uploads\/2023\/08\/vestido-dos.jpg?resize=700%2C400&ssl=1 2x"},"classes":[]},{"id":75444,"url":"https:\/\/lasprimeras.com.do\/index.php\/2024\/02\/01\/arrestan-dos-e-interceptan-lancha-con-612-paquetes-presumiblemente-de-cocaina\/","url_meta":{"origin":58935,"position":5},"title":"Arrestan dos e interceptan lancha con 612 paquetes presumiblemente de coca\u00edna","author":"BIMARY DE JES\u00daS Matos","date":"1 de febrero de 2024","format":false,"excerpt":"Wilson Perez Santo Domingo.- En lo que representa otro golpe a las redes de narcotr\u00e1fico, la Direcci\u00f3n Nacional de Control de Drogas (DNCD) en conjunto con la Armada de Rep\u00fablica Dominicana, la Fuerza A\u00e9rea y agencias de inteligencia del Estado, coordinados por el Ministerio P\u00fablico, incautaron 612 paquetes presumiblemente coca\u00edna\u2026","rel":"","context":"En \u00abPORTADA\u00bb","block_context":{"text":"PORTADA","link":"https:\/\/lasprimeras.com.do\/index.php\/category\/portada\/"},"img":{"alt_text":"","src":"https:\/\/i0.wp.com\/lasprimeras.com.do\/wp-content\/uploads\/2024\/02\/WhatsApp-Image-2024-02-01-at-12.25.32-PM-scaled.jpeg?resize=350%2C200&ssl=1","width":350,"height":200,"srcset":"https:\/\/i0.wp.com\/lasprimeras.com.do\/wp-content\/uploads\/2024\/02\/WhatsApp-Image-2024-02-01-at-12.25.32-PM-scaled.jpeg?resize=350%2C200&ssl=1 1x, https:\/\/i0.wp.com\/lasprimeras.com.do\/wp-content\/uploads\/2024\/02\/WhatsApp-Image-2024-02-01-at-12.25.32-PM-scaled.jpeg?resize=525%2C300&ssl=1 1.5x, https:\/\/i0.wp.com\/lasprimeras.com.do\/wp-content\/uploads\/2024\/02\/WhatsApp-Image-2024-02-01-at-12.25.32-PM-scaled.jpeg?resize=700%2C400&ssl=1 2x, https:\/\/i0.wp.com\/lasprimeras.com.do\/wp-content\/uploads\/2024\/02\/WhatsApp-Image-2024-02-01-at-12.25.32-PM-scaled.jpeg?resize=1050%2C600&ssl=1 3x, https:\/\/i0.wp.com\/lasprimeras.com.do\/wp-content\/uploads\/2024\/02\/WhatsApp-Image-2024-02-01-at-12.25.32-PM-scaled.jpeg?resize=1400%2C800&ssl=1 4x"},"classes":[]}],"jetpack_sharing_enabled":true,"_links":{"self":[{"href":"https:\/\/lasprimeras.com.do\/index.php\/wp-json\/wp\/v2\/posts\/58935","targetHints":{"allow":["GET"]}}],"collection":[{"href":"https:\/\/lasprimeras.com.do\/index.php\/wp-json\/wp\/v2\/posts"}],"about":[{"href":"https:\/\/lasprimeras.com.do\/index.php\/wp-json\/wp\/v2\/types\/post"}],"author":[{"embeddable":true,"href":"https:\/\/lasprimeras.com.do\/index.php\/wp-json\/wp\/v2\/users\/2"}],"replies":[{"embeddable":true,"href":"https:\/\/lasprimeras.com.do\/index.php\/wp-json\/wp\/v2\/comments?post=58935"}],"version-history":[{"count":1,"href":"https:\/\/lasprimeras.com.do\/index.php\/wp-json\/wp\/v2\/posts\/58935\/revisions"}],"predecessor-version":[{"id":58938,"href":"https:\/\/lasprimeras.com.do\/index.php\/wp-json\/wp\/v2\/posts\/58935\/revisions\/58938"}],"wp:featuredmedia":[{"embeddable":true,"href":"https:\/\/lasprimeras.com.do\/index.php\/wp-json\/wp\/v2\/media\/58936"}],"wp:attachment":[{"href":"https:\/\/lasprimeras.com.do\/index.php\/wp-json\/wp\/v2\/media?parent=58935"}],"wp:term":[{"taxonomy":"category","embeddable":true,"href":"https:\/\/lasprimeras.com.do\/index.php\/wp-json\/wp\/v2\/categories?post=58935"},{"taxonomy":"post_tag","embeddable":true,"href":"https:\/\/lasprimeras.com.do\/index.php\/wp-json\/wp\/v2\/tags?post=58935"}],"curies":[{"name":"wp","href":"https:\/\/api.w.org\/{rel}","templated":true}]}}