{"id":58942,"date":"2023-08-29T20:41:07","date_gmt":"2023-08-30T00:41:07","guid":{"rendered":"https:\/\/lasprimeras.com.do\/?p=58942"},"modified":"2023-08-29T20:41:27","modified_gmt":"2023-08-30T00:41:27","slug":"senado-aprueba-en-dos-lecturas-modificacion-ley-del-presupuesto-general-del-estado-2023","status":"publish","type":"post","link":"https:\/\/lasprimeras.com.do\/index.php\/2023\/08\/29\/senado-aprueba-en-dos-lecturas-modificacion-ley-del-presupuesto-general-del-estado-2023\/","title":{"rendered":"Senado aprueba en dos lecturas modificaci\u00f3n Ley del Presupuesto General del Estado 2023"},"content":{"rendered":"\n<p><strong>La iniciativa, sometida por el Poder Ejecutivo, reduce el tope de endeudamiento y compromiso asumido por el Gobierno, garantizando una gesti\u00f3n prudente de la deuda p\u00fablica.<\/strong><\/p>\n\n\n\n<p>El Senado de la Rep\u00fablica aprob\u00f3 en dos lecturas consecutivas el Proyecto de Ley que modifica el Presupuesto General del Estado para el a\u00f1o 2023, que contempla nuevas estimaciones de ingresos y egresos para el presente a\u00f1o.<\/p>\n\n\n\n<p>La iniciativa, presentada por el Poder Ejecutivo, reduce el tope de endeudamiento aprobado por el Congreso Nacional en la Ley 366-22, de Presupuesto General del Estado, para el ejercicio presupuestario del a\u00f1o 2023.<\/p>\n\n\n\n<p>En una comunicaci\u00f3n, el Poder Ejecutivo explica que las necesidades de endeudamiento requeridas para financiar el ejercicio presupuestario de 2023 disminuyen respecto a lo estimado originalmente, lo que evidencia el compromiso asumido por el Gobierno con la sostenibilidad de las cuentas fiscales y la gesti\u00f3n prudente de la deuda p\u00fablica.<\/p>\n\n\n\n<p>El Pleno aprob\u00f3 en segunda lectura el Proyecto de Ley que dispone la Instalaci\u00f3n de Fuentes de Energ\u00eda Renovable en Edificios P\u00fablicos y Privados, propuesta por los senadores Santiago Jos\u00e9 Zorrilla y Alexis Victoria.<\/p>\n\n\n\n<p>La normativa establece regulaciones para el uso de energ\u00eda renovable en \u00e1reas comunes de edificios p\u00fablicos y privados de construcci\u00f3n o remodelados, fomentando as\u00ed el empleo de fuentes alternas de energ\u00eda y promoviendo el ahorro y la eficacia energ\u00e9tica.<\/p>\n\n\n\n<p>Aprobaron el Proyecto de Ley que crea el Parque Nacional de Loma Miranda. La iniciativa, sometida por el senador por La Vega, Ram\u00f3n Rogelio Genao, procura la garantizar la preservaci\u00f3n de Loma Miranda, mediante su designaci\u00f3n como \u00e1rea protegida.<\/p>\n\n\n\n<p>Los senadores sancionaron en primera lectura el Proyecto de Ley sobre Bienes Incautados, Secuestrados, Abandonados, Decomisados y en Extinci\u00f3n de Dominio, propuesta por los senadores F\u00e9lix Bautista y Ram\u00f3n Rogelio Genao.<\/p>\n\n\n\n<p>Tambi\u00e9n, aprobaron el Proyecto de Ley sobre la Devoluci\u00f3n del impuesto a la Transferencia de Bienes Industrializados y Servicios al Turista Extranjero, presentada por el senador Santiago Jos\u00e9 Zorrilla.<\/p>\n\n\n\n<p>Asimismo, el Senado aprobaron en primera lectura el Proyecto de Ley Nacional de Semillas y el Proyecto de Ley que Incluye en el Curr\u00edculo Estudiantil de la Educaci\u00f3n Primaria y Secundaria del Sistema Educativo Dominicano la Asignatura sobre Prevenci\u00f3n de Consumo de Drogas Il\u00edcitas y sus Delitos relacionados, ambas iniciativas presentadas por el senador F\u00e9lix Bautista.<\/p>\n\n\n\n<p>Durante la Sesi\u00f3n Ordinaria de este martes, el presidente de la C\u00e1mara Alta, Ricardo de los Santos, inform\u00f3 la conformaci\u00f3n de una Comisi\u00f3n Bicameral para el estudio del Proyecto de Ley de los Cuerpos de Bomberos, la cual ser\u00e1 presidida por el senador Bautista Rojas G\u00f3mez e integrada Virgilio Cedano, Ram\u00f3n Rogelio Genao, Jos\u00e9 Del Castillo Savi\u00f1\u00f3n, Alexis Victoria, Pedro Catrain, Ginette Bournigal de Jim\u00e9nez, Franklin Romero y Carlos G\u00f3mez.<\/p>\n\n\n\n<p>En su turno de ponencia, el senador Aris Yv\u00e1n Lorenzo solicit\u00f3 al Pleno de la Junta Central Electoral reconsiderar su posici\u00f3n acerca de la propaganda electoral, al enteneder que el pa\u00eds se encamina a uno de los cert\u00e1menes electorales m\u00e1s complicados de la historia.<\/p>\n\n\n\n<p>Bautista Rojas G\u00f3mez solicit\u00f3 a la C\u00e1mara de Diputados la aprobaci\u00f3n del Proyecto de Ley que declara a Hermanas Mirabal como Provincia Ecotur\u00edstica, como un acto de justicia a esa comunidad que se destaca por sus riquezas naturales.<\/p>\n\n\n\n<p>Franklin Rodr\u00edguez someti\u00f3 el Proyecto de Ley que declara la Circunvalaci\u00f3n de Santo Domingo como Corredor Ecol\u00f3gico. La iniciativa fue remitida a la Comisi\u00f3n de Medio Ambiente del Senado.<\/p>\n\n\n\n<p>Antonio Marte propuso la creaci\u00f3n de una direcci\u00f3n o ministerio de los bomberos para ofrecer mejores condiciones por la labor que ejercen los hombres y mujeres que luchan contra el fuego, mediante el an\u00e1lisis del Proyecto de Ley General de Bomberos.<\/p>\n\n\n\n<p>El senador Dionis S\u00e1nchez manifest\u00f3 su preocupaci\u00f3n ante el desacato de sentencias del Tribunal Constitucional. Asimismo, recomend\u00f3 al Congreso dar seguimiento a las sentencias exhortativas con fines de modificaciones de leyes, provenientes de esa Alta Corte.<\/p>\n\n\n\n<p>Ram\u00f3n Rogelio Genao lament\u00f3 el arresto de l\u00edderes comunitarios que denunciaron una tala masiva de terreno boscoso en Manabao, La Vega. Dijo que la detenci\u00f3n contraviene el derecho ciudadano a reclamar y al control social. Igualmente, solicit\u00f3 la suspensi\u00f3n de un plan de manejo para talar \u00e1rboles en el Parque Natural J. Armando Berm\u00fadez.<\/p>\n\n\n\n<p>El senador Antonio Taveras Guzm\u00e1n inform\u00f3 que durante dos a\u00f1os ha trabajado en un plan de desarrollo en la Provincia Santo Domingo. Indic\u00f3 que la estrategia est\u00e1 marcha y trasciende al cortoplacismo, y se denomina Santo Domingo 2050, la cual incluye el avance del ecoturismo.<\/p>\n\n\n\n<p>Valent\u00edn Medrano critic\u00f3 al Ministerio P\u00fablico por la frecuencia con la que es impuesta la prisi\u00f3n preventiva. Destac\u00f3 que un congresista estadounidense solicit\u00f3 una investigaci\u00f3n sobre lo que considera un uso excesivo de la prisi\u00f3n preventiva en Rep\u00fablica Dominicana.<\/p>\n\n\n\n<p>Alexis Victoria defendi\u00f3 la resoluci\u00f3n de la Junta Central Electoral, que procura normar la propaganda pol\u00edtica en las primarias, argumentando la independencia del organismo electoral. <\/p>\n\n\n\n<p>Afirm\u00f3 que los candidatos del PRM han sido respetuosos de las medidas de promoci\u00f3n pol\u00edtica, al indicar que la competencia partidista es equilibrada.<\/p>\n","protected":false},"excerpt":{"rendered":"<p>La iniciativa, sometida por el Poder Ejecutivo, reduce el tope de endeudamiento y compromiso asumido por el Gobierno, garantizando una gesti\u00f3n prudente de la deuda p\u00fablica. El Senado de la&hellip;<\/p>\n","protected":false},"author":2,"featured_media":58943,"comment_status":"open","ping_status":"open","sticky":false,"template":"","format":"standard","meta":{"content-type":"","jetpack_post_was_ever_published":false,"_jetpack_newsletter_access":"","_jetpack_dont_email_post_to_subs":false,"_jetpack_newsletter_tier_id":0,"_jetpack_memberships_contains_paywalled_content":false,"_jetpack_memberships_contains_paid_content":false,"footnotes":""},"categories":[39,25],"tags":[1068,1444,6827,6826,413],"class_list":["post-58942","post","type-post","status-publish","format-standard","has-post-thumbnail","hentry","category-economia","category-portada","tag-estado","tag-general","tag-ley-del-presupuesto","tag-modificacion","tag-senado"],"jetpack_featured_media_url":"https:\/\/lasprimeras.com.do\/wp-content\/uploads\/2023\/08\/Presupuesto-General-del-Estado.jpg","jetpack-related-posts":[{"id":109244,"url":"https:\/\/lasprimeras.com.do\/index.php\/2025\/09\/15\/el-senado-aprueba-de-urgencia-aumento-de-mas-de-rd10-mil-millones-en-deuda-publica\/","url_meta":{"origin":58942,"position":0},"title":"El Senado aprueba de urgencia aumento de m\u00e1s de RD$10 mil millones en deuda p\u00fablica","author":"Nelson Feliz","date":"15 de septiembre de 2025","format":false,"excerpt":"Abinader justific\u00f3 la necesidad de la medida en que \u201cresponde a la expansi\u00f3n del gasto de capital prevista en la modificaci\u00f3n del presupuesto\". El Senado declar\u00f3 de urgencia y aprob\u00f3 este lunes en dos lecturas consecutivas el proyecto que modifica la Ley 90-24, del 20 de diciembre de 2024, para\u2026","rel":"","context":"En \u00abECONOM\u00cdA\u00bb","block_context":{"text":"ECONOM\u00cdA","link":"https:\/\/lasprimeras.com.do\/index.php\/category\/economia\/"},"img":{"alt_text":"","src":"https:\/\/i0.wp.com\/lasprimeras.com.do\/wp-content\/uploads\/2025\/09\/el-senado-aprueba-de-urgencia-aumento-de-mas-de-rd10-mil-millones-en-deuda-publica.jpg?resize=350%2C200&ssl=1","width":350,"height":200},"classes":[]},{"id":91895,"url":"https:\/\/lasprimeras.com.do\/index.php\/2024\/12\/05\/senado-aprueba-presupuesto-general-del-estado-del-ano-2025\/","url_meta":{"origin":58942,"position":1},"title":"Senado aprueba Presupuesto General del Estado del a\u00f1o 2025","author":"Nelson Feliz","date":"5 de diciembre de 2024","format":false,"excerpt":"El Senado de la Rep\u00fablica declar\u00f3 de urgencia y aprob\u00f3 en dos lecturas consecutivas el Proyecto de Ley de Presupuesto General del Estado para el a\u00f1o 2025, ascendente a un bill\u00f3n 681,728, millones de pesos. La pieza fue aprobada por 26 de 27 senadores presentes en los trabajos legislativos de\u2026","rel":"","context":"En \u00abECONOM\u00cdA\u00bb","block_context":{"text":"ECONOM\u00cdA","link":"https:\/\/lasprimeras.com.do\/index.php\/category\/economia\/"},"img":{"alt_text":"","src":"https:\/\/i0.wp.com\/lasprimeras.com.do\/wp-content\/uploads\/2024\/12\/RICARDO-DE-LOS-SANTOS-Pres.jpg?resize=350%2C200&ssl=1","width":350,"height":200,"srcset":"https:\/\/i0.wp.com\/lasprimeras.com.do\/wp-content\/uploads\/2024\/12\/RICARDO-DE-LOS-SANTOS-Pres.jpg?resize=350%2C200&ssl=1 1x, https:\/\/i0.wp.com\/lasprimeras.com.do\/wp-content\/uploads\/2024\/12\/RICARDO-DE-LOS-SANTOS-Pres.jpg?resize=525%2C300&ssl=1 1.5x, https:\/\/i0.wp.com\/lasprimeras.com.do\/wp-content\/uploads\/2024\/12\/RICARDO-DE-LOS-SANTOS-Pres.jpg?resize=700%2C400&ssl=1 2x"},"classes":[]},{"id":72246,"url":"https:\/\/lasprimeras.com.do\/index.php\/2023\/12\/28\/camara-de-diputados-aprueba-emision-de-bonos-por-344000-millones-de-pesos\/","url_meta":{"origin":58942,"position":2},"title":"C\u00e1mara de Diputados aprueba emisi\u00f3n de bonos por 344,000 millones de pesos","author":"BIMARY DE JES\u00daS Matos","date":"28 de diciembre de 2023","format":false,"excerpt":"Santo Domingo.-A los fines de sustentar el presupuesto del pr\u00f3ximo a\u00f1o 2024, los diputados del oficialista Partido Revolucionario Moderno (PRM), lograron ayer sancionar favorablemente un nuevo pr\u00e9stamo y un proyecto de ley que autoriza al poder Ejecutivo a emitir y colocar valores de deuda p\u00fablica. Ambas piezas contaron con el\u2026","rel":"","context":"En \u00abNACIONALES\u00bb","block_context":{"text":"NACIONALES","link":"https:\/\/lasprimeras.com.do\/index.php\/category\/nacionales\/"},"img":{"alt_text":"","src":"https:\/\/i0.wp.com\/lasprimeras.com.do\/wp-content\/uploads\/2023\/12\/El-texto-del-parrafo-6.jpg?resize=350%2C200&ssl=1","width":350,"height":200,"srcset":"https:\/\/i0.wp.com\/lasprimeras.com.do\/wp-content\/uploads\/2023\/12\/El-texto-del-parrafo-6.jpg?resize=350%2C200&ssl=1 1x, https:\/\/i0.wp.com\/lasprimeras.com.do\/wp-content\/uploads\/2023\/12\/El-texto-del-parrafo-6.jpg?resize=525%2C300&ssl=1 1.5x"},"classes":[]},{"id":108077,"url":"https:\/\/lasprimeras.com.do\/index.php\/2025\/09\/02\/senadores-aprueban-el-presupuesto-complementario\/","url_meta":{"origin":58942,"position":3},"title":"Senadores aprueban el presupuesto complementario","author":"Nelson Feliz","date":"2 de septiembre de 2025","format":false,"excerpt":"Previamente, el senador del Distrito Nacional, Omar Fern\u00e1ndez, manifest\u00f3 que en la formulaci\u00f3n del presupuesto complementario existen contradicciones entre lo que dijo el presidente Luis Abinader en la carta de motivaci\u00f3n, y lo consignado en la pieza. El Senado de la Rep\u00fablica aprob\u00f3, en dos lecturas consecutivas, el proyecto de\u2026","rel":"","context":"En \u00abECONOM\u00cdA\u00bb","block_context":{"text":"ECONOM\u00cdA","link":"https:\/\/lasprimeras.com.do\/index.php\/category\/economia\/"},"img":{"alt_text":"","src":"https:\/\/i0.wp.com\/lasprimeras.com.do\/wp-content\/uploads\/2025\/03\/senadores.jpg?resize=350%2C200&ssl=1","width":350,"height":200,"srcset":"https:\/\/i0.wp.com\/lasprimeras.com.do\/wp-content\/uploads\/2025\/03\/senadores.jpg?resize=350%2C200&ssl=1 1x, https:\/\/i0.wp.com\/lasprimeras.com.do\/wp-content\/uploads\/2025\/03\/senadores.jpg?resize=525%2C300&ssl=1 1.5x, https:\/\/i0.wp.com\/lasprimeras.com.do\/wp-content\/uploads\/2025\/03\/senadores.jpg?resize=700%2C400&ssl=1 2x"},"classes":[]},{"id":86149,"url":"https:\/\/lasprimeras.com.do\/index.php\/2024\/07\/17\/senado-declara-de-urgencia-y-aprueba-presupuesto-complementario\/","url_meta":{"origin":58942,"position":4},"title":"Senado declara de urgencia y aprueba Presupuesto Complementario","author":"Nelson Feliz","date":"17 de julio de 2024","format":false,"excerpt":"El Senado de la Rep\u00fablica declar\u00f3 de urgencia y aprob\u00f3 en dos sesiones consecutivas el proyecto de ley de la nueva estimaci\u00f3n de los ingresos del Gobierno Central para el ejercicio presupuestario del a\u00f1o 2024. La iniciativa fue enviada al Congreso Nacional por el Poder Ejecutivo para modificar la Ley\u2026","rel":"","context":"En \u00abECONOM\u00cdA\u00bb","block_context":{"text":"ECONOM\u00cdA","link":"https:\/\/lasprimeras.com.do\/index.php\/category\/economia\/"},"img":{"alt_text":"","src":"","width":0,"height":0},"classes":[]},{"id":109353,"url":"https:\/\/lasprimeras.com.do\/index.php\/2025\/09\/16\/congreso-aumenta-en-rd10627-millones-el-limite-de-emision-de-deuda-publica-del-gobierno-este-ano\/","url_meta":{"origin":58942,"position":5},"title":"Congreso aumenta en RD$10,627 millones el l\u00edmite de emisi\u00f3n de deuda p\u00fablica del Gobierno este a\u00f1o","author":"Nelson Feliz","date":"16 de septiembre de 2025","format":false,"excerpt":"Tras un ef\u00edmero recorrido de siete d\u00edas en el Congreso Nacional, la C\u00e1mara de Diputados convirti\u00f3 en ley el proyecto que incrementa en m\u00e1s de 10,627 millones de pesos el tope de autorizaci\u00f3n del Ministerio de Hacienda y Econom\u00eda para emitir y colocar valores de deuda p\u00fablica durante este a\u00f1o.\u2026","rel":"","context":"En \u00abECONOM\u00cdA\u00bb","block_context":{"text":"ECONOM\u00cdA","link":"https:\/\/lasprimeras.com.do\/index.php\/category\/economia\/"},"img":{"alt_text":"","src":"https:\/\/i0.wp.com\/lasprimeras.com.do\/wp-content\/uploads\/2025\/09\/Alfredo-Pacheco.jpg?resize=350%2C200&ssl=1","width":350,"height":200,"srcset":"https:\/\/i0.wp.com\/lasprimeras.com.do\/wp-content\/uploads\/2025\/09\/Alfredo-Pacheco.jpg?resize=350%2C200&ssl=1 1x, https:\/\/i0.wp.com\/lasprimeras.com.do\/wp-content\/uploads\/2025\/09\/Alfredo-Pacheco.jpg?resize=525%2C300&ssl=1 1.5x, https:\/\/i0.wp.com\/lasprimeras.com.do\/wp-content\/uploads\/2025\/09\/Alfredo-Pacheco.jpg?resize=700%2C400&ssl=1 2x"},"classes":[]}],"jetpack_sharing_enabled":true,"_links":{"self":[{"href":"https:\/\/lasprimeras.com.do\/index.php\/wp-json\/wp\/v2\/posts\/58942","targetHints":{"allow":["GET"]}}],"collection":[{"href":"https:\/\/lasprimeras.com.do\/index.php\/wp-json\/wp\/v2\/posts"}],"about":[{"href":"https:\/\/lasprimeras.com.do\/index.php\/wp-json\/wp\/v2\/types\/post"}],"author":[{"embeddable":true,"href":"https:\/\/lasprimeras.com.do\/index.php\/wp-json\/wp\/v2\/users\/2"}],"replies":[{"embeddable":true,"href":"https:\/\/lasprimeras.com.do\/index.php\/wp-json\/wp\/v2\/comments?post=58942"}],"version-history":[{"count":1,"href":"https:\/\/lasprimeras.com.do\/index.php\/wp-json\/wp\/v2\/posts\/58942\/revisions"}],"predecessor-version":[{"id":58944,"href":"https:\/\/lasprimeras.com.do\/index.php\/wp-json\/wp\/v2\/posts\/58942\/revisions\/58944"}],"wp:featuredmedia":[{"embeddable":true,"href":"https:\/\/lasprimeras.com.do\/index.php\/wp-json\/wp\/v2\/media\/58943"}],"wp:attachment":[{"href":"https:\/\/lasprimeras.com.do\/index.php\/wp-json\/wp\/v2\/media?parent=58942"}],"wp:term":[{"taxonomy":"category","embeddable":true,"href":"https:\/\/lasprimeras.com.do\/index.php\/wp-json\/wp\/v2\/categories?post=58942"},{"taxonomy":"post_tag","embeddable":true,"href":"https:\/\/lasprimeras.com.do\/index.php\/wp-json\/wp\/v2\/tags?post=58942"}],"curies":[{"name":"wp","href":"https:\/\/api.w.org\/{rel}","templated":true}]}}