{"id":58947,"date":"2023-08-29T21:06:38","date_gmt":"2023-08-30T01:06:38","guid":{"rendered":"https:\/\/lasprimeras.com.do\/?p=58947"},"modified":"2023-08-29T21:06:40","modified_gmt":"2023-08-30T01:06:40","slug":"suspenden-profesor-que-se-llevo-una-menor-de-15-anos-en-puerto-plata","status":"publish","type":"post","link":"https:\/\/lasprimeras.com.do\/index.php\/2023\/08\/29\/suspenden-profesor-que-se-llevo-una-menor-de-15-anos-en-puerto-plata\/","title":{"rendered":"Suspenden profesor \u201cque se llev\u00f3\u201d una menor de 15 a\u00f1os en Puerto Plata"},"content":{"rendered":"\n<p>El Ministerio de Educaci\u00f3n suspendi\u00f3 de sus funciones a un maestro luego de que la fiscal\u00eda de Puerto Plata lo acusara de \u201cllevarse\u201d a una menor de edad.<\/p>\n\n\n\n<p>La orden de arresto emitida por la fiscal\u00eda es contra el profesor Jos\u00e9 Adonis Mart\u00ednez, quien reside en Luper\u00f3n de Puerto Plata.<\/p>\n\n\n\n<p>De acuerdo al comunicado, el hombre fue suspendido de sus funciones hasta tanto el Ministerio P\u00fablico culmine con las investigaciones sobre la acusaci\u00f3n.<\/p>\n\n\n\n<p>Asimismo, expresa que durante una reuni\u00f3n con Adonis Mart\u00ednez este admiti\u00f3 que mantiene una relaci\u00f3n sentimental con la joven de 15 a\u00f1os a la que se le acusa de sustraer.<\/p>\n\n\n\n<p>\u201cDe acuerdo a un informe de la Direcci\u00f3n Regional de Educaci\u00f3n 11 de Puerto Plata a la persona de Leonidas Payamps Cruz, M.A. Directora Regional, con la finalidad de poner en conocimiento una denuncia de que en fecha 27 de julio del 2023, la Licda. Nancy Batista Castillo, T\u00e9cnica docente regional Coord. Dept. De Orientaci\u00f3n y Psicolog\u00eda y Lucila A. Almonte Gonz\u00e1lez, sostuvieron una reuni\u00f3n con el docente Jos\u00e9 Adonis Mart\u00ednez, el cual admiti\u00f3 mantener una relaci\u00f3n de pareja con la adolescente de 15 a\u00f1os de edad y conviven juntos y que esa relaci\u00f3n inici\u00f3 cuando la adolescente sali\u00f3 de vacaciones por el fin de a\u00f1o escolar\u201d, concluye la misiva.<\/p>\n","protected":false},"excerpt":{"rendered":"<p>El Ministerio de Educaci\u00f3n suspendi\u00f3 de sus funciones a un maestro luego de que la fiscal\u00eda de Puerto Plata lo acusara de \u201cllevarse\u201d a una menor de edad. La orden&hellip;<\/p>\n","protected":false},"author":2,"featured_media":58948,"comment_status":"open","ping_status":"open","sticky":false,"template":"","format":"standard","meta":{"content-type":"","jetpack_post_was_ever_published":false,"_jetpack_newsletter_access":"","_jetpack_dont_email_post_to_subs":false,"_jetpack_newsletter_tier_id":0,"_jetpack_memberships_contains_paywalled_content":false,"_jetpack_memberships_contains_paid_content":false,"footnotes":""},"categories":[35],"tags":[1573,3394,687,814],"class_list":["post-58947","post","type-post","status-publish","format-standard","has-post-thumbnail","hentry","category-nacionales","tag-menor","tag-profesor","tag-puerto-plata","tag-suspenden"],"jetpack_featured_media_url":"https:\/\/lasprimeras.com.do\/wp-content\/uploads\/2023\/08\/matrimonio-infantil-de-manos.jpg","jetpack-related-posts":[{"id":127596,"url":"https:\/\/lasprimeras.com.do\/index.php\/2026\/04\/14\/minerd-suspende-docencia-en-puerto-plata-por-alerta-roja\/","url_meta":{"origin":58947,"position":0},"title":"MINERD suspende docencia en Puerto Plata por alerta roja","author":"Nelson Feliz","date":"14 de abril de 2026","format":false,"excerpt":"Por Emmanuel Solano\u00a0 El Ministerio de Educaci\u00f3n de la Rep\u00fablica Dominicana (MINERD) suspendi\u00f3 la docencia para este martes en toda la provincia de Puerto Plata, tras ser declarada en alerta roja por el Centro de Operaciones de Emergencias (COE), debido a las condiciones meteorol\u00f3gicas adversas que afectan al territorio nacional.\u2026","rel":"","context":"En \u00abNACIONALES\u00bb","block_context":{"text":"NACIONALES","link":"https:\/\/lasprimeras.com.do\/index.php\/category\/nacionales\/"},"img":{"alt_text":"","src":"https:\/\/i0.wp.com\/lasprimeras.com.do\/wp-content\/uploads\/2026\/04\/Residentes-en-Montellano-intentan-secar-ajuares-tras-las-inundaciones.jpeg?resize=350%2C200&ssl=1","width":350,"height":200,"srcset":"https:\/\/i0.wp.com\/lasprimeras.com.do\/wp-content\/uploads\/2026\/04\/Residentes-en-Montellano-intentan-secar-ajuares-tras-las-inundaciones.jpeg?resize=350%2C200&ssl=1 1x, https:\/\/i0.wp.com\/lasprimeras.com.do\/wp-content\/uploads\/2026\/04\/Residentes-en-Montellano-intentan-secar-ajuares-tras-las-inundaciones.jpeg?resize=525%2C300&ssl=1 1.5x, https:\/\/i0.wp.com\/lasprimeras.com.do\/wp-content\/uploads\/2026\/04\/Residentes-en-Montellano-intentan-secar-ajuares-tras-las-inundaciones.jpeg?resize=700%2C400&ssl=1 2x, https:\/\/i0.wp.com\/lasprimeras.com.do\/wp-content\/uploads\/2026\/04\/Residentes-en-Montellano-intentan-secar-ajuares-tras-las-inundaciones.jpeg?resize=1050%2C600&ssl=1 3x"},"classes":[]},{"id":128375,"url":"https:\/\/lasprimeras.com.do\/index.php\/2026\/04\/22\/minerd-suspende-docencia-este-jueves-en-puerto-plata-y-espaillat-por-alerta-roja\/","url_meta":{"origin":58947,"position":1},"title":"MINERD suspende docencia este jueves en Puerto Plata y Espaillat por alerta roja","author":"Nelson Feliz","date":"22 de abril de 2026","format":false,"excerpt":"La cartera educativa hizo un llamado a tomar medidas preventivas en zonas vulnerables. El Ministerio de Educaci\u00f3n de la Rep\u00fablica Dominicana (MINERD) inform\u00f3 la suspensi\u00f3n de la docencia para ma\u00f1ana jueves en las provincias de Puerto Plata y Espaillat tras ser declaradas en alerta roja en el bolet\u00edn del Centro\u2026","rel":"","context":"En \u00abNACIONALES\u00bb","block_context":{"text":"NACIONALES","link":"https:\/\/lasprimeras.com.do\/index.php\/category\/nacionales\/"},"img":{"alt_text":"","src":"https:\/\/i0.wp.com\/lasprimeras.com.do\/wp-content\/uploads\/2024\/02\/MINERD_1.jpeg?resize=350%2C200&ssl=1","width":350,"height":200,"srcset":"https:\/\/i0.wp.com\/lasprimeras.com.do\/wp-content\/uploads\/2024\/02\/MINERD_1.jpeg?resize=350%2C200&ssl=1 1x, https:\/\/i0.wp.com\/lasprimeras.com.do\/wp-content\/uploads\/2024\/02\/MINERD_1.jpeg?resize=525%2C300&ssl=1 1.5x, https:\/\/i0.wp.com\/lasprimeras.com.do\/wp-content\/uploads\/2024\/02\/MINERD_1.jpeg?resize=700%2C400&ssl=1 2x, https:\/\/i0.wp.com\/lasprimeras.com.do\/wp-content\/uploads\/2024\/02\/MINERD_1.jpeg?resize=1050%2C600&ssl=1 3x"},"classes":[]},{"id":76351,"url":"https:\/\/lasprimeras.com.do\/index.php\/2024\/02\/09\/apresan-pareja-por-explotacion-laboral-infantil-en-puerto-plata\/","url_meta":{"origin":58947,"position":2},"title":"Apresan pareja por explotaci\u00f3n laboral infantil en Puerto Plata","author":"Nelson Feliz","date":"9 de febrero de 2024","format":false,"excerpt":"Agentes del Departamento de Investigaci\u00f3n de Trata y Tr\u00e1fico de Personas, en coordinaci\u00f3n con personal de la Direcci\u00f3n Central de Polic\u00eda de Turismo (POLITUR) y la Fiscal\u00eda de Ni\u00f1os, Ni\u00f1as y Adolescentes, apresaron a un hombre y una mujer por explotaci\u00f3n laboral de menores de edad en Sos\u00faa-Puerto Plata. De\u2026","rel":"","context":"En \u00abMILITARES\u00bb","block_context":{"text":"MILITARES","link":"https:\/\/lasprimeras.com.do\/index.php\/category\/militares\/"},"img":{"alt_text":"DNCD","src":"https:\/\/i0.wp.com\/lasprimeras.com.do\/wp-content\/uploads\/2023\/08\/preso-1-1.jpg?resize=350%2C200&ssl=1","width":350,"height":200,"srcset":"https:\/\/i0.wp.com\/lasprimeras.com.do\/wp-content\/uploads\/2023\/08\/preso-1-1.jpg?resize=350%2C200&ssl=1 1x, https:\/\/i0.wp.com\/lasprimeras.com.do\/wp-content\/uploads\/2023\/08\/preso-1-1.jpg?resize=525%2C300&ssl=1 1.5x, https:\/\/i0.wp.com\/lasprimeras.com.do\/wp-content\/uploads\/2023\/08\/preso-1-1.jpg?resize=700%2C400&ssl=1 2x"},"classes":[]},{"id":101804,"url":"https:\/\/lasprimeras.com.do\/index.php\/2025\/06\/27\/dictan-dos-anos-de-prision-suspendida-para-wander-franco\/","url_meta":{"origin":58947,"position":3},"title":"Dictan dos a\u00f1os de prisi\u00f3n suspendida para Wander Franco","author":"Nelson Feliz","date":"27 de junio de 2025","format":false,"excerpt":"El pelotero Wander Franco, acusado de abuso y explotaci\u00f3n contra una menor de 16 a\u00f1os es condenado a dos a\u00f1os de prisi\u00f3n suspendida El Tribunal Colegiado del Distrito Judicial de Puerto Plata le dict\u00f3 dos a\u00f1os de prisi\u00f3n suspendida al pelotero Wander Franco, acusado de abuso y explotaci\u00f3n contra una\u2026","rel":"","context":"En \u00abJUSTICIA\u00bb","block_context":{"text":"JUSTICIA","link":"https:\/\/lasprimeras.com.do\/index.php\/category\/justicia\/"},"img":{"alt_text":"","src":"https:\/\/i0.wp.com\/lasprimeras.com.do\/wp-content\/uploads\/2025\/06\/Wander-Franco-tendra-que-cumplir-una-serie-de-requisitos-impuesto-por-la-jueza-Jakayra-Veras-para-no-cumplir-la-pena-en-prision.jpeg?resize=350%2C200&ssl=1","width":350,"height":200,"srcset":"https:\/\/i0.wp.com\/lasprimeras.com.do\/wp-content\/uploads\/2025\/06\/Wander-Franco-tendra-que-cumplir-una-serie-de-requisitos-impuesto-por-la-jueza-Jakayra-Veras-para-no-cumplir-la-pena-en-prision.jpeg?resize=350%2C200&ssl=1 1x, https:\/\/i0.wp.com\/lasprimeras.com.do\/wp-content\/uploads\/2025\/06\/Wander-Franco-tendra-que-cumplir-una-serie-de-requisitos-impuesto-por-la-jueza-Jakayra-Veras-para-no-cumplir-la-pena-en-prision.jpeg?resize=525%2C300&ssl=1 1.5x, https:\/\/i0.wp.com\/lasprimeras.com.do\/wp-content\/uploads\/2025\/06\/Wander-Franco-tendra-que-cumplir-una-serie-de-requisitos-impuesto-por-la-jueza-Jakayra-Veras-para-no-cumplir-la-pena-en-prision.jpeg?resize=700%2C400&ssl=1 2x"},"classes":[]},{"id":52444,"url":"https:\/\/lasprimeras.com.do\/index.php\/2023\/06\/10\/cluster-turistico-de-puerto-plata-y-el-politecnico-profesor-jose-morel-de-sosua-fomentaran-cultura-turistica\/","url_meta":{"origin":58947,"position":4},"title":"Cl\u00faster Tur\u00edstico de Puerto Plata y el Polit\u00e9cnico Profesor Jos\u00e9 Morel de Sos\u00faa fomentar\u00e1n Cultura Tur\u00edstica","author":"prenxa100","date":"10 de junio de 2023","format":false,"excerpt":"El Cl\u00faster Tur\u00edstico del Destino Puerto Plata y el Polit\u00e9cnico Profesor Jos\u00e9 Morel de La Uni\u00f3n Sos\u00faa, suscribieron un acuerdo de cooperaci\u00f3n que permitir\u00e1 desarrollar proyectos e iniciativas dirigidas a crear conciencia tur\u00edstica en los estudiantes, motiv\u00e1ndolos a ser multiplicadores en sus comunidades, para lograr el \u00e9xito de la actividad\u2026","rel":"","context":"En \u00abTURISMO\u00bb","block_context":{"text":"TURISMO","link":"https:\/\/lasprimeras.com.do\/index.php\/category\/turismo\/"},"img":{"alt_text":"","src":"","width":0,"height":0},"classes":[]},{"id":101550,"url":"https:\/\/lasprimeras.com.do\/index.php\/2025\/06\/23\/tribunal-pide-5-anos-de-carcel-para-wander-franco-y-10-para-madre-de-victima\/","url_meta":{"origin":58947,"position":5},"title":"Tribunal pide 5 a\u00f1os de c\u00e1rcel para Wander Franco y 10 para madre de v\u00edctima","author":"Nelson Feliz","date":"23 de junio de 2025","format":false,"excerpt":"El Ministerio P\u00fablico ha requerido al tribunal una sentencia de cinco a\u00f1os de c\u00e1rcel contra Wander Samuel Franco Aybar, acusado de haber cometido abuso sexual infantil contra una menor de edad. Respecto a la madre de la v\u00edctima, tambi\u00e9n procesada por su presunta implicaci\u00f3n en delitos de explotaci\u00f3n sexual de\u2026","rel":"","context":"En \u00abJUSTICIA\u00bb","block_context":{"text":"JUSTICIA","link":"https:\/\/lasprimeras.com.do\/index.php\/category\/justicia\/"},"img":{"alt_text":"","src":"https:\/\/i0.wp.com\/lasprimeras.com.do\/wp-content\/uploads\/2025\/06\/Wander-Franco-2.jpg?resize=350%2C200&ssl=1","width":350,"height":200,"srcset":"https:\/\/i0.wp.com\/lasprimeras.com.do\/wp-content\/uploads\/2025\/06\/Wander-Franco-2.jpg?resize=350%2C200&ssl=1 1x, https:\/\/i0.wp.com\/lasprimeras.com.do\/wp-content\/uploads\/2025\/06\/Wander-Franco-2.jpg?resize=525%2C300&ssl=1 1.5x, https:\/\/i0.wp.com\/lasprimeras.com.do\/wp-content\/uploads\/2025\/06\/Wander-Franco-2.jpg?resize=700%2C400&ssl=1 2x"},"classes":[]}],"jetpack_sharing_enabled":true,"_links":{"self":[{"href":"https:\/\/lasprimeras.com.do\/index.php\/wp-json\/wp\/v2\/posts\/58947","targetHints":{"allow":["GET"]}}],"collection":[{"href":"https:\/\/lasprimeras.com.do\/index.php\/wp-json\/wp\/v2\/posts"}],"about":[{"href":"https:\/\/lasprimeras.com.do\/index.php\/wp-json\/wp\/v2\/types\/post"}],"author":[{"embeddable":true,"href":"https:\/\/lasprimeras.com.do\/index.php\/wp-json\/wp\/v2\/users\/2"}],"replies":[{"embeddable":true,"href":"https:\/\/lasprimeras.com.do\/index.php\/wp-json\/wp\/v2\/comments?post=58947"}],"version-history":[{"count":1,"href":"https:\/\/lasprimeras.com.do\/index.php\/wp-json\/wp\/v2\/posts\/58947\/revisions"}],"predecessor-version":[{"id":58949,"href":"https:\/\/lasprimeras.com.do\/index.php\/wp-json\/wp\/v2\/posts\/58947\/revisions\/58949"}],"wp:featuredmedia":[{"embeddable":true,"href":"https:\/\/lasprimeras.com.do\/index.php\/wp-json\/wp\/v2\/media\/58948"}],"wp:attachment":[{"href":"https:\/\/lasprimeras.com.do\/index.php\/wp-json\/wp\/v2\/media?parent=58947"}],"wp:term":[{"taxonomy":"category","embeddable":true,"href":"https:\/\/lasprimeras.com.do\/index.php\/wp-json\/wp\/v2\/categories?post=58947"},{"taxonomy":"post_tag","embeddable":true,"href":"https:\/\/lasprimeras.com.do\/index.php\/wp-json\/wp\/v2\/tags?post=58947"}],"curies":[{"name":"wp","href":"https:\/\/api.w.org\/{rel}","templated":true}]}}