{"id":58950,"date":"2023-08-29T21:14:57","date_gmt":"2023-08-30T01:14:57","guid":{"rendered":"https:\/\/lasprimeras.com.do\/?p=58950"},"modified":"2023-08-29T21:15:59","modified_gmt":"2023-08-30T01:15:59","slug":"renuncia-alta-dirigencia-del-prd-acusan-a-miguel-vargas-de-violar-estatutos-internos-al-pactar-con-otros-partidos-politicos","status":"publish","type":"post","link":"https:\/\/lasprimeras.com.do\/index.php\/2023\/08\/29\/renuncia-alta-dirigencia-del-prd-acusan-a-miguel-vargas-de-violar-estatutos-internos-al-pactar-con-otros-partidos-politicos\/","title":{"rendered":"Renuncia alta dirigencia del PRD; acusan a Miguel Vargas de violar estatutos al pactar con otros partidos"},"content":{"rendered":"\n<p><strong>Renunciantes alegan que Vargas Maldonado ha dado un car\u00e1cter de empresa al partido pol\u00edtico.<\/strong><\/p>\n\n\n\n<p>El exsecretario general del Partido Revolucionario Dominicano (PRD) Junior Santos, Fiquito V\u00e1squez y otros dirigentes renunciaron de manera irrevocable a su militancia\u00a0en esa organizaci\u00f3n pol\u00edtica.<\/p>\n\n\n\n<p>Los renunciantes consideran que el presidente del PRD, Miguel Vargas Maldonado&nbsp;esta violentando de manera reiterada los estatutos internos, imponiendo su criterio abusando de la militancia perredeista y dando un car\u00e1cter de empresa a la instituci\u00f3n pol\u00edtica.<\/p>\n\n\n\n<p><strong>DECLARACI\u00d3N DE PRENSA \u00cdNTEGRA<\/strong><\/p>\n\n\n\n<p>El pasado 21 de mayo en representaci\u00f3n de un segmento importante de la dirigencia y militancia del partido Revolucionario Dominicano, participamos en la XXXVIII Convenci\u00f3n Nacional Ordinaria Jos\u00e9 Francisco Pena G\u00f3mez, motivados por la necesidad de que el PRD se orientara bajo una nueva l\u00f3gica de actuaci\u00f3n pol\u00edtica en la que se recuperara el adecuado funcionamiento de los organismos, la discusi\u00f3n abierta y horizontal de los temas del partido, y el acercamiento con los territorios y sectores sociales dominicanos.<\/p>\n\n\n\n<p>En este sentido, entend\u00edamos que deb\u00edamos promover la construcci\u00f3n de una agenda y un liderazgo colectivo que rompiera la inercia, y recuper\u00e1ramos la fe y la esperanza de la militancia de nuestro Partido Revolucionario Dominicano.<\/p>\n\n\n\n<p>Tambi\u00e9n entend\u00edamos, que nuestros aspirantes a posiciones electivas deb\u00edan ser los protagonistas de las discusiones para la aprobaci\u00f3n de los procesos de alianzas en los diferentes niveles de elecci\u00f3n.<\/p>\n\n\n\n<p>Hoy nueva vez el presidente del PRD, Ing. Miguel Vargas, impone su manejo vertical y autoritario en la direcci\u00f3n del partido, al desconocer los organismos y el derecho leg\u00edtimo de un conjunto de compa\u00f1eros aspirantes a candidaturas diversas que en toda la geograf\u00eda nacional ven\u00edan desde hace m\u00e1s de dos a\u00f1os desarrollando un trabajo pol\u00edtico orientado al pr\u00f3ximo torneo electoral del 2024, siendo dejados de lado y desvalorados al no consultarles, ni darle participaci\u00f3n en la decisi\u00f3n de articular un proceso de alianza.<\/p>\n\n\n\n<p>El pasado 21 de agosto, el Presidente del PRD anunci\u00f3 un acuerdo de alianza con dos partidos que no ha sido presentada, ni evaluada, ni discutida en ninguna instancia de los organismos del PRD, profundizando la visi\u00f3n antidemocr\u00e1tica, poco transparente y alejado de la institucionalidad en el manejo de los temas del Partido, que se expresa en la usurpaci\u00f3n de funciones espec\u00edficas de los organismos al violar varios art\u00edculos del Estatuto General, los cuales citamos:<\/p>\n\n\n\n<p>\u201cART. 17. La organizaci\u00f3n del Partido se fundamenta en la direcci\u00f3n colegiada\u2026<\/p>\n\n\n\n<p>ART. 18. La direcci\u00f3n colegiada implica, previa discusi\u00f3n en los organismos competentes, la adopci\u00f3n de todas las decisiones por mayor\u00eda de votos\u2026<\/p>\n\n\n\n<p>ART. 19. La soberan\u00eda del Partido reside en su militancia y se ejerce a trav\u00e9s de sus organismos.<\/p>\n\n\n\n<p>\u201cART\u00cdCULO 23. Son atribuciones de la Convenci\u00f3n Nacional: F. Decidir sobre la participaci\u00f3n del Partido en Fusiones, Alianzas, coaliciones y otras formas de asociaci\u00f3n con otras organizaciones pol\u00edticas que les sean sometidas por la Comisi\u00f3n Pol\u00edtica del Comit\u00e9 Ejecutivo Nacional y que conlleven fines electorales\u201d.<\/p>\n\n\n\n<p>La Comisi\u00f3n Pol\u00edtica no se ha reunido, no ha discutido, ni definido nada referente a este proceso de alianza, tampoco la Convenci\u00f3n Nacional a cuyo organismo le compete decidir sobre esa cuestionada y oscura alianza, lo que constituye una decisi\u00f3n con efectos de nulidad absoluta por violar el Estatuto General del PRD; pero lo peor es que no se conocen los detalles y alcance de la anunciada alianza, como si se tratara de una decisi\u00f3n secreta y unipersonal del presidente del partido.<\/p>\n\n\n\n<p>En este sentido, manifestamos nuestro disentir en la forma y el fondo de como se ha asumido un acuerdo de alianza, la cual excluye a una gran cantidad de aspirantes en los niveles congresual y municipal, quienes en algunos casos se han enterado a trav\u00e9s de terceros.<\/p>\n\n\n\n<p>La falta de transparencia y el manejo dictatorial del presidente del PRD acent\u00faa su deterioro institucional, contribuyendo a reducir a su m\u00ednima expresi\u00f3n este hist\u00f3rico instrumento de lucha del pueblo dominicano al irrespetar las leg\u00edtimas aspiraciones de los compa\u00f1eros, la resistencia a la discusi\u00f3n y las decisiones colectivas en el partido, acrecentando la desmotivaci\u00f3n y desesperanza de la mayor\u00eda de los perrede\u00edstas que hemos estado preocupados y comprometidos con el relanzamiento de esta organizaci\u00f3n pol\u00edtica.<\/p>\n\n\n\n<p>Por todo lo anterior, hemos venido desarrollando una profunda reflexi\u00f3n y jornadas consultivas a nuestros dirigentes en nivel nacional y local. Como resultado hemos acordado emprender una nueva fase en nuestra carrera pol\u00edtica, dada la realidad de un modelo autoritario alejado de la tradici\u00f3n y la esencia de lo que fue la escuela de la democracia, y el legado del Dr. Jos\u00e9 Francisco Pe\u00f1a G\u00f3mez.<\/p>\n\n\n\n<p>Por tanto, anunciamos al pa\u00eds que hemos tomado la lib\u00e9rrima decisi\u00f3n de RENUNCIAR a nuestra condici\u00f3n de dirigentes nacionales y locales del PRD, con efectividad a esta fecha.<\/p>\n\n\n\n<p>Pr\u00f3ximamente estaremos informando sobre las decisiones que tomaremos respecto a nuestro accionar pol\u00edtico que emprenderemos en lo adelante.<\/p>\n\n\n\n<p>Que viva el Dr. Jos\u00e9 Francisco Pe\u00f1a G\u00f3mez!<\/p>\n","protected":false},"excerpt":{"rendered":"<p>Renunciantes alegan que Vargas Maldonado ha dado un car\u00e1cter de empresa al partido pol\u00edtico. El exsecretario general del Partido Revolucionario Dominicano (PRD) Junior Santos, Fiquito V\u00e1squez y otros dirigentes renunciaron&hellip;<\/p>\n","protected":false},"author":2,"featured_media":58951,"comment_status":"open","ping_status":"open","sticky":false,"template":"","format":"standard","meta":{"content-type":"","jetpack_post_was_ever_published":false,"_jetpack_newsletter_access":"","_jetpack_dont_email_post_to_subs":false,"_jetpack_newsletter_tier_id":0,"_jetpack_memberships_contains_paywalled_content":false,"_jetpack_memberships_contains_paid_content":false,"footnotes":""},"categories":[25],"tags":[6831,6830,1040,6829,718,849,575,2407,2295],"class_list":["post-58950","post","type-post","status-publish","format-standard","has-post-thumbnail","hentry","category-portada","tag-alta-dirigencia","tag-estatutos","tag-miguel-vargas","tag-pactar","tag-partidos","tag-politicos","tag-prd","tag-renuncia","tag-violar"],"jetpack_featured_media_url":"https:\/\/lasprimeras.com.do\/wp-content\/uploads\/2023\/08\/PRD.jpg","jetpack-related-posts":[{"id":69526,"url":"https:\/\/lasprimeras.com.do\/index.php\/2023\/12\/04\/karen-serrata-renuncia-del-prd\/","url_meta":{"origin":58950,"position":0},"title":"Karen Serrata renuncia del PRD","author":"Nelson Feliz","date":"4 de diciembre de 2023","format":false,"excerpt":"La dirigente pol\u00edtica era miembro de la comisi\u00f3n pol\u00edtica. La Vicepresidenta Nacional, Secretaria General de la Regi\u00f3n Metropolitana, miembro de la comisi\u00f3n pol\u00edtica y tambi\u00e9n precandidata a la alcald\u00eda de Los Alcarrizos, Karen Serrata, renunci\u00f3 a su militancia en el Partido Revolucionario Dominicano (PRD). La decisi\u00f3n de la dirigente pol\u00edtica\u2026","rel":"","context":"En \u00abSin categor\u00eda\u00bb","block_context":{"text":"Sin categor\u00eda","link":"https:\/\/lasprimeras.com.do\/index.php\/category\/sin-categoria\/"},"img":{"alt_text":"Karen Serrata","src":"https:\/\/i0.wp.com\/lasprimeras.com.do\/wp-content\/uploads\/2023\/12\/Karen-Serrata.jpg?resize=350%2C200&ssl=1","width":350,"height":200,"srcset":"https:\/\/i0.wp.com\/lasprimeras.com.do\/wp-content\/uploads\/2023\/12\/Karen-Serrata.jpg?resize=350%2C200&ssl=1 1x, https:\/\/i0.wp.com\/lasprimeras.com.do\/wp-content\/uploads\/2023\/12\/Karen-Serrata.jpg?resize=525%2C300&ssl=1 1.5x, https:\/\/i0.wp.com\/lasprimeras.com.do\/wp-content\/uploads\/2023\/12\/Karen-Serrata.jpg?resize=700%2C400&ssl=1 2x"},"classes":[]},{"id":122303,"url":"https:\/\/lasprimeras.com.do\/index.php\/2026\/02\/16\/miguel-vargas-alerta-sobre-caida-de-autosuficiencia-alimentaria-en-rd\/","url_meta":{"origin":58950,"position":1},"title":"Miguel Vargas alerta sobre ca\u00edda de autosuficiencia alimentaria en RD","author":"Nelson Feliz","date":"16 de febrero de 2026","format":false,"excerpt":"El presidente del Partido Revolucionario Dominicano (PRD),Miguel Vargas Maldonado, advirti\u00f3 este domingo que la Rep\u00fablica Dominicana ha retrocedido en sectores clave para el desarrollo nacional, especialmente en la producci\u00f3n agropecuaria. Vargas Maldonado dijo que el pa\u00eds pas\u00f3 de ser autosuficiente en un 85 % en alimentos a apenas un 70\u2026","rel":"","context":"En \u00abPOLITICA\u00bb","block_context":{"text":"POLITICA","link":"https:\/\/lasprimeras.com.do\/index.php\/category\/politica\/"},"img":{"alt_text":"","src":"https:\/\/i0.wp.com\/lasprimeras.com.do\/wp-content\/uploads\/2026\/02\/PRD-1140x694-1.jpeg?resize=350%2C200&ssl=1","width":350,"height":200,"srcset":"https:\/\/i0.wp.com\/lasprimeras.com.do\/wp-content\/uploads\/2026\/02\/PRD-1140x694-1.jpeg?resize=350%2C200&ssl=1 1x, https:\/\/i0.wp.com\/lasprimeras.com.do\/wp-content\/uploads\/2026\/02\/PRD-1140x694-1.jpeg?resize=525%2C300&ssl=1 1.5x, https:\/\/i0.wp.com\/lasprimeras.com.do\/wp-content\/uploads\/2026\/02\/PRD-1140x694-1.jpeg?resize=700%2C400&ssl=1 2x, https:\/\/i0.wp.com\/lasprimeras.com.do\/wp-content\/uploads\/2026\/02\/PRD-1140x694-1.jpeg?resize=1050%2C600&ssl=1 3x"},"classes":[]},{"id":110670,"url":"https:\/\/lasprimeras.com.do\/index.php\/2025\/09\/30\/miguel-vargas-llama-al-gobierno-a-tomar-acciones-concretas-para-detener-descalabro-de-servicios\/","url_meta":{"origin":58950,"position":2},"title":"Miguel Vargas llama al gobierno a tomar acciones concretas para detener \u201cdescalabro\u201d de servicios","author":"Nelson Feliz","date":"30 de septiembre de 2025","format":false,"excerpt":"El presidente del Partido Revolucionario Dominicano (PRD), Miguel Vargas Maldonado, responsabiliz\u00f3 al Gobierno del presidente Luis Abinader del colapso de los servicios b\u00e1sicos y de haber convertido la corrupci\u00f3n en un signo distintivo de su gesti\u00f3n. \u201cEl gobierno est\u00e1 obligado a tomar acciones y pol\u00edticas concretas para detener el descalabro\u2026","rel":"","context":"En \u00abPOLITICA\u00bb","block_context":{"text":"POLITICA","link":"https:\/\/lasprimeras.com.do\/index.php\/category\/politica\/"},"img":{"alt_text":"Miguel Vargas","src":"https:\/\/i0.wp.com\/lasprimeras.com.do\/wp-content\/uploads\/2023\/12\/Miguel-Vargas-1.jpg?resize=350%2C200&ssl=1","width":350,"height":200,"srcset":"https:\/\/i0.wp.com\/lasprimeras.com.do\/wp-content\/uploads\/2023\/12\/Miguel-Vargas-1.jpg?resize=350%2C200&ssl=1 1x, https:\/\/i0.wp.com\/lasprimeras.com.do\/wp-content\/uploads\/2023\/12\/Miguel-Vargas-1.jpg?resize=525%2C300&ssl=1 1.5x, https:\/\/i0.wp.com\/lasprimeras.com.do\/wp-content\/uploads\/2023\/12\/Miguel-Vargas-1.jpg?resize=700%2C400&ssl=1 2x"},"classes":[]},{"id":74077,"url":"https:\/\/lasprimeras.com.do\/index.php\/2024\/01\/18\/renuncia-diputada-del-prm-se-juramenta-en-el-prd\/","url_meta":{"origin":58950,"position":3},"title":"Renuncia diputada del PRM; se juramenta en el PRD","author":"Nelson Feliz","date":"18 de enero de 2024","format":false,"excerpt":"La diputada alega que hubo irrespeto a los valores y la base del PRM. La diputada Altagracia Yarelys Encarnaci\u00f3n de la provincia San Jos\u00e9 de Ocoa anunci\u00f3 su renuncia del Partido Revolucionario Moderno (PRM) alegando que dentro de esa organizaci\u00f3n hay \u201cpr\u00e1cticas que contradicen los valores fundamentales y socavan el\u2026","rel":"","context":"En \u00abPORTADA\u00bb","block_context":{"text":"PORTADA","link":"https:\/\/lasprimeras.com.do\/index.php\/category\/portada\/"},"img":{"alt_text":"Altagracia Yarelys Encarnaci\u00f3n","src":"https:\/\/i0.wp.com\/lasprimeras.com.do\/wp-content\/uploads\/2024\/01\/Altagracia-Yarelys-Encarnacion.jpeg?resize=350%2C200&ssl=1","width":350,"height":200,"srcset":"https:\/\/i0.wp.com\/lasprimeras.com.do\/wp-content\/uploads\/2024\/01\/Altagracia-Yarelys-Encarnacion.jpeg?resize=350%2C200&ssl=1 1x, https:\/\/i0.wp.com\/lasprimeras.com.do\/wp-content\/uploads\/2024\/01\/Altagracia-Yarelys-Encarnacion.jpeg?resize=525%2C300&ssl=1 1.5x, https:\/\/i0.wp.com\/lasprimeras.com.do\/wp-content\/uploads\/2024\/01\/Altagracia-Yarelys-Encarnacion.jpeg?resize=700%2C400&ssl=1 2x"},"classes":[]},{"id":51601,"url":"https:\/\/lasprimeras.com.do\/index.php\/2023\/06\/01\/miguel-vargas-juramenta-en-prd-aspirante-a-alcalde-por-santiago\/","url_meta":{"origin":58950,"position":4},"title":"Miguel Vargas juramenta en PRD aspirante a alcalde por Santiago","author":"prenxa100","date":"1 de junio de 2023","format":false,"excerpt":"\u201cReiteramos la apertura y el llamado a integrarse a nuestro partido. Las puertas y ventanas del PRD se abren y les invitamos a que se sumen con nosotros a la construcci\u00f3n de un proyecto pol\u00edtico distinto\u201d. Santo Domingo. \u2013 El reelecto presidente del Partido Revolucionario Dominicano (PRD), Miguel Vargas Maldonado,\u2026","rel":"","context":"En \u00abPORTADA\u00bb","block_context":{"text":"PORTADA","link":"https:\/\/lasprimeras.com.do\/index.php\/category\/portada\/"},"img":{"alt_text":"","src":"","width":0,"height":0},"classes":[]},{"id":103686,"url":"https:\/\/lasprimeras.com.do\/index.php\/2025\/07\/17\/el-prd-rinde-homenaje-postumo-a-rafael-fello-subervi-bonilla\/","url_meta":{"origin":58950,"position":5},"title":"El PRD rinde homenaje p\u00f3stumo a Rafael \u201cFello\u201d Suberv\u00ed Bonilla","author":"Nelson Feliz","date":"17 de julio de 2025","format":false,"excerpt":"El Partido Revolucionario Dominicano (PRD) rindi\u00f3 este jueves tributo a Rafael Suberv\u00ed Bonilla, quien fuera dirigente suyo y alcalde del Distrito Nacional, quien falleciera este la madrugada del martes. La ceremonia, celebrada en la Casa Nacional del PRD, fue presidida por Miguel Vargas Maldonado, presidente de este partido. Cont\u00f3 con\u2026","rel":"","context":"En \u00abNACIONALES\u00bb","block_context":{"text":"NACIONALES","link":"https:\/\/lasprimeras.com.do\/index.php\/category\/nacionales\/"},"img":{"alt_text":"","src":"https:\/\/i0.wp.com\/lasprimeras.com.do\/wp-content\/uploads\/2025\/07\/Miguel-Vargas-Maldonado.jpg?resize=350%2C200&ssl=1","width":350,"height":200,"srcset":"https:\/\/i0.wp.com\/lasprimeras.com.do\/wp-content\/uploads\/2025\/07\/Miguel-Vargas-Maldonado.jpg?resize=350%2C200&ssl=1 1x, https:\/\/i0.wp.com\/lasprimeras.com.do\/wp-content\/uploads\/2025\/07\/Miguel-Vargas-Maldonado.jpg?resize=525%2C300&ssl=1 1.5x, https:\/\/i0.wp.com\/lasprimeras.com.do\/wp-content\/uploads\/2025\/07\/Miguel-Vargas-Maldonado.jpg?resize=700%2C400&ssl=1 2x"},"classes":[]}],"jetpack_sharing_enabled":true,"_links":{"self":[{"href":"https:\/\/lasprimeras.com.do\/index.php\/wp-json\/wp\/v2\/posts\/58950","targetHints":{"allow":["GET"]}}],"collection":[{"href":"https:\/\/lasprimeras.com.do\/index.php\/wp-json\/wp\/v2\/posts"}],"about":[{"href":"https:\/\/lasprimeras.com.do\/index.php\/wp-json\/wp\/v2\/types\/post"}],"author":[{"embeddable":true,"href":"https:\/\/lasprimeras.com.do\/index.php\/wp-json\/wp\/v2\/users\/2"}],"replies":[{"embeddable":true,"href":"https:\/\/lasprimeras.com.do\/index.php\/wp-json\/wp\/v2\/comments?post=58950"}],"version-history":[{"count":2,"href":"https:\/\/lasprimeras.com.do\/index.php\/wp-json\/wp\/v2\/posts\/58950\/revisions"}],"predecessor-version":[{"id":58953,"href":"https:\/\/lasprimeras.com.do\/index.php\/wp-json\/wp\/v2\/posts\/58950\/revisions\/58953"}],"wp:featuredmedia":[{"embeddable":true,"href":"https:\/\/lasprimeras.com.do\/index.php\/wp-json\/wp\/v2\/media\/58951"}],"wp:attachment":[{"href":"https:\/\/lasprimeras.com.do\/index.php\/wp-json\/wp\/v2\/media?parent=58950"}],"wp:term":[{"taxonomy":"category","embeddable":true,"href":"https:\/\/lasprimeras.com.do\/index.php\/wp-json\/wp\/v2\/categories?post=58950"},{"taxonomy":"post_tag","embeddable":true,"href":"https:\/\/lasprimeras.com.do\/index.php\/wp-json\/wp\/v2\/tags?post=58950"}],"curies":[{"name":"wp","href":"https:\/\/api.w.org\/{rel}","templated":true}]}}