{"id":58954,"date":"2023-08-29T21:44:20","date_gmt":"2023-08-30T01:44:20","guid":{"rendered":"https:\/\/lasprimeras.com.do\/?p=58954"},"modified":"2023-08-29T21:44:53","modified_gmt":"2023-08-30T01:44:53","slug":"afamidesa-pide-al-gobierno-crear-el-registro-nacional-de-personas-desaparecidas-en-rd","status":"publish","type":"post","link":"https:\/\/lasprimeras.com.do\/index.php\/2023\/08\/29\/afamidesa-pide-al-gobierno-crear-el-registro-nacional-de-personas-desaparecidas-en-rd\/","title":{"rendered":"Afamidesa pide al Gobierno crear el registro nacional de personas desaparecidas en RD"},"content":{"rendered":"\n<p>La Asociaci\u00f3n de Familiares Detenidos, Desaparecidos y Desacatados (AFAMIDESA), mostr\u00f3 su preocupaci\u00f3n por la gran cantidad de personas reportadas como desaparecidas en la Rep\u00fablica Dominicana, sin que las autoridades hayan dado una respuesta positiva a los familiares.<\/p>\n\n\n\n<p>En ocasi\u00f3n de celebrarse este 30 de agosto el D\u00eda Internacional de los Desaparecidos, el vocero de AFAMIDESA, Jos\u00e9 A. Thomas, pidi\u00f3 al Gobierno dominicano la creaci\u00f3n mediante una ley de un registro nacional de personas desaparecidas, para que haya m\u00e1s eficiencia en la localizaci\u00f3n, a trav\u00e9s de un personal especializado, para que estos casos no queden en el olvido.<\/p>\n\n\n\n<p>El vocero de AFAMIDESA, dijo que los gobiernos que han dirigido el pa\u00eds le han dado poca importancia al tema de las desapariciones, ignorando el estado de sufrimiento, zozobras, depresi\u00f3n y agon\u00edas que sufren sus familiares.<\/p>\n\n\n\n<p>Jos\u00e9 A. Thomas, dijo que las personas que tienen un familiar desaparecidos siempre est\u00e1n a la espera de una respuesta convincente, sobre todo las autoridades, de saber si sus familiares si viven o est\u00e1n muertos.<\/p>\n\n\n\n<p>El D\u00eda Internacional de los Desaparecidos fue creado por las Naciones Unidas el 30 de agosto de 2011 denominado d\u00eda de &nbsp;efem\u00e9rides por las desapariciones forzadas, con el prop\u00f3sito de mantener viva la memoria de tantas personas desaparecidas en el mundo.<\/p>\n","protected":false},"excerpt":{"rendered":"<p>La Asociaci\u00f3n de Familiares Detenidos, Desaparecidos y Desacatados (AFAMIDESA), mostr\u00f3 su preocupaci\u00f3n por la gran cantidad de personas reportadas como desaparecidas en la Rep\u00fablica Dominicana, sin que las autoridades hayan&hellip;<\/p>\n","protected":false},"author":2,"featured_media":58955,"comment_status":"open","ping_status":"open","sticky":false,"template":"","format":"standard","meta":{"content-type":"","jetpack_post_was_ever_published":false,"_jetpack_newsletter_access":"","_jetpack_dont_email_post_to_subs":false,"_jetpack_newsletter_tier_id":0,"_jetpack_memberships_contains_paywalled_content":false,"_jetpack_memberships_contains_paid_content":false,"footnotes":""},"categories":[35],"tags":[6832,6835,171,6833,412,127,6834],"class_list":["post-58954","post","type-post","status-publish","format-standard","has-post-thumbnail","hentry","category-nacionales","tag-afamidesa","tag-desaparecidas","tag-gobierno","tag-jose-a-thomas","tag-personas","tag-rd","tag-registro-nacional"],"jetpack_featured_media_url":"https:\/\/lasprimeras.com.do\/wp-content\/uploads\/2023\/08\/Jose-A.-Thomas.jpg","jetpack-related-posts":[{"id":50144,"url":"https:\/\/lasprimeras.com.do\/index.php\/2023\/05\/17\/las-misteriosas-desapariciones-de-personas-en-rd\/","url_meta":{"origin":58954,"position":0},"title":"Las misteriosas desapariciones de personas en RD","author":"prenxa100","date":"17 de mayo de 2023","format":false,"excerpt":"Santo Domingo, RD. \u2013 Cuerpos que nunca fueron encontrados o identificados, huellas que se enfriaron y que hoy solo los familiares se acuerdan de aquellos nombres que hasta la fecha son un misterio porque no se sabe si est\u00e1n vivos o muertos. Conforme con las estad\u00edsticas de la Procuradur\u00eda General\u2026","rel":"","context":"En \u00abOPINI\u00d3N\u00bb","block_context":{"text":"OPINI\u00d3N","link":"https:\/\/lasprimeras.com.do\/index.php\/category\/opinion\/"},"img":{"alt_text":"","src":"","width":0,"height":0},"classes":[]},{"id":61424,"url":"https:\/\/lasprimeras.com.do\/index.php\/2023\/09\/26\/interpol-emite-aviso-de-localizacion-de-islandes-magnus-kristinn-magnusson-desaparecido-en-rd\/","url_meta":{"origin":58954,"position":1},"title":"Interpol emite aviso de localizaci\u00f3n de island\u00e9s Magnus Kristinn Magnusson, desaparecido en RD","author":"Nelson Feliz","date":"26 de septiembre de 2023","format":false,"excerpt":"La desaparici\u00f3n de Magnus Kristinn Magnusson se habr\u00eda producido el pasado 9 de septiembre, en Santo Domingo, capital de Rep\u00fablica Dominicana. El individuo tiene 36 a\u00f1os de edad y es oriundo de Reykjvik, Islandia. La Organizaci\u00f3n Internacional de Polic\u00eda Criminal (Interpol, por sus siglas en ingl\u00e9s) emiti\u00f3 un aviso de\u2026","rel":"","context":"En \u00abNACIONALES\u00bb","block_context":{"text":"NACIONALES","link":"https:\/\/lasprimeras.com.do\/index.php\/category\/nacionales\/"},"img":{"alt_text":"Magnus Kristinn Magnusson","src":"https:\/\/i0.wp.com\/lasprimeras.com.do\/wp-content\/uploads\/2023\/09\/Magnus-Kristinn-Magnusson.png?resize=350%2C200&ssl=1","width":350,"height":200,"srcset":"https:\/\/i0.wp.com\/lasprimeras.com.do\/wp-content\/uploads\/2023\/09\/Magnus-Kristinn-Magnusson.png?resize=350%2C200&ssl=1 1x, https:\/\/i0.wp.com\/lasprimeras.com.do\/wp-content\/uploads\/2023\/09\/Magnus-Kristinn-Magnusson.png?resize=525%2C300&ssl=1 1.5x, https:\/\/i0.wp.com\/lasprimeras.com.do\/wp-content\/uploads\/2023\/09\/Magnus-Kristinn-Magnusson.png?resize=700%2C400&ssl=1 2x"},"classes":[]},{"id":93148,"url":"https:\/\/lasprimeras.com.do\/index.php\/2025\/01\/26\/lo-que-hay-que-saber-miles-buscan-a-desaparecidos-desde-hace-decadas-en-peru-colombia-y-paraguay\/","url_meta":{"origin":58954,"position":2},"title":"Lo que hay que saber: miles buscan a desaparecidos desde hace d\u00e9cadas en Per\u00fa, Colombia y Paraguay","author":"Nelson Feliz","date":"26 de enero de 2025","format":false,"excerpt":"POR MAR\u00cdA TERESA HERN\u00c1NDEZ Miles han desaparecido en Am\u00e9rica Latina en las \u00faltimas d\u00e9cadas. V\u00edctimas de dictaduras, guerrillas y crimen organizado, sus familiares los buscan incansablemente a pesar del desinter\u00e9s de sus gobiernos y muchos de sus connacionales. Quiz\u00e1 los casos que han ganado mayor visibilidad en la regi\u00f3n han\u2026","rel":"","context":"En \u00abINTERNACIONALES\u00bb","block_context":{"text":"INTERNACIONALES","link":"https:\/\/lasprimeras.com.do\/index.php\/category\/sin-categoria\/internacionales\/"},"img":{"alt_text":"","src":"https:\/\/i0.wp.com\/lasprimeras.com.do\/wp-content\/uploads\/2025\/01\/desaparecidos-1.jpg?resize=350%2C200&ssl=1","width":350,"height":200,"srcset":"https:\/\/i0.wp.com\/lasprimeras.com.do\/wp-content\/uploads\/2025\/01\/desaparecidos-1.jpg?resize=350%2C200&ssl=1 1x, https:\/\/i0.wp.com\/lasprimeras.com.do\/wp-content\/uploads\/2025\/01\/desaparecidos-1.jpg?resize=525%2C300&ssl=1 1.5x, https:\/\/i0.wp.com\/lasprimeras.com.do\/wp-content\/uploads\/2025\/01\/desaparecidos-1.jpg?resize=700%2C400&ssl=1 2x"},"classes":[]},{"id":96834,"url":"https:\/\/lasprimeras.com.do\/index.php\/2025\/04\/09\/familiares-de-unos-46-desaparecidos-en-derrumbe-del-jet-set-dan-nombres-a-rescatistas-del-9-1-1\/","url_meta":{"origin":58954,"position":3},"title":"Familiares de unos 46 desaparecidos en derrumbe del Jet Set dan nombres a rescatistas del 9-1-1","author":"Nelson Feliz","date":"9 de abril de 2025","format":false,"excerpt":"Las autoridades han confirmado preliminarmente 66 fallecidos. Al tiempo en que observan como han sacado cuatro cad\u00e1veres en un per\u00edodo de dos horas, parientes de 46 desaparecidos en el derrumbe del Jet Set entregan los nombres al personal del Sistema Nacional de Emergencias (9-1-1) con la esperanza de tener noticias\u2026","rel":"","context":"En \u00abNACIONALES\u00bb","block_context":{"text":"NACIONALES","link":"https:\/\/lasprimeras.com.do\/index.php\/category\/nacionales\/"},"img":{"alt_text":"","src":"https:\/\/i0.wp.com\/lasprimeras.com.do\/wp-content\/uploads\/2025\/04\/lista.jpg?resize=350%2C200&ssl=1","width":350,"height":200,"srcset":"https:\/\/i0.wp.com\/lasprimeras.com.do\/wp-content\/uploads\/2025\/04\/lista.jpg?resize=350%2C200&ssl=1 1x, https:\/\/i0.wp.com\/lasprimeras.com.do\/wp-content\/uploads\/2025\/04\/lista.jpg?resize=525%2C300&ssl=1 1.5x"},"classes":[]},{"id":67482,"url":"https:\/\/lasprimeras.com.do\/index.php\/2023\/11\/15\/encuentran-muerto-a-joven-reportado-como-desaparecido\/","url_meta":{"origin":58954,"position":4},"title":"Encuentran muerto a joven reportado como desaparecido","author":"Nelson Feliz","date":"15 de noviembre de 2023","format":false,"excerpt":"En la calle La Hora del sector Cristinita, comunidad de Ver\u00f3n, Punta Cana, fue encontrado el cuerpo sin vida de Jos\u00e9 Alexander Fr\u00edas Rojas, de 32 a\u00f1os, quien hab\u00eda sido reportado desaparecido por sus familiares. El m\u00e9dico legista certific\u00f3 que Rojas Fr\u00edas falleci\u00f3 por hipoxia (falta de ox\u00edgeno) cerebral y\u2026","rel":"","context":"En \u00abNACIONALES\u00bb","block_context":{"text":"NACIONALES","link":"https:\/\/lasprimeras.com.do\/index.php\/category\/nacionales\/"},"img":{"alt_text":"","src":"https:\/\/i0.wp.com\/lasprimeras.com.do\/wp-content\/uploads\/2023\/11\/Jose-Alexander-1.jpg?resize=350%2C200&ssl=1","width":350,"height":200,"srcset":"https:\/\/i0.wp.com\/lasprimeras.com.do\/wp-content\/uploads\/2023\/11\/Jose-Alexander-1.jpg?resize=350%2C200&ssl=1 1x, https:\/\/i0.wp.com\/lasprimeras.com.do\/wp-content\/uploads\/2023\/11\/Jose-Alexander-1.jpg?resize=525%2C300&ssl=1 1.5x, https:\/\/i0.wp.com\/lasprimeras.com.do\/wp-content\/uploads\/2023\/11\/Jose-Alexander-1.jpg?resize=700%2C400&ssl=1 2x"},"classes":[]},{"id":92773,"url":"https:\/\/lasprimeras.com.do\/index.php\/2025\/01\/13\/alerta-de-persona-desaparecida-waly-tejada\/","url_meta":{"origin":58954,"position":5},"title":"Alerta de Persona Desaparecida: Waly Tejada","author":"Nelson Feliz","date":"13 de enero de 2025","format":false,"excerpt":"Se solicita la colaboraci\u00f3n de la comunidad para localizar a Waly Tejada. Waly se encuentra desorientado y est\u00e1 padeciendo de depresi\u00f3n. Su familia est\u00e1 profundamente preocupada por su bienestar. el reside en Tamboril, santiago RD. Si tienes informaci\u00f3n sobre su paradero o lo ves, por favor comun\u00edcate de inmediato con\u2026","rel":"","context":"En \u00abNACIONALES\u00bb","block_context":{"text":"NACIONALES","link":"https:\/\/lasprimeras.com.do\/index.php\/category\/nacionales\/"},"img":{"alt_text":"","src":"https:\/\/i0.wp.com\/lasprimeras.com.do\/wp-content\/uploads\/2025\/01\/Waly-Tejada.jpg?resize=350%2C200&ssl=1","width":350,"height":200,"srcset":"https:\/\/i0.wp.com\/lasprimeras.com.do\/wp-content\/uploads\/2025\/01\/Waly-Tejada.jpg?resize=350%2C200&ssl=1 1x, https:\/\/i0.wp.com\/lasprimeras.com.do\/wp-content\/uploads\/2025\/01\/Waly-Tejada.jpg?resize=525%2C300&ssl=1 1.5x, https:\/\/i0.wp.com\/lasprimeras.com.do\/wp-content\/uploads\/2025\/01\/Waly-Tejada.jpg?resize=700%2C400&ssl=1 2x"},"classes":[]}],"jetpack_sharing_enabled":true,"_links":{"self":[{"href":"https:\/\/lasprimeras.com.do\/index.php\/wp-json\/wp\/v2\/posts\/58954","targetHints":{"allow":["GET"]}}],"collection":[{"href":"https:\/\/lasprimeras.com.do\/index.php\/wp-json\/wp\/v2\/posts"}],"about":[{"href":"https:\/\/lasprimeras.com.do\/index.php\/wp-json\/wp\/v2\/types\/post"}],"author":[{"embeddable":true,"href":"https:\/\/lasprimeras.com.do\/index.php\/wp-json\/wp\/v2\/users\/2"}],"replies":[{"embeddable":true,"href":"https:\/\/lasprimeras.com.do\/index.php\/wp-json\/wp\/v2\/comments?post=58954"}],"version-history":[{"count":2,"href":"https:\/\/lasprimeras.com.do\/index.php\/wp-json\/wp\/v2\/posts\/58954\/revisions"}],"predecessor-version":[{"id":58957,"href":"https:\/\/lasprimeras.com.do\/index.php\/wp-json\/wp\/v2\/posts\/58954\/revisions\/58957"}],"wp:featuredmedia":[{"embeddable":true,"href":"https:\/\/lasprimeras.com.do\/index.php\/wp-json\/wp\/v2\/media\/58955"}],"wp:attachment":[{"href":"https:\/\/lasprimeras.com.do\/index.php\/wp-json\/wp\/v2\/media?parent=58954"}],"wp:term":[{"taxonomy":"category","embeddable":true,"href":"https:\/\/lasprimeras.com.do\/index.php\/wp-json\/wp\/v2\/categories?post=58954"},{"taxonomy":"post_tag","embeddable":true,"href":"https:\/\/lasprimeras.com.do\/index.php\/wp-json\/wp\/v2\/tags?post=58954"}],"curies":[{"name":"wp","href":"https:\/\/api.w.org\/{rel}","templated":true}]}}