{"id":58971,"date":"2023-08-29T22:19:18","date_gmt":"2023-08-30T02:19:18","guid":{"rendered":"https:\/\/lasprimeras.com.do\/?p=58971"},"modified":"2023-08-29T22:20:00","modified_gmt":"2023-08-30T02:20:00","slug":"diez-medicamentos-objetivo-de-las-negociaciones-de-precios-de-medicare","status":"publish","type":"post","link":"https:\/\/lasprimeras.com.do\/index.php\/2023\/08\/29\/diez-medicamentos-objetivo-de-las-negociaciones-de-precios-de-medicare\/","title":{"rendered":"Diez medicamentos objetivo de las negociaciones de precios de Medicare"},"content":{"rendered":"\n<p>Biden propone reducciones de costos.<\/p>\n\n\n\n<p>POR TOM MURPHY, AMANDA SEITZ Y CHRIS MEGERIAN<\/p>\n\n\n\n<p>WASHINGTON (AP) \u2014 El presidente Joe Biden promocion\u00f3 el martes los posibles ahorros de costos de las primeras negociaciones de precios de Medicare para medicamentos recetados de uso generalizado mientras lucha por convencer a los estadounidenses de que ha mejorado sus vidas mientras se postula para la reelecci\u00f3n.<\/p>\n\n\n\n<p>Los medicamentos incluyen el anticoagulante Eliquis, el tratamiento para la diabetes Jardiance y otros ocho medicamentos. El proceso de negociaci\u00f3n fue autorizado en virtud de la Ley de Reducci\u00f3n de la Inflaci\u00f3n, que Biden firm\u00f3 el a\u00f1o pasado, poniendo fin a d\u00e9cadas de debate sobre si se deber\u00eda permitir al gobierno federal regatear con las empresas farmac\u00e9uticas.<\/p>\n\n\n\n<p>Cualquier reducci\u00f3n de precios no entrar\u00e1 en vigor hasta dentro de tres a\u00f1os, y el camino a seguir podr\u00eda complicarse a\u00fan m\u00e1s por los litigios de los fabricantes de medicamentos y las fuertes cr\u00edticas de los republicanos.<\/p>\n\n\n\n<p>Pero el esfuerzo es una pieza central del discurso de reelecci\u00f3n de Biden, mientras el dem\u00f3crata intenta mostrar a los estadounidenses que merece un segundo mandato debido al trabajo que est\u00e1 haciendo para reducir los costos mientras el pa\u00eds lucha contra la inflaci\u00f3n.<\/p>\n\n\n\n<p>Las negociaciones sobre drogas, como muchas de las mayores medidas pol\u00edticas de Biden, tomar\u00e1n tiempo para concretarse, y su desaf\u00edo es persuadir al p\u00fablico a ser paciente.<\/p>\n\n\n\n<p>\u201cTodos ustedes lo entiendo, y millones de estadounidenses lo entienden\u201d, dijo Biden en la Casa Blanca. &#8220;Te prometo que. Te respaldar\u00e9 y nunca dejar\u00e9 de luchar por ti en este tema\u201d.<\/p>\n\n\n\n<p>Se\u00f1al\u00f3 que no recibi\u00f3 \u201cninguna ayuda del otro equipo\u201d (es decir, los republicanos) cuando se trataba de reducir los costos de los medicamentos recetados.<\/p>\n\n\n\n<p>Los medicamentos en la lista anunciada el martes representaron $3.4 mil millones en costos de bolsillo para los pacientes de Medicare el a\u00f1o pasado.<\/p>\n\n\n\n<p>El programa Medicare pag\u00f3 m\u00e1s de 50 mil millones de d\u00f3lares por los medicamentos entre el 1 de junio de 2022 y el 31 de mayo, seg\u00fan los Centros de Servicios de Medicare y Medicaid, o CMS.<\/p>\n\n\n\n<p>Eso incluye m\u00e1s de 16 mil millones de d\u00f3lares en Eliquis, un total que no incluye los descuentos o rebajas que ya se negocian para el medicamento.<\/p>\n\n\n\n<p>El medicamento de Pfizer y Bristol-Myers Squibb trata los co\u00e1gulos de sangre en las piernas y los pulmones y reduce el riesgo de accidente cerebrovascular en personas con latidos card\u00edacos irregulares llamados fibrilaci\u00f3n auricular.<\/p>\n\n\n\n<p>Los tratamientos para la diabetes Jardiance de Eli Lilly and Co. y Boehringer Ingelheim y Januvia de Merck figuran en la lista. Tambi\u00e9n incluy\u00f3 el tratamiento para enfermedades autoinmunes Enbrel de Amgen y Entresto de Novartis, que se utiliza para tratar la insuficiencia card\u00edaca.<\/p>\n\n\n\n<p>Otros medicamentos en la lista incluyen Farxiga, el tratamiento para la diabetes y la insuficiencia card\u00edaca de AstraZeneca, y tres medicamentos de Johnson &amp; Johnson: el anticoagulante Xarelto, el tratamiento contra el c\u00e1ncer de sangre Imbruvica y su mayor vendedor, Stelara, un tratamiento intravenoso para la psoriasis y otros trastornos inflamatorios.<\/p>\n\n\n\n<p>La lista tambi\u00e9n incluye varias versiones de Fiasp de Novo Nordisk, una insulina de acci\u00f3n r\u00e1pida que se administra durante las comidas.<\/p>\n\n\n\n<p>El anuncio del martes es otro paso importante para controlar los precios de los medicamentos en virtud de la Ley de Reducci\u00f3n de la Inflaci\u00f3n, firmada por Biden el a\u00f1o pasado. La ley tambi\u00e9n exige un l\u00edmite anual de $2,000 sobre cu\u00e1nto deben pagar de bolsillo las personas con Medicare por los medicamentos a partir de 2025.<\/p>\n\n\n\n<p>Adem\u00e1s, la ley ya limita los costos de bolsillo de la insulina a $35 por mes para los pacientes de Medicare.<\/p>\n\n\n\n<p>\u201cEstamos aqu\u00ed hoy con la firme convicci\u00f3n de que en los Estados Unidos de Am\u00e9rica, ninguna persona mayor deber\u00eda tener que elegir entre surtir sus recetas o llenar su refrigerador con comida\u201d, dijo la vicepresidenta Kamala Harris.<\/p>\n\n\n\n<p>Para los medicamentos de la lista publicada el martes, el gobierno pretende negociar el precio justo m\u00e1ximo m\u00e1s bajo. Eso podr\u00eda ayudar a algunos pacientes que tienen cobertura pero a\u00fan enfrentan grandes facturas, como pagos de coseguro, cuando obtienen una receta.<\/p>\n\n\n\n<p>Alrededor del 9% de los beneficiarios de Medicare de 65 a\u00f1os o m\u00e1s dijeron en 2021 que no surtieron una receta o se saltaron una dosis de medicamento debido al costo, seg\u00fan una investigaci\u00f3n del Commonwealth Fund, que estudia problemas de atenci\u00f3n m\u00e9dica.<\/p>\n\n\n\n<p>&#8220;Muchos de los medicamentos seleccionados para la fijaci\u00f3n de precios ya tienen importantes reembolsos y descuentos debido a la s\u00f3lida negociaci\u00f3n del mercado privado que se produce hoy en el programa de la Parte D&#8221;, dijo el director ejecutivo de PhRMA, Stephen J. Ubl, en un comunicado.<\/p>\n\n\n\n<p>Los representantes de PhRMA tambi\u00e9n han dicho que los administradores de beneficios farmac\u00e9uticos a\u00fan pueden restringir el acceso a medicamentos con precios negociados moviendo los medicamentos a un nivel de su formulario (una lista de medicamentos cubiertos) que requerir\u00eda pagos de bolsillo m\u00e1s altos.&nbsp;Los administradores de beneficios de farmacia tambi\u00e9n podr\u00edan exigir a los pacientes que prueben primero otros medicamentos o que soliciten aprobaci\u00f3n antes de que se pueda cubrir una receta.<\/p>\n\n\n\n<p>PhRMA y varios fabricantes de medicamentos han presentado demandas por el plan de la administraci\u00f3n.<\/p>\n\n\n\n<p>Los legisladores republicanos tambi\u00e9n han criticado a la administraci\u00f3n Biden, diciendo que las empresas podr\u00edan dejar de introducir nuevos medicamentos que podr\u00edan estar sujetos a futuros regateos.&nbsp;Tambi\u00e9n han cuestionado si el gobierno sabe lo suficiente como para sugerir precios de medicamentos.<\/p>\n\n\n\n<p>CMS planea reunirse este oto\u00f1o con los fabricantes de medicamentos que tienen un medicamento en su lista, y los funcionarios del gobierno dicen que tambi\u00e9n planean realizar sesiones de escucha centradas en los pacientes.&nbsp;Para febrero de 2024, el gobierno har\u00e1 su primera oferta sobre un precio justo m\u00e1ximo y luego dar\u00e1 tiempo a los fabricantes de medicamentos para responder.<\/p>\n\n\n\n<p>CMS apunta a agregar 15 medicamentos m\u00e1s a su lista de negociaci\u00f3n para 2027 y otros 15 para 2028. Luego planea agregar hasta 20 m\u00e1s por cada a\u00f1o posterior.<\/p>\n","protected":false},"excerpt":{"rendered":"<p>Biden propone reducciones de costos. POR TOM MURPHY, AMANDA SEITZ Y CHRIS MEGERIAN WASHINGTON (AP) \u2014 El presidente Joe Biden promocion\u00f3 el martes los posibles ahorros de costos de las&hellip;<\/p>\n","protected":false},"author":2,"featured_media":58972,"comment_status":"open","ping_status":"open","sticky":false,"template":"","format":"standard","meta":{"content-type":"","jetpack_post_was_ever_published":false,"_jetpack_newsletter_access":"","_jetpack_dont_email_post_to_subs":false,"_jetpack_newsletter_tier_id":0,"_jetpack_memberships_contains_paywalled_content":false,"_jetpack_memberships_contains_paid_content":false,"footnotes":""},"categories":[1],"tags":[1273,6846,777,2902],"class_list":["post-58971","post","type-post","status-publish","format-standard","has-post-thumbnail","hentry","category-sin-categoria","tag-medicamentos","tag-medicare","tag-negociaciones","tag-precios"],"jetpack_featured_media_url":"https:\/\/lasprimeras.com.do\/wp-content\/uploads\/2023\/08\/Joe-Biden-1.jpg","jetpack-related-posts":[{"id":103771,"url":"https:\/\/lasprimeras.com.do\/index.php\/2025\/07\/18\/los-precios-de-wegovy-y-zepbound-bajan-pero-el-acceso-a-los-medicamentos-contra-la-obesidad-aun-no-esta-garantizado\/","url_meta":{"origin":58971,"position":0},"title":"Los precios de Wegovy y Zepbound bajan, pero el acceso a los medicamentos contra la obesidad a\u00fan no est\u00e1 garantizado","author":"Nelson Feliz","date":"18 de julio de 2025","format":false,"excerpt":"Por TOM MURPHY Los precios de los populares tratamientos contra la obesidad, Wegovy y Zepbound, est\u00e1n cayendo, pero el acceso constante a los medicamentos sigue siendo un desaf\u00edo. Los medicamentos a\u00fan cuestan alrededor de $500 al mes para quienes no tienen seguro, algo fuera del alcance de muchos pacientes. E\u2026","rel":"","context":"En \u00abSALUD\u00bb","block_context":{"text":"SALUD","link":"https:\/\/lasprimeras.com.do\/index.php\/category\/salud\/"},"img":{"alt_text":"","src":"https:\/\/i0.wp.com\/lasprimeras.com.do\/wp-content\/uploads\/2025\/07\/Wegovy-y-Zepbound.jpg?resize=350%2C200&ssl=1","width":350,"height":200,"srcset":"https:\/\/i0.wp.com\/lasprimeras.com.do\/wp-content\/uploads\/2025\/07\/Wegovy-y-Zepbound.jpg?resize=350%2C200&ssl=1 1x, https:\/\/i0.wp.com\/lasprimeras.com.do\/wp-content\/uploads\/2025\/07\/Wegovy-y-Zepbound.jpg?resize=525%2C300&ssl=1 1.5x, https:\/\/i0.wp.com\/lasprimeras.com.do\/wp-content\/uploads\/2025\/07\/Wegovy-y-Zepbound.jpg?resize=700%2C400&ssl=1 2x"},"classes":[]},{"id":67019,"url":"https:\/\/lasprimeras.com.do\/index.php\/2023\/11\/12\/joe-biden-quiere-completar-sus-objetivos-en-materia-de-derechos-civiles-impuestos-y-servicios-sociales-si-es-reelegido\/","url_meta":{"origin":58971,"position":1},"title":"Joe Biden quiere completar sus objetivos en materia de derechos civiles, impuestos y servicios sociales si es reelegido","author":"Nelson Feliz","date":"12 de noviembre de 2023","format":false,"excerpt":"POR CHRIS MEGERIAN WASHINGTON (AP) \u2014 El presidente Joe Biden tiene un discurso simple para la reelecci\u00f3n ante los votantes: d\u00e9jenlo \u201cterminar el trabajo\u201d. \u00bfEntonces que significa eso? \u00bfQu\u00e9 le queda por hacer? A diferencia de Donald Trump , el favorito para la nominaci\u00f3n presidencial republicana de 2024, que ha\u2026","rel":"","context":"En \u00abSin categor\u00eda\u00bb","block_context":{"text":"Sin categor\u00eda","link":"https:\/\/lasprimeras.com.do\/index.php\/category\/sin-categoria\/"},"img":{"alt_text":"JOE BIDEN","src":"https:\/\/i0.wp.com\/lasprimeras.com.do\/wp-content\/uploads\/2023\/09\/JOE-BIDEN.jpg?resize=350%2C200&ssl=1","width":350,"height":200,"srcset":"https:\/\/i0.wp.com\/lasprimeras.com.do\/wp-content\/uploads\/2023\/09\/JOE-BIDEN.jpg?resize=350%2C200&ssl=1 1x, https:\/\/i0.wp.com\/lasprimeras.com.do\/wp-content\/uploads\/2023\/09\/JOE-BIDEN.jpg?resize=525%2C300&ssl=1 1.5x, https:\/\/i0.wp.com\/lasprimeras.com.do\/wp-content\/uploads\/2023\/09\/JOE-BIDEN.jpg?resize=700%2C400&ssl=1 2x"},"classes":[]},{"id":85291,"url":"https:\/\/lasprimeras.com.do\/index.php\/2024\/06\/27\/biden-comete-varios-errores-verbales-en-debate-trump-insiste-en-falsedades-sobre-inmigracion\/","url_meta":{"origin":58971,"position":2},"title":"Biden comete varios errores verbales en debate; Trump insiste en falsedades sobre inmigraci\u00f3n","author":"Nelson Feliz","date":"27 de junio de 2024","format":false,"excerpt":"BY ZEKE MILLER, MICHELLE L. PRICE, WILL WEISSERT, BILL BARROW AND DARLENE SUPERVILLE ATLANTA (AP) \u2014 El presidente estadounidense Joe Biden dio respuestas poco claras el jueves en los primeros momentos de su debate con su rival republicano, Donald Trump, quien contrarrest\u00f3 las cr\u00edticas de Biden con energ\u00eda y a\u2026","rel":"","context":"En \u00abPORTADA\u00bb","block_context":{"text":"PORTADA","link":"https:\/\/lasprimeras.com.do\/index.php\/category\/portada\/"},"img":{"alt_text":"","src":"https:\/\/i0.wp.com\/lasprimeras.com.do\/wp-content\/uploads\/2024\/06\/Debate.jpg?resize=350%2C200&ssl=1","width":350,"height":200,"srcset":"https:\/\/i0.wp.com\/lasprimeras.com.do\/wp-content\/uploads\/2024\/06\/Debate.jpg?resize=350%2C200&ssl=1 1x, https:\/\/i0.wp.com\/lasprimeras.com.do\/wp-content\/uploads\/2024\/06\/Debate.jpg?resize=525%2C300&ssl=1 1.5x, https:\/\/i0.wp.com\/lasprimeras.com.do\/wp-content\/uploads\/2024\/06\/Debate.jpg?resize=700%2C400&ssl=1 2x"},"classes":[]},{"id":124176,"url":"https:\/\/lasprimeras.com.do\/index.php\/2026\/03\/09\/crecientes-costos-servicios-publicos-estan-sumiendo-adultos-mayores-en-ny-figuran-dominicanos\/","url_meta":{"origin":58971,"position":3},"title":"Crecientes costos servicios p\u00fablicos est\u00e1n sumiendo adultos mayores en NY; figuran dominicanos","author":"Nelson Feliz","date":"9 de marzo de 2026","format":false,"excerpt":"Por Ram\u00f3n Mercedes NUEVA YORK.- Una nueva encuesta de AARP-NY revela que los crecientes costos de servicios p\u00fablicos est\u00e1n sumiendo a los adultos mayores del estado en angustia financiera, forzando sacrificios alarmantes en gastos esenciales como comida y medicamentos. Asimismo, oblig\u00e1ndolos en asumir deudas para mantenerse al d\u00eda con las\u2026","rel":"","context":"En \u00abECONOM\u00cdA\u00bb","block_context":{"text":"ECONOM\u00cdA","link":"https:\/\/lasprimeras.com.do\/index.php\/category\/economia\/"},"img":{"alt_text":"","src":"https:\/\/i0.wp.com\/lasprimeras.com.do\/wp-content\/uploads\/2026\/03\/IMG-20260309-WA0387.jpg?resize=350%2C200&ssl=1","width":350,"height":200},"classes":[]},{"id":81377,"url":"https:\/\/lasprimeras.com.do\/index.php\/2024\/04\/20\/salud-publica-amplia-a-871-la-lista-del-cuadro-basico-de-medicamentos-esenciales\/","url_meta":{"origin":58971,"position":4},"title":"Salud P\u00fablica ampl\u00eda a 871 la lista del Cuadro B\u00e1sico de Medicamentos Esenciales","author":"BIMARY DE JES\u00daS Matos","date":"20 de abril de 2024","format":false,"excerpt":"Santo Domingo.-La Direcci\u00f3n General de Medicamentos, Alimentos y Productos Sanitarios (Digemaps) y el Ministerio de Salud P\u00fablica lanzaron la actualizaci\u00f3n del Cuadro B\u00e1sico de Medicamentos Esenciales, definido como un \"hito\" en la b\u00fasqueda de mejora de la atenci\u00f3n m\u00e9dica en la Rep\u00fablica Dominicana. Con esta nueva versi\u00f3n revisada y validada,\u2026","rel":"","context":"En \u00abPORTADA\u00bb","block_context":{"text":"PORTADA","link":"https:\/\/lasprimeras.com.do\/index.php\/category\/portada\/"},"img":{"alt_text":"","src":"https:\/\/i0.wp.com\/lasprimeras.com.do\/wp-content\/uploads\/2024\/04\/6a0c8a05-4f4b-48f5-a1d9-1ad180753c4a-27.jpg?resize=350%2C200&ssl=1","width":350,"height":200,"srcset":"https:\/\/i0.wp.com\/lasprimeras.com.do\/wp-content\/uploads\/2024\/04\/6a0c8a05-4f4b-48f5-a1d9-1ad180753c4a-27.jpg?resize=350%2C200&ssl=1 1x, https:\/\/i0.wp.com\/lasprimeras.com.do\/wp-content\/uploads\/2024\/04\/6a0c8a05-4f4b-48f5-a1d9-1ad180753c4a-27.jpg?resize=525%2C300&ssl=1 1.5x, https:\/\/i0.wp.com\/lasprimeras.com.do\/wp-content\/uploads\/2024\/04\/6a0c8a05-4f4b-48f5-a1d9-1ad180753c4a-27.jpg?resize=700%2C400&ssl=1 2x"},"classes":[]},{"id":54530,"url":"https:\/\/lasprimeras.com.do\/index.php\/2023\/07\/12\/bauta-rojas-arremete-contra-gobierno-por-retirar-programa-de-medicamentos-de-alto-costo-de-sp\/","url_meta":{"origin":58971,"position":5},"title":"Bauta Rojas arremete contra Gobierno por retirar programa de Medicamentos de Alto Costo de SP","author":"Nelson Feliz","date":"12 de julio de 2023","format":false,"excerpt":"El senador por la provincia Hermanas Mirabal, Bautista Rojas G\u00f3mez, lament\u00f3 que el Gobierno que encabeza el presidente Luis Abinader haya sacado del Ministerio de Salud P\u00fablica, el Programa de Medicamentos de Alto Costo. El exministro de Salud P\u00fablica, Rojas G\u00f3mez, calific\u00f3 como indolente, inhumano y desconsiderado al titular de\u2026","rel":"","context":"En \u00abPORTADA\u00bb","block_context":{"text":"PORTADA","link":"https:\/\/lasprimeras.com.do\/index.php\/category\/portada\/"},"img":{"alt_text":"Bautista Rojas G\u00f3mez","src":"https:\/\/i0.wp.com\/lasprimeras.com.do\/wp-content\/uploads\/2023\/07\/Bauta-Rojas.jpg?resize=350%2C200&ssl=1","width":350,"height":200,"srcset":"https:\/\/i0.wp.com\/lasprimeras.com.do\/wp-content\/uploads\/2023\/07\/Bauta-Rojas.jpg?resize=350%2C200&ssl=1 1x, https:\/\/i0.wp.com\/lasprimeras.com.do\/wp-content\/uploads\/2023\/07\/Bauta-Rojas.jpg?resize=525%2C300&ssl=1 1.5x, https:\/\/i0.wp.com\/lasprimeras.com.do\/wp-content\/uploads\/2023\/07\/Bauta-Rojas.jpg?resize=700%2C400&ssl=1 2x"},"classes":[]}],"jetpack_sharing_enabled":true,"_links":{"self":[{"href":"https:\/\/lasprimeras.com.do\/index.php\/wp-json\/wp\/v2\/posts\/58971","targetHints":{"allow":["GET"]}}],"collection":[{"href":"https:\/\/lasprimeras.com.do\/index.php\/wp-json\/wp\/v2\/posts"}],"about":[{"href":"https:\/\/lasprimeras.com.do\/index.php\/wp-json\/wp\/v2\/types\/post"}],"author":[{"embeddable":true,"href":"https:\/\/lasprimeras.com.do\/index.php\/wp-json\/wp\/v2\/users\/2"}],"replies":[{"embeddable":true,"href":"https:\/\/lasprimeras.com.do\/index.php\/wp-json\/wp\/v2\/comments?post=58971"}],"version-history":[{"count":2,"href":"https:\/\/lasprimeras.com.do\/index.php\/wp-json\/wp\/v2\/posts\/58971\/revisions"}],"predecessor-version":[{"id":58974,"href":"https:\/\/lasprimeras.com.do\/index.php\/wp-json\/wp\/v2\/posts\/58971\/revisions\/58974"}],"wp:featuredmedia":[{"embeddable":true,"href":"https:\/\/lasprimeras.com.do\/index.php\/wp-json\/wp\/v2\/media\/58972"}],"wp:attachment":[{"href":"https:\/\/lasprimeras.com.do\/index.php\/wp-json\/wp\/v2\/media?parent=58971"}],"wp:term":[{"taxonomy":"category","embeddable":true,"href":"https:\/\/lasprimeras.com.do\/index.php\/wp-json\/wp\/v2\/categories?post=58971"},{"taxonomy":"post_tag","embeddable":true,"href":"https:\/\/lasprimeras.com.do\/index.php\/wp-json\/wp\/v2\/tags?post=58971"}],"curies":[{"name":"wp","href":"https:\/\/api.w.org\/{rel}","templated":true}]}}