{"id":58975,"date":"2023-08-29T22:25:01","date_gmt":"2023-08-30T02:25:01","guid":{"rendered":"https:\/\/lasprimeras.com.do\/?p=58975"},"modified":"2023-08-29T22:25:02","modified_gmt":"2023-08-30T02:25:02","slug":"kamala-harris-visitara-wisconsin-para-promocionar-la-banda-ancha-y-recaudar-dinero","status":"publish","type":"post","link":"https:\/\/lasprimeras.com.do\/index.php\/2023\/08\/29\/kamala-harris-visitara-wisconsin-para-promocionar-la-banda-ancha-y-recaudar-dinero\/","title":{"rendered":"Kamala Harris visitar\u00e1 Wisconsin para promocionar la banda ancha y recaudar dinero"},"content":{"rendered":"\n<p>MADISON, Wisconsin (AP) \u2013 La vicepresidenta Kamala Harris planea visitar el sureste de Wisconsin el jueves, haciendo una parada en Pleasant Prairie para promocionar la banda ancha y la conectividad asequible antes de ir a Milwaukee para un par de recepciones de campa\u00f1a.<\/p>\n\n\n\n<p>La Casa Blanca anunci\u00f3 las paradas previstas el domingo. No hubo detalles inmediatos sobre los eventos de campa\u00f1a.<\/p>\n\n\n\n<p>Harris estar\u00e1 acompa\u00f1ada por la secretaria de Comercio, Gina Raimondo, en la parada en Pleasant Prairie, que est\u00e1 a 56 kil\u00f3metros (35 millas) al sur de Milwaukee, cerca de la frontera con Illinois.<\/p>\n\n\n\n<p>La visita se produce poco m\u00e1s de un mes despu\u00e9s de que la administraci\u00f3n del presidente Joe Biden anunciara que Wisconsin recibir\u00e1 m\u00e1s de mil millones de d\u00f3lares en dinero federal para ampliar el acceso a Internet de alta velocidad.<\/p>\n\n\n\n<p>Es parte de un plan para distribuir $42.5 mil millones en todo el pa\u00eds para brindar un servicio de Internet confiable y asequible para todos los hogares y empresas en los EE. UU. para 2030.<\/p>\n\n\n\n<p>Los estados deben completar un proceso de varios pasos antes de poder usar el dinero.<\/p>\n\n\n\n<p>Harris vino por \u00faltima vez a Wisconsin en septiembre de 2022 como parte de una parada de campa\u00f1a justo antes de las elecciones de mitad de per\u00edodo de noviembre.<\/p>\n\n\n\n<p>La visita del jueves es la primera de este ciclo electoral y ser\u00eda el cuarto viaje de Harris a Wisconsin desde que asumi\u00f3 el cargo.<\/p>\n\n\n\n<p>Biden gan\u00f3 Wisconsin, el eterno campo de batalla, por poco menos de 21.000 votos en 2020, lo que le dio la vuelta al estado para los dem\u00f3cratas despu\u00e9s de que el expresidente Donald Trump lo ganara por poco menos de 23.000 votos en 2016.<\/p>\n\n\n\n<p>Cuatro de las \u00faltimas seis elecciones presidenciales en Wisconsin se decidieron por menos de un punto porcentual.<\/p>\n","protected":false},"excerpt":{"rendered":"<p>MADISON, Wisconsin (AP) \u2013 La vicepresidenta Kamala Harris planea visitar el sureste de Wisconsin el jueves, haciendo una parada en Pleasant Prairie para promocionar la banda ancha y la conectividad&hellip;<\/p>\n","protected":false},"author":2,"featured_media":58976,"comment_status":"open","ping_status":"open","sticky":false,"template":"","format":"standard","meta":{"content-type":"","jetpack_post_was_ever_published":false,"_jetpack_newsletter_access":"","_jetpack_dont_email_post_to_subs":false,"_jetpack_newsletter_tier_id":0,"_jetpack_memberships_contains_paywalled_content":false,"_jetpack_memberships_contains_paid_content":false,"footnotes":""},"categories":[1],"tags":[6848,4027,2291,6847,4592,1299,6849],"class_list":["post-58975","post","type-post","status-publish","format-standard","has-post-thumbnail","hentry","category-sin-categoria","tag-banda-ancha","tag-dinero","tag-kamala-harris","tag-promocionar","tag-recaudar","tag-visitara","tag-wisconsin"],"jetpack_featured_media_url":"https:\/\/lasprimeras.com.do\/wp-content\/uploads\/2023\/08\/Kamala-Harris.jpg","jetpack-related-posts":[{"id":87168,"url":"https:\/\/lasprimeras.com.do\/index.php\/2024\/08\/07\/harris-y-walz-pasaran-su-1er-dia-completo-como-companeros-de-formula-visitando-wisconsin-y-michigan\/","url_meta":{"origin":58975,"position":0},"title":"Harris y Walz pasar\u00e1n su 1er d\u00eda completo como compa\u00f1eros de f\u00f3rmula visitando Wisconsin y Michigan","author":"Nelson Feliz","date":"7 de agosto de 2024","format":false,"excerpt":"By JOEY CAPPELLETTI LANSING, Michigan, EE.UU. (AP) \u2014 La vicepresidenta Kamala Harris y el gobernador de Minnesota Tim Walz pasar\u00e1n su primer d\u00eda completo como compa\u00f1eros de f\u00f3rmula el mi\u00e9rcoles en eventos de campa\u00f1a en la regi\u00f3n centro norte de Estados Unidos, una zona pol\u00edticamente dividida que es crucial para\u2026","rel":"","context":"En \u00abSin categor\u00eda\u00bb","block_context":{"text":"Sin categor\u00eda","link":"https:\/\/lasprimeras.com.do\/index.php\/category\/sin-categoria\/"},"img":{"alt_text":"","src":"https:\/\/i0.wp.com\/lasprimeras.com.do\/wp-content\/uploads\/2024\/08\/Kamala-Harris-y-Tim-Walz.jpg?resize=350%2C200&ssl=1","width":350,"height":200,"srcset":"https:\/\/i0.wp.com\/lasprimeras.com.do\/wp-content\/uploads\/2024\/08\/Kamala-Harris-y-Tim-Walz.jpg?resize=350%2C200&ssl=1 1x, https:\/\/i0.wp.com\/lasprimeras.com.do\/wp-content\/uploads\/2024\/08\/Kamala-Harris-y-Tim-Walz.jpg?resize=525%2C300&ssl=1 1.5x, https:\/\/i0.wp.com\/lasprimeras.com.do\/wp-content\/uploads\/2024\/08\/Kamala-Harris-y-Tim-Walz.jpg?resize=700%2C400&ssl=1 2x"},"classes":[]},{"id":86347,"url":"https:\/\/lasprimeras.com.do\/index.php\/2024\/07\/23\/harris-dice-que-la-eleccion-de-noviembre-es-una-decision-entre-la-libertad-y-el-caos\/","url_meta":{"origin":58975,"position":1},"title":"Harris dice que la elecci\u00f3n de noviembre es \u201cuna decisi\u00f3n entre la libertad y el caos\u201d","author":"Nelson Feliz","date":"23 de julio de 2024","format":false,"excerpt":"BY ZEKE MILLER AND CHRIS MEGERIAN WEST ALLIS, Wisconsin, EE.UU. (AP) \u2014 Una sonora multitud de votantes en Wisconsin, un estado en disputa, dio la bienvenida el martes a la vicepresidenta Kamala Harris al inicio de su contienda pol\u00edtica contra el expresidente republicano Donald Trump. La elecci\u00f3n de noviembre, dijo\u2026","rel":"","context":"En \u00abSin categor\u00eda\u00bb","block_context":{"text":"Sin categor\u00eda","link":"https:\/\/lasprimeras.com.do\/index.php\/category\/sin-categoria\/"},"img":{"alt_text":"Kamala Harris","src":"https:\/\/i0.wp.com\/lasprimeras.com.do\/wp-content\/uploads\/2024\/07\/Kamala-Harris.png?resize=350%2C200&ssl=1","width":350,"height":200,"srcset":"https:\/\/i0.wp.com\/lasprimeras.com.do\/wp-content\/uploads\/2024\/07\/Kamala-Harris.png?resize=350%2C200&ssl=1 1x, https:\/\/i0.wp.com\/lasprimeras.com.do\/wp-content\/uploads\/2024\/07\/Kamala-Harris.png?resize=525%2C300&ssl=1 1.5x, https:\/\/i0.wp.com\/lasprimeras.com.do\/wp-content\/uploads\/2024\/07\/Kamala-Harris.png?resize=700%2C400&ssl=1 2x"},"classes":[]},{"id":89590,"url":"https:\/\/lasprimeras.com.do\/index.php\/2024\/09\/29\/harris-y-trump-pelean-por-siete-estados-clave-sin-claros-margenes-en-las-encuestas\/","url_meta":{"origin":58975,"position":2},"title":"Harris y Trump pelean por siete estados clave sin claros m\u00e1rgenes en las encuestas","author":"Nelson Feliz","date":"29 de septiembre de 2024","format":false,"excerpt":"Douglas (EE.UU.) (EFE).- Siete estados clave que apenas representan la sexta parte de la poblaci\u00f3n de EE.UU. se han convertido en los trofeos anhelados de los candidatos a la Casa Blanca, la vicepresidenta Kamala Harris y el expresidente Donald Trump (2017-2021), que saben que cada voto cuenta cuando las encuestas\u2026","rel":"","context":"En \u00abSin categor\u00eda\u00bb","block_context":{"text":"Sin categor\u00eda","link":"https:\/\/lasprimeras.com.do\/index.php\/category\/sin-categoria\/"},"img":{"alt_text":"Kamala Harris y Donald Trump","src":"https:\/\/i0.wp.com\/lasprimeras.com.do\/wp-content\/uploads\/2024\/09\/Kamala-Harris-y-Donald-Trump.jpg?resize=350%2C200&ssl=1","width":350,"height":200,"srcset":"https:\/\/i0.wp.com\/lasprimeras.com.do\/wp-content\/uploads\/2024\/09\/Kamala-Harris-y-Donald-Trump.jpg?resize=350%2C200&ssl=1 1x, https:\/\/i0.wp.com\/lasprimeras.com.do\/wp-content\/uploads\/2024\/09\/Kamala-Harris-y-Donald-Trump.jpg?resize=525%2C300&ssl=1 1.5x, https:\/\/i0.wp.com\/lasprimeras.com.do\/wp-content\/uploads\/2024\/09\/Kamala-Harris-y-Donald-Trump.jpg?resize=700%2C400&ssl=1 2x"},"classes":[]},{"id":87352,"url":"https:\/\/lasprimeras.com.do\/index.php\/2024\/08\/11\/harris-promete-trabajar-para-eliminar-los-impuestos-a-las-propinas-algo-que-tambien-anuncio-trump\/","url_meta":{"origin":58975,"position":3},"title":"Harris promete trabajar para eliminar los impuestos a las propinas, algo que tambi\u00e9n anunci\u00f3 Trump","author":"Nelson Feliz","date":"11 de agosto de 2024","format":false,"excerpt":"By RIO YAMAT, DARLENE SUPERVILLE, WILL WEISSERT and JOSH BOAK LAS VEGAS (AP) \u2014 La vicepresidenta de Estados Unidos, Kamala Harris, prometi\u00f3 el s\u00e1bado trabajar para eliminar los impuestos sobre las propinas que reciben trabajadores de restaurantes y otros empleados del sector servicios, igualando una promesa que hizo su rival\u2026","rel":"","context":"En \u00abSin categor\u00eda\u00bb","block_context":{"text":"Sin categor\u00eda","link":"https:\/\/lasprimeras.com.do\/index.php\/category\/sin-categoria\/"},"img":{"alt_text":"Kamala Harris","src":"https:\/\/i0.wp.com\/lasprimeras.com.do\/wp-content\/uploads\/2024\/08\/Kamala-Harris-2.jpg?resize=350%2C200&ssl=1","width":350,"height":200,"srcset":"https:\/\/i0.wp.com\/lasprimeras.com.do\/wp-content\/uploads\/2024\/08\/Kamala-Harris-2.jpg?resize=350%2C200&ssl=1 1x, https:\/\/i0.wp.com\/lasprimeras.com.do\/wp-content\/uploads\/2024\/08\/Kamala-Harris-2.jpg?resize=525%2C300&ssl=1 1.5x, https:\/\/i0.wp.com\/lasprimeras.com.do\/wp-content\/uploads\/2024\/08\/Kamala-Harris-2.jpg?resize=700%2C400&ssl=1 2x"},"classes":[]},{"id":96556,"url":"https:\/\/lasprimeras.com.do\/index.php\/2025\/04\/02\/elecciones-en-wisconsin-y-florida-ofrecen-senales-de-alerta-temprana-para-trump-y-republicanos\/","url_meta":{"origin":58975,"position":4},"title":"Elecciones en Wisconsin y Florida ofrecen se\u00f1ales de alerta temprana para Trump y republicanos","author":"Nelson Feliz","date":"2 de abril de 2025","format":false,"excerpt":"POR JILL COLVIN Wisconsin, AP.-. Un tr\u00edo de elecciones celebradas el martes proporcion\u00f3 se\u00f1ales de advertencia tempranas para los republicanos y el presidente de Estados Unidos, Donald Trump, al comienzo de un mandato ambicioso, mientras los dem\u00f3cratas se unieron contra sus esfuerzos por reducir el gobierno federal y el papel\u2026","rel":"","context":"En \u00abINTERNACIONALES\u00bb","block_context":{"text":"INTERNACIONALES","link":"https:\/\/lasprimeras.com.do\/index.php\/category\/sin-categoria\/internacionales\/"},"img":{"alt_text":"","src":"https:\/\/i0.wp.com\/lasprimeras.com.do\/wp-content\/uploads\/2025\/04\/Brad-Schimel.jpg?resize=350%2C200&ssl=1","width":350,"height":200,"srcset":"https:\/\/i0.wp.com\/lasprimeras.com.do\/wp-content\/uploads\/2025\/04\/Brad-Schimel.jpg?resize=350%2C200&ssl=1 1x, https:\/\/i0.wp.com\/lasprimeras.com.do\/wp-content\/uploads\/2025\/04\/Brad-Schimel.jpg?resize=525%2C300&ssl=1 1.5x, https:\/\/i0.wp.com\/lasprimeras.com.do\/wp-content\/uploads\/2025\/04\/Brad-Schimel.jpg?resize=700%2C400&ssl=1 2x"},"classes":[]},{"id":90991,"url":"https:\/\/lasprimeras.com.do\/index.php\/2024\/11\/05\/donald-trump-sigue-por-delante-de-harris-tras-imponerse-en-florida-y-otros-7-estados\/","url_meta":{"origin":58975,"position":5},"title":"Donald Trump sigue por delante de Harris tras imponerse en Florida y otros 7 estados","author":"Nelson Feliz","date":"5 de noviembre de 2024","format":false,"excerpt":"Washington, (EFE).- El candidato republicano a la Casa Blanca, Donald Trump, gan\u00f3 este martes las elecciones en los estados de Florida, Tennessee, Alabama, Arkansas, Misisip\u00ed, Misuri, Carolina del Sur y Oklahoma, mientras que la vicepresidenta dem\u00f3crata, Kamala Harris, se hizo con Massachusetts, Maryland, Rhode Island, Connecticut y el Distrito de\u2026","rel":"","context":"En \u00abINTERNACIONALES\u00bb","block_context":{"text":"INTERNACIONALES","link":"https:\/\/lasprimeras.com.do\/index.php\/category\/sin-categoria\/internacionales\/"},"img":{"alt_text":"","src":"https:\/\/i0.wp.com\/lasprimeras.com.do\/wp-content\/uploads\/2024\/11\/voto.jpg?resize=350%2C200&ssl=1","width":350,"height":200,"srcset":"https:\/\/i0.wp.com\/lasprimeras.com.do\/wp-content\/uploads\/2024\/11\/voto.jpg?resize=350%2C200&ssl=1 1x, https:\/\/i0.wp.com\/lasprimeras.com.do\/wp-content\/uploads\/2024\/11\/voto.jpg?resize=525%2C300&ssl=1 1.5x, https:\/\/i0.wp.com\/lasprimeras.com.do\/wp-content\/uploads\/2024\/11\/voto.jpg?resize=700%2C400&ssl=1 2x"},"classes":[]}],"jetpack_sharing_enabled":true,"_links":{"self":[{"href":"https:\/\/lasprimeras.com.do\/index.php\/wp-json\/wp\/v2\/posts\/58975","targetHints":{"allow":["GET"]}}],"collection":[{"href":"https:\/\/lasprimeras.com.do\/index.php\/wp-json\/wp\/v2\/posts"}],"about":[{"href":"https:\/\/lasprimeras.com.do\/index.php\/wp-json\/wp\/v2\/types\/post"}],"author":[{"embeddable":true,"href":"https:\/\/lasprimeras.com.do\/index.php\/wp-json\/wp\/v2\/users\/2"}],"replies":[{"embeddable":true,"href":"https:\/\/lasprimeras.com.do\/index.php\/wp-json\/wp\/v2\/comments?post=58975"}],"version-history":[{"count":1,"href":"https:\/\/lasprimeras.com.do\/index.php\/wp-json\/wp\/v2\/posts\/58975\/revisions"}],"predecessor-version":[{"id":58977,"href":"https:\/\/lasprimeras.com.do\/index.php\/wp-json\/wp\/v2\/posts\/58975\/revisions\/58977"}],"wp:featuredmedia":[{"embeddable":true,"href":"https:\/\/lasprimeras.com.do\/index.php\/wp-json\/wp\/v2\/media\/58976"}],"wp:attachment":[{"href":"https:\/\/lasprimeras.com.do\/index.php\/wp-json\/wp\/v2\/media?parent=58975"}],"wp:term":[{"taxonomy":"category","embeddable":true,"href":"https:\/\/lasprimeras.com.do\/index.php\/wp-json\/wp\/v2\/categories?post=58975"},{"taxonomy":"post_tag","embeddable":true,"href":"https:\/\/lasprimeras.com.do\/index.php\/wp-json\/wp\/v2\/tags?post=58975"}],"curies":[{"name":"wp","href":"https:\/\/api.w.org\/{rel}","templated":true}]}}