{"id":58981,"date":"2023-08-29T22:46:34","date_gmt":"2023-08-30T02:46:34","guid":{"rendered":"https:\/\/lasprimeras.com.do\/?p=58981"},"modified":"2023-08-29T22:49:37","modified_gmt":"2023-08-30T02:49:37","slug":"abinader-entrega-hospital-unidad-materno-infantil-y-la-unidad-de-dialisis-del-marcelino-velez","status":"publish","type":"post","link":"https:\/\/lasprimeras.com.do\/index.php\/2023\/08\/29\/abinader-entrega-hospital-unidad-materno-infantil-y-la-unidad-de-dialisis-del-marcelino-velez\/","title":{"rendered":"Abinader entrega hospital Unidad Materno Infantil y la Unidad de Di\u00e1lisis del Marcelino V\u00e9lez"},"content":{"rendered":"\n<p>El presidente Luis Abinader y el director del Servicio Nacional de Salud (SNS), Mario Lama, entregaron el nuevo Hospital (unidad) Materno Infantil y la remozada Unidad de Di\u00e1lisis en el Marcelino V\u00e9lez Santana con una inversi\u00f3n de m\u00e1s de 765 millones de pesos.<\/p>\n\n\n\n<p>El mandatario expres\u00f3 su orgullo y alegr\u00eda cuando encabeza la inauguraci\u00f3n de una infraestructura de salud que beneficiar\u00e1 a la poblaci\u00f3n dominicana.<\/p>\n\n\n\n<p>&#8220;Nos sentimos realizados como jefe de Estado, porque aqu\u00ed sabemos que van a salvar vidas, aqui sabemos que va a mejorar la calidad de vida y m\u00e1s con unas instalaciones como las que estamos presentando en el d\u00eda de hoy que son de primer nivel&#8221;, destac\u00f3 el presidente Abinader.<\/p>\n\n\n\n<p>Record\u00f3 las diferentes obras de infraestructura de salud que ha realizado en su gesti\u00f3n de gobierno y las que continuar\u00e1 inaugurando en lo que falta del 2023.<\/p>\n\n\n\n<p>El mandatario dijo: &#8220;Estos son n\u00fameros que no queremos pero que hay que compararlos. Comparar estos tres a\u00f1os con cualquier otro periodo de gobierno de tres a\u00f1os a ver qui\u00e9n ha remozado, quien ha construido m\u00e1s hospitales y qui\u00e9n m\u00e1s ha apoyado la salud en unos momentos dif\u00edciles&#8221;.<\/p>\n\n\n\n<p>Pidi\u00f3 a la sociedad civil del municipio de Santo Domingo Oeste crear un voluntariado que ayude a cuidar los equipos que cuenta la nueva instalaci\u00f3n.<\/p>\n","protected":false},"excerpt":{"rendered":"<p>El presidente Luis Abinader y el director del Servicio Nacional de Salud (SNS), Mario Lama, entregaron el nuevo Hospital (unidad) Materno Infantil y la remozada Unidad de Di\u00e1lisis en el&hellip;<\/p>\n","protected":false},"author":2,"featured_media":58982,"comment_status":"open","ping_status":"open","sticky":false,"template":"","format":"standard","meta":{"content-type":"","jetpack_post_was_ever_published":false,"_jetpack_newsletter_access":"","_jetpack_dont_email_post_to_subs":false,"_jetpack_newsletter_tier_id":0,"_jetpack_memberships_contains_paywalled_content":false,"_jetpack_memberships_contains_paid_content":false,"footnotes":""},"categories":[25],"tags":[6851,6853,6852,67,676],"class_list":["post-58981","post","type-post","status-publish","format-standard","has-post-thumbnail","hentry","category-portada","tag-dialisis","tag-hospital-marcelino-velez-santana","tag-hospital-unidad-materno-infantil","tag-luis-abinader","tag-unidad"],"jetpack_featured_media_url":"https:\/\/lasprimeras.com.do\/wp-content\/uploads\/2023\/08\/Luis-Abinader-8-1.jpg","jetpack-related-posts":[{"id":58985,"url":"https:\/\/lasprimeras.com.do\/index.php\/2023\/08\/29\/mario-lama-destaca-aporte-al-hospital-materno-infantil-y-la-unidad-de-dialisis-del-marcelino-velez\/","url_meta":{"origin":58981,"position":0},"title":"Mario Lama destaca aporte al hospital Materno Infantil y la Unidad de Di\u00e1lisis del Marcelino V\u00e9lez","author":"Nelson Feliz","date":"29 de agosto de 2023","format":false,"excerpt":"El director del Servicio Nacional de Salud (SNS), Mario Lama, destac\u00f3 el aporte del nuevo hospital unidad Materno Infantil Marcelino V\u00e9lez, que calific\u00f3 como una de las m\u00e1s modernas del pa\u00eds, la cual cuenta con un equipo humano altamente capacitado y con la tecnolog\u00eda necesaria para brindar una atenci\u00f3n integral\u2026","rel":"","context":"En \u00abSin categor\u00eda\u00bb","block_context":{"text":"Sin categor\u00eda","link":"https:\/\/lasprimeras.com.do\/index.php\/category\/sin-categoria\/"},"img":{"alt_text":"Luis Abinader y Mario Lama","src":"https:\/\/i0.wp.com\/lasprimeras.com.do\/wp-content\/uploads\/2023\/08\/Luis-Abinader-y-Mario-Lama.jpg?resize=350%2C200&ssl=1","width":350,"height":200,"srcset":"https:\/\/i0.wp.com\/lasprimeras.com.do\/wp-content\/uploads\/2023\/08\/Luis-Abinader-y-Mario-Lama.jpg?resize=350%2C200&ssl=1 1x, https:\/\/i0.wp.com\/lasprimeras.com.do\/wp-content\/uploads\/2023\/08\/Luis-Abinader-y-Mario-Lama.jpg?resize=525%2C300&ssl=1 1.5x, https:\/\/i0.wp.com\/lasprimeras.com.do\/wp-content\/uploads\/2023\/08\/Luis-Abinader-y-Mario-Lama.jpg?resize=700%2C400&ssl=1 2x"},"classes":[]},{"id":114557,"url":"https:\/\/lasprimeras.com.do\/index.php\/2025\/07\/01\/abinader-inaugura-unidad-de-pie-diabetico-en-hospital-de-herrera-marcelino-velez-santana\/","url_meta":{"origin":58981,"position":1},"title":"Abinader inaugura unidad de pie diab\u00e9tico en Hospital de Herrera, Marcelino V\u00e9lez Santana","author":"Nelson Feliz","date":"1 de julio de 2025","format":false,"excerpt":"Gobierno tiene previsto instalar diez unidades de Pie Diab\u00e9tico en distintos puntos del pa\u00eds para fortalecer la atenci\u00f3n a pacientes diab\u00e9ticos y reducir complicaciones que deriven en amputaciones. El presidente Luis Abinader dej\u00f3 inaugurada este martes la primera Unidad de Pie Diab\u00e9tico en el Hospital General Dr. Marcelino V\u00e9lez Santana,\u2026","rel":"","context":"En \u00abPORTADA\u00bb","block_context":{"text":"PORTADA","link":"https:\/\/lasprimeras.com.do\/index.php\/category\/portada\/"},"img":{"alt_text":"","src":"https:\/\/i0.wp.com\/lasprimeras.com.do\/wp-content\/uploads\/2025\/11\/Hospital-General-Dr.-Marcelino-Velez-Santana.jpg?resize=350%2C200&ssl=1","width":350,"height":200,"srcset":"https:\/\/i0.wp.com\/lasprimeras.com.do\/wp-content\/uploads\/2025\/11\/Hospital-General-Dr.-Marcelino-Velez-Santana.jpg?resize=350%2C200&ssl=1 1x, https:\/\/i0.wp.com\/lasprimeras.com.do\/wp-content\/uploads\/2025\/11\/Hospital-General-Dr.-Marcelino-Velez-Santana.jpg?resize=525%2C300&ssl=1 1.5x, https:\/\/i0.wp.com\/lasprimeras.com.do\/wp-content\/uploads\/2025\/11\/Hospital-General-Dr.-Marcelino-Velez-Santana.jpg?resize=700%2C400&ssl=1 2x"},"classes":[]},{"id":102139,"url":"https:\/\/lasprimeras.com.do\/index.php\/2025\/07\/01\/abinader-deja-inaugurada-unidad-de-pie-diabetico-en-hospital-marcelino-velez-santana-de-herrera\/","url_meta":{"origin":58981,"position":2},"title":"Abinader deja inaugurada unidad de pie diab\u00e9tico en Hospital Marcelino V\u00e9lez Santana de Herrera","author":"Nelson Feliz","date":"1 de julio de 2025","format":false,"excerpt":"Gobierno tiene previsto instalar diez unidades de Pie Diab\u00e9tico en distintos puntos del pa\u00eds para fortalecer la atenci\u00f3n a pacientes diab\u00e9ticos y reducir complicaciones que deriven en amputaciones. El presidente Luis Abinader dej\u00f3 inaugurada este martes la primera Unidad de Pie Diab\u00e9tico en el Hospital General Dr. Marcelino V\u00e9lez Santana,\u2026","rel":"","context":"En \u00abPORTADA\u00bb","block_context":{"text":"PORTADA","link":"https:\/\/lasprimeras.com.do\/index.php\/category\/portada\/"},"img":{"alt_text":"","src":"https:\/\/i0.wp.com\/lasprimeras.com.do\/wp-content\/uploads\/2025\/07\/Luis-Abinader-C.jpg?resize=350%2C200&ssl=1","width":350,"height":200,"srcset":"https:\/\/i0.wp.com\/lasprimeras.com.do\/wp-content\/uploads\/2025\/07\/Luis-Abinader-C.jpg?resize=350%2C200&ssl=1 1x, https:\/\/i0.wp.com\/lasprimeras.com.do\/wp-content\/uploads\/2025\/07\/Luis-Abinader-C.jpg?resize=525%2C300&ssl=1 1.5x, https:\/\/i0.wp.com\/lasprimeras.com.do\/wp-content\/uploads\/2025\/07\/Luis-Abinader-C.jpg?resize=700%2C400&ssl=1 2x"},"classes":[]},{"id":114955,"url":"https:\/\/lasprimeras.com.do\/index.php\/2025\/10\/01\/hospital-marcelino-velez-informa-detencion-individuo-intento-robar-en-sus-instalaciones\/","url_meta":{"origin":58981,"position":3},"title":"Hospital Marcelino V\u00e9lez informa detenci\u00f3n individuo intent\u00f3 robar en sus instalaciones","author":"Nelson Feliz","date":"1 de octubre de 2025","format":false,"excerpt":"El Hospital Dr. Marcelino V\u00e9lez Santana inform\u00f3 sobre la detenci\u00f3n de un individuo que intentaba cometer actos delictivos dentro de sus instalaciones, acci\u00f3n que fue neutralizada de manera r\u00e1pida y efectiva por el equipo de seguridad del centro. Agentes del \u00e1rea de Seguridad del hospital identificaron y detuvieron a la\u2026","rel":"","context":"En \u00abSALUD\u00bb","block_context":{"text":"SALUD","link":"https:\/\/lasprimeras.com.do\/index.php\/category\/salud\/"},"img":{"alt_text":"Hospital Dr. Marcelino V\u00e9lez Santana","src":"https:\/\/i0.wp.com\/lasprimeras.com.do\/wp-content\/uploads\/2025\/11\/Hospital-Dr.-Marcelino-Velez-Santana.jpg?resize=350%2C200&ssl=1","width":350,"height":200},"classes":[]},{"id":93247,"url":"https:\/\/lasprimeras.com.do\/index.php\/2025\/02\/04\/otro-escandalo-en-el-hospital-dr-marcelino-velez-santana-en-licitacion-de-compras-de-oxigeno\/","url_meta":{"origin":58981,"position":4},"title":"Otro Esc\u00e1ndalo: \u201cEn el Hospital Dr. Marcelino V\u00e9lez Santana en Licitaci\u00f3n de compras de Ox\u00edgeno\u201d","author":"Nelson Feliz","date":"4 de febrero de 2025","format":false,"excerpt":"\u00a0\u00a0\u00a0\u00a0\u00a0\u00a0\u00a0\u00a0\u00a0\u00a0\u00a0\u00a0\u00a0\u00a0\u00a0\u00a0\u00a0\u00a0\u00a0\u00a0\u00a0\u00a0\u00a0\u00a0\u00a0\u00a0\u00a0\u00a0\u00a0\u00a0\u00a0\u00a0\u00a0\u00a0\u00a0\u00a0\u00a0\u00a0\u00a0\u00a0\u00a0\u00a0\u00a0\u00a0\u00a0\u00a0\u00a0\u00a0\u00a0\u00a0\u00a0\u00a0\u00a0\u00a0\u00a0\u00a0\u00a0\u00a0\u00a0\u00a0\u00a0\u00a0\u00a0\u00a0\u00a0\u00a0\u00a0\u00a0\u00a0\u00a0\u00a0\u00a0\u00a0\u00a0\u00a0\u00a0\u00a0\u00a0\u00a0\u00a0\u00a0\u00a0\u00a0\u00a0\u00a0\u00a0\u00a0\u00a0\u00a0\u00a0\u00a0\u00a0\u00a0\u00a0\u00a0\u00a0\u00a0\u00a0\u00a0\u00a0\u00a0\u00a0\u00a0\u00a0\u00a0\u00a0\u00a0\u00a0\u00a0\u00a0\u00a0\u00a0\u00a0 2 de 3 El Comit\u00e9 de Compras y Contrataciones del General Regional Hospital Dr. Marcelino V\u00e9lez Santana, cancel\u00f3 el proceso de licitaci\u00f3n CCN -LPN-PEUR \u2013 2024-0003, emitida el 7 de noviembre del 2024, mediante el Acta n\u00famero 0054-2024, donde el referido centro de salud contratar\u00eda una empresa que se\u2026","rel":"","context":"En \u00abECONOM\u00cdA\u00bb","block_context":{"text":"ECONOM\u00cdA","link":"https:\/\/lasprimeras.com.do\/index.php\/category\/economia\/"},"img":{"alt_text":"","src":"https:\/\/i0.wp.com\/lasprimeras.com.do\/wp-content\/uploads\/2025\/02\/Hospital_Marcelino_Velez.jpg?resize=350%2C200&ssl=1","width":350,"height":200,"srcset":"https:\/\/i0.wp.com\/lasprimeras.com.do\/wp-content\/uploads\/2025\/02\/Hospital_Marcelino_Velez.jpg?resize=350%2C200&ssl=1 1x, https:\/\/i0.wp.com\/lasprimeras.com.do\/wp-content\/uploads\/2025\/02\/Hospital_Marcelino_Velez.jpg?resize=525%2C300&ssl=1 1.5x, https:\/\/i0.wp.com\/lasprimeras.com.do\/wp-content\/uploads\/2025\/02\/Hospital_Marcelino_Velez.jpg?resize=700%2C400&ssl=1 2x"},"classes":[]},{"id":52902,"url":"https:\/\/lasprimeras.com.do\/index.php\/2023\/06\/21\/abinader-inaugura-el-hospital-dr-jose-fausto-ovalles-en-esperanza-y-en-mao-el-puente-gregorio-aracena\/","url_meta":{"origin":58981,"position":5},"title":"Abinader inaugura el Hospital Dr. Jos\u00e9 Fausto Ovalles en Esperanza y en Mao el puente Gregorio Aracena","author":"Nelson Feliz","date":"21 de junio de 2023","format":false,"excerpt":"Dando continuidad a su importante programa de inauguraciones, el presidente Luis Abinader entreg\u00f3 para su puesta en funcionamiento, el modern\u00edsimo Hospital Municipal de Esperanza, Dr. Jos\u00e9 Fausto Ovalles y el puente Gregorio Aracena sobre el canal Bogaert en el municipio de Mao, provincia Valverde. Con una inversi\u00f3n de RD$660 millones\u2026","rel":"","context":"En \u00abECONOM\u00cdA\u00bb","block_context":{"text":"ECONOM\u00cdA","link":"https:\/\/lasprimeras.com.do\/index.php\/category\/economia\/"},"img":{"alt_text":"Luis Abinader","src":"https:\/\/i0.wp.com\/lasprimeras.com.do\/wp-content\/uploads\/2023\/06\/Luis-Abinader-6.jpg?resize=350%2C200&ssl=1","width":350,"height":200,"srcset":"https:\/\/i0.wp.com\/lasprimeras.com.do\/wp-content\/uploads\/2023\/06\/Luis-Abinader-6.jpg?resize=350%2C200&ssl=1 1x, https:\/\/i0.wp.com\/lasprimeras.com.do\/wp-content\/uploads\/2023\/06\/Luis-Abinader-6.jpg?resize=525%2C300&ssl=1 1.5x, https:\/\/i0.wp.com\/lasprimeras.com.do\/wp-content\/uploads\/2023\/06\/Luis-Abinader-6.jpg?resize=700%2C400&ssl=1 2x"},"classes":[]}],"jetpack_sharing_enabled":true,"_links":{"self":[{"href":"https:\/\/lasprimeras.com.do\/index.php\/wp-json\/wp\/v2\/posts\/58981","targetHints":{"allow":["GET"]}}],"collection":[{"href":"https:\/\/lasprimeras.com.do\/index.php\/wp-json\/wp\/v2\/posts"}],"about":[{"href":"https:\/\/lasprimeras.com.do\/index.php\/wp-json\/wp\/v2\/types\/post"}],"author":[{"embeddable":true,"href":"https:\/\/lasprimeras.com.do\/index.php\/wp-json\/wp\/v2\/users\/2"}],"replies":[{"embeddable":true,"href":"https:\/\/lasprimeras.com.do\/index.php\/wp-json\/wp\/v2\/comments?post=58981"}],"version-history":[{"count":2,"href":"https:\/\/lasprimeras.com.do\/index.php\/wp-json\/wp\/v2\/posts\/58981\/revisions"}],"predecessor-version":[{"id":58984,"href":"https:\/\/lasprimeras.com.do\/index.php\/wp-json\/wp\/v2\/posts\/58981\/revisions\/58984"}],"wp:featuredmedia":[{"embeddable":true,"href":"https:\/\/lasprimeras.com.do\/index.php\/wp-json\/wp\/v2\/media\/58982"}],"wp:attachment":[{"href":"https:\/\/lasprimeras.com.do\/index.php\/wp-json\/wp\/v2\/media?parent=58981"}],"wp:term":[{"taxonomy":"category","embeddable":true,"href":"https:\/\/lasprimeras.com.do\/index.php\/wp-json\/wp\/v2\/categories?post=58981"},{"taxonomy":"post_tag","embeddable":true,"href":"https:\/\/lasprimeras.com.do\/index.php\/wp-json\/wp\/v2\/tags?post=58981"}],"curies":[{"name":"wp","href":"https:\/\/api.w.org\/{rel}","templated":true}]}}