{"id":58985,"date":"2023-08-29T22:59:39","date_gmt":"2023-08-30T02:59:39","guid":{"rendered":"https:\/\/lasprimeras.com.do\/?p=58985"},"modified":"2023-08-29T22:59:41","modified_gmt":"2023-08-30T02:59:41","slug":"mario-lama-destaca-aporte-al-hospital-materno-infantil-y-la-unidad-de-dialisis-del-marcelino-velez","status":"publish","type":"post","link":"https:\/\/lasprimeras.com.do\/index.php\/2023\/08\/29\/mario-lama-destaca-aporte-al-hospital-materno-infantil-y-la-unidad-de-dialisis-del-marcelino-velez\/","title":{"rendered":"Mario Lama destaca aporte al hospital Materno Infantil y la Unidad de Di\u00e1lisis del Marcelino V\u00e9lez"},"content":{"rendered":"\n<p>El director del Servicio Nacional de Salud (SNS), Mario Lama, destac\u00f3 el aporte del nuevo hospital unidad Materno Infantil Marcelino V\u00e9lez, que calific\u00f3 como una de las m\u00e1s modernas del pa\u00eds, la cual cuenta con un equipo humano altamente capacitado y con la tecnolog\u00eda necesaria para brindar una atenci\u00f3n integral a las mujeres y ni\u00f1os.<\/p>\n\n\n\n<p>Lama, dijo que la edificaci\u00f3n ten\u00eda alrededor de cuatro a\u00f1os fuera de servicio antes de su intervenci\u00f3n en el 2022 y afirm\u00f3 que viene a descongestionar las maternidades de la provincia Santo Domingo.<\/p>\n\n\n\n<p>Elfuncionario, hizo una presentaci\u00f3n gr\u00e1fica donde mostr\u00f3 al presidente de la Rep\u00fablica, todas las \u00e1reas por niveles, de la remozada edificaci\u00f3n que alberga la nueva y moderna Unidad, que beneficiar\u00e1 a m\u00e1s de 700 mil habitantes de esa demarcaci\u00f3n.<\/p>\n\n\n\n<p>El nuevo Hospital (unidad) Materno Infantil Marcelino V\u00e9lez, ubicada en el municipio Santo Domingo Oeste, aumentar\u00e1 la calidad de vida de los ni\u00f1os y mujeres residentes en los sectores de Herrera, Avenida Independencia, Isabel Aguiar, Hato Nuevo, Bayona, Buenos Aires, Manoguayabo, Las Caobas, entre otros.<\/p>\n\n\n\n<p>El centro fue seleccionado por el SNS para su remodelaci\u00f3n y readecuaci\u00f3n completo con una inversi\u00f3n de RD$ 559,118,957.01 en infraestructura y RD$ 206,660,158.70 en equipamiento y mobiliarios, para un total de RD$ 765,779,115.71.<\/p>\n\n\n\n<p>La remodelaci\u00f3n, que dur\u00f3 un a\u00f1o y cinco meses, dispone de 60 camas de hospitalizaci\u00f3n, tres quir\u00f3fanos, dos salas de partos, cuatro camas de recuperaci\u00f3n, cinco camas de preparaci\u00f3n, ocho cunas neonatales, 14 Unidades de Cuidados Intensivos Neonatal (UCIN) internos, cinco externas y ocho UCIN aislados.<\/p>\n\n\n\n<p>Igualmente, cuenta con seis Unidades de Cuidados Intensivos (UCI) materno, con dos aislados y siete UCI pedi\u00e1tricos, de estos dos aislados, adem\u00e1s, \u00e1rea de Laboratorio, Banco de Leche, sala Mam\u00e1 Canguro, Farmacia, Cocina, Lavander\u00eda, Sal\u00f3n de conferencia, Vacuna, pabell\u00f3n de consultas con 36 consultorios y Rayos X.<\/p>\n\n\n\n<p>Cuenta con dos son\u00f3grafos, densit\u00f3metro, mam\u00f3grafo, Emergencia pedi\u00e1trica con doce cub\u00edculos de observaci\u00f3n, tres sillas para nebulizaci\u00f3n, tres sillones de hidrataci\u00f3n, trauma pedi\u00e1trico y Emergencia ginecol\u00f3gica. Asimismo, se dot\u00f3 de siete cub\u00edculos de observaci\u00f3n materno, tres sillas de nebulizaci\u00f3n, trauma ginecol\u00f3gico.<\/p>\n\n\n\n<p>El ala materno infantil hoy entregada, tambi\u00e9n se dej\u00f3 inaugurada la ampliada y remozada Unidad de Di\u00e1lisis, con doce puestos de di\u00e1lisis, dos puestos aislados y consultorio, la cual se llev\u00f3 de ocho a 14 m\u00e1quinas, aumentando la capacidad de respuesta del centro ante los usuarios que ameriten la terapia de sustituci\u00f3n de la funci\u00f3n renal.<\/p>\n","protected":false},"excerpt":{"rendered":"<p>El director del Servicio Nacional de Salud (SNS), Mario Lama, destac\u00f3 el aporte del nuevo hospital unidad Materno Infantil Marcelino V\u00e9lez, que calific\u00f3 como una de las m\u00e1s modernas del&hellip;<\/p>\n","protected":false},"author":2,"featured_media":58986,"comment_status":"open","ping_status":"open","sticky":false,"template":"","format":"standard","meta":{"content-type":"","jetpack_post_was_ever_published":false,"_jetpack_newsletter_access":"","_jetpack_dont_email_post_to_subs":false,"_jetpack_newsletter_tier_id":0,"_jetpack_memberships_contains_paywalled_content":false,"_jetpack_memberships_contains_paid_content":false,"footnotes":""},"categories":[1],"tags":[6856,6854,6857,5174,6855],"class_list":["post-58985","post","type-post","status-publish","format-standard","has-post-thumbnail","hentry","category-sin-categoria","tag-aporte","tag-hospital-materno-infantil","tag-marcelino-velez","tag-mario-lama","tag-unidad-de-dialisis"],"jetpack_featured_media_url":"https:\/\/lasprimeras.com.do\/wp-content\/uploads\/2023\/08\/Luis-Abinader-y-Mario-Lama.jpg","jetpack-related-posts":[{"id":58981,"url":"https:\/\/lasprimeras.com.do\/index.php\/2023\/08\/29\/abinader-entrega-hospital-unidad-materno-infantil-y-la-unidad-de-dialisis-del-marcelino-velez\/","url_meta":{"origin":58985,"position":0},"title":"Abinader entrega hospital Unidad Materno Infantil y la Unidad de Di\u00e1lisis del Marcelino V\u00e9lez","author":"Nelson Feliz","date":"29 de agosto de 2023","format":false,"excerpt":"El presidente Luis Abinader y el director del Servicio Nacional de Salud (SNS), Mario Lama, entregaron el nuevo Hospital (unidad) Materno Infantil y la remozada Unidad de Di\u00e1lisis en el Marcelino V\u00e9lez Santana con una inversi\u00f3n de m\u00e1s de 765 millones de pesos. El mandatario expres\u00f3 su orgullo y alegr\u00eda\u2026","rel":"","context":"En \u00abPORTADA\u00bb","block_context":{"text":"PORTADA","link":"https:\/\/lasprimeras.com.do\/index.php\/category\/portada\/"},"img":{"alt_text":"Luis Abinader","src":"https:\/\/i0.wp.com\/lasprimeras.com.do\/wp-content\/uploads\/2023\/08\/Luis-Abinader-8-1.jpg?resize=350%2C200&ssl=1","width":350,"height":200,"srcset":"https:\/\/i0.wp.com\/lasprimeras.com.do\/wp-content\/uploads\/2023\/08\/Luis-Abinader-8-1.jpg?resize=350%2C200&ssl=1 1x, https:\/\/i0.wp.com\/lasprimeras.com.do\/wp-content\/uploads\/2023\/08\/Luis-Abinader-8-1.jpg?resize=525%2C300&ssl=1 1.5x, https:\/\/i0.wp.com\/lasprimeras.com.do\/wp-content\/uploads\/2023\/08\/Luis-Abinader-8-1.jpg?resize=700%2C400&ssl=1 2x"},"classes":[]},{"id":114557,"url":"https:\/\/lasprimeras.com.do\/index.php\/2025\/07\/01\/abinader-inaugura-unidad-de-pie-diabetico-en-hospital-de-herrera-marcelino-velez-santana\/","url_meta":{"origin":58985,"position":1},"title":"Abinader inaugura unidad de pie diab\u00e9tico en Hospital de Herrera, Marcelino V\u00e9lez Santana","author":"Nelson Feliz","date":"1 de julio de 2025","format":false,"excerpt":"Gobierno tiene previsto instalar diez unidades de Pie Diab\u00e9tico en distintos puntos del pa\u00eds para fortalecer la atenci\u00f3n a pacientes diab\u00e9ticos y reducir complicaciones que deriven en amputaciones. El presidente Luis Abinader dej\u00f3 inaugurada este martes la primera Unidad de Pie Diab\u00e9tico en el Hospital General Dr. Marcelino V\u00e9lez Santana,\u2026","rel":"","context":"En \u00abPORTADA\u00bb","block_context":{"text":"PORTADA","link":"https:\/\/lasprimeras.com.do\/index.php\/category\/portada\/"},"img":{"alt_text":"","src":"https:\/\/i0.wp.com\/lasprimeras.com.do\/wp-content\/uploads\/2025\/11\/Hospital-General-Dr.-Marcelino-Velez-Santana.jpg?resize=350%2C200&ssl=1","width":350,"height":200,"srcset":"https:\/\/i0.wp.com\/lasprimeras.com.do\/wp-content\/uploads\/2025\/11\/Hospital-General-Dr.-Marcelino-Velez-Santana.jpg?resize=350%2C200&ssl=1 1x, https:\/\/i0.wp.com\/lasprimeras.com.do\/wp-content\/uploads\/2025\/11\/Hospital-General-Dr.-Marcelino-Velez-Santana.jpg?resize=525%2C300&ssl=1 1.5x, https:\/\/i0.wp.com\/lasprimeras.com.do\/wp-content\/uploads\/2025\/11\/Hospital-General-Dr.-Marcelino-Velez-Santana.jpg?resize=700%2C400&ssl=1 2x"},"classes":[]},{"id":102139,"url":"https:\/\/lasprimeras.com.do\/index.php\/2025\/07\/01\/abinader-deja-inaugurada-unidad-de-pie-diabetico-en-hospital-marcelino-velez-santana-de-herrera\/","url_meta":{"origin":58985,"position":2},"title":"Abinader deja inaugurada unidad de pie diab\u00e9tico en Hospital Marcelino V\u00e9lez Santana de Herrera","author":"Nelson Feliz","date":"1 de julio de 2025","format":false,"excerpt":"Gobierno tiene previsto instalar diez unidades de Pie Diab\u00e9tico en distintos puntos del pa\u00eds para fortalecer la atenci\u00f3n a pacientes diab\u00e9ticos y reducir complicaciones que deriven en amputaciones. El presidente Luis Abinader dej\u00f3 inaugurada este martes la primera Unidad de Pie Diab\u00e9tico en el Hospital General Dr. Marcelino V\u00e9lez Santana,\u2026","rel":"","context":"En \u00abPORTADA\u00bb","block_context":{"text":"PORTADA","link":"https:\/\/lasprimeras.com.do\/index.php\/category\/portada\/"},"img":{"alt_text":"","src":"https:\/\/i0.wp.com\/lasprimeras.com.do\/wp-content\/uploads\/2025\/07\/Luis-Abinader-C.jpg?resize=350%2C200&ssl=1","width":350,"height":200,"srcset":"https:\/\/i0.wp.com\/lasprimeras.com.do\/wp-content\/uploads\/2025\/07\/Luis-Abinader-C.jpg?resize=350%2C200&ssl=1 1x, https:\/\/i0.wp.com\/lasprimeras.com.do\/wp-content\/uploads\/2025\/07\/Luis-Abinader-C.jpg?resize=525%2C300&ssl=1 1.5x, https:\/\/i0.wp.com\/lasprimeras.com.do\/wp-content\/uploads\/2025\/07\/Luis-Abinader-C.jpg?resize=700%2C400&ssl=1 2x"},"classes":[]},{"id":95178,"url":"https:\/\/lasprimeras.com.do\/index.php\/2025\/03\/11\/el-gobierno-tiene-planes-un-nuevo-hospital-gautier-segun-mario-lama\/","url_meta":{"origin":58985,"position":3},"title":"El Gobierno tiene planes un nuevo hospital Gautier, segun Mario Lama","author":"Nelson Feliz","date":"11 de marzo de 2025","format":false,"excerpt":"Altagracia Ortiz El Gobierno tiene pautado la construcci\u00f3n de un nuevo hospital Salvador B. Gautier, en Santo Domingo, dado que la estructura data de m\u00e1s de 70 a\u00f1os y ha sido intervenida en varias ocasiones. La informaci\u00f3n la ofreci\u00f3 el doctor Mario Lama, director del Servicio Nacional de Salud, quien\u2026","rel":"","context":"En \u00abSALUD\u00bb","block_context":{"text":"SALUD","link":"https:\/\/lasprimeras.com.do\/index.php\/category\/salud\/"},"img":{"alt_text":"","src":"https:\/\/i0.wp.com\/lasprimeras.com.do\/wp-content\/uploads\/2025\/03\/Mario-Lama.png?resize=350%2C200&ssl=1","width":350,"height":200,"srcset":"https:\/\/i0.wp.com\/lasprimeras.com.do\/wp-content\/uploads\/2025\/03\/Mario-Lama.png?resize=350%2C200&ssl=1 1x, https:\/\/i0.wp.com\/lasprimeras.com.do\/wp-content\/uploads\/2025\/03\/Mario-Lama.png?resize=525%2C300&ssl=1 1.5x"},"classes":[]},{"id":65133,"url":"https:\/\/lasprimeras.com.do\/index.php\/2023\/10\/26\/salud-aumenta-camas-en-hospitales-por-brote-dengue\/","url_meta":{"origin":58985,"position":4},"title":"Salud aumenta camas en hospitales por brote dengue","author":"BIMARY DE JES\u00daS Matos","date":"26 de octubre de 2023","format":false,"excerpt":"Santo Domingo.-El Servicio Nacional de Salud anunci\u00f3 que habilitar\u00e1 unas 37 camas adicionales para dar respuesta por el brote del dengue, que alcanza los 14,089 casos sospechosos por la enfermedad. Esto ante el aumento de quejas por parte de la poblaci\u00f3n por la falta de espacios en hospitales y cl\u00ednicas\u2026","rel":"","context":"En \u00abPORTADA\u00bb","block_context":{"text":"PORTADA","link":"https:\/\/lasprimeras.com.do\/index.php\/category\/portada\/"},"img":{"alt_text":"","src":"https:\/\/i0.wp.com\/lasprimeras.com.do\/wp-content\/uploads\/2023\/10\/WhatsApp-Image-2023-10-25-at-10.15.41-PM.jpeg?resize=350%2C200&ssl=1","width":350,"height":200,"srcset":"https:\/\/i0.wp.com\/lasprimeras.com.do\/wp-content\/uploads\/2023\/10\/WhatsApp-Image-2023-10-25-at-10.15.41-PM.jpeg?resize=350%2C200&ssl=1 1x, https:\/\/i0.wp.com\/lasprimeras.com.do\/wp-content\/uploads\/2023\/10\/WhatsApp-Image-2023-10-25-at-10.15.41-PM.jpeg?resize=525%2C300&ssl=1 1.5x, https:\/\/i0.wp.com\/lasprimeras.com.do\/wp-content\/uploads\/2023\/10\/WhatsApp-Image-2023-10-25-at-10.15.41-PM.jpeg?resize=700%2C400&ssl=1 2x"},"classes":[]},{"id":110696,"url":"https:\/\/lasprimeras.com.do\/index.php\/2025\/09\/30\/abinader-inaugura-hospital-clinico-quirurgico-de-alta-tecnologia-en-la-ciudad-sanitaria\/","url_meta":{"origin":58985,"position":5},"title":"Abinader inaugura Hospital Cl\u00ednico-Quir\u00fargico de alta tecnolog\u00eda en la Ciudad Sanitaria","author":"Nelson Feliz","date":"30 de septiembre de 2025","format":false,"excerpt":"El hospital ser\u00e1 un referente para toda la regi\u00f3n del Caribe y contar\u00e1 con una UCI de 40 cub\u00edculos, un \u00e1rea de hemodi\u00e1lisis con 28 sillones, 24 generales y 4 de aislamiento, servicios complementarios como laboratorio cl\u00ednico, im\u00e1genes, farmacia, emergencia y servicios generales, garantizando atenci\u00f3n integral a los pacientes. El\u2026","rel":"","context":"En \u00abNACIONALES\u00bb","block_context":{"text":"NACIONALES","link":"https:\/\/lasprimeras.com.do\/index.php\/category\/nacionales\/"},"img":{"alt_text":"","src":"https:\/\/i0.wp.com\/lasprimeras.com.do\/wp-content\/uploads\/2025\/09\/abinader.jpg?resize=350%2C200&ssl=1","width":350,"height":200,"srcset":"https:\/\/i0.wp.com\/lasprimeras.com.do\/wp-content\/uploads\/2025\/09\/abinader.jpg?resize=350%2C200&ssl=1 1x, https:\/\/i0.wp.com\/lasprimeras.com.do\/wp-content\/uploads\/2025\/09\/abinader.jpg?resize=525%2C300&ssl=1 1.5x, https:\/\/i0.wp.com\/lasprimeras.com.do\/wp-content\/uploads\/2025\/09\/abinader.jpg?resize=700%2C400&ssl=1 2x"},"classes":[]}],"jetpack_sharing_enabled":true,"_links":{"self":[{"href":"https:\/\/lasprimeras.com.do\/index.php\/wp-json\/wp\/v2\/posts\/58985","targetHints":{"allow":["GET"]}}],"collection":[{"href":"https:\/\/lasprimeras.com.do\/index.php\/wp-json\/wp\/v2\/posts"}],"about":[{"href":"https:\/\/lasprimeras.com.do\/index.php\/wp-json\/wp\/v2\/types\/post"}],"author":[{"embeddable":true,"href":"https:\/\/lasprimeras.com.do\/index.php\/wp-json\/wp\/v2\/users\/2"}],"replies":[{"embeddable":true,"href":"https:\/\/lasprimeras.com.do\/index.php\/wp-json\/wp\/v2\/comments?post=58985"}],"version-history":[{"count":1,"href":"https:\/\/lasprimeras.com.do\/index.php\/wp-json\/wp\/v2\/posts\/58985\/revisions"}],"predecessor-version":[{"id":58987,"href":"https:\/\/lasprimeras.com.do\/index.php\/wp-json\/wp\/v2\/posts\/58985\/revisions\/58987"}],"wp:featuredmedia":[{"embeddable":true,"href":"https:\/\/lasprimeras.com.do\/index.php\/wp-json\/wp\/v2\/media\/58986"}],"wp:attachment":[{"href":"https:\/\/lasprimeras.com.do\/index.php\/wp-json\/wp\/v2\/media?parent=58985"}],"wp:term":[{"taxonomy":"category","embeddable":true,"href":"https:\/\/lasprimeras.com.do\/index.php\/wp-json\/wp\/v2\/categories?post=58985"},{"taxonomy":"post_tag","embeddable":true,"href":"https:\/\/lasprimeras.com.do\/index.php\/wp-json\/wp\/v2\/tags?post=58985"}],"curies":[{"name":"wp","href":"https:\/\/api.w.org\/{rel}","templated":true}]}}