{"id":58988,"date":"2023-08-29T23:12:23","date_gmt":"2023-08-30T03:12:23","guid":{"rendered":"https:\/\/lasprimeras.com.do\/?p=58988"},"modified":"2023-08-29T23:12:25","modified_gmt":"2023-08-30T03:12:25","slug":"comite-politico-del-pld-pasara-balance-hoy-al-proceso-electoral","status":"publish","type":"post","link":"https:\/\/lasprimeras.com.do\/index.php\/2023\/08\/29\/comite-politico-del-pld-pasara-balance-hoy-al-proceso-electoral\/","title":{"rendered":"Comit\u00e9 Pol\u00edtico del PLD pasar\u00e1 balance hoy al proceso electoral"},"content":{"rendered":"\n<p>El Comit\u00e9 Pol\u00edtico del Partido de la Liberaci\u00f3n Dominicana (PLD), se reunir\u00e1 este mi\u00e9rcoles para pasar balance, entre otros temas, a los trabajos organizativos, al proceso electoral interno e informar sobre el compromiso asumido por el PLD en la Alianza Opositora Rescate RD con los partidos Revolucionario Dominicano y Fuerza del Pueblo.<\/p>\n\n\n\n<p>El encuentro de los integrantes del organismo ejecutivo pol\u00edtico del PLD est\u00e1 pautado para las 10:00 de la ma\u00f1ana en la Casa Nacional Reinaldo Pared P\u00e9rez.<\/p>\n\n\n\n<p>La reuni\u00f3n del CP tiene car\u00e1cter ordinario por lo que la agenda a desarrollar es aprobada en la misma reuni\u00f3n, acorde a las sugerencias y puntos propuestos.<\/p>\n\n\n\n<p>El secretario general del PLD, Charles Mariotti, dijo que se conocer\u00e1n los avances en el proceso electoral interno, en el que se ejecutan las encuestas para escoger candidatos y candidatas y se organizan las asambleas de delegados con esos mismos fines y otros temas de la actualidad pol\u00edtica.<\/p>\n\n\n\n<p>La reuni\u00f3n se genera en medio de las grandes expectativas generadas por el anuncio de la Alianza Opositora Rescate RD, coalici\u00f3n que, como se ha descrito, marca el final de la gesti\u00f3n del Gobierno del PRM.<\/p>\n\n\n\n<p>Asimismo, el encuentro de las y los miembros del Comit\u00e9 Pol\u00edtico del PLD se produce a la par con la reacci\u00f3n asumida de forma conjunta por la oposici\u00f3n pol\u00edtica en contra del Comunicado de Admonici\u00f3n de la Junta Central Electoral, que proh\u00edbe a los partidos la realizaci\u00f3n de m\u00edtines, marchas, caravanas y publicidad electoral.<\/p>\n\n\n\n<p>Se recuerda que es una reuni\u00f3n a puerta cerrada en la que solo participan los miembros de dicho organismo, pero que al principio se permite la entrada de la representaci\u00f3n de los medios de comunicaci\u00f3n para captar en sus c\u00e1maras el momento del inicio y al finalizar se informa de sus resoluciones y conclusiones.<\/p>\n","protected":false},"excerpt":{"rendered":"<p>El Comit\u00e9 Pol\u00edtico del Partido de la Liberaci\u00f3n Dominicana (PLD), se reunir\u00e1 este mi\u00e9rcoles para pasar balance, entre otros temas, a los trabajos organizativos, al proceso electoral interno e informar&hellip;<\/p>\n","protected":false},"author":2,"featured_media":53585,"comment_status":"open","ping_status":"open","sticky":false,"template":"","format":"standard","meta":{"content-type":"","jetpack_post_was_ever_published":false,"_jetpack_newsletter_access":"","_jetpack_dont_email_post_to_subs":false,"_jetpack_newsletter_tier_id":0,"_jetpack_memberships_contains_paywalled_content":false,"_jetpack_memberships_contains_paid_content":false,"footnotes":""},"categories":[25],"tags":[463,3500,269,6858],"class_list":["post-58988","post","type-post","status-publish","format-standard","has-post-thumbnail","hentry","category-portada","tag-balance","tag-comite-politico","tag-pld","tag-proceso-electoral"],"jetpack_featured_media_url":"https:\/\/lasprimeras.com.do\/wp-content\/uploads\/2023\/06\/Casa-Nacional-PLD.jpg","jetpack-related-posts":[{"id":114071,"url":"https:\/\/lasprimeras.com.do\/index.php\/2025\/11\/10\/pld-pasara-balance-a-la-implementacion-de-la-linea-organizativa-y-electoral-loe\/","url_meta":{"origin":58988,"position":0},"title":"PLD pasar\u00e1 balance a la implementaci\u00f3n de la L\u00ednea Organizativa y Electoral (LOE)","author":"Nelson Feliz","date":"10 de noviembre de 2025","format":false,"excerpt":"El Partido de la Liberaci\u00f3n Dominicana (PLD) anunci\u00f3 para el pr\u00f3ximo jueves, 13 noviembre, la realizaci\u00f3n de un encuentro de sus dirigentes para pasar balance a la implementaci\u00f3n de la L\u00ednea Organizativa y Electoral (LOE) aprobada en el X Congreso Ordinario Reinaldo Pared P\u00e9rez. En el encuentro bajo el formato\u2026","rel":"","context":"En \u00abPOLITICA\u00bb","block_context":{"text":"POLITICA","link":"https:\/\/lasprimeras.com.do\/index.php\/category\/politica\/"},"img":{"alt_text":"","src":"https:\/\/i0.wp.com\/lasprimeras.com.do\/wp-content\/uploads\/2024\/05\/CN-PLD.jpg?resize=350%2C200&ssl=1","width":350,"height":200,"srcset":"https:\/\/i0.wp.com\/lasprimeras.com.do\/wp-content\/uploads\/2024\/05\/CN-PLD.jpg?resize=350%2C200&ssl=1 1x, https:\/\/i0.wp.com\/lasprimeras.com.do\/wp-content\/uploads\/2024\/05\/CN-PLD.jpg?resize=525%2C300&ssl=1 1.5x, https:\/\/i0.wp.com\/lasprimeras.com.do\/wp-content\/uploads\/2024\/05\/CN-PLD.jpg?resize=700%2C400&ssl=1 2x"},"classes":[]},{"id":104387,"url":"https:\/\/lasprimeras.com.do\/index.php\/2025\/07\/23\/mayobanex-escoto-resalta-pld-implementa-nueva-linea-organizativa-electoral\/","url_meta":{"origin":58988,"position":1},"title":"Mayobanex Escoto resalta PLD implementa nueva l\u00ednea organizativa-electoral","author":"Nelson Feliz","date":"23 de julio de 2025","format":false,"excerpt":"La Secretar\u00eda de Organizaci\u00f3n del Partido de la Liberaci\u00f3n Dominicana (PLD) celebr\u00f3 este mi\u00e9rcoles la reuni\u00f3n ordinaria correspondiente al mes de julio pasando balance a los informes de sus integrantes sobre la implementaci\u00f3n de la L\u00ednea Organizativa y Electoral, en la que ese \u00f3rgano de trabajo tiene un rol fundamental,\u2026","rel":"","context":"En \u00abPOLITICA\u00bb","block_context":{"text":"POLITICA","link":"https:\/\/lasprimeras.com.do\/index.php\/category\/politica\/"},"img":{"alt_text":"","src":"https:\/\/i0.wp.com\/lasprimeras.com.do\/wp-content\/uploads\/2025\/07\/ESCOTO.jpg?resize=350%2C200&ssl=1","width":350,"height":200,"srcset":"https:\/\/i0.wp.com\/lasprimeras.com.do\/wp-content\/uploads\/2025\/07\/ESCOTO.jpg?resize=350%2C200&ssl=1 1x, https:\/\/i0.wp.com\/lasprimeras.com.do\/wp-content\/uploads\/2025\/07\/ESCOTO.jpg?resize=525%2C300&ssl=1 1.5x, https:\/\/i0.wp.com\/lasprimeras.com.do\/wp-content\/uploads\/2025\/07\/ESCOTO.jpg?resize=700%2C400&ssl=1 2x"},"classes":[]},{"id":108010,"url":"https:\/\/lasprimeras.com.do\/index.php\/2025\/09\/02\/cristina-lizardo-el-pld-se-activa-en-la-implementacion-de-la-loe\/","url_meta":{"origin":58988,"position":2},"title":"Cristina Lizardo: El PLD se activa en la implementaci\u00f3n de la LOE","author":"Nelson Feliz","date":"2 de septiembre de 2025","format":false,"excerpt":"El Partido de la Liberaci\u00f3n Dominicana (PLD) en el municipio Santo Domingo Este pasa balance a la implementaci\u00f3n de la L\u00ednea Organizativa y Electoral (LOE). El Partido de la Liberaci\u00f3n Dominicana en los municipios Santo Domingo Este, Boca Chica, Guerra y San Luis y sus circunscripciones y distritos municipales, hizo\u2026","rel":"","context":"En \u00abPOLITICA\u00bb","block_context":{"text":"POLITICA","link":"https:\/\/lasprimeras.com.do\/index.php\/category\/politica\/"},"img":{"alt_text":"","src":"https:\/\/i0.wp.com\/lasprimeras.com.do\/wp-content\/uploads\/2025\/09\/Reunion-LOE-2.jpg?resize=350%2C200&ssl=1","width":350,"height":200,"srcset":"https:\/\/i0.wp.com\/lasprimeras.com.do\/wp-content\/uploads\/2025\/09\/Reunion-LOE-2.jpg?resize=350%2C200&ssl=1 1x, https:\/\/i0.wp.com\/lasprimeras.com.do\/wp-content\/uploads\/2025\/09\/Reunion-LOE-2.jpg?resize=525%2C300&ssl=1 1.5x, https:\/\/i0.wp.com\/lasprimeras.com.do\/wp-content\/uploads\/2025\/09\/Reunion-LOE-2.jpg?resize=700%2C400&ssl=1 2x"},"classes":[]},{"id":102810,"url":"https:\/\/lasprimeras.com.do\/index.php\/2025\/07\/08\/johnny-pujols-comite-politico-del-pld-conocera-sentencia-del-tse\/","url_meta":{"origin":58988,"position":3},"title":"Johnny Pujols: Comit\u00e9 Pol\u00edtico del PLD conocer\u00e1 sentencia del TSE","author":"Nelson Feliz","date":"8 de julio de 2025","format":false,"excerpt":"Secretario General del PLD ratifica convocatoria del Comit\u00e9 Pol\u00edtico para el pr\u00f3ximo jueves en horas de la ma\u00f1ana. El Comit\u00e9 Pol\u00edtico del Partido de la Liberaci\u00f3n dominicana se reunir\u00e1 el pr\u00f3ximo jueves para analizar la sentencia del Tribunal Superior Electoral (TSE-01-0010-2025) sobre las aspiraciones a precandidaturas presidencial. La informaci\u00f3n fue\u2026","rel":"","context":"En \u00abPOLITICA\u00bb","block_context":{"text":"POLITICA","link":"https:\/\/lasprimeras.com.do\/index.php\/category\/politica\/"},"img":{"alt_text":"","src":"https:\/\/i0.wp.com\/lasprimeras.com.do\/wp-content\/uploads\/2025\/05\/Johnny-Pujols-2.jpg?resize=350%2C200&ssl=1","width":350,"height":200,"srcset":"https:\/\/i0.wp.com\/lasprimeras.com.do\/wp-content\/uploads\/2025\/05\/Johnny-Pujols-2.jpg?resize=350%2C200&ssl=1 1x, https:\/\/i0.wp.com\/lasprimeras.com.do\/wp-content\/uploads\/2025\/05\/Johnny-Pujols-2.jpg?resize=525%2C300&ssl=1 1.5x, https:\/\/i0.wp.com\/lasprimeras.com.do\/wp-content\/uploads\/2025\/05\/Johnny-Pujols-2.jpg?resize=700%2C400&ssl=1 2x"},"classes":[]},{"id":52582,"url":"https:\/\/lasprimeras.com.do\/index.php\/2023\/06\/11\/comite-politico-del-pld-se-reunira-este-lunes-para-tratar-proceso-electoral-interno\/","url_meta":{"origin":58988,"position":4},"title":"Comit\u00e9 Pol\u00edtico del PLD se reunir\u00e1 este lunes para tratar proceso electoral interno","author":"prenxa100","date":"11 de junio de 2023","format":false,"excerpt":"El Comit\u00e9 Pol\u00edtico del Partido de la Liberaci\u00f3n Dominicana (PLD) se reunir\u00e1 este lunes para dar seguimiento al proceso electoral interno que deben desarrollar los partidos pol\u00edticos de acuerdo a las leyes electorales, inform\u00f3 la formaci\u00f3n este domingo. Es una reuni\u00f3n de car\u00e1cter ordinario, cumpliendo el compromiso del organismo de\u2026","rel":"","context":"En \u00abPORTADA\u00bb","block_context":{"text":"PORTADA","link":"https:\/\/lasprimeras.com.do\/index.php\/category\/portada\/"},"img":{"alt_text":"","src":"https:\/\/i0.wp.com\/lasprimeras.com.do\/wp-content\/uploads\/2023\/06\/comite-politico-del-pld-se-reunira-este-lunes-para-tratar-proceso-electoral-interno.png?resize=350%2C200&ssl=1","width":350,"height":200,"srcset":"https:\/\/i0.wp.com\/lasprimeras.com.do\/wp-content\/uploads\/2023\/06\/comite-politico-del-pld-se-reunira-este-lunes-para-tratar-proceso-electoral-interno.png?resize=350%2C200&ssl=1 1x, https:\/\/i0.wp.com\/lasprimeras.com.do\/wp-content\/uploads\/2023\/06\/comite-politico-del-pld-se-reunira-este-lunes-para-tratar-proceso-electoral-interno.png?resize=525%2C300&ssl=1 1.5x, https:\/\/i0.wp.com\/lasprimeras.com.do\/wp-content\/uploads\/2023\/06\/comite-politico-del-pld-se-reunira-este-lunes-para-tratar-proceso-electoral-interno.png?resize=700%2C400&ssl=1 2x, https:\/\/i0.wp.com\/lasprimeras.com.do\/wp-content\/uploads\/2023\/06\/comite-politico-del-pld-se-reunira-este-lunes-para-tratar-proceso-electoral-interno.png?resize=1050%2C600&ssl=1 3x, https:\/\/i0.wp.com\/lasprimeras.com.do\/wp-content\/uploads\/2023\/06\/comite-politico-del-pld-se-reunira-este-lunes-para-tratar-proceso-electoral-interno.png?resize=1400%2C800&ssl=1 4x"},"classes":[]},{"id":103032,"url":"https:\/\/lasprimeras.com.do\/index.php\/2025\/07\/10\/comite-politico-del-pld-conoce-de-informes-y-temas-internos\/","url_meta":{"origin":58988,"position":5},"title":"Comit\u00e9 Pol\u00edtico del PLD conoce de informes y temas internos","author":"Nelson Feliz","date":"10 de julio de 2025","format":false,"excerpt":"Aplaza discusi\u00f3n de la sentencia del TSE para el lunes 21 julio El Comit\u00e9 Pol\u00edtico del Partido de la Liberaci\u00f3n Dominicana (PLD) despu\u00e9s dar lectura al contenido de la sentencia del Tribunal Superior Electoral (TSE-01-0010-2025), sobre las aspiraciones a precandidaturas presidencial en esa organizaci\u00f3n pol\u00edtica, decidi\u00f3 aplazar su discusi\u00f3n para\u2026","rel":"","context":"En \u00abPOLITICA\u00bb","block_context":{"text":"POLITICA","link":"https:\/\/lasprimeras.com.do\/index.php\/category\/politica\/"},"img":{"alt_text":"","src":"https:\/\/i0.wp.com\/lasprimeras.com.do\/wp-content\/uploads\/2025\/07\/ReunCP-28.jpg?resize=350%2C200&ssl=1","width":350,"height":200,"srcset":"https:\/\/i0.wp.com\/lasprimeras.com.do\/wp-content\/uploads\/2025\/07\/ReunCP-28.jpg?resize=350%2C200&ssl=1 1x, https:\/\/i0.wp.com\/lasprimeras.com.do\/wp-content\/uploads\/2025\/07\/ReunCP-28.jpg?resize=525%2C300&ssl=1 1.5x, https:\/\/i0.wp.com\/lasprimeras.com.do\/wp-content\/uploads\/2025\/07\/ReunCP-28.jpg?resize=700%2C400&ssl=1 2x"},"classes":[]}],"jetpack_sharing_enabled":true,"_links":{"self":[{"href":"https:\/\/lasprimeras.com.do\/index.php\/wp-json\/wp\/v2\/posts\/58988","targetHints":{"allow":["GET"]}}],"collection":[{"href":"https:\/\/lasprimeras.com.do\/index.php\/wp-json\/wp\/v2\/posts"}],"about":[{"href":"https:\/\/lasprimeras.com.do\/index.php\/wp-json\/wp\/v2\/types\/post"}],"author":[{"embeddable":true,"href":"https:\/\/lasprimeras.com.do\/index.php\/wp-json\/wp\/v2\/users\/2"}],"replies":[{"embeddable":true,"href":"https:\/\/lasprimeras.com.do\/index.php\/wp-json\/wp\/v2\/comments?post=58988"}],"version-history":[{"count":1,"href":"https:\/\/lasprimeras.com.do\/index.php\/wp-json\/wp\/v2\/posts\/58988\/revisions"}],"predecessor-version":[{"id":58989,"href":"https:\/\/lasprimeras.com.do\/index.php\/wp-json\/wp\/v2\/posts\/58988\/revisions\/58989"}],"wp:featuredmedia":[{"embeddable":true,"href":"https:\/\/lasprimeras.com.do\/index.php\/wp-json\/wp\/v2\/media\/53585"}],"wp:attachment":[{"href":"https:\/\/lasprimeras.com.do\/index.php\/wp-json\/wp\/v2\/media?parent=58988"}],"wp:term":[{"taxonomy":"category","embeddable":true,"href":"https:\/\/lasprimeras.com.do\/index.php\/wp-json\/wp\/v2\/categories?post=58988"},{"taxonomy":"post_tag","embeddable":true,"href":"https:\/\/lasprimeras.com.do\/index.php\/wp-json\/wp\/v2\/tags?post=58988"}],"curies":[{"name":"wp","href":"https:\/\/api.w.org\/{rel}","templated":true}]}}