{"id":58990,"date":"2023-08-29T23:20:40","date_gmt":"2023-08-30T03:20:40","guid":{"rendered":"https:\/\/lasprimeras.com.do\/?p=58990"},"modified":"2023-08-29T23:20:41","modified_gmt":"2023-08-30T03:20:41","slug":"yvan-lorenzo-la-jce-debe-actuar-con-responsabilidad-y-equilibrio","status":"publish","type":"post","link":"https:\/\/lasprimeras.com.do\/index.php\/2023\/08\/29\/yvan-lorenzo-la-jce-debe-actuar-con-responsabilidad-y-equilibrio\/","title":{"rendered":"Yv\u00e1n Lorenzo: La JCE debe actuar con responsabilidad y equilibrio"},"content":{"rendered":"\n<p><strong>El PRM y Luis Abinader se han pasado tres a\u00f1os en las calles, colocando vallas gigantescas en todo el pa\u00eds con los recursos del Estado y la JCE no ha dicho nada.<\/strong><\/p>\n\n\n\n<p>El vocero del Partido de la Liberaci\u00f3n Dominicana ante el Senado de la Rep\u00fablica, Yv\u00e1n Lorenzo, exhort\u00f3 a diputados y senadores de la oposici\u00f3n de todo el pa\u00eds a marchar en protesta por la resoluci\u00f3n emitida por la Junta Central Electoral que limita la propaganda pol\u00edtica a los partidos.<\/p>\n\n\n\n<p>Convoc\u00f3 a los congresistas de la oposici\u00f3n a los fines de contemplar la posibilidad de protestar frente a la Junta Central Electoral.<\/p>\n\n\n\n<p>\u201cSe hace necesario, porque con esta arbitrariedad de la JCE pone en tela de juicio la transparencia del pr\u00f3ximo de los comicios y, sobre todo, su independencia\u201d, precis\u00f3 el dirigente pol\u00edtico en una nota de la Secretar\u00eda de Comunicaciones del PLD.<\/p>\n\n\n\n<p>El senador por El\u00edas Pi\u00f1a manifest\u00f3 que el pueblo necesita tranquilidad y sosiego de cara a los pr\u00f3ximos comicios electorales y que para lograr eso la JCE debe actuar con responsabilidad-<\/p>\n\n\n\n<p>Consider\u00f3 que para el sistema de partidos es fundamental el clima de paz y de tranquilidad y las se\u00f1ales de independencia que pueda mandar la JCE.<\/p>\n\n\n\n<p>\u201cLuego de que el el PRM y Luis Abinader se pasan tres a\u00f1os en las calles, copando todo el pa\u00eds con gigantescas vallas, con los recursos del Estado; se destapa la JCE con esa irresponsabilidad de querer impedir que los partidos de oposici\u00f3n puedan utilizar ese tipo de propaganda electoral\u201d, enfatiz\u00f3.<\/p>\n\n\n\n<p>Dijo que la JCE est\u00e1 dando un flaco servicio a la democracia y al sistema de partidos, pese a que el Tribunal Constitucional se pronunci\u00f3 en torno al tema, cuyas decisiones de alguna manera son vinculantes a todos los poderes<\/p>\n\n\n\n<p>Yv\u00e1n Lorenzo reiter\u00f3 que los congresistas de la oposici\u00f3n deben reflexionar sobre la posibilidad de marchar a exigir el respeto a institucionalidad y a la decisi\u00f3n del Tribunal Constitucional de la Rep\u00fablica Dominicana.<\/p>\n","protected":false},"excerpt":{"rendered":"<p>El PRM y Luis Abinader se han pasado tres a\u00f1os en las calles, colocando vallas gigantescas en todo el pa\u00eds con los recursos del Estado y la JCE no ha&hellip;<\/p>\n","protected":false},"author":2,"featured_media":58991,"comment_status":"open","ping_status":"open","sticky":false,"template":"","format":"standard","meta":{"content-type":"","jetpack_post_was_ever_published":false,"_jetpack_newsletter_access":"","_jetpack_dont_email_post_to_subs":false,"_jetpack_newsletter_tier_id":0,"_jetpack_memberships_contains_paywalled_content":false,"_jetpack_memberships_contains_paid_content":false,"footnotes":""},"categories":[25],"tags":[4914,183,2849,1070],"class_list":["post-58990","post","type-post","status-publish","format-standard","has-post-thumbnail","hentry","category-portada","tag-equilibrio","tag-jce","tag-responsabilidad","tag-yvan-lorenzo-2"],"jetpack_featured_media_url":"https:\/\/lasprimeras.com.do\/wp-content\/uploads\/2023\/08\/Yvan-Lorenzo.jpg","jetpack-related-posts":[{"id":82519,"url":"https:\/\/lasprimeras.com.do\/index.php\/2024\/05\/04\/extienden-plazo-de-emision-de-duplicado-de-cedula-gratis\/","url_meta":{"origin":58990,"position":0},"title":"Extienden plazo de emisi\u00f3n de duplicado de c\u00e9dula gratis","author":"BIMARY DE JES\u00daS Matos","date":"4 de mayo de 2024","format":false,"excerpt":"Santo Domingo.- La Junta Central Electoral extendi\u00f3 hasta el pr\u00f3ximo viernes 17 de mayo el plazo para el proceso de emisi\u00f3n de un duplicado de c\u00e9dula de identidad y electoral gratis. El plazo ser\u00e1 hasta las 4:00 de la tarde. \u201cSe informa a la comunidad dominicana en el exterior, que\u2026","rel":"","context":"En \u00abSin categor\u00eda\u00bb","block_context":{"text":"Sin categor\u00eda","link":"https:\/\/lasprimeras.com.do\/index.php\/category\/sin-categoria\/"},"img":{"alt_text":"","src":"https:\/\/i0.wp.com\/lasprimeras.com.do\/wp-content\/uploads\/2024\/05\/7745dfde-456a-4a7d-aae2-970a54c76356-1024x682-1.webp?resize=350%2C200&ssl=1","width":350,"height":200,"srcset":"https:\/\/i0.wp.com\/lasprimeras.com.do\/wp-content\/uploads\/2024\/05\/7745dfde-456a-4a7d-aae2-970a54c76356-1024x682-1.webp?resize=350%2C200&ssl=1 1x, https:\/\/i0.wp.com\/lasprimeras.com.do\/wp-content\/uploads\/2024\/05\/7745dfde-456a-4a7d-aae2-970a54c76356-1024x682-1.webp?resize=525%2C300&ssl=1 1.5x, https:\/\/i0.wp.com\/lasprimeras.com.do\/wp-content\/uploads\/2024\/05\/7745dfde-456a-4a7d-aae2-970a54c76356-1024x682-1.webp?resize=700%2C400&ssl=1 2x"},"classes":[]},{"id":113276,"url":"https:\/\/lasprimeras.com.do\/index.php\/2025\/10\/31\/apoyan-posicion-presidente-jce-de-oponerse-radicalmente-se-cambie-cedula-por-otro-documento-para-votar-en-rd\/","url_meta":{"origin":58990,"position":1},"title":"Apoyan posici\u00f3n presidente JCE de oponerse \u201cradicalmente se cambie c\u00e9dula por otro documento para votar en RD\u00bb","author":"Nelson Feliz","date":"31 de octubre de 2025","format":false,"excerpt":"https:\/\/www.youtube.com\/watch?v=KUn31ZSPtcU Por Ram\u00f3n Mercedes NUEVA YORK.- Las declaraciones emitidas en esta ciudad por el presidente de la Junta Central Electoral (JCE), Rom\u00e1n J\u00e1quez Liranzo, sobre la oposici\u00f3n del Pleno a que se use otro documento que no sea la c\u00e9dula de identidad para votar, ha encontrado apoyo absoluto en pol\u00edticos\u2026","rel":"","context":"En \u00abLA VOZ DE LA DIASPORA\u00bb","block_context":{"text":"LA VOZ DE LA DIASPORA","link":"https:\/\/lasprimeras.com.do\/index.php\/category\/la-voz-de-la-diaspora\/"},"img":{"alt_text":"","src":"https:\/\/i0.wp.com\/lasprimeras.com.do\/wp-content\/uploads\/2025\/10\/Apoyan-posicion-presidente-JCE-de-oponerse.jpeg?resize=350%2C200&ssl=1","width":350,"height":200,"srcset":"https:\/\/i0.wp.com\/lasprimeras.com.do\/wp-content\/uploads\/2025\/10\/Apoyan-posicion-presidente-JCE-de-oponerse.jpeg?resize=350%2C200&ssl=1 1x, https:\/\/i0.wp.com\/lasprimeras.com.do\/wp-content\/uploads\/2025\/10\/Apoyan-posicion-presidente-JCE-de-oponerse.jpeg?resize=525%2C300&ssl=1 1.5x"},"classes":[]},{"id":83524,"url":"https:\/\/lasprimeras.com.do\/index.php\/2024\/05\/18\/zoraima-cuello-y-comision-pld-se-reune-con-observadores-de-la-oea\/","url_meta":{"origin":58990,"position":2},"title":"Zoraima Cuello y comisi\u00f3n PLD se re\u00fane con observadores de la OEA","author":"Nelson Feliz","date":"18 de mayo de 2024","format":false,"excerpt":"Una comisi\u00f3n del Partido de la Liberaci\u00f3n Dominicana (PLD), encabezada por la candidata vicepresidencial, Zoraima Cuello, se reuni\u00f3 con la Misi\u00f3n de Observadores de la Organizaci\u00f3n de Estados Americanos (OEA), que lidera el expresidente chileno, Eduardo Frei. Durante la reuni\u00f3n, la delegaci\u00f3n del PLD extern\u00f3 su preocupaci\u00f3n ante ese organismo\u2026","rel":"","context":"En \u00abPORTADA\u00bb","block_context":{"text":"PORTADA","link":"https:\/\/lasprimeras.com.do\/index.php\/category\/portada\/"},"img":{"alt_text":"Zoraima Cuello y comisi\u00f3n PLD","src":"https:\/\/i0.wp.com\/lasprimeras.com.do\/wp-content\/uploads\/2024\/05\/Zoraima-Cuello-y-comision-PLD-1.jpeg?resize=350%2C200&ssl=1","width":350,"height":200,"srcset":"https:\/\/i0.wp.com\/lasprimeras.com.do\/wp-content\/uploads\/2024\/05\/Zoraima-Cuello-y-comision-PLD-1.jpeg?resize=350%2C200&ssl=1 1x, https:\/\/i0.wp.com\/lasprimeras.com.do\/wp-content\/uploads\/2024\/05\/Zoraima-Cuello-y-comision-PLD-1.jpeg?resize=525%2C300&ssl=1 1.5x"},"classes":[]},{"id":115182,"url":"https:\/\/lasprimeras.com.do\/index.php\/2025\/11\/19\/yvan-lorenzo-denuncia-que-en-la-rd-se-vive-un-verdadero-pandemonio\/","url_meta":{"origin":58990,"position":3},"title":"Yv\u00e1n Lorenzo denuncia que en la RD se vive un verdadero Pandemonio","author":"Nelson Feliz","date":"19 de noviembre de 2025","format":false,"excerpt":"El vicepresidente del Partido de la Liberaci\u00f3n Dominicana (PLD) Yv\u00e1n Lorenzo, describi\u00f3 la situaci\u00f3n que se vive en Rep\u00fablica Dominicana como \u201cun verdadero estado de crispaci\u00f3n\u201d. \u201cLos dominicanos hoy en d\u00eda vivimos en un verdadero pandem\u00f3nio en todos los \u00e1mbitos de la vida nacional\u201d, dijo Lorenzo para responder a sus\u2026","rel":"","context":"En \u00abPOLITICA\u00bb","block_context":{"text":"POLITICA","link":"https:\/\/lasprimeras.com.do\/index.php\/category\/politica\/"},"img":{"alt_text":"Iv\u00e1n Lorenzo","src":"https:\/\/i0.wp.com\/lasprimeras.com.do\/wp-content\/uploads\/2025\/05\/Ivan_Lorenzo-removebg-preview.png?resize=350%2C200&ssl=1","width":350,"height":200},"classes":[]},{"id":49537,"url":"https:\/\/lasprimeras.com.do\/index.php\/2023\/05\/11\/diputados-de-la-fp-pld-prd-se-retiran-de-la-sesion-en-forma-de-protesta-por-resolucion-de-la-jce\/","url_meta":{"origin":58990,"position":4},"title":"Diputados de la FP, PLD, PRD se retiran de la sesi\u00f3n en forma de protesta por resoluci\u00f3n de la JCE","author":"prenxa100","date":"11 de mayo de 2023","format":false,"excerpt":"Santo Domingo, D.N.- El bloque de diputados del partido Fuerza del Pueblo, en conjunto con otros bloques de oposici\u00f3n se retiraron este jueves de la sesi\u00f3n de la C\u00e1mara Baja en se\u00f1al de protesta por la resoluci\u00f3n emitida por la Junta Central Electoral (JCE) que establece reservas de un 20%\u2026","rel":"","context":"En \u00abPORTADA\u00bb","block_context":{"text":"PORTADA","link":"https:\/\/lasprimeras.com.do\/index.php\/category\/portada\/"},"img":{"alt_text":"","src":"https:\/\/i0.wp.com\/img.youtube.com\/vi\/-WkwTGpZFKI\/0.jpg?resize=350%2C200","width":350,"height":200},"classes":[]},{"id":122614,"url":"https:\/\/lasprimeras.com.do\/index.php\/2026\/02\/19\/yvan-lorenzo-entramado-de-corrupcion-y-narcoestado-del-prm\/","url_meta":{"origin":58990,"position":5},"title":"Yv\u00e1n Lorenzo: Entramado de corrupci\u00f3n y narcoestado del PRM","author":"Nelson Feliz","date":"19 de febrero de 2026","format":false,"excerpt":"Yv\u00e1n Lorenzo","rel":"","context":"En \u00abPOLITICA\u00bb","block_context":{"text":"POLITICA","link":"https:\/\/lasprimeras.com.do\/index.php\/category\/politica\/"},"img":{"alt_text":"Yv\u00e1n Lorenzo","src":"https:\/\/i0.wp.com\/lasprimeras.com.do\/wp-content\/uploads\/2026\/02\/Yvan-Lorenzo.jpg?resize=350%2C200&ssl=1","width":350,"height":200,"srcset":"https:\/\/i0.wp.com\/lasprimeras.com.do\/wp-content\/uploads\/2026\/02\/Yvan-Lorenzo.jpg?resize=350%2C200&ssl=1 1x, https:\/\/i0.wp.com\/lasprimeras.com.do\/wp-content\/uploads\/2026\/02\/Yvan-Lorenzo.jpg?resize=525%2C300&ssl=1 1.5x, https:\/\/i0.wp.com\/lasprimeras.com.do\/wp-content\/uploads\/2026\/02\/Yvan-Lorenzo.jpg?resize=700%2C400&ssl=1 2x"},"classes":[]}],"jetpack_sharing_enabled":true,"_links":{"self":[{"href":"https:\/\/lasprimeras.com.do\/index.php\/wp-json\/wp\/v2\/posts\/58990","targetHints":{"allow":["GET"]}}],"collection":[{"href":"https:\/\/lasprimeras.com.do\/index.php\/wp-json\/wp\/v2\/posts"}],"about":[{"href":"https:\/\/lasprimeras.com.do\/index.php\/wp-json\/wp\/v2\/types\/post"}],"author":[{"embeddable":true,"href":"https:\/\/lasprimeras.com.do\/index.php\/wp-json\/wp\/v2\/users\/2"}],"replies":[{"embeddable":true,"href":"https:\/\/lasprimeras.com.do\/index.php\/wp-json\/wp\/v2\/comments?post=58990"}],"version-history":[{"count":1,"href":"https:\/\/lasprimeras.com.do\/index.php\/wp-json\/wp\/v2\/posts\/58990\/revisions"}],"predecessor-version":[{"id":58992,"href":"https:\/\/lasprimeras.com.do\/index.php\/wp-json\/wp\/v2\/posts\/58990\/revisions\/58992"}],"wp:featuredmedia":[{"embeddable":true,"href":"https:\/\/lasprimeras.com.do\/index.php\/wp-json\/wp\/v2\/media\/58991"}],"wp:attachment":[{"href":"https:\/\/lasprimeras.com.do\/index.php\/wp-json\/wp\/v2\/media?parent=58990"}],"wp:term":[{"taxonomy":"category","embeddable":true,"href":"https:\/\/lasprimeras.com.do\/index.php\/wp-json\/wp\/v2\/categories?post=58990"},{"taxonomy":"post_tag","embeddable":true,"href":"https:\/\/lasprimeras.com.do\/index.php\/wp-json\/wp\/v2\/tags?post=58990"}],"curies":[{"name":"wp","href":"https:\/\/api.w.org\/{rel}","templated":true}]}}