{"id":59000,"date":"2023-08-30T07:12:30","date_gmt":"2023-08-30T11:12:30","guid":{"rendered":"https:\/\/lasprimeras.com.do\/?p=59000"},"modified":"2023-08-30T07:12:31","modified_gmt":"2023-08-30T11:12:31","slug":"extraen-lombriz-intestinal-viva-de-8-centimetros-del-cerebro-de-una-australiana","status":"publish","type":"post","link":"https:\/\/lasprimeras.com.do\/index.php\/2023\/08\/30\/extraen-lombriz-intestinal-viva-de-8-centimetros-del-cerebro-de-una-australiana\/","title":{"rendered":"Extraen lombriz intestinal viva de 8 cent\u00edmetros del cerebro de una australiana"},"content":{"rendered":"\n<p>S\u00eddney (Australia).- Un grupo de neurocirujanos extrajeron del cerebro de una mujer australiana una lombriz intestinal viva de ocho cent\u00edmetros, el primer caso de este tipo en humanos, seg\u00fan informaron este martes fuentes acad\u00e9micas.<\/p>\n\n\n\n<p>Ophidascaris robertsi es el nombre del par\u00e1sito identificado, es com\u00fan en las serpientes pitones diamantina, una especie end\u00e9mica de Australia.<\/p>\n\n\n\n<p>\u00abSe trata del primer caso humano de Ophidascaris documentado\u00bb, dijo el profesor asociado Sanjaya Senanayake, experto en enfermedades infecciosas de la Universidad Nacional Australiana y el Hospital de Camberra, que incluso afirma puede ser el primer caso conocido de una infecci\u00f3n cerebral con este par\u00e1sito en cualquier especie de mam\u00edfero.<\/p>\n\n\n\n<p>La mujer, de 64 a\u00f1os, fue internada en enero de 2021 en un hospital de Camberra tras padecer durante tres semanas de dolor abdominal y diarrea, seguidos de fiebre, tos, sudores nocturnos y dificultad para respirar, sin que las pruebas respiratorias y biopsias hallaran las larvas microsc\u00f3picas.<\/p>\n\n\n\n<p>\u00abEn retrospectiva, estos s\u00edntomas probablemente se debieron a la migraci\u00f3n de larvas de lombrices intestinales desde el intestino a otros \u00f3rganos, como el h\u00edgado y los pulmones (\u2026) En aquel momento, tratar de identificar las larvas microsc\u00f3picas, que nunca antes hab\u00edan sido identificadas como causantes de infecci\u00f3n humana, era como intentar encontrar una aguja en un pajar\u00bb, apunta la directora de Microbiolog\u00eda Cl\u00ednica del Hospital de Canberra, Karina Kennedy.<\/p>\n\n\n\n<p>En 2022, la paciente se someti\u00f3 a una resonancia magn\u00e9tica tras experimentar trastornos en la memoria y depresi\u00f3n. Las im\u00e1genes del cerebro de la paciente revelaron que la mujer ten\u00eda una lesi\u00f3n at\u00edpica en el l\u00f3bulo frontal derecho.<\/p>\n\n\n\n<p>Un neurocirujano del Hospital de Canberra explor\u00f3 la anomal\u00eda y fue entonces cuando se encontr\u00f3 la inesperada lombriz intestinal de ocho cent\u00edmetros.<\/p>\n\n\n\n<p>El par\u00e1sito fue extra\u00eddo, vivo y retorci\u00e9ndose, de la paciente durante de una cirug\u00eda cerebral, de la que no se precisa la fecha, y actualmente la mujer contin\u00faa siendo examinada por el equipo de especialistas en enfermedades infecciosas y cerebro.<\/p>\n\n\n\n<p>La Ophidascaris robertsi suele vivir en el es\u00f3fago y el est\u00f3mago de la pit\u00f3n diamantina (Morelia slpitoa), una serpiente que llega a medir hasta cuatro metros de largo, que se desprende del par\u00e1sito a trav\u00e9s de sus heces.<\/p>\n\n\n\n<p>Los cient\u00edficos creen que la mujer australiana toc\u00f3 o ingiri\u00f3 una yerba nativa, donde la serpiente habr\u00eda excretado al par\u00e1sito, que recogi\u00f3 cerca de su vivienda en el suroriente australiano y la us\u00f3 para cocinar.<\/p>\n\n\n\n<p>Los expertos apuntan que estos casos de infecciones parasitarias \u00abno se transmiten entre personas\u00bb y que la paciente solo es considerada como una hu\u00e9spedes accidental, mientras recuerdan la importancia de lavar los alimentos recolectados especialmente si se encuentran en un entorno salvaje.<\/p>\n","protected":false},"excerpt":{"rendered":"<p>S\u00eddney (Australia).- Un grupo de neurocirujanos extrajeron del cerebro de una mujer australiana una lombriz intestinal viva de ocho cent\u00edmetros, el primer caso de este tipo en humanos, seg\u00fan informaron&hellip;<\/p>\n","protected":false},"author":2,"featured_media":59001,"comment_status":"open","ping_status":"open","sticky":false,"template":"","format":"standard","meta":{"content-type":"","jetpack_post_was_ever_published":false,"_jetpack_newsletter_access":"","_jetpack_dont_email_post_to_subs":false,"_jetpack_newsletter_tier_id":0,"_jetpack_memberships_contains_paywalled_content":false,"_jetpack_memberships_contains_paid_content":false,"footnotes":""},"categories":[1],"tags":[6865,6864,3129,6862,6863],"class_list":["post-59000","post","type-post","status-publish","format-standard","has-post-thumbnail","hentry","category-sin-categoria","tag-australiana","tag-cerebro","tag-intestinal","tag-lombriz","tag-viva"],"jetpack_featured_media_url":"https:\/\/lasprimeras.com.do\/wp-content\/uploads\/2023\/08\/lombriz.jpg","jetpack-related-posts":[{"id":60853,"url":"https:\/\/lasprimeras.com.do\/index.php\/2023\/09\/19\/australia-le-declara-la-guerra-a-los-gatos-para-salvar-a-sus-animales-nativos\/","url_meta":{"origin":59000,"position":0},"title":"Australia le declara la &#8220;guerra&#8221; a los gatos para salvar a sus animales nativos","author":"Nelson Feliz","date":"19 de septiembre de 2023","format":false,"excerpt":"Las autoridades ya llevan a\u00f1os de guerra contra los gatos salvajes, que no son aut\u00f3ctonos del pa\u00eds y que han jugado un papel clave en la extinci\u00f3n de 34 especies de mam\u00edferos. Para frenar la extinci\u00f3n de sus especies nativas, el Gobierno de Australia busca redoblar su \"guerra\" contra los\u2026","rel":"","context":"En \u00abSin categor\u00eda\u00bb","block_context":{"text":"Sin categor\u00eda","link":"https:\/\/lasprimeras.com.do\/index.php\/category\/sin-categoria\/"},"img":{"alt_text":"gatos","src":"https:\/\/i0.wp.com\/lasprimeras.com.do\/wp-content\/uploads\/2023\/09\/gatos.jpeg?resize=350%2C200&ssl=1","width":350,"height":200,"srcset":"https:\/\/i0.wp.com\/lasprimeras.com.do\/wp-content\/uploads\/2023\/09\/gatos.jpeg?resize=350%2C200&ssl=1 1x, https:\/\/i0.wp.com\/lasprimeras.com.do\/wp-content\/uploads\/2023\/09\/gatos.jpeg?resize=525%2C300&ssl=1 1.5x, https:\/\/i0.wp.com\/lasprimeras.com.do\/wp-content\/uploads\/2023\/09\/gatos.jpeg?resize=700%2C400&ssl=1 2x"},"classes":[]},{"id":94761,"url":"https:\/\/lasprimeras.com.do\/index.php\/2025\/03\/05\/muere-james-harrison-un-australiano-cuyas-donaciones-de-plasma-salvaron-a-24-millones-de-bebes\/","url_meta":{"origin":59000,"position":1},"title":"Muere James Harrison, un australiano cuyas donaciones de plasma salvaron a 2,4 millones de beb\u00e9s","author":"Nelson Feliz","date":"5 de marzo de 2025","format":false,"excerpt":"POR ROD MCGUIRK MELBOURNE, Australia (AP) \u2014 Un hombre australiano al que se acreditaba haber salvado a 2,4 millones de beb\u00e9s a trav\u00e9s de sus donaciones r\u00e9cord de plasma sangu\u00edneo durante seis d\u00e9cadas ha fallecido a los 88 a\u00f1os, seg\u00fan inform\u00f3 su familia el martes. James Harrison, un empleado retirado\u2026","rel":"","context":"En \u00abINTERNACIONALES\u00bb","block_context":{"text":"INTERNACIONALES","link":"https:\/\/lasprimeras.com.do\/index.php\/category\/sin-categoria\/internacionales\/"},"img":{"alt_text":"","src":"https:\/\/i0.wp.com\/lasprimeras.com.do\/wp-content\/uploads\/2025\/03\/dona.png?resize=350%2C200&ssl=1","width":350,"height":200,"srcset":"https:\/\/i0.wp.com\/lasprimeras.com.do\/wp-content\/uploads\/2025\/03\/dona.png?resize=350%2C200&ssl=1 1x, https:\/\/i0.wp.com\/lasprimeras.com.do\/wp-content\/uploads\/2025\/03\/dona.png?resize=525%2C300&ssl=1 1.5x, https:\/\/i0.wp.com\/lasprimeras.com.do\/wp-content\/uploads\/2025\/03\/dona.png?resize=700%2C400&ssl=1 2x"},"classes":[]},{"id":126907,"url":"https:\/\/lasprimeras.com.do\/index.php\/2026\/04\/06\/salud-publica-educacion-y-el-inabie-lanzan-jornada-nacional-de-desparasitacion-escolar-2026\/","url_meta":{"origin":59000,"position":2},"title":"Salud P\u00fablica, Educaci\u00f3n y el INABIE lanzan Jornada Nacional de Desparasitaci\u00f3n Escolar 2026","author":"Nelson Feliz","date":"6 de abril de 2026","format":false,"excerpt":"Con esta iniciativa se busca un mejor aprovechamiento de los nutrientes. El Gobierno dominicano lanz\u00f3 la Jornada Nacional de Desparasitaci\u00f3n Escolar 2026, con la cual impactar\u00e1 a 1 mill\u00f3n 850 mil estudiantes del sistema educativo p\u00fablico en todo el pa\u00eds y apoya el proceso de ense\u00f1anza y aprendizaje en las\u2026","rel":"","context":"En \u00abSALUD\u00bb","block_context":{"text":"SALUD","link":"https:\/\/lasprimeras.com.do\/index.php\/category\/salud\/"},"img":{"alt_text":"","src":"https:\/\/i0.wp.com\/lasprimeras.com.do\/wp-content\/uploads\/2026\/04\/JORNADA-2.jpg?resize=350%2C200&ssl=1","width":350,"height":200,"srcset":"https:\/\/i0.wp.com\/lasprimeras.com.do\/wp-content\/uploads\/2026\/04\/JORNADA-2.jpg?resize=350%2C200&ssl=1 1x, https:\/\/i0.wp.com\/lasprimeras.com.do\/wp-content\/uploads\/2026\/04\/JORNADA-2.jpg?resize=525%2C300&ssl=1 1.5x, https:\/\/i0.wp.com\/lasprimeras.com.do\/wp-content\/uploads\/2026\/04\/JORNADA-2.jpg?resize=700%2C400&ssl=1 2x"},"classes":[]},{"id":58713,"url":"https:\/\/lasprimeras.com.do\/index.php\/2023\/08\/27\/un-helicoptero-militar-con-unos-20-marines-de-ee-uu-a-bordo-se-estrella-cerca-de-australia\/","url_meta":{"origin":59000,"position":3},"title":"Un helic\u00f3ptero militar con unos 20 marines de EE.UU. a bordo se estrella cerca de Australia","author":"Nelson Feliz","date":"27 de agosto de 2023","format":false,"excerpt":"El siniestro ocurri\u00f3 cerca de la isla de Melville durante los ejercicios Predators Run. Un helic\u00f3ptero militar Osprey, que transportaba a unos 20 marines estadounidenses, se estrell\u00f3 la ma\u00f1ana de este domingo durante un ejercicio frente a la costa australiana, en Darwin, informa Sky News. El siniestro ocurri\u00f3 cerca de\u2026","rel":"","context":"En \u00abSin categor\u00eda\u00bb","block_context":{"text":"Sin categor\u00eda","link":"https:\/\/lasprimeras.com.do\/index.php\/category\/sin-categoria\/"},"img":{"alt_text":"helicoptero","src":"https:\/\/i0.wp.com\/lasprimeras.com.do\/wp-content\/uploads\/2023\/08\/helicoptero.jpg?resize=350%2C200&ssl=1","width":350,"height":200,"srcset":"https:\/\/i0.wp.com\/lasprimeras.com.do\/wp-content\/uploads\/2023\/08\/helicoptero.jpg?resize=350%2C200&ssl=1 1x, https:\/\/i0.wp.com\/lasprimeras.com.do\/wp-content\/uploads\/2023\/08\/helicoptero.jpg?resize=525%2C300&ssl=1 1.5x, https:\/\/i0.wp.com\/lasprimeras.com.do\/wp-content\/uploads\/2023\/08\/helicoptero.jpg?resize=700%2C400&ssl=1 2x"},"classes":[]},{"id":65016,"url":"https:\/\/lasprimeras.com.do\/index.php\/2023\/10\/25\/carnival-fallo-negligente-en-crucero-donde-662-pasajeros-contrajeron-covid-19-al-comienzo-de-la-pandemia\/","url_meta":{"origin":59000,"position":4},"title":"Carnival fall\u00f3 negligente en crucero donde 662 pasajeros contrajeron COVID-19 al comienzo de la pandemia","author":"Nelson Feliz","date":"25 de octubre de 2023","format":false,"excerpt":"POR ROD MCGUIRK CANBERRA, Australia (AP) \u2014 Un operador de cruceros que no cancel\u00f3 un viaje desde Sydney que provoc\u00f3 un brote importante de COVID-19 fue declarado negligente en su deber de diligencia hacia los pasajeros en un caso de demanda colectiva australiano el mi\u00e9rcoles. El transatl\u00e1ntico Ruby Princess parti\u00f3\u2026","rel":"","context":"En \u00abSin categor\u00eda\u00bb","block_context":{"text":"Sin categor\u00eda","link":"https:\/\/lasprimeras.com.do\/index.php\/category\/sin-categoria\/"},"img":{"alt_text":"","src":"https:\/\/i0.wp.com\/lasprimeras.com.do\/wp-content\/uploads\/2023\/10\/SUSAN.jpg?resize=350%2C200&ssl=1","width":350,"height":200,"srcset":"https:\/\/i0.wp.com\/lasprimeras.com.do\/wp-content\/uploads\/2023\/10\/SUSAN.jpg?resize=350%2C200&ssl=1 1x, https:\/\/i0.wp.com\/lasprimeras.com.do\/wp-content\/uploads\/2023\/10\/SUSAN.jpg?resize=525%2C300&ssl=1 1.5x, https:\/\/i0.wp.com\/lasprimeras.com.do\/wp-content\/uploads\/2023\/10\/SUSAN.jpg?resize=700%2C400&ssl=1 2x"},"classes":[]},{"id":117661,"url":"https:\/\/lasprimeras.com.do\/index.php\/2025\/12\/14\/a-menos-11-muertos-en-ataque-durante-evento-judio-en-australia\/","url_meta":{"origin":59000,"position":5},"title":"A menos 11 muertos en ataque durante evento jud\u00edo en Australia","author":"Nelson Feliz","date":"14 de diciembre de 2025","format":false,"excerpt":"POR KRISTEN GELINEAU, CHARLOTTE GRAHAM-MCLAY and ROD MCGUIRK SYDNEY (AP) \u2014 Dos hombres armados mataron al menos a 11 personas el domingo durante una celebraci\u00f3n de una festividad jud\u00eda en la playa de Bondi de Sydney, informaron las autoridades australianas, que calificaron el suceso como ataque terrorista. Un hombre armado\u2026","rel":"","context":"En \u00abINTERNACIONALES\u00bb","block_context":{"text":"INTERNACIONALES","link":"https:\/\/lasprimeras.com.do\/index.php\/category\/sin-categoria\/internacionales\/"},"img":{"alt_text":"","src":"https:\/\/i0.wp.com\/lasprimeras.com.do\/wp-content\/uploads\/2025\/12\/muertos.jpg?resize=350%2C200&ssl=1","width":350,"height":200,"srcset":"https:\/\/i0.wp.com\/lasprimeras.com.do\/wp-content\/uploads\/2025\/12\/muertos.jpg?resize=350%2C200&ssl=1 1x, https:\/\/i0.wp.com\/lasprimeras.com.do\/wp-content\/uploads\/2025\/12\/muertos.jpg?resize=525%2C300&ssl=1 1.5x, https:\/\/i0.wp.com\/lasprimeras.com.do\/wp-content\/uploads\/2025\/12\/muertos.jpg?resize=700%2C400&ssl=1 2x"},"classes":[]}],"jetpack_sharing_enabled":true,"_links":{"self":[{"href":"https:\/\/lasprimeras.com.do\/index.php\/wp-json\/wp\/v2\/posts\/59000","targetHints":{"allow":["GET"]}}],"collection":[{"href":"https:\/\/lasprimeras.com.do\/index.php\/wp-json\/wp\/v2\/posts"}],"about":[{"href":"https:\/\/lasprimeras.com.do\/index.php\/wp-json\/wp\/v2\/types\/post"}],"author":[{"embeddable":true,"href":"https:\/\/lasprimeras.com.do\/index.php\/wp-json\/wp\/v2\/users\/2"}],"replies":[{"embeddable":true,"href":"https:\/\/lasprimeras.com.do\/index.php\/wp-json\/wp\/v2\/comments?post=59000"}],"version-history":[{"count":1,"href":"https:\/\/lasprimeras.com.do\/index.php\/wp-json\/wp\/v2\/posts\/59000\/revisions"}],"predecessor-version":[{"id":59002,"href":"https:\/\/lasprimeras.com.do\/index.php\/wp-json\/wp\/v2\/posts\/59000\/revisions\/59002"}],"wp:featuredmedia":[{"embeddable":true,"href":"https:\/\/lasprimeras.com.do\/index.php\/wp-json\/wp\/v2\/media\/59001"}],"wp:attachment":[{"href":"https:\/\/lasprimeras.com.do\/index.php\/wp-json\/wp\/v2\/media?parent=59000"}],"wp:term":[{"taxonomy":"category","embeddable":true,"href":"https:\/\/lasprimeras.com.do\/index.php\/wp-json\/wp\/v2\/categories?post=59000"},{"taxonomy":"post_tag","embeddable":true,"href":"https:\/\/lasprimeras.com.do\/index.php\/wp-json\/wp\/v2\/tags?post=59000"}],"curies":[{"name":"wp","href":"https:\/\/api.w.org\/{rel}","templated":true}]}}