{"id":59003,"date":"2023-08-30T07:32:51","date_gmt":"2023-08-30T11:32:51","guid":{"rendered":"https:\/\/lasprimeras.com.do\/?p=59003"},"modified":"2023-08-30T07:32:53","modified_gmt":"2023-08-30T11:32:53","slug":"joven-fue-encontrado-sin-vida-en-nagua","status":"publish","type":"post","link":"https:\/\/lasprimeras.com.do\/index.php\/2023\/08\/30\/joven-fue-encontrado-sin-vida-en-nagua\/","title":{"rendered":"Joven fue encontrado sin vida en Nagua"},"content":{"rendered":"\n<p>Un joven de 15 a\u00f1os de edad, fue encontrado sin vida en el interior de su propia casa en la provincia Mar\u00eda Trinidad S\u00e1nchez (Nagua).<\/p>\n\n\n\n<p>El fallecido fue identificado como Jos\u00e9 \u00c1ngel Fr\u00edas. Seg\u00fan las informaciones disponibles, su fallecimiento fue catalogada como natural por las autoridades.<\/p>\n\n\n\n<p>Aunque el dolor y la sorpresa son palpables entre sus seres queridos y la comunidad en general, se ha descartado la intervenci\u00f3n de terceras personas en este lamentable acontecimiento.<\/p>\n\n\n\n<p>Jos\u00e9 \u00c1ngel Frias era un joven conocido en su localidad y era vecino del colmado de Inoa. Su repentina partida ha dejado una profunda huella de dolor entre sus familiares, amigos y conocidos.<\/p>\n\n\n\n<p>La comunidad se une en solidaridad con sus allegados, extendi\u00e9ndoles sus condolencias y apoyo en este dif\u00edcil momento por el fallecimiento de Jos\u00e9 \u00c1ngel Fr\u00edas.<\/p>\n","protected":false},"excerpt":{"rendered":"<p>Un joven de 15 a\u00f1os de edad, fue encontrado sin vida en el interior de su propia casa en la provincia Mar\u00eda Trinidad S\u00e1nchez (Nagua). El fallecido fue identificado como&hellip;<\/p>\n","protected":false},"author":2,"featured_media":59004,"comment_status":"open","ping_status":"open","sticky":false,"template":"","format":"standard","meta":{"content-type":"","jetpack_post_was_ever_published":false,"_jetpack_newsletter_access":"","_jetpack_dont_email_post_to_subs":false,"_jetpack_newsletter_tier_id":0,"_jetpack_memberships_contains_paywalled_content":false,"_jetpack_memberships_contains_paid_content":false,"footnotes":""},"categories":[35],"tags":[6866],"class_list":["post-59003","post","type-post","status-publish","format-standard","has-post-thumbnail","hentry","category-nacionales","tag-jose-angel-frias"],"jetpack_featured_media_url":"https:\/\/lasprimeras.com.do\/wp-content\/uploads\/2023\/08\/comunidad-de-Nagua.jpg","jetpack-related-posts":[{"id":53465,"url":"https:\/\/lasprimeras.com.do\/index.php\/2023\/06\/26\/joven-oriundo-de-nagua-muere-ahogado-en-un-lago-de-boston\/","url_meta":{"origin":59003,"position":0},"title":"Joven oriundo de Nagua muere ahogado en un lago de Boston","author":"Nelson Feliz","date":"26 de junio de 2023","format":false,"excerpt":"El cuerpo sin vida fue recuperado por las autoridades estadounidense y se espera que los familiares realicen los preparativos para traer el cuerpo sin vida al pa\u00eds. Por Anderson Torres BOSTON.- Un joven oriundo del municipio Nagua muri\u00f3 ahogado el fin de semana en un lago de Boston, Estados Unidos.\u2026","rel":"","context":"En \u00abSin categor\u00eda\u00bb","block_context":{"text":"Sin categor\u00eda","link":"https:\/\/lasprimeras.com.do\/index.php\/category\/sin-categoria\/"},"img":{"alt_text":"","src":"https:\/\/i0.wp.com\/lasprimeras.com.do\/wp-content\/uploads\/2023\/06\/Muere-joven-ahogado-en-lago-de-Boston.jpeg?resize=350%2C200&ssl=1","width":350,"height":200,"srcset":"https:\/\/i0.wp.com\/lasprimeras.com.do\/wp-content\/uploads\/2023\/06\/Muere-joven-ahogado-en-lago-de-Boston.jpeg?resize=350%2C200&ssl=1 1x, https:\/\/i0.wp.com\/lasprimeras.com.do\/wp-content\/uploads\/2023\/06\/Muere-joven-ahogado-en-lago-de-Boston.jpeg?resize=525%2C300&ssl=1 1.5x, https:\/\/i0.wp.com\/lasprimeras.com.do\/wp-content\/uploads\/2023\/06\/Muere-joven-ahogado-en-lago-de-Boston.jpeg?resize=700%2C400&ssl=1 2x"},"classes":[]},{"id":67482,"url":"https:\/\/lasprimeras.com.do\/index.php\/2023\/11\/15\/encuentran-muerto-a-joven-reportado-como-desaparecido\/","url_meta":{"origin":59003,"position":1},"title":"Encuentran muerto a joven reportado como desaparecido","author":"Nelson Feliz","date":"15 de noviembre de 2023","format":false,"excerpt":"En la calle La Hora del sector Cristinita, comunidad de Ver\u00f3n, Punta Cana, fue encontrado el cuerpo sin vida de Jos\u00e9 Alexander Fr\u00edas Rojas, de 32 a\u00f1os, quien hab\u00eda sido reportado desaparecido por sus familiares. El m\u00e9dico legista certific\u00f3 que Rojas Fr\u00edas falleci\u00f3 por hipoxia (falta de ox\u00edgeno) cerebral y\u2026","rel":"","context":"En \u00abNACIONALES\u00bb","block_context":{"text":"NACIONALES","link":"https:\/\/lasprimeras.com.do\/index.php\/category\/nacionales\/"},"img":{"alt_text":"","src":"https:\/\/i0.wp.com\/lasprimeras.com.do\/wp-content\/uploads\/2023\/11\/Jose-Alexander-1.jpg?resize=350%2C200&ssl=1","width":350,"height":200,"srcset":"https:\/\/i0.wp.com\/lasprimeras.com.do\/wp-content\/uploads\/2023\/11\/Jose-Alexander-1.jpg?resize=350%2C200&ssl=1 1x, https:\/\/i0.wp.com\/lasprimeras.com.do\/wp-content\/uploads\/2023\/11\/Jose-Alexander-1.jpg?resize=525%2C300&ssl=1 1.5x, https:\/\/i0.wp.com\/lasprimeras.com.do\/wp-content\/uploads\/2023\/11\/Jose-Alexander-1.jpg?resize=700%2C400&ssl=1 2x"},"classes":[]},{"id":82878,"url":"https:\/\/lasprimeras.com.do\/index.php\/2024\/05\/08\/joven-fallece-tras-sufrir-descarga-electrica-en-la-romana\/","url_meta":{"origin":59003,"position":2},"title":"Joven fallece tras sufrir descarga el\u00e9ctrica en La Romana","author":"Nelson Feliz","date":"8 de mayo de 2024","format":false,"excerpt":"Un joven identificado como Ismael Eduardo, de 28 a\u00f1os, perdi\u00f3 la vida mientras realizaba labores con su padre en Villa Hermosa La Romana. Seg\u00fan reportes de los vecinos, Ismael Eduardo estaba realizando trabajos en el \u00e1rea de carpinter\u00eda cuando hizo contacto con el tendido el\u00e9ctrico, sufriendo una descarga el\u00e9ctrica que\u2026","rel":"","context":"En \u00abNACIONALES\u00bb","block_context":{"text":"NACIONALES","link":"https:\/\/lasprimeras.com.do\/index.php\/category\/nacionales\/"},"img":{"alt_text":"","src":"https:\/\/i0.wp.com\/lasprimeras.com.do\/wp-content\/uploads\/2024\/05\/DESCARGA-ELECTRICA.jpg?resize=350%2C200&ssl=1","width":350,"height":200,"srcset":"https:\/\/i0.wp.com\/lasprimeras.com.do\/wp-content\/uploads\/2024\/05\/DESCARGA-ELECTRICA.jpg?resize=350%2C200&ssl=1 1x, https:\/\/i0.wp.com\/lasprimeras.com.do\/wp-content\/uploads\/2024\/05\/DESCARGA-ELECTRICA.jpg?resize=525%2C300&ssl=1 1.5x"},"classes":[]},{"id":67302,"url":"https:\/\/lasprimeras.com.do\/index.php\/2023\/11\/14\/hombre-que-reporto-dolor-de-cabeza-lleva-cinco-dias-desaparecido\/","url_meta":{"origin":59003,"position":3},"title":"Hombre que report\u00f3 dolor de cabeza lleva cinco d\u00edas desaparecido","author":"Nelson Feliz","date":"14 de noviembre de 2023","format":false,"excerpt":"-Si tiene informaci\u00f3n sobre su paradero llame al: 829-497-2960 Un fuerte dolor de cabeza motiv\u00f3 al joven Jos\u00e9 Alexander Fr\u00edas Rojas a solicitar un permiso para marcharse de su trabajo como montacargas de un supermercado. El pasado 9 de noviembre lleg\u00f3 a su casa en el sector Cristinita, ubicado en\u2026","rel":"","context":"En \u00abNACIONALES\u00bb","block_context":{"text":"NACIONALES","link":"https:\/\/lasprimeras.com.do\/index.php\/category\/nacionales\/"},"img":{"alt_text":"Jose Alexander","src":"https:\/\/i0.wp.com\/lasprimeras.com.do\/wp-content\/uploads\/2023\/11\/Jose-Alexander.jpg?resize=350%2C200&ssl=1","width":350,"height":200,"srcset":"https:\/\/i0.wp.com\/lasprimeras.com.do\/wp-content\/uploads\/2023\/11\/Jose-Alexander.jpg?resize=350%2C200&ssl=1 1x, https:\/\/i0.wp.com\/lasprimeras.com.do\/wp-content\/uploads\/2023\/11\/Jose-Alexander.jpg?resize=525%2C300&ssl=1 1.5x, https:\/\/i0.wp.com\/lasprimeras.com.do\/wp-content\/uploads\/2023\/11\/Jose-Alexander.jpg?resize=700%2C400&ssl=1 2x"},"classes":[]},{"id":54180,"url":"https:\/\/lasprimeras.com.do\/index.php\/2023\/07\/08\/roberto-angel-afirma-combate-a-la-pobreza-es-prioridad-del-presidente-abinader\/","url_meta":{"origin":59003,"position":4},"title":"Roberto \u00c1ngel afirma combate a la pobreza es prioridad del presidente Abinader","author":"Nelson Feliz","date":"8 de julio de 2023","format":false,"excerpt":"El director de Proyectos Especiales de la Presidencia visit\u00f3 las provincias Duarte y Puerto Plata, donde inaugur\u00f3 jornadas de inclusi\u00f3n social, entreg\u00f3 Paseos de Los Colores y desarroll\u00f3 el programa \"Cerca de Ti\" Por Martin Restituyo El director de Proyectos Especiales de la Presidencia, Roberto \u00c1ngel Salcedo, afirm\u00f3 este s\u00e1bado\u2026","rel":"","context":"En \u00abECONOM\u00cdA\u00bb","block_context":{"text":"ECONOM\u00cdA","link":"https:\/\/lasprimeras.com.do\/index.php\/category\/economia\/"},"img":{"alt_text":"Roberto \u00c1ngel Salcedo","src":"https:\/\/i0.wp.com\/lasprimeras.com.do\/wp-content\/uploads\/2023\/07\/Roberto-Angel-1.jpg?resize=350%2C200&ssl=1","width":350,"height":200,"srcset":"https:\/\/i0.wp.com\/lasprimeras.com.do\/wp-content\/uploads\/2023\/07\/Roberto-Angel-1.jpg?resize=350%2C200&ssl=1 1x, https:\/\/i0.wp.com\/lasprimeras.com.do\/wp-content\/uploads\/2023\/07\/Roberto-Angel-1.jpg?resize=525%2C300&ssl=1 1.5x, https:\/\/i0.wp.com\/lasprimeras.com.do\/wp-content\/uploads\/2023\/07\/Roberto-Angel-1.jpg?resize=700%2C400&ssl=1 2x"},"classes":[]},{"id":56863,"url":"https:\/\/lasprimeras.com.do\/index.php\/2023\/08\/06\/roberto-angel-inaugura-paseo-de-los-colores-en-nagua-mas-de-mil-metros-cuadrados-de-arte-publico\/","url_meta":{"origin":59003,"position":5},"title":"Roberto \u00c1ngel inaugura \u201cPaseo de los Colores\u201d en Nagua; m\u00e1s de mil metros cuadrados de arte p\u00fablico","author":"Nelson Feliz","date":"6 de agosto de 2023","format":false,"excerpt":"El director general de Proyectos Estrat\u00e9gicos y Especiales de la Presidencia, Roberto \u00c1ngel Salcedo, inaugur\u00f3 este domingo el Paseo de los Colores RD en el barrio Las 500s, de este municipio, como parte del Programa \"Dominicana Cultural y Creativa\", que desarrolla la instituci\u00f3n en distintas localidades del pa\u00eds. Al entregar\u2026","rel":"","context":"En \u00abNACIONALES\u00bb","block_context":{"text":"NACIONALES","link":"https:\/\/lasprimeras.com.do\/index.php\/category\/nacionales\/"},"img":{"alt_text":"Roberto \u00c1ngel Salcedo","src":"https:\/\/i0.wp.com\/lasprimeras.com.do\/wp-content\/uploads\/2023\/08\/Roberto-Angel-Salcedo-1.jpg?resize=350%2C200&ssl=1","width":350,"height":200,"srcset":"https:\/\/i0.wp.com\/lasprimeras.com.do\/wp-content\/uploads\/2023\/08\/Roberto-Angel-Salcedo-1.jpg?resize=350%2C200&ssl=1 1x, https:\/\/i0.wp.com\/lasprimeras.com.do\/wp-content\/uploads\/2023\/08\/Roberto-Angel-Salcedo-1.jpg?resize=525%2C300&ssl=1 1.5x, https:\/\/i0.wp.com\/lasprimeras.com.do\/wp-content\/uploads\/2023\/08\/Roberto-Angel-Salcedo-1.jpg?resize=700%2C400&ssl=1 2x"},"classes":[]}],"jetpack_sharing_enabled":true,"_links":{"self":[{"href":"https:\/\/lasprimeras.com.do\/index.php\/wp-json\/wp\/v2\/posts\/59003","targetHints":{"allow":["GET"]}}],"collection":[{"href":"https:\/\/lasprimeras.com.do\/index.php\/wp-json\/wp\/v2\/posts"}],"about":[{"href":"https:\/\/lasprimeras.com.do\/index.php\/wp-json\/wp\/v2\/types\/post"}],"author":[{"embeddable":true,"href":"https:\/\/lasprimeras.com.do\/index.php\/wp-json\/wp\/v2\/users\/2"}],"replies":[{"embeddable":true,"href":"https:\/\/lasprimeras.com.do\/index.php\/wp-json\/wp\/v2\/comments?post=59003"}],"version-history":[{"count":1,"href":"https:\/\/lasprimeras.com.do\/index.php\/wp-json\/wp\/v2\/posts\/59003\/revisions"}],"predecessor-version":[{"id":59005,"href":"https:\/\/lasprimeras.com.do\/index.php\/wp-json\/wp\/v2\/posts\/59003\/revisions\/59005"}],"wp:featuredmedia":[{"embeddable":true,"href":"https:\/\/lasprimeras.com.do\/index.php\/wp-json\/wp\/v2\/media\/59004"}],"wp:attachment":[{"href":"https:\/\/lasprimeras.com.do\/index.php\/wp-json\/wp\/v2\/media?parent=59003"}],"wp:term":[{"taxonomy":"category","embeddable":true,"href":"https:\/\/lasprimeras.com.do\/index.php\/wp-json\/wp\/v2\/categories?post=59003"},{"taxonomy":"post_tag","embeddable":true,"href":"https:\/\/lasprimeras.com.do\/index.php\/wp-json\/wp\/v2\/tags?post=59003"}],"curies":[{"name":"wp","href":"https:\/\/api.w.org\/{rel}","templated":true}]}}