{"id":59006,"date":"2023-08-30T08:20:06","date_gmt":"2023-08-30T12:20:06","guid":{"rendered":"https:\/\/lasprimeras.com.do\/?p=59006"},"modified":"2023-08-30T08:20:07","modified_gmt":"2023-08-30T12:20:07","slug":"instituciones-culminan-exitoso-curso-de-lengua-de-senas","status":"publish","type":"post","link":"https:\/\/lasprimeras.com.do\/index.php\/2023\/08\/30\/instituciones-culminan-exitoso-curso-de-lengua-de-senas\/","title":{"rendered":"Instituciones culminan exitoso curso de lengua de se\u00f1as"},"content":{"rendered":"\n<p>El C\u00edrculo de Periodistas de la Salud (Cipesa), la Federaci\u00f3n Nacional de Discapacidad Dominicana (Fenadid) y la Fundaci\u00f3n de Discapacidad Manos Abiertas (Fundismaabi), concluyeron con \u00e9xitos el primer curso de Lengua de Se\u00f1as, dirigido a profesionales de la comunicaci\u00f3n.<\/p>\n\n\n\n<p>La jornada formativa se llev\u00f3 a cabo durante el mes de agosto en el Sal\u00f3n de Conferencia del edificio 4 de la Plaza de la Salud.<\/p>\n\n\n\n<p>El curso fue impartido por la int\u00e9rprete de Lengua de Se\u00f1as, Evelyn Rodr\u00edguez, quien con carisma y dedicaci\u00f3n transmiti\u00f3 sus conocimientos a sus 31 estudiantes.<\/p>\n\n\n\n<p>La actividad educativa se enmarca en acciones diversas que procuran la inclusi\u00f3n social de todas las personas en la sociedad, generando empat\u00eda y sensibilizaci\u00f3n en favor de la comunicaci\u00f3n inclusiva, poniendo gran atenci\u00f3n a quienes se ven m\u00e1s privados de recibir y transmitir informaci\u00f3n, como es el caso de las personas sordas.<\/p>\n\n\n\n<p>\u201cConocer la Lengua de Se\u00f1as es una forma de abrir y abrirnos a la comunicaci\u00f3n entre la gente con y sin discapacidad auditiva\u201d, manifest\u00f3 Victoriano N\u00fa\u00f1ez, presidente del Cipesa.<\/p>\n\n\n\n<p>Virginia Reynoso, presidenta de Fundismaabi, mostr\u00f3 su satisfacci\u00f3n por el feliz t\u00e9rmino de la jornada educativa.<\/p>\n\n\n\n<p>Mientras que, \u00c1ngel Espinal, presidente de Fenadid, manifest\u00f3 que la actual investidura, no es m\u00e1s que la primera de muchas, y proclam\u00f3\u201d \u00a1Que viva la Inclusi\u00f3n!<\/p>\n\n\n\n<p>Tras la entrega de los certificados a los entusiastas participantes, se materializ\u00f3 oficialmente la firma de un convenio de colaboraci\u00f3n entre la Federaci\u00f3n Nacional de Discapacidad Dominicana (Fenadid) y el C\u00edrculo de Periodistas de la Salud (Cipesa), entidades que se comprometieron a seguir promoviendo la inclusi\u00f3n social de las personas con discapacidad.<\/p>\n","protected":false},"excerpt":{"rendered":"<p>El C\u00edrculo de Periodistas de la Salud (Cipesa), la Federaci\u00f3n Nacional de Discapacidad Dominicana (Fenadid) y la Fundaci\u00f3n de Discapacidad Manos Abiertas (Fundismaabi), concluyeron con \u00e9xitos el primer curso de&hellip;<\/p>\n","protected":false},"author":2,"featured_media":59008,"comment_status":"open","ping_status":"open","sticky":false,"template":"","format":"standard","meta":{"content-type":"","jetpack_post_was_ever_published":false,"_jetpack_newsletter_access":"","_jetpack_dont_email_post_to_subs":false,"_jetpack_newsletter_tier_id":0,"_jetpack_memberships_contains_paywalled_content":false,"_jetpack_memberships_contains_paid_content":false,"footnotes":""},"categories":[35,1],"tags":[3153,1053,6867],"class_list":["post-59006","post","type-post","status-publish","format-standard","has-post-thumbnail","hentry","category-nacionales","category-sin-categoria","tag-curso","tag-instituciones","tag-lengua-de-senas"],"jetpack_featured_media_url":"https:\/\/lasprimeras.com.do\/wp-content\/uploads\/2023\/08\/instituciones-culminan-exitoso-curso-de-lengua-de-senas.jpg","jetpack-related-posts":[{"id":57040,"url":"https:\/\/lasprimeras.com.do\/index.php\/2023\/08\/07\/cipesa-y-fundaciones-inician-curso-lengua-de-senas\/","url_meta":{"origin":59006,"position":0},"title":"Cipesa y fundaciones inician curso lengua de se\u00f1as","author":"Nelson Feliz","date":"7 de agosto de 2023","format":false,"excerpt":"Persiguen fomentar en los comunicadores la inclusi\u00f3n social de las personas con discapacidad auditiva. El C\u00edrculo de Periodistas de la Salud (Cipesa), la Fundaci\u00f3n de Discapacidad Manos Abiertas (Fundismaabi), y la Federaci\u00f3n Nacional de Discapacidad Dominicana (Fenadid), dejaron iniciado este s\u00e1bado el curso Lengua de Se\u00f1as, con el objetivo de\u2026","rel":"","context":"En \u00abSin categor\u00eda\u00bb","block_context":{"text":"Sin categor\u00eda","link":"https:\/\/lasprimeras.com.do\/index.php\/category\/sin-categoria\/"},"img":{"alt_text":"cipesa","src":"https:\/\/i0.wp.com\/lasprimeras.com.do\/wp-content\/uploads\/2023\/08\/cipesa.jpg?resize=350%2C200&ssl=1","width":350,"height":200,"srcset":"https:\/\/i0.wp.com\/lasprimeras.com.do\/wp-content\/uploads\/2023\/08\/cipesa.jpg?resize=350%2C200&ssl=1 1x, https:\/\/i0.wp.com\/lasprimeras.com.do\/wp-content\/uploads\/2023\/08\/cipesa.jpg?resize=525%2C300&ssl=1 1.5x, https:\/\/i0.wp.com\/lasprimeras.com.do\/wp-content\/uploads\/2023\/08\/cipesa.jpg?resize=700%2C400&ssl=1 2x"},"classes":[]},{"id":78960,"url":"https:\/\/lasprimeras.com.do\/index.php\/2024\/03\/21\/infotep-e-ipes-certifican-55-oficiales-pn-en-lenguaje-de-senas\/","url_meta":{"origin":59006,"position":1},"title":"INFOTEP e IPES certifican 55 oficiales PN en lenguaje de se\u00f1as","author":"Nelson Feliz","date":"21 de marzo de 2024","format":false,"excerpt":"El Instituto Nacional de Formaci\u00f3n T\u00e9cnico Profesional (INFOTEP) y el Instituto Policial de Educaci\u00f3n Superior (IPES), certificaron a 55 oficiales del cuerpo del orden. Los oficiales fueron capacitados en Facilitador\u202fde\u202fProcesos\u202fde Ense\u00f1anza y Aprendizaje Centrado en el Participante y en Comunicaci\u00f3n en Cultura Sorda y Lengua de Se\u00f1as, Nivel Inicial. \u00a0El\u2026","rel":"","context":"En \u00abNACIONALES\u00bb","block_context":{"text":"NACIONALES","link":"https:\/\/lasprimeras.com.do\/index.php\/category\/nacionales\/"},"img":{"alt_text":"Rafael Santos Bad\u00eda","src":"https:\/\/i0.wp.com\/lasprimeras.com.do\/wp-content\/uploads\/2024\/03\/Rafael-Santos-Badia-1.jpg?resize=350%2C200&ssl=1","width":350,"height":200,"srcset":"https:\/\/i0.wp.com\/lasprimeras.com.do\/wp-content\/uploads\/2024\/03\/Rafael-Santos-Badia-1.jpg?resize=350%2C200&ssl=1 1x, https:\/\/i0.wp.com\/lasprimeras.com.do\/wp-content\/uploads\/2024\/03\/Rafael-Santos-Badia-1.jpg?resize=525%2C300&ssl=1 1.5x"},"classes":[]},{"id":78929,"url":"https:\/\/lasprimeras.com.do\/index.php\/2024\/03\/21\/infotep-e-ipes-certifican-oficiales-pn-en-lenguaje-de-senas-facilitador-de-procesos-de-ensenanza\/","url_meta":{"origin":59006,"position":2},"title":"INFOTEP e IPES certifican oficiales PN en lenguaje de se\u00f1as Facilitador\u202fde\u202fProcesos\u202fde Ense\u00f1anza","author":"BIMARY DE JES\u00daS Matos","date":"21 de marzo de 2024","format":false,"excerpt":"Martin Restituyo Santo Domingo.-El Instituto Nacional de Formaci\u00f3n T\u00e9cnico Profesional (INFOTEP) y el Instituto Policial de Educaci\u00f3n Superior (IPES), certificaron a 55 oficiales del cuerpo del orden, quienes fueron capacitados en Facilitador\u202fde\u202fProcesos\u202fde Ense\u00f1anza y Aprendizaje Centrado en el Participante y en Comunicaci\u00f3n en Cultura Sorda y Lengua de Se\u00f1as, Nivel\u2026","rel":"","context":"En \u00abPORTADA\u00bb","block_context":{"text":"PORTADA","link":"https:\/\/lasprimeras.com.do\/index.php\/category\/portada\/"},"img":{"alt_text":"","src":"https:\/\/i0.wp.com\/lasprimeras.com.do\/wp-content\/uploads\/2024\/03\/WhatsApp-Image-2024-03-21-at-5.46.15-PM.jpeg?resize=350%2C200&ssl=1","width":350,"height":200,"srcset":"https:\/\/i0.wp.com\/lasprimeras.com.do\/wp-content\/uploads\/2024\/03\/WhatsApp-Image-2024-03-21-at-5.46.15-PM.jpeg?resize=350%2C200&ssl=1 1x, https:\/\/i0.wp.com\/lasprimeras.com.do\/wp-content\/uploads\/2024\/03\/WhatsApp-Image-2024-03-21-at-5.46.15-PM.jpeg?resize=525%2C300&ssl=1 1.5x, https:\/\/i0.wp.com\/lasprimeras.com.do\/wp-content\/uploads\/2024\/03\/WhatsApp-Image-2024-03-21-at-5.46.15-PM.jpeg?resize=700%2C400&ssl=1 2x, https:\/\/i0.wp.com\/lasprimeras.com.do\/wp-content\/uploads\/2024\/03\/WhatsApp-Image-2024-03-21-at-5.46.15-PM.jpeg?resize=1050%2C600&ssl=1 3x, https:\/\/i0.wp.com\/lasprimeras.com.do\/wp-content\/uploads\/2024\/03\/WhatsApp-Image-2024-03-21-at-5.46.15-PM.jpeg?resize=1400%2C800&ssl=1 4x"},"classes":[]},{"id":128022,"url":"https:\/\/lasprimeras.com.do\/index.php\/2026\/04\/19\/jce-continua-entrega-de-la-nueva-cedula-a-personas-con-discapacidad-en-coordinacion-con-conadis\/","url_meta":{"origin":59006,"position":3},"title":"JCE contin\u00faa entrega de la nueva c\u00e9dula a personas con discapacidad en coordinaci\u00f3n con CONADIS","author":"Nelson Feliz","date":"19 de abril de 2026","format":false,"excerpt":"Este viernes 21 miembros de ADOSID renovaron el documento de identidad La Junta Central Electoral, a trav\u00e9s de la Mesa de Inclusi\u00f3n que coordina la miembro titular Dolores Altagracia Fern\u00e1ndez S\u00e1nchez, y en coordinaci\u00f3n con el Consejo Nacional de Discapacidad (CONADIS), continu\u00f3 este viernes desarrollando las jornadas de cedulaci\u00f3n accesible,\u2026","rel":"","context":"En \u00abNACIONALES\u00bb","block_context":{"text":"NACIONALES","link":"https:\/\/lasprimeras.com.do\/index.php\/category\/nacionales\/"},"img":{"alt_text":"","src":"https:\/\/i0.wp.com\/lasprimeras.com.do\/wp-content\/uploads\/2026\/04\/CONADIS.jpg?resize=350%2C200&ssl=1","width":350,"height":200,"srcset":"https:\/\/i0.wp.com\/lasprimeras.com.do\/wp-content\/uploads\/2026\/04\/CONADIS.jpg?resize=350%2C200&ssl=1 1x, https:\/\/i0.wp.com\/lasprimeras.com.do\/wp-content\/uploads\/2026\/04\/CONADIS.jpg?resize=525%2C300&ssl=1 1.5x, https:\/\/i0.wp.com\/lasprimeras.com.do\/wp-content\/uploads\/2026\/04\/CONADIS.jpg?resize=700%2C400&ssl=1 2x"},"classes":[]},{"id":116485,"url":"https:\/\/lasprimeras.com.do\/index.php\/2025\/12\/01\/abinader-presenta-plan-nacional-de-discapacidad-2025-2035\/","url_meta":{"origin":59006,"position":4},"title":"Abinader presenta Plan Nacional de Discapacidad 2025-2035","author":"Nelson Feliz","date":"1 de diciembre de 2025","format":false,"excerpt":"Se plantea fortalecer la accesibilidad universal, la inclusi\u00f3n educativa, cultural y deportiva, as\u00ed como el trabajo decente y el empleo sostenible. El presidente Luis Abinader present\u00f3 este lunes el Plan Nacional de Discapacidad 2025-2035, una pol\u00edtica p\u00fablica integral orientada a garantizar la igualdad de oportunidades para todas las personas, accesibilidad\u2026","rel":"","context":"En \u00abNACIONALES\u00bb","block_context":{"text":"NACIONALES","link":"https:\/\/lasprimeras.com.do\/index.php\/category\/nacionales\/"},"img":{"alt_text":"Luis Abinader","src":"https:\/\/i0.wp.com\/lasprimeras.com.do\/wp-content\/uploads\/2025\/12\/Luis-Abinader-1.jpg?resize=350%2C200&ssl=1","width":350,"height":200,"srcset":"https:\/\/i0.wp.com\/lasprimeras.com.do\/wp-content\/uploads\/2025\/12\/Luis-Abinader-1.jpg?resize=350%2C200&ssl=1 1x, https:\/\/i0.wp.com\/lasprimeras.com.do\/wp-content\/uploads\/2025\/12\/Luis-Abinader-1.jpg?resize=525%2C300&ssl=1 1.5x, https:\/\/i0.wp.com\/lasprimeras.com.do\/wp-content\/uploads\/2025\/12\/Luis-Abinader-1.jpg?resize=700%2C400&ssl=1 2x"},"classes":[]},{"id":96467,"url":"https:\/\/lasprimeras.com.do\/index.php\/2025\/04\/01\/abinader-dice-gobierno-prioriza-politicas-dirigidas-a-la-poblacion-con-discapacidad\/","url_meta":{"origin":59006,"position":5},"title":"Abinader dice Gobierno prioriza pol\u00edticas dirigidas a la poblaci\u00f3n con discapacidad","author":"Nelson Feliz","date":"1 de abril de 2025","format":false,"excerpt":"El presidente Luis Abinader expres\u00f3 este lunes que el Gobierno ha intensificado sus esfuerzos en favor de la inclusi\u00f3n de personas con discapacidad, logrando la inserci\u00f3n de m\u00e1s de 400 ciudadanos en el mercado laboral y que adem\u00e1s el Fondo Nacional para la Ni\u00f1ez y Adolescencia con Discapacidad ha beneficiado\u2026","rel":"","context":"En \u00abECONOM\u00cdA\u00bb","block_context":{"text":"ECONOM\u00cdA","link":"https:\/\/lasprimeras.com.do\/index.php\/category\/economia\/"},"img":{"alt_text":"","src":"https:\/\/i0.wp.com\/lasprimeras.com.do\/wp-content\/uploads\/2025\/04\/Luis-Abinader-2.jpg?resize=350%2C200&ssl=1","width":350,"height":200,"srcset":"https:\/\/i0.wp.com\/lasprimeras.com.do\/wp-content\/uploads\/2025\/04\/Luis-Abinader-2.jpg?resize=350%2C200&ssl=1 1x, https:\/\/i0.wp.com\/lasprimeras.com.do\/wp-content\/uploads\/2025\/04\/Luis-Abinader-2.jpg?resize=525%2C300&ssl=1 1.5x, https:\/\/i0.wp.com\/lasprimeras.com.do\/wp-content\/uploads\/2025\/04\/Luis-Abinader-2.jpg?resize=700%2C400&ssl=1 2x"},"classes":[]}],"jetpack_sharing_enabled":true,"_links":{"self":[{"href":"https:\/\/lasprimeras.com.do\/index.php\/wp-json\/wp\/v2\/posts\/59006","targetHints":{"allow":["GET"]}}],"collection":[{"href":"https:\/\/lasprimeras.com.do\/index.php\/wp-json\/wp\/v2\/posts"}],"about":[{"href":"https:\/\/lasprimeras.com.do\/index.php\/wp-json\/wp\/v2\/types\/post"}],"author":[{"embeddable":true,"href":"https:\/\/lasprimeras.com.do\/index.php\/wp-json\/wp\/v2\/users\/2"}],"replies":[{"embeddable":true,"href":"https:\/\/lasprimeras.com.do\/index.php\/wp-json\/wp\/v2\/comments?post=59006"}],"version-history":[{"count":1,"href":"https:\/\/lasprimeras.com.do\/index.php\/wp-json\/wp\/v2\/posts\/59006\/revisions"}],"predecessor-version":[{"id":59007,"href":"https:\/\/lasprimeras.com.do\/index.php\/wp-json\/wp\/v2\/posts\/59006\/revisions\/59007"}],"wp:featuredmedia":[{"embeddable":true,"href":"https:\/\/lasprimeras.com.do\/index.php\/wp-json\/wp\/v2\/media\/59008"}],"wp:attachment":[{"href":"https:\/\/lasprimeras.com.do\/index.php\/wp-json\/wp\/v2\/media?parent=59006"}],"wp:term":[{"taxonomy":"category","embeddable":true,"href":"https:\/\/lasprimeras.com.do\/index.php\/wp-json\/wp\/v2\/categories?post=59006"},{"taxonomy":"post_tag","embeddable":true,"href":"https:\/\/lasprimeras.com.do\/index.php\/wp-json\/wp\/v2\/tags?post=59006"}],"curies":[{"name":"wp","href":"https:\/\/api.w.org\/{rel}","templated":true}]}}