{"id":59009,"date":"2023-08-30T08:27:59","date_gmt":"2023-08-30T12:27:59","guid":{"rendered":"https:\/\/lasprimeras.com.do\/?p=59009"},"modified":"2023-08-30T08:28:01","modified_gmt":"2023-08-30T12:28:01","slug":"abinader-dice-hara-primera-actividad-politica-en-busca-de-la-reeleccion-el-fin-de-semana","status":"publish","type":"post","link":"https:\/\/lasprimeras.com.do\/index.php\/2023\/08\/30\/abinader-dice-hara-primera-actividad-politica-en-busca-de-la-reeleccion-el-fin-de-semana\/","title":{"rendered":"Abinader dice har\u00e1 primera actividad pol\u00edtica en busca de la reelecci\u00f3n el fin de semana"},"content":{"rendered":"\n<p><strong>En el encuentro con el Grupo Corripio, el presidente Luis Abinader explic\u00f3 que le llev\u00f3 tiempo decidir aspirar por otro mandato presidencial.<\/strong><\/p>\n\n\n\n<p>El presidente Luis Abinader espera hacer una campa\u00f1a reeleccionista \u201cdecente, civilizada, que fortalezca la democracia dominicana\u201d.<\/p>\n\n\n\n<p>En el encuentro con el Grupo Corripio, el mandatario explic\u00f3 que le llev\u00f3 tiempo decidir aspirar por otro mandato presidencial, pero que entendi\u00f3 que el desarrollo del pa\u00eds estaba por encima de lo que uno eval\u00faa, que es el tema de familia. \u201cFueron muchos meses de pensar y analizar\u201d.<\/p>\n\n\n\n<p>Admiti\u00f3 que muchas veces dijo que no le gustaba la reelecci\u00f3n, pero que no hay que modificar la Constituci\u00f3n para que esta se d\u00e9 por un per\u00edodo consecutivo.<\/p>\n\n\n\n<p>\u201cNo hay que hacer nigua reforma. Es la decisi\u00f3n que tomamos, analizamos tambi\u00e9n lo que deseaba la poblaci\u00f3n dominicana y c\u00f3mo lo ve\u00eda\u201d, respondi\u00f3 Abinader a la primera pregunta hecha por Miguel Franjul, director de List\u00edn Diario.<\/p>\n\n\n\n<p>En cuanto a las actividades pol\u00edticas, dijo que est\u00e1n involucrados en la candidatura, que no ha hecho la primera actividad electoral de precampa\u00f1a, pero que el pr\u00f3ximo fin de semana espera hacer la primera.<\/p>\n\n\n\n<p>\u201cLo que espero es hacer una campa\u00f1a decente, civilizada, que fortalezca la democracia dominicana ese es nuestro deseo\u201d, manifest\u00f3.<\/p>\n\n\n\n<p>LAS ENCUESTAS HAN SIDO MUY POSITIVAS<\/p>\n\n\n\n<p>El mandatario dijo que las encuestas a su favor son positivas, y admiti\u00f3 que persiste la preocupaci\u00f3n de la poblaci\u00f3n por la inseguridad, el desempleo y el alto costo de la vida.<\/p>\n\n\n\n<p>En cada uno de los tres factores dijo que hay avances, que ha bajado la tasa de homicidio, que el desempleo abierto est\u00e1 por debajo del 5 %. &#8220;Los que dicen estamos buscando trabajo y no encontramos es uno de los niveles de desempleo m\u00e1s bajo que se ha visto en el pa\u00eds\u201d.<\/p>\n","protected":false},"excerpt":{"rendered":"<p>En el encuentro con el Grupo Corripio, el presidente Luis Abinader explic\u00f3 que le llev\u00f3 tiempo decidir aspirar por otro mandato presidencial. El presidente Luis Abinader espera hacer una campa\u00f1a&hellip;<\/p>\n","protected":false},"author":2,"featured_media":59010,"comment_status":"open","ping_status":"open","sticky":false,"template":"","format":"standard","meta":{"content-type":"","jetpack_post_was_ever_published":false,"_jetpack_newsletter_access":"","_jetpack_dont_email_post_to_subs":false,"_jetpack_newsletter_tier_id":0,"_jetpack_memberships_contains_paywalled_content":false,"_jetpack_memberships_contains_paid_content":false,"footnotes":""},"categories":[25],"tags":[3327,6868,67,52,2004],"class_list":["post-59009","post","type-post","status-publish","format-standard","has-post-thumbnail","hentry","category-portada","tag-actividad","tag-grupo-corripio","tag-luis-abinader","tag-politica-2","tag-reeleccion"],"jetpack_featured_media_url":"https:\/\/lasprimeras.com.do\/wp-content\/uploads\/2023\/08\/Luis-Abinader-3.jpeg","jetpack-related-posts":[{"id":112889,"url":"https:\/\/lasprimeras.com.do\/index.php\/2025\/10\/28\/abinader-resalta-valor-democratico-de-la-reforma-constitucional-que-limita-la-reeleccion\/","url_meta":{"origin":59009,"position":0},"title":"Abinader resalta valor democr\u00e1tico de la reforma constitucional que limita la reelecci\u00f3n","author":"Nelson Feliz","date":"28 de octubre de 2025","format":false,"excerpt":"Mandatario asiste a la puesta en circulaci\u00f3n de la edici\u00f3n ampliada del libro \u201cReformas a la Constituci\u00f3n Pol\u00edtica Dominicana\u201d de Antoliano Peralta Romero y Rafael Peralta Romero. El presidente Luis Abinader afirm\u00f3 que la reforma constitucional de 2024, que limita la reelecci\u00f3n presidencial consecutiva, constituye una garant\u00eda para la estabilidad\u2026","rel":"","context":"En \u00abNACIONALES\u00bb","block_context":{"text":"NACIONALES","link":"https:\/\/lasprimeras.com.do\/index.php\/category\/nacionales\/"},"img":{"alt_text":"Luis Abinader","src":"https:\/\/i0.wp.com\/lasprimeras.com.do\/wp-content\/uploads\/2025\/10\/Luis-Abinader-11.jpg?resize=350%2C200&ssl=1","width":350,"height":200,"srcset":"https:\/\/i0.wp.com\/lasprimeras.com.do\/wp-content\/uploads\/2025\/10\/Luis-Abinader-11.jpg?resize=350%2C200&ssl=1 1x, https:\/\/i0.wp.com\/lasprimeras.com.do\/wp-content\/uploads\/2025\/10\/Luis-Abinader-11.jpg?resize=525%2C300&ssl=1 1.5x, https:\/\/i0.wp.com\/lasprimeras.com.do\/wp-content\/uploads\/2025\/10\/Luis-Abinader-11.jpg?resize=700%2C400&ssl=1 2x"},"classes":[]},{"id":82140,"url":"https:\/\/lasprimeras.com.do\/index.php\/2024\/04\/29\/grupo-corripio-anuncia-programa-la-propuesta-de-los-candidatos\/","url_meta":{"origin":59009,"position":1},"title":"Grupo Corripio anuncia programa \u201cLa Propuesta de los Candidatos\u201d","author":"BIMARY DE JES\u00daS Matos","date":"29 de abril de 2024","format":false,"excerpt":"Santo Domingo.-En el marco de la campa\u00f1a electoral, el Grupo de Comunicaciones Corripio se prepara para llevar a cabo el programa \u201cLa Propuesta de los Candidatos\u201d, donde cada uno de los candidatos presidenciales responder\u00e1 preguntas tem\u00e1ticas formuladas por periodistas destacados. Este programa es parte de una larga tradici\u00f3n del Grupo\u2026","rel":"","context":"En \u00abSin categor\u00eda\u00bb","block_context":{"text":"Sin categor\u00eda","link":"https:\/\/lasprimeras.com.do\/index.php\/category\/sin-categoria\/"},"img":{"alt_text":"","src":"https:\/\/i0.wp.com\/lasprimeras.com.do\/wp-content\/uploads\/2024\/04\/WhatsApp-Image-2024-04-26-at-4.57.10-PM-2-2.jpeg?resize=350%2C200&ssl=1","width":350,"height":200,"srcset":"https:\/\/i0.wp.com\/lasprimeras.com.do\/wp-content\/uploads\/2024\/04\/WhatsApp-Image-2024-04-26-at-4.57.10-PM-2-2.jpeg?resize=350%2C200&ssl=1 1x, https:\/\/i0.wp.com\/lasprimeras.com.do\/wp-content\/uploads\/2024\/04\/WhatsApp-Image-2024-04-26-at-4.57.10-PM-2-2.jpeg?resize=525%2C300&ssl=1 1.5x, https:\/\/i0.wp.com\/lasprimeras.com.do\/wp-content\/uploads\/2024\/04\/WhatsApp-Image-2024-04-26-at-4.57.10-PM-2-2.jpeg?resize=700%2C400&ssl=1 2x, https:\/\/i0.wp.com\/lasprimeras.com.do\/wp-content\/uploads\/2024\/04\/WhatsApp-Image-2024-04-26-at-4.57.10-PM-2-2.jpeg?resize=1050%2C600&ssl=1 3x, https:\/\/i0.wp.com\/lasprimeras.com.do\/wp-content\/uploads\/2024\/04\/WhatsApp-Image-2024-04-26-at-4.57.10-PM-2-2.jpeg?resize=1400%2C800&ssl=1 4x"},"classes":[]},{"id":57757,"url":"https:\/\/lasprimeras.com.do\/index.php\/2023\/08\/15\/carlos-arias-respalda-reeleccion-del-presidente-luis-abinader\/","url_meta":{"origin":59009,"position":2},"title":"Carlos Arias respalda reelecci\u00f3n del presidente Luis Abinader.","author":"Nelson Feliz","date":"15 de agosto de 2023","format":false,"excerpt":"Por Roberto P\u00e9rez El aspirante a una diputaci\u00f3n por la Circunscripci\u00f3n Tres de Santiago, Carlos Arias, dijo respaldar la reelecci\u00f3n del presidente Luis Abinader, por cuatro a\u00f1os m\u00e1s, El tambi\u00e9n dirigente perreme\u00edsta, calific\u00f3 como acertada la decisi\u00f3n del mandatario, ya que la mayor\u00eda de los dominicanos estaban pendiente a la\u2026","rel":"","context":"En \u00abSin categor\u00eda\u00bb","block_context":{"text":"Sin categor\u00eda","link":"https:\/\/lasprimeras.com.do\/index.php\/category\/sin-categoria\/"},"img":{"alt_text":"Carlos Arias","src":"https:\/\/i0.wp.com\/lasprimeras.com.do\/wp-content\/uploads\/2023\/08\/Carlos-Arias.png?resize=350%2C200&ssl=1","width":350,"height":200,"srcset":"https:\/\/i0.wp.com\/lasprimeras.com.do\/wp-content\/uploads\/2023\/08\/Carlos-Arias.png?resize=350%2C200&ssl=1 1x, https:\/\/i0.wp.com\/lasprimeras.com.do\/wp-content\/uploads\/2023\/08\/Carlos-Arias.png?resize=525%2C300&ssl=1 1.5x"},"classes":[]},{"id":55778,"url":"https:\/\/lasprimeras.com.do\/index.php\/2023\/07\/25\/abinader-reconoce-niveles-de-inseguridad-y-dice-que-quisiera-reducirla-a-la-mitad\/","url_meta":{"origin":59009,"position":3},"title":"Abinader reconoce niveles de inseguridad y dice que quisiera reducirla a la mitad","author":"Nelson Feliz","date":"25 de julio de 2023","format":false,"excerpt":"\u201cNo estoy conforme con el nivel de inseguridad ciudadana, yo quisiera reducir eso a la mitad y en eso es en lo que estamos\u201d, dijo Abinader. El presidente de la Rep\u00fablica, Luis Abinader, expres\u00f3 este martes que no est\u00e1 conforme con el nivel de inseguridad en el pa\u00eds. Sin embargo,\u2026","rel":"","context":"En \u00abPORTADA\u00bb","block_context":{"text":"PORTADA","link":"https:\/\/lasprimeras.com.do\/index.php\/category\/portada\/"},"img":{"alt_text":"Luis Abinader","src":"https:\/\/i0.wp.com\/lasprimeras.com.do\/wp-content\/uploads\/2023\/07\/Luis-Abinader-3.jpg?resize=350%2C200&ssl=1","width":350,"height":200,"srcset":"https:\/\/i0.wp.com\/lasprimeras.com.do\/wp-content\/uploads\/2023\/07\/Luis-Abinader-3.jpg?resize=350%2C200&ssl=1 1x, https:\/\/i0.wp.com\/lasprimeras.com.do\/wp-content\/uploads\/2023\/07\/Luis-Abinader-3.jpg?resize=525%2C300&ssl=1 1.5x"},"classes":[]},{"id":57619,"url":"https:\/\/lasprimeras.com.do\/index.php\/2023\/08\/14\/ramon-alburquerque-entiende-que-luis-abinader-tiene-que-tomar-licencia-para-buscar-reeleccion\/","url_meta":{"origin":59009,"position":4},"title":"Ram\u00f3n Alburquerque entiende que Luis Abinader tiene que tomar licencia para buscar reelecci\u00f3n","author":"Nelson Feliz","date":"14 de agosto de 2023","format":false,"excerpt":"El dirigente del Partido Revolucionario Moderno (PRM), Ram\u00f3n Alburquerque, exhort\u00f3 este domingo al presidente de la Rep\u00fablica, Luis Abinader, a tomar licencia de su cargo ahora que ha anunciado que buscar\u00e1 la reelecci\u00f3n presidencial para que se \"compita en un ambiente de igualdad\" en el partido y en cumplimiento de\u2026","rel":"","context":"En \u00abPORTADA\u00bb","block_context":{"text":"PORTADA","link":"https:\/\/lasprimeras.com.do\/index.php\/category\/portada\/"},"img":{"alt_text":"Ram\u00f3n Alburquerque","src":"https:\/\/i0.wp.com\/lasprimeras.com.do\/wp-content\/uploads\/2023\/07\/Ramon-Alburquerque.jpg?resize=350%2C200&ssl=1","width":350,"height":200,"srcset":"https:\/\/i0.wp.com\/lasprimeras.com.do\/wp-content\/uploads\/2023\/07\/Ramon-Alburquerque.jpg?resize=350%2C200&ssl=1 1x, https:\/\/i0.wp.com\/lasprimeras.com.do\/wp-content\/uploads\/2023\/07\/Ramon-Alburquerque.jpg?resize=525%2C300&ssl=1 1.5x, https:\/\/i0.wp.com\/lasprimeras.com.do\/wp-content\/uploads\/2023\/07\/Ramon-Alburquerque.jpg?resize=700%2C400&ssl=1 2x"},"classes":[]},{"id":101625,"url":"https:\/\/lasprimeras.com.do\/index.php\/2025\/06\/23\/perremeistas-ny-interpretan-proclama-consul-chu-vasquez-es-por-una-nueva-reeleccion\/","url_meta":{"origin":59009,"position":5},"title":"Perreme\u00edstas NY interpretan proclama c\u00f3nsul Ch\u00fa V\u00e1squez es por una nueva reelecci\u00f3n","author":"Nelson Feliz","date":"23 de junio de 2025","format":false,"excerpt":"https:\/\/www.youtube.com\/watch?v=FaYodpuzHCo Por Ram\u00f3n Mercedes NUEVA YORK.- Como un grito de arenga hacia la reelecci\u00f3n del presidente Luis Abinader cayeron entre decenas de perreme\u00edstas que asistieron el pasado fin de semana a la conferencia titulada \u00abEl Pa\u00eds que Construye Luis\u00bb las palabras del c\u00f3nsul Jes\u00fas -Chu- V\u00e1squez. As\u00ed se interpret\u00f3 su\u2026","rel":"","context":"En \u00abPOLITICA\u00bb","block_context":{"text":"POLITICA","link":"https:\/\/lasprimeras.com.do\/index.php\/category\/politica\/"},"img":{"alt_text":"","src":"https:\/\/i0.wp.com\/lasprimeras.com.do\/wp-content\/uploads\/2025\/06\/WhatsApp-Image-2025-06-23-at-4.49.04-AM.jpeg?resize=350%2C200&ssl=1","width":350,"height":200,"srcset":"https:\/\/i0.wp.com\/lasprimeras.com.do\/wp-content\/uploads\/2025\/06\/WhatsApp-Image-2025-06-23-at-4.49.04-AM.jpeg?resize=350%2C200&ssl=1 1x, https:\/\/i0.wp.com\/lasprimeras.com.do\/wp-content\/uploads\/2025\/06\/WhatsApp-Image-2025-06-23-at-4.49.04-AM.jpeg?resize=525%2C300&ssl=1 1.5x, https:\/\/i0.wp.com\/lasprimeras.com.do\/wp-content\/uploads\/2025\/06\/WhatsApp-Image-2025-06-23-at-4.49.04-AM.jpeg?resize=700%2C400&ssl=1 2x"},"classes":[]}],"jetpack_sharing_enabled":true,"_links":{"self":[{"href":"https:\/\/lasprimeras.com.do\/index.php\/wp-json\/wp\/v2\/posts\/59009","targetHints":{"allow":["GET"]}}],"collection":[{"href":"https:\/\/lasprimeras.com.do\/index.php\/wp-json\/wp\/v2\/posts"}],"about":[{"href":"https:\/\/lasprimeras.com.do\/index.php\/wp-json\/wp\/v2\/types\/post"}],"author":[{"embeddable":true,"href":"https:\/\/lasprimeras.com.do\/index.php\/wp-json\/wp\/v2\/users\/2"}],"replies":[{"embeddable":true,"href":"https:\/\/lasprimeras.com.do\/index.php\/wp-json\/wp\/v2\/comments?post=59009"}],"version-history":[{"count":1,"href":"https:\/\/lasprimeras.com.do\/index.php\/wp-json\/wp\/v2\/posts\/59009\/revisions"}],"predecessor-version":[{"id":59011,"href":"https:\/\/lasprimeras.com.do\/index.php\/wp-json\/wp\/v2\/posts\/59009\/revisions\/59011"}],"wp:featuredmedia":[{"embeddable":true,"href":"https:\/\/lasprimeras.com.do\/index.php\/wp-json\/wp\/v2\/media\/59010"}],"wp:attachment":[{"href":"https:\/\/lasprimeras.com.do\/index.php\/wp-json\/wp\/v2\/media?parent=59009"}],"wp:term":[{"taxonomy":"category","embeddable":true,"href":"https:\/\/lasprimeras.com.do\/index.php\/wp-json\/wp\/v2\/categories?post=59009"},{"taxonomy":"post_tag","embeddable":true,"href":"https:\/\/lasprimeras.com.do\/index.php\/wp-json\/wp\/v2\/tags?post=59009"}],"curies":[{"name":"wp","href":"https:\/\/api.w.org\/{rel}","templated":true}]}}