{"id":59015,"date":"2023-08-30T08:40:35","date_gmt":"2023-08-30T12:40:35","guid":{"rendered":"https:\/\/lasprimeras.com.do\/?p=59015"},"modified":"2023-08-30T08:40:36","modified_gmt":"2023-08-30T12:40:36","slug":"abinader-dice-rd-brindara-ayuda-humanitaria-a-haiti-si-se-trata-de-salud-para-salvar-vidas","status":"publish","type":"post","link":"https:\/\/lasprimeras.com.do\/index.php\/2023\/08\/30\/abinader-dice-rd-brindara-ayuda-humanitaria-a-haiti-si-se-trata-de-salud-para-salvar-vidas\/","title":{"rendered":"Abinader dice RD brindar\u00e1 ayuda humanitaria a Hait\u00ed si se trata de \u201csalud, para salvar vidas\u201d"},"content":{"rendered":"\n<p><strong>El presidente Luis Abinader reiter\u00f3 que el pa\u00eds no intervendr\u00e1 en \u201cnada que tenga que ver con la ocupaci\u00f3n a Hait\u00ed\u201d.<\/strong><\/p>\n\n\n\n<p>El presidente de la Rep\u00fablica, Luis Abinader, dijo este mi\u00e9rcoles que el pa\u00eds s\u00f3lo brindar\u00e1 ayuda humanitaria a Hait\u00ed si se trata, principalmente, de \u201csalud, para salvar vidas\u201d.<\/p>\n\n\n\n<p>\u201cRep\u00fablica Dominicana es el pa\u00eds que m\u00e1s ha ayudado a Hait\u00ed. Cuando yo dije que pod\u00edamos prestar ayuda humanitaria me refiero, suponiendo a alg\u00fan miembro de la fuerza de paz que tenga alg\u00fan problema de salud, atenderlo aqu\u00ed, no una ayuda de otra \u00edndole, sino humanitaria de salud, de salvar vidas, ese tipo de ayuda\u201d, enfatiz\u00f3 el mandatario.<\/p>\n\n\n\n<p>Al ser entrevistado por directores y ejecutivos de medios de comunicaci\u00f3n del Grupo Corripio, Abinader indic\u00f3 que cuando ha dicho que \u201cpodr\u00edamos dar cualquier ayuda\u201d a la vecina naci\u00f3n, es en caso de que alg\u00fan miembro de la fuerza internacional que estar\u00e1 en Hait\u00ed necesite asistencia m\u00e9dica.<\/p>\n\n\n\n<p>\u201cCuando yo he dicho que podemos dar cualquier ayuda, evidentemente como lo estamos dando desde ahora que ha habido el desalojo de mucho personal diplom\u00e1tico en Hait\u00ed y lo han hecho a trav\u00e9s de la embajada que tenemos, en el Helipuerto de la embajada, en Puerto Pr\u00edncipe, y han salido por territorio dominicano y eso es normal, eso humanitario, es parte de los acuerdos internacionales\u201d, afirm\u00f3 el jefe de Estado.<\/p>\n\n\n\n<p>Asimismo, puntu\u00f3 que en caso de que sea necesario que alguno de los miembros de esa fuerza internacional tenga alguna necesidad de hospitalizarse, \u201cpues obligatoriamente, se lo facilitar\u00edamos, pero hasta ah\u00ed\u201d.<\/p>\n\n\n\n<p>En el Encuentro del Grupo Corripio el gobernante reiter\u00f3 que el pa\u00eds no intervendr\u00e1 en \u201cnada que tenga que ver con la ocupaci\u00f3n\u201d.<\/p>\n\n\n\n<p>\u201cNosotros no vamos a intervenir en absolutamente nada que tenga que ver con la ocupaci\u00f3n en Hait\u00ed, que s\u00ed hemos sido los voceros de que Hait\u00ed lo necesita, pero por razones hist\u00f3ricas y obvias de frontera, nosotros no debemos de intervenir en absolutamente ninguna acci\u00f3n que tenga que ver con la ocupaci\u00f3n y eso es as\u00ed y se va a mantener\u201d, manifest\u00f3.<\/p>\n\n\n\n<p>De igual forma, sobre las presiones que, el Gobierno ha estado recibiendo de algunas naciones para que permita operar una oficina desde territorio dominicano, afirm\u00f3 que no hay ninguna \u201cpresi\u00f3n\u201d.<\/p>\n\n\n\n<p>\u201cNosotros no tenemos presi\u00f3n en este momento de ning\u00fan pa\u00eds en ese sentido. Lo \u00fanico que, repito, cuando digo ayuda es un tema de salud, es lo que tiene que hacer un pa\u00eds en cualquier situaci\u00f3n a\u00fan no hubiera ocupaci\u00f3n\u201d, respondi\u00f3 Abinader a Bienvenido \u00c1lvarez Vega, director del peri\u00f3dico Hoy.<\/p>\n\n\n\n<p>Fuente Listin Diario<\/p>\n","protected":false},"excerpt":{"rendered":"<p>El presidente Luis Abinader reiter\u00f3 que el pa\u00eds no intervendr\u00e1 en \u201cnada que tenga que ver con la ocupaci\u00f3n a Hait\u00ed\u201d. El presidente de la Rep\u00fablica, Luis Abinader, dijo este&hellip;<\/p>\n","protected":false},"author":2,"featured_media":59016,"comment_status":"open","ping_status":"open","sticky":false,"template":"","format":"standard","meta":{"content-type":"","jetpack_post_was_ever_published":false,"_jetpack_newsletter_access":"","_jetpack_dont_email_post_to_subs":false,"_jetpack_newsletter_tier_id":0,"_jetpack_memberships_contains_paywalled_content":false,"_jetpack_memberships_contains_paid_content":false,"footnotes":""},"categories":[25],"tags":[6873,217,67,127,813,6874],"class_list":["post-59015","post","type-post","status-publish","format-standard","has-post-thumbnail","hentry","category-portada","tag-ayuda-humanitaria","tag-haiti","tag-luis-abinader","tag-rd","tag-salud","tag-salvar-vidas"],"jetpack_featured_media_url":"https:\/\/lasprimeras.com.do\/wp-content\/uploads\/2023\/08\/Luis-Abinader-4.jpeg","jetpack-related-posts":[{"id":76744,"url":"https:\/\/lasprimeras.com.do\/index.php\/2024\/02\/14\/luis-el-gallo-dice-discurso-abinader-en-onu-fue-valiente-patriotico-y-nacionalista\/","url_meta":{"origin":59015,"position":0},"title":"Luis \u201cEl Gallo\u201d dice discurso Abinader en ONU fue valiente, patri\u00f3tico y nacionalista","author":"Nelson Feliz","date":"14 de febrero de 2024","format":false,"excerpt":"La Uni\u00f3n Dem\u00f3crata Cristiana -UDC- y su l\u00edder Luis Acosta Moreta, Luis \u201cEl Gallo\u201d, saludaron hoy la forma valiente, firme, y patri\u00f3tica en que el presidente Luis Abinader defendi\u00f3 los intereses nacionales, ante el Consejo de Seguridad de las Naciones Unidas, donde habl\u00f3 claro sobre la crisis haitiana. Enfatiz\u00f3 que\u2026","rel":"","context":"En \u00abPORTADA\u00bb","block_context":{"text":"PORTADA","link":"https:\/\/lasprimeras.com.do\/index.php\/category\/portada\/"},"img":{"alt_text":"Luis Abinader","src":"https:\/\/i0.wp.com\/lasprimeras.com.do\/wp-content\/uploads\/2024\/02\/Luis-Abinader-5.jpg?resize=350%2C200&ssl=1","width":350,"height":200,"srcset":"https:\/\/i0.wp.com\/lasprimeras.com.do\/wp-content\/uploads\/2024\/02\/Luis-Abinader-5.jpg?resize=350%2C200&ssl=1 1x, https:\/\/i0.wp.com\/lasprimeras.com.do\/wp-content\/uploads\/2024\/02\/Luis-Abinader-5.jpg?resize=525%2C300&ssl=1 1.5x, https:\/\/i0.wp.com\/lasprimeras.com.do\/wp-content\/uploads\/2024\/02\/Luis-Abinader-5.jpg?resize=700%2C400&ssl=1 2x"},"classes":[]},{"id":113423,"url":"https:\/\/lasprimeras.com.do\/index.php\/2025\/11\/02\/republica-dominicana-envia-ayuda-humanitaria-a-jamaica-tras-el-paso-del-huracan-melissa\/","url_meta":{"origin":59015,"position":1},"title":"Rep\u00fablica Dominicana env\u00eda ayuda humanitaria a Jamaica tras el paso del hurac\u00e1n Melissa","author":"Nelson Feliz","date":"2 de noviembre de 2025","format":false,"excerpt":"El Gobierno dominicano inform\u00f3 que se realizan las coordinaciones necesarias con las autoridades competentes para que la operaci\u00f3n \u201cSolidaridad Caribe\u00f1a\u201d pueda extender su alcance hacia Cuba y Hait\u00ed En cumplimiento de las instrucciones del presidente de la Rep\u00fablica, Luis Abinader, y como expresi\u00f3n del compromiso solidario de la Rep\u00fablica Dominicana\u2026","rel":"","context":"En \u00abMILITARES\u00bb","block_context":{"text":"MILITARES","link":"https:\/\/lasprimeras.com.do\/index.php\/category\/militares\/"},"img":{"alt_text":"","src":"https:\/\/i0.wp.com\/lasprimeras.com.do\/wp-content\/uploads\/2025\/11\/ayuda-humanitaria.jpg?resize=350%2C200&ssl=1","width":350,"height":200,"srcset":"https:\/\/i0.wp.com\/lasprimeras.com.do\/wp-content\/uploads\/2025\/11\/ayuda-humanitaria.jpg?resize=350%2C200&ssl=1 1x, https:\/\/i0.wp.com\/lasprimeras.com.do\/wp-content\/uploads\/2025\/11\/ayuda-humanitaria.jpg?resize=525%2C300&ssl=1 1.5x, https:\/\/i0.wp.com\/lasprimeras.com.do\/wp-content\/uploads\/2025\/11\/ayuda-humanitaria.jpg?resize=700%2C400&ssl=1 2x"},"classes":[]},{"id":58882,"url":"https:\/\/lasprimeras.com.do\/index.php\/2023\/08\/29\/abinader-dice-rd-no-intervendra-en-el-ordenamiento-de-haiti\/","url_meta":{"origin":59015,"position":2},"title":"Abinader dice RD no intervendr\u00e1 en el ordenamiento de Hait\u00ed","author":"Nelson Feliz","date":"29 de agosto de 2023","format":false,"excerpt":"El presidente de la Rep\u00fablica Luis Abinader inform\u00f3 que no intervendr\u00e1n en el ordenamiento de Hait\u00ed y que solo el gobierno dominicano prestar\u00e1 ayuda humanitaria al vecino pa\u00eds en caso de que sea necesario. Sostuvo que, en su pr\u00f3ximo viaje a Estados Unidos para estar en la ONU, \u00e9l le\u2026","rel":"","context":"En \u00abNACIONALES\u00bb","block_context":{"text":"NACIONALES","link":"https:\/\/lasprimeras.com.do\/index.php\/category\/nacionales\/"},"img":{"alt_text":"Luis Abinader","src":"https:\/\/i0.wp.com\/lasprimeras.com.do\/wp-content\/uploads\/2023\/08\/Luis-Abinader-2-4.jpg?resize=350%2C200&ssl=1","width":350,"height":200},"classes":[]},{"id":108593,"url":"https:\/\/lasprimeras.com.do\/index.php\/2025\/09\/08\/abinader-reacciona-a-salida-de-policias-de-kenia-de-haiti-seguiremos-pidiendo-ayuda\/","url_meta":{"origin":59015,"position":3},"title":"Abinader reacciona a salida de polic\u00edas de Kenia de Hait\u00ed: &#8220;Seguiremos pidiendo ayuda&#8221;","author":"Nelson Feliz","date":"8 de septiembre de 2025","format":false,"excerpt":"Dijo que en septiembre volver\u00e1 a la ONU y llamar\u00e1 la atenci\u00f3n sobre el abandono de la comunidad internacional a Hait\u00ed. La Rep\u00fablica Dominicana tendr\u00e1 que adaptarse a la situaci\u00f3n que se presente en Hait\u00ed tras la salida de la misi\u00f3n de seguridad que encabeza Kenia, pautada para fin de\u2026","rel":"","context":"En \u00abNACIONALES\u00bb","block_context":{"text":"NACIONALES","link":"https:\/\/lasprimeras.com.do\/index.php\/category\/nacionales\/"},"img":{"alt_text":"","src":"https:\/\/i0.wp.com\/lasprimeras.com.do\/wp-content\/uploads\/2025\/09\/Policias-de-Kenia-en-la-mision-de-estabilizacion-en-Haiti.jpg?resize=350%2C200&ssl=1","width":350,"height":200,"srcset":"https:\/\/i0.wp.com\/lasprimeras.com.do\/wp-content\/uploads\/2025\/09\/Policias-de-Kenia-en-la-mision-de-estabilizacion-en-Haiti.jpg?resize=350%2C200&ssl=1 1x, https:\/\/i0.wp.com\/lasprimeras.com.do\/wp-content\/uploads\/2025\/09\/Policias-de-Kenia-en-la-mision-de-estabilizacion-en-Haiti.jpg?resize=525%2C300&ssl=1 1.5x, https:\/\/i0.wp.com\/lasprimeras.com.do\/wp-content\/uploads\/2025\/09\/Policias-de-Kenia-en-la-mision-de-estabilizacion-en-Haiti.jpg?resize=700%2C400&ssl=1 2x"},"classes":[]},{"id":110091,"url":"https:\/\/lasprimeras.com.do\/index.php\/2025\/09\/25\/udc-respalda-a-presidente-abinader-al-pedir-comunidad-internacional-acuda-en-auxilio-de-haiti\/","url_meta":{"origin":59015,"position":4},"title":"UDC respalda a presidente Abinader, al pedir comunidad internacional acuda en auxilio de Hait\u00ed","author":"Nelson Feliz","date":"25 de septiembre de 2025","format":false,"excerpt":"El presidente de la Uni\u00f3n Dem\u00f3crata Cristiana \u2013UDC-, Luis Acosta Moreta, Luis \u201cEl Gallo\u201d salud\u00f3 y apoy\u00f3 hoy los pronunciamientos hechos por el presidente Luis Abinader de que una fuerza multinacional es la que debe buscar la paz y la soluci\u00f3n de los problemas haitianos. Tambi\u00e9n se\u00f1al\u00f3 como trascendente la\u2026","rel":"","context":"En \u00abPOLITICA\u00bb","block_context":{"text":"POLITICA","link":"https:\/\/lasprimeras.com.do\/index.php\/category\/politica\/"},"img":{"alt_text":"","src":"https:\/\/i0.wp.com\/lasprimeras.com.do\/wp-content\/uploads\/2025\/09\/Luis-Abinader-3-1.jpg?resize=350%2C200&ssl=1","width":350,"height":200,"srcset":"https:\/\/i0.wp.com\/lasprimeras.com.do\/wp-content\/uploads\/2025\/09\/Luis-Abinader-3-1.jpg?resize=350%2C200&ssl=1 1x, https:\/\/i0.wp.com\/lasprimeras.com.do\/wp-content\/uploads\/2025\/09\/Luis-Abinader-3-1.jpg?resize=525%2C300&ssl=1 1.5x, https:\/\/i0.wp.com\/lasprimeras.com.do\/wp-content\/uploads\/2025\/09\/Luis-Abinader-3-1.jpg?resize=700%2C400&ssl=1 2x"},"classes":[]},{"id":52667,"url":"https:\/\/lasprimeras.com.do\/index.php\/2023\/06\/12\/luis-el-gallo-pide-a-eeuu-que-ayuda-a-haiti-no-sea-distribuida-desde-rd\/","url_meta":{"origin":59015,"position":5},"title":"Luis \u201cEl Gallo\u201d pide a EEUU que ayuda a Hait\u00ed no sea distribuida desde RD","author":"prenxa100","date":"12 de junio de 2023","format":false,"excerpt":"El. Presidente de la Uni\u00f3n Dem\u00f3crata Cristiana \u2013UDC-, Luis Acosta >Moreta, Luis \u201cEl Gallo\u201d, consider\u00f3 hoy que la ayuda internacional hacia Hait\u00ed, incluyendo la de los Estados Unidos, se debe distribuir directamente en ese pa\u00eds, sin utilizar a Rep\u00fablica Dominicana como centro de acopio y distribuci\u00f3n. A\u00f1adi\u00f3 que es bueno\u2026","rel":"","context":"En \u00abSin categor\u00eda\u00bb","block_context":{"text":"Sin categor\u00eda","link":"https:\/\/lasprimeras.com.do\/index.php\/category\/sin-categoria\/"},"img":{"alt_text":"","src":"https:\/\/i0.wp.com\/lasprimeras.com.do\/wp-content\/uploads\/2023\/06\/luis-el-gallo-pide-a-eeuu-que-ayuda-a-haiti-no-sea-distribuida-desde-rd.jpg?resize=350%2C200&ssl=1","width":350,"height":200,"srcset":"https:\/\/i0.wp.com\/lasprimeras.com.do\/wp-content\/uploads\/2023\/06\/luis-el-gallo-pide-a-eeuu-que-ayuda-a-haiti-no-sea-distribuida-desde-rd.jpg?resize=350%2C200&ssl=1 1x, https:\/\/i0.wp.com\/lasprimeras.com.do\/wp-content\/uploads\/2023\/06\/luis-el-gallo-pide-a-eeuu-que-ayuda-a-haiti-no-sea-distribuida-desde-rd.jpg?resize=525%2C300&ssl=1 1.5x, https:\/\/i0.wp.com\/lasprimeras.com.do\/wp-content\/uploads\/2023\/06\/luis-el-gallo-pide-a-eeuu-que-ayuda-a-haiti-no-sea-distribuida-desde-rd.jpg?resize=700%2C400&ssl=1 2x"},"classes":[]}],"jetpack_sharing_enabled":true,"_links":{"self":[{"href":"https:\/\/lasprimeras.com.do\/index.php\/wp-json\/wp\/v2\/posts\/59015","targetHints":{"allow":["GET"]}}],"collection":[{"href":"https:\/\/lasprimeras.com.do\/index.php\/wp-json\/wp\/v2\/posts"}],"about":[{"href":"https:\/\/lasprimeras.com.do\/index.php\/wp-json\/wp\/v2\/types\/post"}],"author":[{"embeddable":true,"href":"https:\/\/lasprimeras.com.do\/index.php\/wp-json\/wp\/v2\/users\/2"}],"replies":[{"embeddable":true,"href":"https:\/\/lasprimeras.com.do\/index.php\/wp-json\/wp\/v2\/comments?post=59015"}],"version-history":[{"count":1,"href":"https:\/\/lasprimeras.com.do\/index.php\/wp-json\/wp\/v2\/posts\/59015\/revisions"}],"predecessor-version":[{"id":59017,"href":"https:\/\/lasprimeras.com.do\/index.php\/wp-json\/wp\/v2\/posts\/59015\/revisions\/59017"}],"wp:featuredmedia":[{"embeddable":true,"href":"https:\/\/lasprimeras.com.do\/index.php\/wp-json\/wp\/v2\/media\/59016"}],"wp:attachment":[{"href":"https:\/\/lasprimeras.com.do\/index.php\/wp-json\/wp\/v2\/media?parent=59015"}],"wp:term":[{"taxonomy":"category","embeddable":true,"href":"https:\/\/lasprimeras.com.do\/index.php\/wp-json\/wp\/v2\/categories?post=59015"},{"taxonomy":"post_tag","embeddable":true,"href":"https:\/\/lasprimeras.com.do\/index.php\/wp-json\/wp\/v2\/tags?post=59015"}],"curies":[{"name":"wp","href":"https:\/\/api.w.org\/{rel}","templated":true}]}}