{"id":59031,"date":"2023-08-30T10:22:08","date_gmt":"2023-08-30T14:22:08","guid":{"rendered":"https:\/\/lasprimeras.com.do\/?p=59031"},"modified":"2023-08-30T10:22:10","modified_gmt":"2023-08-30T14:22:10","slug":"ojo-del-huracan-idalia-toca-tierra-en-florida-con-vientos-125-mph","status":"publish","type":"post","link":"https:\/\/lasprimeras.com.do\/index.php\/2023\/08\/30\/ojo-del-huracan-idalia-toca-tierra-en-florida-con-vientos-125-mph\/","title":{"rendered":"Ojo del hurac\u00e1n Idalia toca tierra en Florida con vientos 125 mph"},"content":{"rendered":"\n<p>MIAMI.- El ojo del hurac\u00e1n Idalia toc\u00f3 tierra este mi\u00e9rcoles en la costa del noroeste de Florida, cerca de Keaton Beach, con vientos de 125 millas por hora (205 km\/h), inform\u00f3 el Centro Nacional de Huracanes de EE.UU.<\/p>\n\n\n\n<p>El impacto se produjo sobre las 7.45 hora local (11.45 GMT), seg\u00fan datos de un avi\u00f3n caza huracanes de Reserva de la Fuerza A\u00e9rea, y los niveles del mar en la zona est\u00e1n subiendo r\u00e1pidamente, dijo el NHC en un bolet\u00edn especial.<\/p>\n\n\n\n<p>En Cedar Key, m\u00e1s al norte de Keaton Beach, una boya de medici\u00f3n de mareas de la Administraci\u00f3n del Oc\u00e9ano y la Atm\u00f3sfera (NOAA) registr\u00f3 una crecida del nivel del agua de 5,9 pies (1,7 metros).<\/p>\n\n\n\n<p>El hurac\u00e1n se mueve ahora en direcci\u00f3n norte-noreste a 18 millas por hora (30 km\/h).<\/p>\n\n\n\n<p>De acuerdo con los vientos registrados por el avi\u00f3n cazahuracanes, Idalia era un hurac\u00e1n con vientos de categor\u00eda 3 cuando entr\u00f3 en tierra. Unas dos horas antes del aterrizaje, sus vientos eran de 130 millas por hora (225 km\/h), es decir de categor\u00eda 4.<\/p>\n\n\n\n<p>Seg\u00fan el NHC, aunque Idalia deber\u00eda debilitarse despu\u00e9s de tocar tierra, es probable que siga siendo un hurac\u00e1n mientras avanza por el sur de Georgia y cerca de la costa de Georgia o el sur de Carolina del Sur a \u00faltima hora de hoy.<\/p>\n\n\n\n<p>Aunque se aleje de la costa, la marejada cicl\u00f3nica combinada con la marea natural va a seguir provocando inundaciones de zonas del litoral habitualmente secas.<\/p>\n\n\n\n<p>Las c\u00e1maras web de la zona del Big Bend mostraron poco despu\u00e9s del amanecer de hoy un mar embravecido y crecido.<\/p>\n\n\n\n<p>Los bulevares playeros de muchas localidades costeras fueron invadidos por el mar, seg\u00fan se ve en esas c\u00e1maras repartidas por toda la costa que permiten ver en vivo los embates de los huracanes sin arriesgarse en lo m\u00e1s m\u00ednimo.<\/p>\n\n\n\n<p>El gobernador de Florida, Ron DeSantis, repiti\u00f3 este jueves por la ma\u00f1ana su llamamiento a \u00abmantenerse seguros, a no poner la vida en peligro\u00bb, al enumerar los riesgos que entra\u00f1a Idalia y las fuerzas que el estado tiene preparadas para responder a la emergencia en \u00e1mbitos como la salud, el rescate de personas, la energ\u00eda, la conectividad y la movilidad.<\/p>\n\n\n\n<p>Las autoridades han advertido que el mayor peligro es la subida del mar, que puede llegar a elevarse hasta m\u00e1s de 15 pies (4,5 metros) en algunos puntos de la costa del noreste de Florida.<\/p>\n\n\n\n<p>Sobre la marejada cicl\u00f3nica, DeSantis subray\u00f3: \u00abes algo grande, grande, muy peligroso\u00bb de lo que hay que mantenerse alejado.<\/p>\n\n\n\n<p>Adem\u00e1s de los avisos de hurac\u00e1n y marejada cicl\u00f3nica para el noroeste de Florida, el NHC emiti\u00f3 esta ma\u00f1ana un aviso de hurac\u00e1n para la costa este de EE.UU. desde Altamaha Sound en Georgia hasta Edisto Beach en Carolina del Sur.<\/p>\n\n\n\n<p>Tambi\u00e9n hay advertencias menores para zonas de Carolina del Norte y Virginia.<\/p>\n","protected":false},"excerpt":{"rendered":"<p>MIAMI.- El ojo del hurac\u00e1n Idalia toc\u00f3 tierra este mi\u00e9rcoles en la costa del noroeste de Florida, cerca de Keaton Beach, con vientos de 125 millas por hora (205 km\/h),&hellip;<\/p>\n","protected":false},"author":2,"featured_media":59032,"comment_status":"open","ping_status":"open","sticky":false,"template":"","format":"standard","meta":{"content-type":"","jetpack_post_was_ever_published":false,"_jetpack_newsletter_access":"","_jetpack_dont_email_post_to_subs":false,"_jetpack_newsletter_tier_id":0,"_jetpack_memberships_contains_paywalled_content":false,"_jetpack_memberships_contains_paid_content":false,"footnotes":""},"categories":[25],"tags":[6884],"class_list":["post-59031","post","type-post","status-publish","format-standard","has-post-thumbnail","hentry","category-portada","tag-huracan-idalia"],"jetpack_featured_media_url":"https:\/\/lasprimeras.com.do\/wp-content\/uploads\/2023\/08\/HURACAN-IDALIA-1.jpg","jetpack-related-posts":[{"id":59083,"url":"https:\/\/lasprimeras.com.do\/index.php\/2023\/08\/30\/idalia-deja-mas-de-250-000-hogares-sin-luz-en-florida-sin-muertes-confirmadas\/","url_meta":{"origin":59031,"position":0},"title":"Idalia deja m\u00e1s de 250.000 hogares sin luz en Florida, sin muertes confirmadas","author":"Nelson Feliz","date":"30 de agosto de 2023","format":false,"excerpt":"El gobernador de Florida, Ron DeSantis, inform\u00f3 este mi\u00e9rcoles en una rueda de prensa de que hasta ahora \u00abno hay muertes confirmadas\u00bb tras el impacto esta madrugada del hurac\u00e1n Idalia en la costa norte, pero se contabilizan m\u00e1s de 250.000 hogares sin energ\u00eda el\u00e9ctrica en Miami. \u00abSuponiendo que todo est\u00e9\u2026","rel":"","context":"En \u00abSin categor\u00eda\u00bb","block_context":{"text":"Sin categor\u00eda","link":"https:\/\/lasprimeras.com.do\/index.php\/category\/sin-categoria\/"},"img":{"alt_text":"","src":"","width":0,"height":0},"classes":[]},{"id":58781,"url":"https:\/\/lasprimeras.com.do\/index.php\/2023\/08\/28\/el-huracan-franklin-se-intensifica-rapidamente-hasta-alcanzar-la-categoria-4\/","url_meta":{"origin":59031,"position":1},"title":"El hurac\u00e1n Franklin se intensifica r\u00e1pidamente hasta alcanzar la categor\u00eda 4","author":"Nelson Feliz","date":"28 de agosto de 2023","format":false,"excerpt":"Por Brandon Miller (CNN) -- El hurac\u00e1n Franklin, que se convirti\u00f3 en el primer gran hurac\u00e1n (categor\u00eda 3 o superior) de la temporada de huracanes del Atl\u00e1ntico en la ma\u00f1ana de este lunes, contin\u00faa fortaleci\u00e9ndose y ahora es un hurac\u00e1n de categor\u00eda 4 con vientos m\u00e1ximos sostenidos de m\u00e1s de\u2026","rel":"","context":"En \u00abSin categor\u00eda\u00bb","block_context":{"text":"Sin categor\u00eda","link":"https:\/\/lasprimeras.com.do\/index.php\/category\/sin-categoria\/"},"img":{"alt_text":"","src":"https:\/\/i0.wp.com\/lasprimeras.com.do\/wp-content\/uploads\/2023\/08\/Huracan-Franklin.jpg?resize=350%2C200&ssl=1","width":350,"height":200,"srcset":"https:\/\/i0.wp.com\/lasprimeras.com.do\/wp-content\/uploads\/2023\/08\/Huracan-Franklin.jpg?resize=350%2C200&ssl=1 1x, https:\/\/i0.wp.com\/lasprimeras.com.do\/wp-content\/uploads\/2023\/08\/Huracan-Franklin.jpg?resize=525%2C300&ssl=1 1.5x, https:\/\/i0.wp.com\/lasprimeras.com.do\/wp-content\/uploads\/2023\/08\/Huracan-Franklin.jpg?resize=700%2C400&ssl=1 2x"},"classes":[]},{"id":60212,"url":"https:\/\/lasprimeras.com.do\/index.php\/2023\/09\/11\/margot-se-convierte-en-huracan-y-lee-sigue-en-categoria-3\/","url_meta":{"origin":59031,"position":2},"title":"Margot se convierte en hurac\u00e1n y Lee sigue en categor\u00eda 3","author":"Nelson Feliz","date":"11 de septiembre de 2023","format":false,"excerpt":"Miami.- La tormenta tropical Margot se convirti\u00f3 en el quinto hurac\u00e1n de la actual temporada del Atl\u00e1ntico sin que por el momento afecte a territorio alguno, mientras Lee contin\u00faa con fuerza de hurac\u00e1n mayor al norte de las Islas de Sotavento y con rumbo al sur de Bermudas. De acuerdo\u2026","rel":"","context":"En \u00abSin categor\u00eda\u00bb","block_context":{"text":"Sin categor\u00eda","link":"https:\/\/lasprimeras.com.do\/index.php\/category\/sin-categoria\/"},"img":{"alt_text":"","src":"https:\/\/i0.wp.com\/lasprimeras.com.do\/wp-content\/uploads\/2023\/09\/margot.jpg?resize=350%2C200&ssl=1","width":350,"height":200,"srcset":"https:\/\/i0.wp.com\/lasprimeras.com.do\/wp-content\/uploads\/2023\/09\/margot.jpg?resize=350%2C200&ssl=1 1x, https:\/\/i0.wp.com\/lasprimeras.com.do\/wp-content\/uploads\/2023\/09\/margot.jpg?resize=525%2C300&ssl=1 1.5x, https:\/\/i0.wp.com\/lasprimeras.com.do\/wp-content\/uploads\/2023\/09\/margot.jpg?resize=700%2C400&ssl=1 2x"},"classes":[]},{"id":58778,"url":"https:\/\/lasprimeras.com.do\/index.php\/2023\/08\/28\/emiten-alerta-de-huracan-para-la-provincia-cubana-de-pinar-del-rio\/","url_meta":{"origin":59031,"position":3},"title":"Emiten alerta de hurac\u00e1n para la provincia cubana de Pinar del R\u00edo","author":"Nelson Feliz","date":"28 de agosto de 2023","format":false,"excerpt":"Por Robert Shackelford (CNN) -- La tormenta tropical Idalia se est\u00e1 fortaleciendo r\u00e1pidamente, seg\u00fan la actualizaci\u00f3n de las 11 p.m. hora del este de EE.UU. del Centro Nacional de Huracanes (NHC). Idalia tiene vientos de 97 km\/h con r\u00e1fagas m\u00e1s fuertes y actualmente est\u00e1 estacionaria. El gobierno de Cuba elev\u00f3\u2026","rel":"","context":"En \u00abSin categor\u00eda\u00bb","block_context":{"text":"Sin categor\u00eda","link":"https:\/\/lasprimeras.com.do\/index.php\/category\/sin-categoria\/"},"img":{"alt_text":"","src":"","width":0,"height":0},"classes":[]},{"id":89946,"url":"https:\/\/lasprimeras.com.do\/index.php\/2024\/10\/10\/huracan-milton-toca-tierra-en-florida-como-categoria-3-es-hora-de-resguardarse-dice-desantis\/","url_meta":{"origin":59031,"position":4},"title":"Hurac\u00e1n Milton toca tierra en Florida como categor\u00eda 3; \u201ces hora de resguardarse\u201d, dice DeSantis","author":"Nelson Feliz","date":"10 de octubre de 2024","format":false,"excerpt":"Redacci\u00f3n Animal Pol\u00edtico El hurac\u00e1n Milton toc\u00f3 tierra en el estado de Florida este mi\u00e9rcoles en categor\u00eda 3, \u201cextremadamente peligroso\u201d, con marejadas cicl\u00f3nicas potencialmente mortales, vientos extremos e inundaciones s\u00fabitas, inform\u00f3 el Centro Nacional de Huracanes de Estados Unidos (NHC). \u201cLos datos indican que el ojo del hurac\u00e1n Milton toc\u00f3\u2026","rel":"","context":"En \u00abSin categor\u00eda\u00bb","block_context":{"text":"Sin categor\u00eda","link":"https:\/\/lasprimeras.com.do\/index.php\/category\/sin-categoria\/"},"img":{"alt_text":"","src":"https:\/\/i0.wp.com\/lasprimeras.com.do\/wp-content\/uploads\/2024\/10\/huracan-1.jpg?resize=350%2C200&ssl=1","width":350,"height":200,"srcset":"https:\/\/i0.wp.com\/lasprimeras.com.do\/wp-content\/uploads\/2024\/10\/huracan-1.jpg?resize=350%2C200&ssl=1 1x, https:\/\/i0.wp.com\/lasprimeras.com.do\/wp-content\/uploads\/2024\/10\/huracan-1.jpg?resize=525%2C300&ssl=1 1.5x, https:\/\/i0.wp.com\/lasprimeras.com.do\/wp-content\/uploads\/2024\/10\/huracan-1.jpg?resize=700%2C400&ssl=1 2x"},"classes":[]},{"id":64611,"url":"https:\/\/lasprimeras.com.do\/index.php\/2023\/10\/22\/el-huracan-tammy-se-aleja-del-caribe-sin-nuevas-amenazas-en-tierra\/","url_meta":{"origin":59031,"position":5},"title":"El hurac\u00e1n Tammy se aleja del Caribe sin nuevas amenazas en tierra","author":"Nelson Feliz","date":"22 de octubre de 2023","format":false,"excerpt":"Tammy presentaba vientos m\u00e1ximos sostenidos de 85 millas por hora (140 km) con r\u00e1fagas m\u00e1s fuertes y tendr\u00e1 cierto fortalecimiento seguido de fluctuaciones, seg\u00fan el \u00faltimo bolet\u00edn del NHC. El hurac\u00e1n Tammy se aleja de la Islas Sotavento del Norte y se dirige hacia el norte en el Atl\u00e1ntico sin\u2026","rel":"","context":"En \u00abSin categor\u00eda\u00bb","block_context":{"text":"Sin categor\u00eda","link":"https:\/\/lasprimeras.com.do\/index.php\/category\/sin-categoria\/"},"img":{"alt_text":"Trayectoria del hurac\u00e1n Tammy","src":"https:\/\/i0.wp.com\/lasprimeras.com.do\/wp-content\/uploads\/2023\/10\/Trayectoria-del-huracan-Tammy.jpeg?resize=350%2C200&ssl=1","width":350,"height":200,"srcset":"https:\/\/i0.wp.com\/lasprimeras.com.do\/wp-content\/uploads\/2023\/10\/Trayectoria-del-huracan-Tammy.jpeg?resize=350%2C200&ssl=1 1x, https:\/\/i0.wp.com\/lasprimeras.com.do\/wp-content\/uploads\/2023\/10\/Trayectoria-del-huracan-Tammy.jpeg?resize=525%2C300&ssl=1 1.5x"},"classes":[]}],"jetpack_sharing_enabled":true,"_links":{"self":[{"href":"https:\/\/lasprimeras.com.do\/index.php\/wp-json\/wp\/v2\/posts\/59031","targetHints":{"allow":["GET"]}}],"collection":[{"href":"https:\/\/lasprimeras.com.do\/index.php\/wp-json\/wp\/v2\/posts"}],"about":[{"href":"https:\/\/lasprimeras.com.do\/index.php\/wp-json\/wp\/v2\/types\/post"}],"author":[{"embeddable":true,"href":"https:\/\/lasprimeras.com.do\/index.php\/wp-json\/wp\/v2\/users\/2"}],"replies":[{"embeddable":true,"href":"https:\/\/lasprimeras.com.do\/index.php\/wp-json\/wp\/v2\/comments?post=59031"}],"version-history":[{"count":1,"href":"https:\/\/lasprimeras.com.do\/index.php\/wp-json\/wp\/v2\/posts\/59031\/revisions"}],"predecessor-version":[{"id":59033,"href":"https:\/\/lasprimeras.com.do\/index.php\/wp-json\/wp\/v2\/posts\/59031\/revisions\/59033"}],"wp:featuredmedia":[{"embeddable":true,"href":"https:\/\/lasprimeras.com.do\/index.php\/wp-json\/wp\/v2\/media\/59032"}],"wp:attachment":[{"href":"https:\/\/lasprimeras.com.do\/index.php\/wp-json\/wp\/v2\/media?parent=59031"}],"wp:term":[{"taxonomy":"category","embeddable":true,"href":"https:\/\/lasprimeras.com.do\/index.php\/wp-json\/wp\/v2\/categories?post=59031"},{"taxonomy":"post_tag","embeddable":true,"href":"https:\/\/lasprimeras.com.do\/index.php\/wp-json\/wp\/v2\/tags?post=59031"}],"curies":[{"name":"wp","href":"https:\/\/api.w.org\/{rel}","templated":true}]}}