{"id":59034,"date":"2023-08-30T10:25:32","date_gmt":"2023-08-30T14:25:32","guid":{"rendered":"https:\/\/lasprimeras.com.do\/?p=59034"},"modified":"2023-08-30T10:25:33","modified_gmt":"2023-08-30T14:25:33","slug":"jce-ratifica-sancionara-partidos-y-a-candidatos-violen-medida-legal","status":"publish","type":"post","link":"https:\/\/lasprimeras.com.do\/index.php\/2023\/08\/30\/jce-ratifica-sancionara-partidos-y-a-candidatos-violen-medida-legal\/","title":{"rendered":"JCE ratifica sancionar\u00e1 partidos y a candidatos violen medida legal"},"content":{"rendered":"\n<p>La Junta Central Electoral (JCE) ratific\u00f3 su comunicado que proh\u00edbe a los partidos la realizaci\u00f3n de m\u00edtines, marchas y vallas publicitarias durante la precampa\u00f1a.<\/p>\n\n\n\n<p>Advirti\u00f3 que aplicar\u00e1 sanciones administrativas de uno a 200 salarios m\u00ednimos a las organizaciones pol\u00edticas, candidatos y candidatas, sus representantes o jefes de campa\u00f1a que organicen manifestaciones antes de que el inicio de la campa\u00f1a electoral sea proclamado por el \u00f3rgano.<\/p>\n\n\n\n<p>Tambi\u00e9n sancionar\u00e1 a los partidos y candidatos que irrespeten los s\u00edmbolos patrios o relativos a la Restauraci\u00f3n de la Rep\u00fablica.<\/p>\n\n\n\n<p>Su advertencia est\u00e1 contenida en una resoluci\u00f3n (n\u00famero 53-2023) emitida este lunes en respuesta a una solicitud de los partidos de la Liberaci\u00f3n Dominicana (PLD), Revolucionario Dominicano (PRD) y Fuerza del Pueblo para que desestimara su decisi\u00f3n de prohibir actividades p\u00fablicas y propaganda durante la precampa\u00f1a.<\/p>\n","protected":false},"excerpt":{"rendered":"<p>La Junta Central Electoral (JCE) ratific\u00f3 su comunicado que proh\u00edbe a los partidos la realizaci\u00f3n de m\u00edtines, marchas y vallas publicitarias durante la precampa\u00f1a. Advirti\u00f3 que aplicar\u00e1 sanciones administrativas de&hellip;<\/p>\n","protected":false},"author":2,"featured_media":56174,"comment_status":"open","ping_status":"open","sticky":false,"template":"","format":"standard","meta":{"content-type":"","jetpack_post_was_ever_published":false,"_jetpack_newsletter_access":"","_jetpack_dont_email_post_to_subs":false,"_jetpack_newsletter_tier_id":0,"_jetpack_memberships_contains_paywalled_content":false,"_jetpack_memberships_contains_paid_content":false,"footnotes":""},"categories":[25],"tags":[183],"class_list":["post-59034","post","type-post","status-publish","format-standard","has-post-thumbnail","hentry","category-portada","tag-jce"],"jetpack_featured_media_url":"https:\/\/lasprimeras.com.do\/wp-content\/uploads\/2023\/07\/JCE.jpg","jetpack-related-posts":[{"id":58866,"url":"https:\/\/lasprimeras.com.do\/index.php\/2023\/08\/29\/jce-ratifica-medida-que-prohibe-mitines-y-marchas-en-precampana\/","url_meta":{"origin":59034,"position":0},"title":"JCE ratifica medida que proh\u00edbe m\u00edtines y marchas en precampa\u00f1a","author":"Nelson Feliz","date":"29 de agosto de 2023","format":false,"excerpt":"La Junta Central Electoral (JCE) ratific\u00f3 su comunicado de admonici\u00f3n que proh\u00edbe a los partidos la realizaci\u00f3n de m\u00edtines, marchas y vallas publicitarias durante la precampa\u00f1a. Advirti\u00f3 que aplicar\u00e1 sanciones administrativas de uno a 200 salarios m\u00ednimos a las organizaciones pol\u00edticas, candidatos y candidatas, sus representantes o jefes de campa\u00f1a\u2026","rel":"","context":"En \u00abNACIONALES\u00bb","block_context":{"text":"NACIONALES","link":"https:\/\/lasprimeras.com.do\/index.php\/category\/nacionales\/"},"img":{"alt_text":"JCE","src":"https:\/\/i0.wp.com\/lasprimeras.com.do\/wp-content\/uploads\/2023\/07\/JCE.jpg?resize=350%2C200&ssl=1","width":350,"height":200,"srcset":"https:\/\/i0.wp.com\/lasprimeras.com.do\/wp-content\/uploads\/2023\/07\/JCE.jpg?resize=350%2C200&ssl=1 1x, https:\/\/i0.wp.com\/lasprimeras.com.do\/wp-content\/uploads\/2023\/07\/JCE.jpg?resize=525%2C300&ssl=1 1.5x, https:\/\/i0.wp.com\/lasprimeras.com.do\/wp-content\/uploads\/2023\/07\/JCE.jpg?resize=700%2C400&ssl=1 2x"},"classes":[]},{"id":76883,"url":"https:\/\/lasprimeras.com.do\/index.php\/2024\/02\/15\/udc-pide-jce-sancione-partido-hace-propaganda-en-creole-en-higuey\/","url_meta":{"origin":59034,"position":1},"title":"UDC pide JCE sancione partido hace propaganda en creole en Hig\u00fcey","author":"Nelson Feliz","date":"15 de febrero de 2024","format":false,"excerpt":"El presidente de la Uni\u00f3n Dem\u00f3crata Cristiana -UDC-, Luis Acosta Moreta, Luis \u201cEl Gallo\u201d, pidi\u00f3 hoy a la Junta Central Electoral que sancione a los partidos pol\u00edticos que est\u00e1n realizando campa\u00f1a en creole, con expositores haitianos, para promover candidatos a regidores. Luis \u201cEl Gallo\u201d destac\u00f3 que la JCE no puede\u2026","rel":"","context":"En \u00abPORTADA\u00bb","block_context":{"text":"PORTADA","link":"https:\/\/lasprimeras.com.do\/index.php\/category\/portada\/"},"img":{"alt_text":"UDC","src":"https:\/\/i0.wp.com\/lasprimeras.com.do\/wp-content\/uploads\/2024\/02\/UDC-1.jpg?resize=350%2C200&ssl=1","width":350,"height":200,"srcset":"https:\/\/i0.wp.com\/lasprimeras.com.do\/wp-content\/uploads\/2024\/02\/UDC-1.jpg?resize=350%2C200&ssl=1 1x, https:\/\/i0.wp.com\/lasprimeras.com.do\/wp-content\/uploads\/2024\/02\/UDC-1.jpg?resize=525%2C300&ssl=1 1.5x, https:\/\/i0.wp.com\/lasprimeras.com.do\/wp-content\/uploads\/2024\/02\/UDC-1.jpg?resize=700%2C400&ssl=1 2x"},"classes":[]},{"id":70219,"url":"https:\/\/lasprimeras.com.do\/index.php\/2023\/12\/09\/jce-dispone-limites-participacion-funcionarios-en-campana-electoral\/","url_meta":{"origin":59034,"position":2},"title":"JCE dispone limites participaci\u00f3n funcionarios en campa\u00f1a electoral","author":"BIMARY DE JES\u00daS Matos","date":"9 de diciembre de 2023","format":false,"excerpt":"SANTO DOMINGO.- La Junta Central Electoral (JCE) dispuso los l\u00edmites de participaci\u00f3n de funcionarios p\u00fablicos que administran recursos econ\u00f3micos del Estado en el periodo de precampa\u00f1a y campa\u00f1a para las elecciones del 2024. El organismo inform\u00f3 que la medida no solo busca poner un alto a los candidatos, sino tambi\u00e9n\u2026","rel":"","context":"En \u00abSin categor\u00eda\u00bb","block_context":{"text":"Sin categor\u00eda","link":"https:\/\/lasprimeras.com.do\/index.php\/category\/sin-categoria\/"},"img":{"alt_text":"","src":"https:\/\/i0.wp.com\/lasprimeras.com.do\/wp-content\/uploads\/2023\/12\/WhatsApp-Image-2023-12-07-at-7.22.09-PM-5-19.jpeg?resize=350%2C200&ssl=1","width":350,"height":200,"srcset":"https:\/\/i0.wp.com\/lasprimeras.com.do\/wp-content\/uploads\/2023\/12\/WhatsApp-Image-2023-12-07-at-7.22.09-PM-5-19.jpeg?resize=350%2C200&ssl=1 1x, https:\/\/i0.wp.com\/lasprimeras.com.do\/wp-content\/uploads\/2023\/12\/WhatsApp-Image-2023-12-07-at-7.22.09-PM-5-19.jpeg?resize=525%2C300&ssl=1 1.5x, https:\/\/i0.wp.com\/lasprimeras.com.do\/wp-content\/uploads\/2023\/12\/WhatsApp-Image-2023-12-07-at-7.22.09-PM-5-19.jpeg?resize=700%2C400&ssl=1 2x, https:\/\/i0.wp.com\/lasprimeras.com.do\/wp-content\/uploads\/2023\/12\/WhatsApp-Image-2023-12-07-at-7.22.09-PM-5-19.jpeg?resize=1050%2C600&ssl=1 3x, https:\/\/i0.wp.com\/lasprimeras.com.do\/wp-content\/uploads\/2023\/12\/WhatsApp-Image-2023-12-07-at-7.22.09-PM-5-19.jpeg?resize=1400%2C800&ssl=1 4x"},"classes":[]},{"id":75268,"url":"https:\/\/lasprimeras.com.do\/index.php\/2024\/01\/30\/mediante-instancia-a-jce-pld-recusa-a-vallejo-santelises\/","url_meta":{"origin":59034,"position":3},"title":"Mediante instancia a JCE, PLD recusa a Vallejo Santelises","author":"Nelson Feliz","date":"30 de enero de 2024","format":false,"excerpt":"PLD denuncia al PRM por usar recursos del Estado en la campa\u00f1a electoral, reitera violaci\u00f3n a Leyes Electorales en las inauguraciones del Gobierno. El Partido de la Liberaci\u00f3n Dominicana reiter\u00f3 su denuncia del uso de los recursos del Estado en campa\u00f1a electoral a favor de los candidatos del PRM, al\u2026","rel":"","context":"En \u00abSin categor\u00eda\u00bb","block_context":{"text":"Sin categor\u00eda","link":"https:\/\/lasprimeras.com.do\/index.php\/category\/sin-categoria\/"},"img":{"alt_text":"PLD","src":"https:\/\/i0.wp.com\/lasprimeras.com.do\/wp-content\/uploads\/2024\/01\/PLD-INST.jpg?resize=350%2C200&ssl=1","width":350,"height":200,"srcset":"https:\/\/i0.wp.com\/lasprimeras.com.do\/wp-content\/uploads\/2024\/01\/PLD-INST.jpg?resize=350%2C200&ssl=1 1x, https:\/\/i0.wp.com\/lasprimeras.com.do\/wp-content\/uploads\/2024\/01\/PLD-INST.jpg?resize=525%2C300&ssl=1 1.5x, https:\/\/i0.wp.com\/lasprimeras.com.do\/wp-content\/uploads\/2024\/01\/PLD-INST.jpg?resize=700%2C400&ssl=1 2x, https:\/\/i0.wp.com\/lasprimeras.com.do\/wp-content\/uploads\/2024\/01\/PLD-INST.jpg?resize=1050%2C600&ssl=1 3x"},"classes":[]},{"id":116638,"url":"https:\/\/lasprimeras.com.do\/index.php\/2025\/12\/02\/fuerza-del-pueblo-exige-a-la-jce-retirar-advertencia-por-propaganda-y-niega-violacion-electoral\/","url_meta":{"origin":59034,"position":4},"title":"Fuerza del Pueblo exige a la JCE retirar advertencia por propaganda y niega violaci\u00f3n electoral","author":"Nelson Feliz","date":"2 de diciembre de 2025","format":false,"excerpt":"En un acto de alguacil depositado el 2 de diciembre, el partido calific\u00f3 la imputaci\u00f3n como \"infundada\". La Fuerza del Pueblo (FP) exigi\u00f3 a la Junta Central Electoral (JCE) retirar la advertencia en la que se le atribuye presunta propaganda electoral prohibida durante la \"Marcha del Pueblo\", y neg\u00f3 de\u2026","rel":"","context":"En \u00abPOLITICA\u00bb","block_context":{"text":"POLITICA","link":"https:\/\/lasprimeras.com.do\/index.php\/category\/politica\/"},"img":{"alt_text":"","src":"https:\/\/i0.wp.com\/lasprimeras.com.do\/wp-content\/uploads\/2025\/12\/leonel-fernandez.jpg?resize=350%2C200&ssl=1","width":350,"height":200,"srcset":"https:\/\/i0.wp.com\/lasprimeras.com.do\/wp-content\/uploads\/2025\/12\/leonel-fernandez.jpg?resize=350%2C200&ssl=1 1x, https:\/\/i0.wp.com\/lasprimeras.com.do\/wp-content\/uploads\/2025\/12\/leonel-fernandez.jpg?resize=525%2C300&ssl=1 1.5x, https:\/\/i0.wp.com\/lasprimeras.com.do\/wp-content\/uploads\/2025\/12\/leonel-fernandez.jpg?resize=700%2C400&ssl=1 2x"},"classes":[]},{"id":75568,"url":"https:\/\/lasprimeras.com.do\/index.php\/2024\/02\/02\/fp-pide-jce-aplique-medidas-contra-abinader-y-prm-por-uso-ilegal-recursos-del-estado\/","url_meta":{"origin":59034,"position":5},"title":"FP pide JCE aplique medidas contra Abinader y PRM por uso ilegal recursos del Estado","author":"BIMARY DE JES\u00daS Matos","date":"2 de febrero de 2024","format":false,"excerpt":"SANTO DOMINGO.- El Partido Fuerza del Pueblo (FP) solicit\u00f3 a la Junta Central Electoral (JCE), la aplicaci\u00f3n de medidas cautelares en contra del presidente Luis Abinader y el Partido Revolucionario Moderno (PRM), por el uso abusivo e indiscriminado de los recursos del Estado durante la presente campa\u00f1a electoral. \u201cDisponer como\u2026","rel":"","context":"En \u00abSin categor\u00eda\u00bb","block_context":{"text":"Sin categor\u00eda","link":"https:\/\/lasprimeras.com.do\/index.php\/category\/sin-categoria\/"},"img":{"alt_text":"","src":"","width":0,"height":0},"classes":[]}],"jetpack_sharing_enabled":true,"_links":{"self":[{"href":"https:\/\/lasprimeras.com.do\/index.php\/wp-json\/wp\/v2\/posts\/59034","targetHints":{"allow":["GET"]}}],"collection":[{"href":"https:\/\/lasprimeras.com.do\/index.php\/wp-json\/wp\/v2\/posts"}],"about":[{"href":"https:\/\/lasprimeras.com.do\/index.php\/wp-json\/wp\/v2\/types\/post"}],"author":[{"embeddable":true,"href":"https:\/\/lasprimeras.com.do\/index.php\/wp-json\/wp\/v2\/users\/2"}],"replies":[{"embeddable":true,"href":"https:\/\/lasprimeras.com.do\/index.php\/wp-json\/wp\/v2\/comments?post=59034"}],"version-history":[{"count":1,"href":"https:\/\/lasprimeras.com.do\/index.php\/wp-json\/wp\/v2\/posts\/59034\/revisions"}],"predecessor-version":[{"id":59035,"href":"https:\/\/lasprimeras.com.do\/index.php\/wp-json\/wp\/v2\/posts\/59034\/revisions\/59035"}],"wp:featuredmedia":[{"embeddable":true,"href":"https:\/\/lasprimeras.com.do\/index.php\/wp-json\/wp\/v2\/media\/56174"}],"wp:attachment":[{"href":"https:\/\/lasprimeras.com.do\/index.php\/wp-json\/wp\/v2\/media?parent=59034"}],"wp:term":[{"taxonomy":"category","embeddable":true,"href":"https:\/\/lasprimeras.com.do\/index.php\/wp-json\/wp\/v2\/categories?post=59034"},{"taxonomy":"post_tag","embeddable":true,"href":"https:\/\/lasprimeras.com.do\/index.php\/wp-json\/wp\/v2\/tags?post=59034"}],"curies":[{"name":"wp","href":"https:\/\/api.w.org\/{rel}","templated":true}]}}