{"id":59037,"date":"2023-08-30T10:29:59","date_gmt":"2023-08-30T14:29:59","guid":{"rendered":"https:\/\/lasprimeras.com.do\/?p=59037"},"modified":"2023-08-30T10:30:51","modified_gmt":"2023-08-30T14:30:51","slug":"sindicato-respalda-promulgacion-de-la-ley-42-23-por-parte-del-presidente-abinader","status":"publish","type":"post","link":"https:\/\/lasprimeras.com.do\/index.php\/2023\/08\/30\/sindicato-respalda-promulgacion-de-la-ley-42-23-por-parte-del-presidente-abinader\/","title":{"rendered":"Sindicato respalda promulgaci\u00f3n de la Ley 42-23 por parte del presidente Abinader"},"content":{"rendered":"\n<p>Por Martin Restituyo<\/p>\n\n\n\n<p>El Sindicato de Trabajadores del Laboratorio Qu\u00edmico Dominicano (SITRALABOQUIDOM), afiliado a FENTI-CASC, anunci\u00f3 p\u00fablicamente su firme apoyo a la reci\u00e9n promulgada Ley No. 42-23 por parte del presidente de la Rep\u00fablica, Luis Rodolfo Abinader Corona.<\/p>\n\n\n\n<p>Con una membres\u00eda que re\u00fane a m\u00e1s de 130 trabajadores, cuyas familias dependen del funcionamiento eficiente de esta empresa, SITRALABOQUIDOM expresa su total apoyo al respaldo institucional otorgado por esta nueva legislaci\u00f3n.<\/p>\n\n\n\n<p>A lo largo de los a\u00f1os, nuestro sindicato ha desempe\u00f1ado un papel crucial en el s\u00f3lido posicionamiento de la empresa en el mercado. Nuestro historial de dedicaci\u00f3n ha sido un factor clave para su desarrollo y es motivo de celebraci\u00f3n que, despu\u00e9s de 70 a\u00f1os, finalmente contemos con una Ley que brinda respaldo jur\u00eddico a Laboquidom\u201d, resalt\u00f3 Jerem\u00edas Susa\u00f1a, su vocero.<\/p>\n\n\n\n<p>Apunt\u00f3 que es un logro significativo el que LABOQUIDOM pueda reintroducirse en el mercado con su distinguida l\u00ednea de productos, consolidando a\u00fan m\u00e1s su marca y reafirmando su compromiso de proporcionar productos farmac\u00e9uticos de alta calidad y equidad a las personas que m\u00e1s los necesitan.<\/p>\n\n\n\n<p>Asimismo, agreg\u00f3 \u201cNuestro sindicato, en conjunto con la Confederaci\u00f3n Aut\u00f3noma Sindical Clasista (CASC), se compromete a respaldar todas las iniciativas y proyectos destinados a la mejor aplicaci\u00f3n de esta ley en beneficio del pueblo dominicano. Buscamos contribuir al desarrollo continuo de LABOQUIDOM y a la mejora constante de las condiciones de vida y trabajo de todos aquellos que contribuimos al orgullo nacional que representa la marca LABOQUIDOM\u201d.<\/p>\n\n\n\n<p>Explic\u00f3 que la nueva ley fortalece a la empresa, el Laboratorio Qu\u00edmico Dominicano, la cual ha sido un pilar fundamental en la promoci\u00f3n de la investigaci\u00f3n y el desarrollo en el campo de la qu\u00edmica y la farmacolog\u00eda en el pa\u00eds. A lo largo de los a\u00f1os, la empresa ha colaborado con otras instituciones en proyectos de investigaci\u00f3n y desarrollo de nuevos productos farmac\u00e9uticos.<\/p>\n\n\n\n<p>La Ley No. 42-23 establece la creaci\u00f3n de la empresa LABOQUIDOM, con el prop\u00f3sito de transferir la titularidad y gesti\u00f3n de los equipos, sistemas e instalaciones que conforman la sociedad comercial del Laboratorio Qu\u00edmico Dominicano. Esta ley otorga a la empresa de capital mixto una representaci\u00f3n jur\u00eddica s\u00f3lida, un patrimonio independiente y la capacidad de asumir compromisos comerciales y contractuales conforme a su estructura de direcci\u00f3n y control.<\/p>\n","protected":false},"excerpt":{"rendered":"<p>Por Martin Restituyo El Sindicato de Trabajadores del Laboratorio Qu\u00edmico Dominicano (SITRALABOQUIDOM), afiliado a FENTI-CASC, anunci\u00f3 p\u00fablicamente su firme apoyo a la reci\u00e9n promulgada Ley No. 42-23 por parte del&hellip;<\/p>\n","protected":false},"author":2,"featured_media":59038,"comment_status":"open","ping_status":"open","sticky":false,"template":"","format":"standard","meta":{"content-type":"","jetpack_post_was_ever_published":false,"_jetpack_newsletter_access":"","_jetpack_dont_email_post_to_subs":false,"_jetpack_newsletter_tier_id":0,"_jetpack_memberships_contains_paywalled_content":false,"_jetpack_memberships_contains_paid_content":false,"footnotes":""},"categories":[39,25],"tags":[6885,67,1768],"class_list":["post-59037","post","type-post","status-publish","format-standard","has-post-thumbnail","hentry","category-economia","category-portada","tag-ley-42-23","tag-luis-abinader","tag-sindicato"],"jetpack_featured_media_url":"https:\/\/lasprimeras.com.do\/wp-content\/uploads\/2023\/08\/CASC-1.jpg","jetpack-related-posts":[{"id":50430,"url":"https:\/\/lasprimeras.com.do\/index.php\/2023\/05\/20\/fp-llama-a-reactivar-labores-de-cormidom-pero-con-libertad-sindical-y-cumpliendo-la-ley\/","url_meta":{"origin":59037,"position":0},"title":"FP llama a reactivar labores de CORMIDOM, pero con libertad sindical y cumpliendo la ley","author":"prenxa100","date":"20 de mayo de 2023","format":false,"excerpt":"Recomienda a la empresa desistir de intenciones de despedir a dirigentes del sindicato Santo Domingo. - Ante el conflicto laboral surgido en el municipio de Maim\u00f3n, provincia Monse\u00f1or Nouel, entre la Corporaci\u00f3n Minera Dominicana (CORMIDOM) y el sindicato de trabajadores de esa empresa, el partido Fuerza del Pueblo llam\u00f3 a\u2026","rel":"","context":"En \u00abSin categor\u00eda\u00bb","block_context":{"text":"Sin categor\u00eda","link":"https:\/\/lasprimeras.com.do\/index.php\/category\/sin-categoria\/"},"img":{"alt_text":"","src":"","width":0,"height":0},"classes":[]},{"id":56187,"url":"https:\/\/lasprimeras.com.do\/index.php\/2023\/07\/28\/presidente-abinader-promulga-importantes-leyes\/","url_meta":{"origin":59037,"position":1},"title":"Presidente Abinader promulga importantes leyes","author":"Nelson Feliz","date":"28 de julio de 2023","format":false,"excerpt":"El presidente Luis Abinader promulg\u00f3 dos importantes leyes recientemente aprobadas por el Congreso Nacional. Se trata de la Ley 41-23, que declara a la provincia Espaillat como provincia ecotur\u00edstica, y la Ley 42-23 que crea la empresa Laboratorio Qu\u00edmico Dominicano (LABOQUIDOM). Espaillat ecotur\u00edstico La ley que declara a la provincia\u2026","rel":"","context":"En \u00abNACIONALES\u00bb","block_context":{"text":"NACIONALES","link":"https:\/\/lasprimeras.com.do\/index.php\/category\/nacionales\/"},"img":{"alt_text":"Ministerio Administrativo de la Presidencia","src":"https:\/\/i0.wp.com\/lasprimeras.com.do\/wp-content\/uploads\/2023\/06\/Presidencia-1.jpg?resize=350%2C200&ssl=1","width":350,"height":200,"srcset":"https:\/\/i0.wp.com\/lasprimeras.com.do\/wp-content\/uploads\/2023\/06\/Presidencia-1.jpg?resize=350%2C200&ssl=1 1x, https:\/\/i0.wp.com\/lasprimeras.com.do\/wp-content\/uploads\/2023\/06\/Presidencia-1.jpg?resize=525%2C300&ssl=1 1.5x, https:\/\/i0.wp.com\/lasprimeras.com.do\/wp-content\/uploads\/2023\/06\/Presidencia-1.jpg?resize=700%2C400&ssl=1 2x"},"classes":[]},{"id":90634,"url":"https:\/\/lasprimeras.com.do\/index.php\/2024\/10\/26\/biden-retrata-a-trump-como-el-enemigo-de-los-sindicatos-para-captar-votos-para-harris\/","url_meta":{"origin":59037,"position":2},"title":"Biden retrata a Trump como el &#8220;enemigo&#8221; de los sindicatos para captar votos para Harris","author":"Nelson Feliz","date":"26 de octubre de 2024","format":false,"excerpt":"Washington, (EFE).- El presidente de Estados Unidos, Joe Biden, retrat\u00f3 este s\u00e1bado a su antecesor y candidato republicano Donald Trump como el \u201cenemigo\u201d de los sindicatos, en un intento por atraer el voto sindical para la vicepresidenta dem\u00f3crata Kamala Harris de cara a las elecciones del 5 de noviembre. Biden,\u2026","rel":"","context":"En \u00abSin categor\u00eda\u00bb","block_context":{"text":"Sin categor\u00eda","link":"https:\/\/lasprimeras.com.do\/index.php\/category\/sin-categoria\/"},"img":{"alt_text":"Joe Biden","src":"https:\/\/i0.wp.com\/lasprimeras.com.do\/wp-content\/uploads\/2024\/10\/Joe-Biden-4.jpg?resize=350%2C200&ssl=1","width":350,"height":200,"srcset":"https:\/\/i0.wp.com\/lasprimeras.com.do\/wp-content\/uploads\/2024\/10\/Joe-Biden-4.jpg?resize=350%2C200&ssl=1 1x, https:\/\/i0.wp.com\/lasprimeras.com.do\/wp-content\/uploads\/2024\/10\/Joe-Biden-4.jpg?resize=525%2C300&ssl=1 1.5x, https:\/\/i0.wp.com\/lasprimeras.com.do\/wp-content\/uploads\/2024\/10\/Joe-Biden-4.jpg?resize=700%2C400&ssl=1 2x"},"classes":[]},{"id":49859,"url":"https:\/\/lasprimeras.com.do\/index.php\/2023\/05\/15\/cormidom-suspende-sus-operaciones-productivas\/","url_meta":{"origin":59037,"position":3},"title":"CORMIDOM suspende sus operaciones productivas","author":"prenxa100","date":"15 de mayo de 2023","format":false,"excerpt":"El Presidente de la empresa dijo que sigue apostando a la soluci\u00f3n r\u00e1pida de esta situaci\u00f3n por medio del di\u00e1logo y el respeto mutuo con el sindicato y reafirma su compromiso con el pueblo de Maim\u00f3n. SANTO DOMINGO. - A ra\u00edz de la situaci\u00f3n extrema y de fuerza mayor en\u2026","rel":"","context":"En \u00abECONOM\u00cdA\u00bb","block_context":{"text":"ECONOM\u00cdA","link":"https:\/\/lasprimeras.com.do\/index.php\/category\/economia\/"},"img":{"alt_text":"","src":"","width":0,"height":0},"classes":[]},{"id":92089,"url":"https:\/\/lasprimeras.com.do\/index.php\/2024\/12\/27\/apordom-entregara-bonos-navidenos-a-mas-de-30-mil-trabajadores-portuarios-de-rd\/","url_meta":{"origin":59037,"position":4},"title":"APORDOM entregar\u00e1 bonos navide\u00f1os a m\u00e1s de 30 mil trabajadores portuarios de RD","author":"Nelson Feliz","date":"27 de diciembre de 2024","format":false,"excerpt":"La Autoridad Portuaria Dominicana (APORDOM), iniciar\u00e1 a partir de este s\u00e1bado 28 de diciembre el pago de un bono navide\u00f1o a m\u00e1s de 30 mil trabajadores de este sector, afiliados a unos 150 sindicatos, como gratificaci\u00f3n por la labor rendida en los muelles del pa\u00eds. A trav\u00e9s de Banreservas, mediante\u2026","rel":"","context":"En \u00abECONOM\u00cdA\u00bb","block_context":{"text":"ECONOM\u00cdA","link":"https:\/\/lasprimeras.com.do\/index.php\/category\/economia\/"},"img":{"alt_text":"","src":"https:\/\/i0.wp.com\/lasprimeras.com.do\/wp-content\/uploads\/2024\/12\/Jean-Luis-Rodriguez-2.jpg?resize=350%2C200&ssl=1","width":350,"height":200,"srcset":"https:\/\/i0.wp.com\/lasprimeras.com.do\/wp-content\/uploads\/2024\/12\/Jean-Luis-Rodriguez-2.jpg?resize=350%2C200&ssl=1 1x, https:\/\/i0.wp.com\/lasprimeras.com.do\/wp-content\/uploads\/2024\/12\/Jean-Luis-Rodriguez-2.jpg?resize=525%2C300&ssl=1 1.5x, https:\/\/i0.wp.com\/lasprimeras.com.do\/wp-content\/uploads\/2024\/12\/Jean-Luis-Rodriguez-2.jpg?resize=700%2C400&ssl=1 2x"},"classes":[]},{"id":51625,"url":"https:\/\/lasprimeras.com.do\/index.php\/2023\/06\/01\/cormidom-y-sindicato-de-trabajadores-llegan-a-acuerdo-en-procura-de-reabrir-la-mina-de-maimon\/","url_meta":{"origin":59037,"position":5},"title":"Cormidom y sindicato de trabajadores llegan a acuerdo en procura de reabrir la mina de Maim\u00f3n","author":"prenxa100","date":"1 de junio de 2023","format":false,"excerpt":"SANTO DOMINGO, RD .-. La empresa Corporaci\u00f3n Minera Dominicana (Cormidom) anunci\u00f3 este jueves que lleg\u00f3 a un acuerdo con el liderazgo del Sindicato de Trabajadores de la Mina Cerro de Maim\u00f3n (Sitracema), con el objetivo de poner fin a diferencias que manten\u00edan ambos sectores para lograr que los accionistas de\u2026","rel":"","context":"En \u00abECONOM\u00cdA\u00bb","block_context":{"text":"ECONOM\u00cdA","link":"https:\/\/lasprimeras.com.do\/index.php\/category\/economia\/"},"img":{"alt_text":"","src":"","width":0,"height":0},"classes":[]}],"jetpack_sharing_enabled":true,"_links":{"self":[{"href":"https:\/\/lasprimeras.com.do\/index.php\/wp-json\/wp\/v2\/posts\/59037","targetHints":{"allow":["GET"]}}],"collection":[{"href":"https:\/\/lasprimeras.com.do\/index.php\/wp-json\/wp\/v2\/posts"}],"about":[{"href":"https:\/\/lasprimeras.com.do\/index.php\/wp-json\/wp\/v2\/types\/post"}],"author":[{"embeddable":true,"href":"https:\/\/lasprimeras.com.do\/index.php\/wp-json\/wp\/v2\/users\/2"}],"replies":[{"embeddable":true,"href":"https:\/\/lasprimeras.com.do\/index.php\/wp-json\/wp\/v2\/comments?post=59037"}],"version-history":[{"count":2,"href":"https:\/\/lasprimeras.com.do\/index.php\/wp-json\/wp\/v2\/posts\/59037\/revisions"}],"predecessor-version":[{"id":59041,"href":"https:\/\/lasprimeras.com.do\/index.php\/wp-json\/wp\/v2\/posts\/59037\/revisions\/59041"}],"wp:featuredmedia":[{"embeddable":true,"href":"https:\/\/lasprimeras.com.do\/index.php\/wp-json\/wp\/v2\/media\/59038"}],"wp:attachment":[{"href":"https:\/\/lasprimeras.com.do\/index.php\/wp-json\/wp\/v2\/media?parent=59037"}],"wp:term":[{"taxonomy":"category","embeddable":true,"href":"https:\/\/lasprimeras.com.do\/index.php\/wp-json\/wp\/v2\/categories?post=59037"},{"taxonomy":"post_tag","embeddable":true,"href":"https:\/\/lasprimeras.com.do\/index.php\/wp-json\/wp\/v2\/tags?post=59037"}],"curies":[{"name":"wp","href":"https:\/\/api.w.org\/{rel}","templated":true}]}}