{"id":59042,"date":"2023-08-30T10:56:47","date_gmt":"2023-08-30T14:56:47","guid":{"rendered":"https:\/\/lasprimeras.com.do\/?p=59042"},"modified":"2023-08-30T10:56:49","modified_gmt":"2023-08-30T14:56:49","slug":"detienen-a-propietarios-de-vidal-plast-empresa-donde-se-origino-explosion-en-san-cristobal-que-dejo-33-muertos","status":"publish","type":"post","link":"https:\/\/lasprimeras.com.do\/index.php\/2023\/08\/30\/detienen-a-propietarios-de-vidal-plast-empresa-donde-se-origino-explosion-en-san-cristobal-que-dejo-33-muertos\/","title":{"rendered":"Detienen a propietarios de Vidal Plast, empresa donde se origin\u00f3 explosi\u00f3n en San Crist\u00f3bal que dej\u00f3 33 muertos"},"content":{"rendered":"\n<p>Autoridades de la provincia San Crist\u00f3bal apresaron a los esposos Maribel Sandoval y Edward Vidal, propietarios de la empresa de reciclaje de pl\u00e1sticos Vidal Plast, durante un allanamiento realizado en su residencia, para ser investigados por la explosi\u00f3n ocurrida el pasado lunes 14 de agosto, que dej\u00f3 al menos 33 muertos y m\u00e1s de 50 heridos.<\/p>\n\n\n\n<p>Durante el apresamiento, realizado a las 4:00 de la madrugada, tambi\u00e9n habr\u00edan apresado a una hija de la pareja, de quien hasta el momento se desconoce su identidad. Los tres detenidos se encuentran en la Direcci\u00f3n Regional de la Polic\u00eda Nacional de San Crist\u00f3bal.<\/p>\n\n\n\n<p>El allanamiento realizado durante la madrugada por agentes policales, estuvo a cargo del fiscal Jose Guerrero.<\/p>\n\n\n\n<p>Seg\u00fan el informe preliminar sobre las investigaciones en torno al caso, la empresa ten\u00eda una emanaci\u00f3n de gases de combustibles sin ventilaci\u00f3n, raz\u00f3n que provoc\u00f3 la explosi\u00f3n.<\/p>\n\n\n\n<p>De acuerdo con el informe del Cuerpo de Bomberos de San Crist\u00f3bal, los monitores de atmosfera utilizados tras el evento no detectaron la presencia de gases inflamables como el metano y el etileno, ya que estos fueron consumidos por el mismo fuego desapareciendo su rastro.<\/p>\n\n\n\n<p>&#8220;En el \u00e1rea donde la empresa almacenaba y realizaba reciclaje de pl\u00e1sticos se encontraron elementos que apuntan a la emanaci\u00f3n de gases de combustibles que se pueden generar por el calentamiento de dichos materiales, los cuales al estar encerrados y no poder ventilar crean una significativa acumulaci\u00f3n en el tiempo y pueden provocar un incendio o una explosi\u00f3n como la sucedida&#8221;, registra el informe que no menciona por su nombre a la empresa.<\/p>\n\n\n\n<p>De acuerdo con los datos preliminares de la investigaci\u00f3n, el epicentro de la explosi\u00f3n fue localizado en la calle Padre Ayala casi esquina Jacinto J. Peynado, informaci\u00f3n que fue corroborada por im\u00e1genes y videos.<\/p>\n\n\n\n<p>A la explosi\u00f3n, le siguieron varias deflagraciones generadoras de ondas expansivas que afectaron las edificaciones y veh\u00edculos del entorno, generando gran cantidad de energ\u00eda calor\u00edfica que alcanz\u00f3 las propiedades que resultaron afectadas, lo que, seg\u00fan el informe, evidencia la gran cantidad de combustibles acumulada en dicho lugar.<\/p>\n\n\n\n<p>La investigaci\u00f3n destaca que en marzo de este a\u00f1o en el referido local se gener\u00f3 un siniestro y se report\u00f3 el hallazgo de un producto llamado Per\u00f3xido Org\u00e1nico 5.2, el cual tiene reactividad a la humedad, a los cambios de temperatura y a las chispas y requiere almacenamiento a temperatura menor a 20 grados Celsius.<\/p>\n","protected":false},"excerpt":{"rendered":"<p>Autoridades de la provincia San Crist\u00f3bal apresaron a los esposos Maribel Sandoval y Edward Vidal, propietarios de la empresa de reciclaje de pl\u00e1sticos Vidal Plast, durante un allanamiento realizado en&hellip;<\/p>\n","protected":false},"author":2,"featured_media":59043,"comment_status":"open","ping_status":"open","sticky":false,"template":"","format":"standard","meta":{"content-type":"","jetpack_post_was_ever_published":false,"_jetpack_newsletter_access":"","_jetpack_dont_email_post_to_subs":false,"_jetpack_newsletter_tier_id":0,"_jetpack_memberships_contains_paywalled_content":false,"_jetpack_memberships_contains_paid_content":false,"footnotes":""},"categories":[289,25],"tags":[6886],"class_list":["post-59042","post","type-post","status-publish","format-standard","has-post-thumbnail","hentry","category-justicia","category-portada","tag-allanamiento"],"jetpack_featured_media_url":"https:\/\/lasprimeras.com.do\/wp-content\/uploads\/2023\/08\/Allanamiento.jpg","jetpack-related-posts":[{"id":58257,"url":"https:\/\/lasprimeras.com.do\/index.php\/2023\/08\/22\/empresa-vidal-plast-asegura-en-su-local-no-habia-nada-pudiera-ocasionar-explosion-de-san-cristobal\/","url_meta":{"origin":59042,"position":0},"title":"Empresa Vidal Plast asegura en su local no hab\u00eda nada pudiera ocasionar explosi\u00f3n de San Crist\u00f3bal","author":"Nelson Feliz","date":"22 de agosto de 2023","format":false,"excerpt":"La recicladora de pl\u00e1stico que ha sido citada como posible responsable de la explosi\u00f3n en San Crist\u00f3bal afirm\u00f3 que en el local que ocupaba no hab\u00eda equipos, materiales o combustibles que pudieran originar ese tr\u00e1gico hecho y que prueba de esto es que el cad\u00e1ver del \u00fanico empleado presente fue\u2026","rel":"","context":"En \u00abNACIONALES\u00bb","block_context":{"text":"NACIONALES","link":"https:\/\/lasprimeras.com.do\/index.php\/category\/nacionales\/"},"img":{"alt_text":"Empresa Vidal Plast","src":"https:\/\/i0.wp.com\/lasprimeras.com.do\/wp-content\/uploads\/2023\/08\/Empresa-Vidal-Plast.jpg?resize=350%2C200&ssl=1","width":350,"height":200,"srcset":"https:\/\/i0.wp.com\/lasprimeras.com.do\/wp-content\/uploads\/2023\/08\/Empresa-Vidal-Plast.jpg?resize=350%2C200&ssl=1 1x, https:\/\/i0.wp.com\/lasprimeras.com.do\/wp-content\/uploads\/2023\/08\/Empresa-Vidal-Plast.jpg?resize=525%2C300&ssl=1 1.5x"},"classes":[]},{"id":58555,"url":"https:\/\/lasprimeras.com.do\/index.php\/2023\/08\/24\/muere-otra-de-las-victimas-de-la-explosion-en-san-cristobal\/","url_meta":{"origin":59042,"position":1},"title":"Muere otra de las v\u00edctimas de la explosi\u00f3n en San Crist\u00f3bal","author":"Nelson Feliz","date":"24 de agosto de 2023","format":false,"excerpt":"Suman 33 los fallecidos de la explosi\u00f3n en San Crist\u00f3bal Falleci\u00f3 otra de las v\u00edctimas de la fat\u00eddica explosi\u00f3n que ocurri\u00f3 en el centro de la ciudad de San Crist\u00f3bal el pasado lunes 14 de agosto. El fallecido, quien no pudo ser identificado por razones legales por el director de\u2026","rel":"","context":"En \u00abNACIONALES\u00bb","block_context":{"text":"NACIONALES","link":"https:\/\/lasprimeras.com.do\/index.php\/category\/nacionales\/"},"img":{"alt_text":"","src":"https:\/\/i0.wp.com\/lasprimeras.com.do\/wp-content\/uploads\/2023\/08\/explosion-sc.jpeg?resize=350%2C200&ssl=1","width":350,"height":200,"srcset":"https:\/\/i0.wp.com\/lasprimeras.com.do\/wp-content\/uploads\/2023\/08\/explosion-sc.jpeg?resize=350%2C200&ssl=1 1x, https:\/\/i0.wp.com\/lasprimeras.com.do\/wp-content\/uploads\/2023\/08\/explosion-sc.jpeg?resize=525%2C300&ssl=1 1.5x, https:\/\/i0.wp.com\/lasprimeras.com.do\/wp-content\/uploads\/2023\/08\/explosion-sc.jpeg?resize=700%2C400&ssl=1 2x"},"classes":[]},{"id":59683,"url":"https:\/\/lasprimeras.com.do\/index.php\/2023\/09\/06\/ponen-en-libertad-supuestos-responsables-de-la-explosion-en-san-cristobal\/","url_meta":{"origin":59042,"position":2},"title":"Ponen en libertad supuestos responsables de la explosi\u00f3n en San Crist\u00f3bal","author":"Nelson Feliz","date":"6 de septiembre de 2023","format":false,"excerpt":"La jueza de la Oficina de Atenci\u00f3n Judicial Permanente de San Crist\u00f3bal, Miolany Herasme, impuso este martes el pago de fianzas y otras medidas de coerci\u00f3n para tres personas acusadas de su supuesta responsabilidad en la explosi\u00f3n e incendio que causaron 37 muertes y 59 heridos en esa ciudad el\u2026","rel":"","context":"En \u00abNACIONALES\u00bb","block_context":{"text":"NACIONALES","link":"https:\/\/lasprimeras.com.do\/index.php\/category\/nacionales\/"},"img":{"alt_text":"Explosi\u00f3n en San Crist\u00f3bal","src":"https:\/\/i0.wp.com\/lasprimeras.com.do\/wp-content\/uploads\/2023\/09\/Explosion-en-San-Cristobal.jpg?resize=350%2C200&ssl=1","width":350,"height":200,"srcset":"https:\/\/i0.wp.com\/lasprimeras.com.do\/wp-content\/uploads\/2023\/09\/Explosion-en-San-Cristobal.jpg?resize=350%2C200&ssl=1 1x, https:\/\/i0.wp.com\/lasprimeras.com.do\/wp-content\/uploads\/2023\/09\/Explosion-en-San-Cristobal.jpg?resize=525%2C300&ssl=1 1.5x, https:\/\/i0.wp.com\/lasprimeras.com.do\/wp-content\/uploads\/2023\/09\/Explosion-en-San-Cristobal.jpg?resize=700%2C400&ssl=1 2x"},"classes":[]},{"id":60340,"url":"https:\/\/lasprimeras.com.do\/index.php\/2023\/09\/13\/muere-victima-38-de-la-explosion-en-san-cristobal\/","url_meta":{"origin":59042,"position":3},"title":"Muere v\u00edctima 38 de la explosi\u00f3n en San Crist\u00f3bal","author":"Nelson Feliz","date":"13 de septiembre de 2023","format":false,"excerpt":"Su esposa muri\u00f3 el mismo d\u00eda de la explosi\u00f3n. Falleci\u00f3 la v\u00edctima n\u00famero 38 involucrada en la explosi\u00f3n de San Crist\u00f3bal, ocurrida el 14 de agosto en la calle Padre Ayala, cerca del Mercado Modelo y el Parque Central. La v\u00edctima respond\u00eda al nombre de Carlos Jovany Ver\u00e1s, quien muri\u00f3\u2026","rel":"","context":"En \u00abNACIONALES\u00bb","block_context":{"text":"NACIONALES","link":"https:\/\/lasprimeras.com.do\/index.php\/category\/nacionales\/"},"img":{"alt_text":"Carlos Jovany Ver\u00e1s","src":"https:\/\/i0.wp.com\/lasprimeras.com.do\/wp-content\/uploads\/2023\/09\/Carlos-Jovany-Veras-e1694618617122.jpeg?resize=350%2C200&ssl=1","width":350,"height":200,"srcset":"https:\/\/i0.wp.com\/lasprimeras.com.do\/wp-content\/uploads\/2023\/09\/Carlos-Jovany-Veras-e1694618617122.jpeg?resize=350%2C200&ssl=1 1x, https:\/\/i0.wp.com\/lasprimeras.com.do\/wp-content\/uploads\/2023\/09\/Carlos-Jovany-Veras-e1694618617122.jpeg?resize=525%2C300&ssl=1 1.5x, https:\/\/i0.wp.com\/lasprimeras.com.do\/wp-content\/uploads\/2023\/09\/Carlos-Jovany-Veras-e1694618617122.jpeg?resize=700%2C400&ssl=1 2x"},"classes":[]},{"id":113928,"url":"https:\/\/lasprimeras.com.do\/index.php\/2025\/11\/07\/apresan-hombre-y-ocupan-presunta-droga-durante-allanamiento-en-san-cristobal\/","url_meta":{"origin":59042,"position":4},"title":"Apresan hombre y ocupan presunta droga durante allanamiento en San Crist\u00f3bal","author":"Nelson Feliz","date":"7 de noviembre de 2025","format":false,"excerpt":"Agentes de la Subdirecci\u00f3n Regional de Investigaciones (DICRIM) San Crist\u00f3bal realizaron un exitoso allanamiento en el sector Los Nova, logrando el arresto de un individuo y la ocupaci\u00f3n de evidencias vinculadas a hechos delictivos y sustancias controladas. El operativo fue ejecutado mediante la orden judicial No. 01541-2025-AJOA-03452, en una vivienda\u2026","rel":"","context":"En \u00abMILITARES\u00bb","block_context":{"text":"MILITARES","link":"https:\/\/lasprimeras.com.do\/index.php\/category\/militares\/"},"img":{"alt_text":"","src":"https:\/\/i0.wp.com\/lasprimeras.com.do\/wp-content\/uploads\/2025\/11\/droga.jpeg?resize=350%2C200&ssl=1","width":350,"height":200,"srcset":"https:\/\/i0.wp.com\/lasprimeras.com.do\/wp-content\/uploads\/2025\/11\/droga.jpeg?resize=350%2C200&ssl=1 1x, https:\/\/i0.wp.com\/lasprimeras.com.do\/wp-content\/uploads\/2025\/11\/droga.jpeg?resize=525%2C300&ssl=1 1.5x, https:\/\/i0.wp.com\/lasprimeras.com.do\/wp-content\/uploads\/2025\/11\/droga.jpeg?resize=700%2C400&ssl=1 2x, https:\/\/i0.wp.com\/lasprimeras.com.do\/wp-content\/uploads\/2025\/11\/droga.jpeg?resize=1050%2C600&ssl=1 3x"},"classes":[]},{"id":96825,"url":"https:\/\/lasprimeras.com.do\/index.php\/2025\/04\/08\/la-tragedia-del-jet-set-es-hasta-ahora-la-segunda-mas-mortal-de-su-tipo-en-los-ultimos-20-anos\/","url_meta":{"origin":59042,"position":5},"title":"La tragedia del Jet Set es, hasta ahora, la segunda m\u00e1s mortal de su tipo en los \u00faltimos 20 a\u00f1os","author":"Nelson Feliz","date":"8 de abril de 2025","format":false,"excerpt":"La cantidad de v\u00edctimas mortales solo es superada por un incendio en la c\u00e1rcel de Hig\u00fcey. La tragedia ocurrida en la madrugada de hoy en la discoteca Jet Set se coloca como la segunda m\u00e1s mort\u00edfera ocurrida en los \u00faltimos 20 a\u00f1os en la Rep\u00fablica Dominicana dentro de los sucesos\u2026","rel":"","context":"En \u00abNACIONALES\u00bb","block_context":{"text":"NACIONALES","link":"https:\/\/lasprimeras.com.do\/index.php\/category\/nacionales\/"},"img":{"alt_text":"","src":"https:\/\/i0.wp.com\/lasprimeras.com.do\/wp-content\/uploads\/2025\/04\/buscan.jpg?resize=350%2C200&ssl=1","width":350,"height":200,"srcset":"https:\/\/i0.wp.com\/lasprimeras.com.do\/wp-content\/uploads\/2025\/04\/buscan.jpg?resize=350%2C200&ssl=1 1x, https:\/\/i0.wp.com\/lasprimeras.com.do\/wp-content\/uploads\/2025\/04\/buscan.jpg?resize=525%2C300&ssl=1 1.5x, https:\/\/i0.wp.com\/lasprimeras.com.do\/wp-content\/uploads\/2025\/04\/buscan.jpg?resize=700%2C400&ssl=1 2x"},"classes":[]}],"jetpack_sharing_enabled":true,"_links":{"self":[{"href":"https:\/\/lasprimeras.com.do\/index.php\/wp-json\/wp\/v2\/posts\/59042","targetHints":{"allow":["GET"]}}],"collection":[{"href":"https:\/\/lasprimeras.com.do\/index.php\/wp-json\/wp\/v2\/posts"}],"about":[{"href":"https:\/\/lasprimeras.com.do\/index.php\/wp-json\/wp\/v2\/types\/post"}],"author":[{"embeddable":true,"href":"https:\/\/lasprimeras.com.do\/index.php\/wp-json\/wp\/v2\/users\/2"}],"replies":[{"embeddable":true,"href":"https:\/\/lasprimeras.com.do\/index.php\/wp-json\/wp\/v2\/comments?post=59042"}],"version-history":[{"count":1,"href":"https:\/\/lasprimeras.com.do\/index.php\/wp-json\/wp\/v2\/posts\/59042\/revisions"}],"predecessor-version":[{"id":59044,"href":"https:\/\/lasprimeras.com.do\/index.php\/wp-json\/wp\/v2\/posts\/59042\/revisions\/59044"}],"wp:featuredmedia":[{"embeddable":true,"href":"https:\/\/lasprimeras.com.do\/index.php\/wp-json\/wp\/v2\/media\/59043"}],"wp:attachment":[{"href":"https:\/\/lasprimeras.com.do\/index.php\/wp-json\/wp\/v2\/media?parent=59042"}],"wp:term":[{"taxonomy":"category","embeddable":true,"href":"https:\/\/lasprimeras.com.do\/index.php\/wp-json\/wp\/v2\/categories?post=59042"},{"taxonomy":"post_tag","embeddable":true,"href":"https:\/\/lasprimeras.com.do\/index.php\/wp-json\/wp\/v2\/tags?post=59042"}],"curies":[{"name":"wp","href":"https:\/\/api.w.org\/{rel}","templated":true}]}}