{"id":59048,"date":"2023-08-30T11:05:39","date_gmt":"2023-08-30T15:05:39","guid":{"rendered":"https:\/\/lasprimeras.com.do\/?p=59048"},"modified":"2023-08-30T11:05:41","modified_gmt":"2023-08-30T15:05:41","slug":"miguel-vargas-es-irresponsable-que-el-gobierno-insista-en-la-mentira-de-la-eficiencia-y-transparencia-en-la-inversion-publica","status":"publish","type":"post","link":"https:\/\/lasprimeras.com.do\/index.php\/2023\/08\/30\/miguel-vargas-es-irresponsable-que-el-gobierno-insista-en-la-mentira-de-la-eficiencia-y-transparencia-en-la-inversion-publica\/","title":{"rendered":"Miguel Vargas: \u201cEs irresponsable que el gobierno insista en la mentira de la \u2018eficiencia y transparencia\u2019 en la inversi\u00f3n p\u00fablica\u201d"},"content":{"rendered":"\n<p><strong>Destaca \u201cel esfuerzo del PRD para desenmascarar la falsedad oficial y promover una unidad de trabajo, cuyo objetivo fundamental sea rescatar al pa\u00eds del retroceso al que est\u00e1 sometido\u201d.<\/strong><\/p>\n\n\n\n<p>El presidente del Partido Revolucionario Dominicano (PRD), Miguel Vargas Maldonado, afirm\u00f3 que \u201ceste gobierno es irresponsable cuando insiste en promover la \u2018eficiencia y transparencia\u2019 en la inversi\u00f3n p\u00fablica, mientras la poblaci\u00f3n sufre el desplome de los servicios y la carest\u00eda del costo de la vida\u201d.<\/p>\n\n\n\n<p>El l\u00edder perrede\u00edsta agreg\u00f3 que \u201cel presidente de la Rep\u00fablica, de forma reiterada, enfatiza la \u2018pulcritud y racionalidad\u2019 de la inversi\u00f3n p\u00fablica, lo que constituye s\u00f3lo un ejercicio propagand\u00edstico\u201d.<\/p>\n\n\n\n<p>\u201cLa actual administraci\u00f3n ha roto los niveles de endeudamiento en el menor tiempo, sin justificar su buen uso. Es decir, vemos un aumento de la deuda p\u00fablica sin explicaciones ni, mucho menos, resultados; en consecuencia, no puede hablar de \u2018eficiencia y transparencia\u2019\u201d, afirm\u00f3 el presidente del PRD.<\/p>\n\n\n\n<p>A\u00f1adi\u00f3 que dicha gesti\u00f3n ha paralizado el programa de alfabetizaci\u00f3n de adultos, la construcci\u00f3n de nuevas aulas y la tanda extendida, poniendo en entredicho el uso del 4 % del producto interno bruto (PIB) en educaci\u00f3n. Por tales motivos, dijo que el oficialismo \u201cno tiene calidad para hablar de gasto eficiente\u201d.<\/p>\n\n\n\n<p>\u201cEn nuestros recorridos al interior del pa\u00eds la principal queja de la gente es que este gobierno le ha incumplido con decenas de compromisos, por lo que resultan insignificantes las obras y medidas que han materializado en estos \u00faltimos tres a\u00f1os\u201d, prosigui\u00f3 Vargas.<\/p>\n\n\n\n<p>\u201c\u00bfDe qu\u00e9 eficiencia puede hablar entonces?\u201d, pregunt\u00f3 el candidato presidencial perrede\u00edsta.<\/p>\n\n\n\n<p>A su juicio, \u201cpresentar un panorama de \u2018transparencia y bienestar\u2019, mientras se promueve la importaci\u00f3n indiscriminada de bienes, en detrimento de la producci\u00f3n nacional, constituye una afrenta a la poblaci\u00f3n\u201d.<\/p>\n\n\n\n<p>\u201cDe ah\u00ed nuestro esfuerzo sostenido en desenmascarar la falsedad oficial y promover una unidad de trabajo para rescatar al pa\u00eds del retroceso al que est\u00e1 sometido\u201d, prosigui\u00f3.<\/p>\n\n\n\n<p>\u201cEl PRD est\u00e1 en capacidad de presentar un programa de acciones fiables y viables para dar respuesta efectiva a la problem\u00e1tica nacional y superar el marcado deterioro que hemos referido\u201d, puntualiz\u00f3 Miguel Vargas.<\/p>\n","protected":false},"excerpt":{"rendered":"<p>Destaca \u201cel esfuerzo del PRD para desenmascarar la falsedad oficial y promover una unidad de trabajo, cuyo objetivo fundamental sea rescatar al pa\u00eds del retroceso al que est\u00e1 sometido\u201d. El&hellip;<\/p>\n","protected":false},"author":2,"featured_media":53826,"comment_status":"open","ping_status":"open","sticky":false,"template":"","format":"standard","meta":{"content-type":"","jetpack_post_was_ever_published":false,"_jetpack_newsletter_access":"","_jetpack_dont_email_post_to_subs":false,"_jetpack_newsletter_tier_id":0,"_jetpack_memberships_contains_paywalled_content":false,"_jetpack_memberships_contains_paid_content":false,"footnotes":""},"categories":[25],"tags":[4767],"class_list":["post-59048","post","type-post","status-publish","format-standard","has-post-thumbnail","hentry","category-portada","tag-miguel-vargas-maldonado"],"jetpack_featured_media_url":"https:\/\/lasprimeras.com.do\/wp-content\/uploads\/2023\/07\/Miguel-Vargas-Maldonado.jpg","jetpack-related-posts":[{"id":122303,"url":"https:\/\/lasprimeras.com.do\/index.php\/2026\/02\/16\/miguel-vargas-alerta-sobre-caida-de-autosuficiencia-alimentaria-en-rd\/","url_meta":{"origin":59048,"position":0},"title":"Miguel Vargas alerta sobre ca\u00edda de autosuficiencia alimentaria en RD","author":"Nelson Feliz","date":"16 de febrero de 2026","format":false,"excerpt":"El presidente del Partido Revolucionario Dominicano (PRD),Miguel Vargas Maldonado, advirti\u00f3 este domingo que la Rep\u00fablica Dominicana ha retrocedido en sectores clave para el desarrollo nacional, especialmente en la producci\u00f3n agropecuaria. Vargas Maldonado dijo que el pa\u00eds pas\u00f3 de ser autosuficiente en un 85 % en alimentos a apenas un 70\u2026","rel":"","context":"En \u00abPOLITICA\u00bb","block_context":{"text":"POLITICA","link":"https:\/\/lasprimeras.com.do\/index.php\/category\/politica\/"},"img":{"alt_text":"","src":"https:\/\/i0.wp.com\/lasprimeras.com.do\/wp-content\/uploads\/2026\/02\/PRD-1140x694-1.jpeg?resize=350%2C200&ssl=1","width":350,"height":200,"srcset":"https:\/\/i0.wp.com\/lasprimeras.com.do\/wp-content\/uploads\/2026\/02\/PRD-1140x694-1.jpeg?resize=350%2C200&ssl=1 1x, https:\/\/i0.wp.com\/lasprimeras.com.do\/wp-content\/uploads\/2026\/02\/PRD-1140x694-1.jpeg?resize=525%2C300&ssl=1 1.5x, https:\/\/i0.wp.com\/lasprimeras.com.do\/wp-content\/uploads\/2026\/02\/PRD-1140x694-1.jpeg?resize=700%2C400&ssl=1 2x, https:\/\/i0.wp.com\/lasprimeras.com.do\/wp-content\/uploads\/2026\/02\/PRD-1140x694-1.jpeg?resize=1050%2C600&ssl=1 3x"},"classes":[]},{"id":110670,"url":"https:\/\/lasprimeras.com.do\/index.php\/2025\/09\/30\/miguel-vargas-llama-al-gobierno-a-tomar-acciones-concretas-para-detener-descalabro-de-servicios\/","url_meta":{"origin":59048,"position":1},"title":"Miguel Vargas llama al gobierno a tomar acciones concretas para detener \u201cdescalabro\u201d de servicios","author":"Nelson Feliz","date":"30 de septiembre de 2025","format":false,"excerpt":"El presidente del Partido Revolucionario Dominicano (PRD), Miguel Vargas Maldonado, responsabiliz\u00f3 al Gobierno del presidente Luis Abinader del colapso de los servicios b\u00e1sicos y de haber convertido la corrupci\u00f3n en un signo distintivo de su gesti\u00f3n. \u201cEl gobierno est\u00e1 obligado a tomar acciones y pol\u00edticas concretas para detener el descalabro\u2026","rel":"","context":"En \u00abPOLITICA\u00bb","block_context":{"text":"POLITICA","link":"https:\/\/lasprimeras.com.do\/index.php\/category\/politica\/"},"img":{"alt_text":"Miguel Vargas","src":"https:\/\/i0.wp.com\/lasprimeras.com.do\/wp-content\/uploads\/2023\/12\/Miguel-Vargas-1.jpg?resize=350%2C200&ssl=1","width":350,"height":200,"srcset":"https:\/\/i0.wp.com\/lasprimeras.com.do\/wp-content\/uploads\/2023\/12\/Miguel-Vargas-1.jpg?resize=350%2C200&ssl=1 1x, https:\/\/i0.wp.com\/lasprimeras.com.do\/wp-content\/uploads\/2023\/12\/Miguel-Vargas-1.jpg?resize=525%2C300&ssl=1 1.5x, https:\/\/i0.wp.com\/lasprimeras.com.do\/wp-content\/uploads\/2023\/12\/Miguel-Vargas-1.jpg?resize=700%2C400&ssl=1 2x"},"classes":[]},{"id":53366,"url":"https:\/\/lasprimeras.com.do\/index.php\/2023\/06\/25\/miguel-vargas-es-inocultable-el-nivel-de-deterioro-que-el-gobierno-lleva-a-servicios-publicos\/","url_meta":{"origin":59048,"position":2},"title":"Miguel Vargas: \u201cEs inocultable el nivel de deterioro que el gobierno lleva a servicios p\u00fablicos\u201d","author":"Nelson Feliz","date":"25 de junio de 2023","format":false,"excerpt":"\u201cLlamamos a reconsiderar cancelaciones masivas en el Metro y evitar que ese importante servicio para el gran Santo Domingo caiga en la crisis que evidencian muchos servicios p\u00fablicos\u201d. El presidente y candidato presidencial del Partido Revolucionario Dominicano (PRD), Miguel Vargas Maldonado, reiter\u00f3 su preocupaci\u00f3n por el creciente menoscabo que presentan\u2026","rel":"","context":"En \u00abPORTADA\u00bb","block_context":{"text":"PORTADA","link":"https:\/\/lasprimeras.com.do\/index.php\/category\/portada\/"},"img":{"alt_text":"Miguel Vargas Maldonado","src":"https:\/\/i0.wp.com\/lasprimeras.com.do\/wp-content\/uploads\/2023\/06\/Miguel-Vargas-Maldonado.jpg?resize=350%2C200&ssl=1","width":350,"height":200,"srcset":"https:\/\/i0.wp.com\/lasprimeras.com.do\/wp-content\/uploads\/2023\/06\/Miguel-Vargas-Maldonado.jpg?resize=350%2C200&ssl=1 1x, https:\/\/i0.wp.com\/lasprimeras.com.do\/wp-content\/uploads\/2023\/06\/Miguel-Vargas-Maldonado.jpg?resize=525%2C300&ssl=1 1.5x, https:\/\/i0.wp.com\/lasprimeras.com.do\/wp-content\/uploads\/2023\/06\/Miguel-Vargas-Maldonado.jpg?resize=700%2C400&ssl=1 2x"},"classes":[]},{"id":79682,"url":"https:\/\/lasprimeras.com.do\/index.php\/2024\/03\/29\/miguel-vargas-gobierno-debe-actuar-sin-vacilacion-ante-provocacion-haitiana\/","url_meta":{"origin":59048,"position":3},"title":"Miguel Vargas: \u201cGobierno debe actuar sin vacilaci\u00f3n ante provocaci\u00f3n haitiana\u201d","author":"Nelson Feliz","date":"29 de marzo de 2024","format":false,"excerpt":"Llamo al presidente Abinader a defender nuestro recurso h\u00eddrico. El presidente del Partido Revolucionario Dominicano (PRD) y candidato presidencial Miguel Vargas Maldonado expres\u00f3 en esta ciudad su total repudio a la puesta en funcionamiento unilateral del canal construido por los haitianos transvasando las aguas del r\u00edo Dajab\u00f3n. \u201cReiteramos nuestro rechazo\u2026","rel":"","context":"En \u00abPORTADA\u00bb","block_context":{"text":"PORTADA","link":"https:\/\/lasprimeras.com.do\/index.php\/category\/portada\/"},"img":{"alt_text":"Miguel Vargas Maldonado","src":"https:\/\/i0.wp.com\/lasprimeras.com.do\/wp-content\/uploads\/2024\/03\/Miguel-Vargas-Maldonado.jpg?resize=350%2C200&ssl=1","width":350,"height":200,"srcset":"https:\/\/i0.wp.com\/lasprimeras.com.do\/wp-content\/uploads\/2024\/03\/Miguel-Vargas-Maldonado.jpg?resize=350%2C200&ssl=1 1x, https:\/\/i0.wp.com\/lasprimeras.com.do\/wp-content\/uploads\/2024\/03\/Miguel-Vargas-Maldonado.jpg?resize=525%2C300&ssl=1 1.5x"},"classes":[]},{"id":63761,"url":"https:\/\/lasprimeras.com.do\/index.php\/2023\/10\/15\/miguel-vargas-los-chelitos-no-le-alcanzan-al-gobierno-y-mucho-menosal-pueblo\/","url_meta":{"origin":59048,"position":4},"title":"Miguel Vargas: \u201cLos chelitos no le alcanzan al gobierno y, mucho menos,al pueblo\u201d","author":"Nelson Feliz","date":"15 de octubre de 2023","format":false,"excerpt":"\u201c\u00a1Esta gesti\u00f3n ni es honesta ni transparente! Aceptamos el reto de debatir respecto de la incapacidad en inversi\u00f3n; nos gustar\u00eda contrastar el \u2018rendimiento de los recursos\u2019 respecto del desmedido nivel de endeudamiento registrado estos tres a\u00f1os de administraci\u00f3n perreme\u00edsta\u201d. El candidato presidencial del Partido Revolucionario Dominicano (PRD), ingeniero Miguel Vargas\u2026","rel":"","context":"En \u00abPORTADA\u00bb","block_context":{"text":"PORTADA","link":"https:\/\/lasprimeras.com.do\/index.php\/category\/portada\/"},"img":{"alt_text":"Miguel Vargas","src":"https:\/\/i0.wp.com\/lasprimeras.com.do\/wp-content\/uploads\/2023\/10\/Miguel-Vargas.jpg?resize=350%2C200&ssl=1","width":350,"height":200,"srcset":"https:\/\/i0.wp.com\/lasprimeras.com.do\/wp-content\/uploads\/2023\/10\/Miguel-Vargas.jpg?resize=350%2C200&ssl=1 1x, https:\/\/i0.wp.com\/lasprimeras.com.do\/wp-content\/uploads\/2023\/10\/Miguel-Vargas.jpg?resize=525%2C300&ssl=1 1.5x, https:\/\/i0.wp.com\/lasprimeras.com.do\/wp-content\/uploads\/2023\/10\/Miguel-Vargas.jpg?resize=700%2C400&ssl=1 2x"},"classes":[]},{"id":52688,"url":"https:\/\/lasprimeras.com.do\/index.php\/2023\/06\/12\/miguel-vargas-proclama-candidata-a-alcaldia-de-cotui-por-el-prd\/","url_meta":{"origin":59048,"position":5},"title":"Miguel Vargas proclama candidata a Alcald\u00eda de Cotu\u00ed por el PRD","author":"prenxa100","date":"12 de junio de 2023","format":false,"excerpt":"\u201cLos capitale\u00f1os nos solidarizamos con Cotu\u00ed. Virmania Arzeno ama a esta ciudad\u201d. El presidente del Partido Revolucionario Dominicano (PRD), ingeniero Miguel Vargas Maldonado, lider\u00f3 el lanzamiento de la candidatura de Virmania Arzeno a la Alcald\u00eda de Cotu\u00ed. Se presentaron las aspiraciones a regidur\u00edas de otros dirigentes perrede\u00edstas en el municipio\u2026","rel":"","context":"En \u00abSin categor\u00eda\u00bb","block_context":{"text":"Sin categor\u00eda","link":"https:\/\/lasprimeras.com.do\/index.php\/category\/sin-categoria\/"},"img":{"alt_text":"","src":"https:\/\/i0.wp.com\/lasprimeras.com.do\/wp-content\/uploads\/2023\/06\/miguel-vargas-proclama-candidata-a-alcaldia-de-cotui-por-el-prd.jpg?resize=350%2C200&ssl=1","width":350,"height":200,"srcset":"https:\/\/i0.wp.com\/lasprimeras.com.do\/wp-content\/uploads\/2023\/06\/miguel-vargas-proclama-candidata-a-alcaldia-de-cotui-por-el-prd.jpg?resize=350%2C200&ssl=1 1x, https:\/\/i0.wp.com\/lasprimeras.com.do\/wp-content\/uploads\/2023\/06\/miguel-vargas-proclama-candidata-a-alcaldia-de-cotui-por-el-prd.jpg?resize=525%2C300&ssl=1 1.5x, https:\/\/i0.wp.com\/lasprimeras.com.do\/wp-content\/uploads\/2023\/06\/miguel-vargas-proclama-candidata-a-alcaldia-de-cotui-por-el-prd.jpg?resize=700%2C400&ssl=1 2x"},"classes":[]}],"jetpack_sharing_enabled":true,"_links":{"self":[{"href":"https:\/\/lasprimeras.com.do\/index.php\/wp-json\/wp\/v2\/posts\/59048","targetHints":{"allow":["GET"]}}],"collection":[{"href":"https:\/\/lasprimeras.com.do\/index.php\/wp-json\/wp\/v2\/posts"}],"about":[{"href":"https:\/\/lasprimeras.com.do\/index.php\/wp-json\/wp\/v2\/types\/post"}],"author":[{"embeddable":true,"href":"https:\/\/lasprimeras.com.do\/index.php\/wp-json\/wp\/v2\/users\/2"}],"replies":[{"embeddable":true,"href":"https:\/\/lasprimeras.com.do\/index.php\/wp-json\/wp\/v2\/comments?post=59048"}],"version-history":[{"count":1,"href":"https:\/\/lasprimeras.com.do\/index.php\/wp-json\/wp\/v2\/posts\/59048\/revisions"}],"predecessor-version":[{"id":59049,"href":"https:\/\/lasprimeras.com.do\/index.php\/wp-json\/wp\/v2\/posts\/59048\/revisions\/59049"}],"wp:featuredmedia":[{"embeddable":true,"href":"https:\/\/lasprimeras.com.do\/index.php\/wp-json\/wp\/v2\/media\/53826"}],"wp:attachment":[{"href":"https:\/\/lasprimeras.com.do\/index.php\/wp-json\/wp\/v2\/media?parent=59048"}],"wp:term":[{"taxonomy":"category","embeddable":true,"href":"https:\/\/lasprimeras.com.do\/index.php\/wp-json\/wp\/v2\/categories?post=59048"},{"taxonomy":"post_tag","embeddable":true,"href":"https:\/\/lasprimeras.com.do\/index.php\/wp-json\/wp\/v2\/tags?post=59048"}],"curies":[{"name":"wp","href":"https:\/\/api.w.org\/{rel}","templated":true}]}}