{"id":59050,"date":"2023-08-30T11:08:45","date_gmt":"2023-08-30T15:08:45","guid":{"rendered":"https:\/\/lasprimeras.com.do\/?p=59050"},"modified":"2023-08-30T11:08:46","modified_gmt":"2023-08-30T15:08:46","slug":"fp-nueva-resolucion-jce-traza-camino-peligroso-para-elecciones-2024","status":"publish","type":"post","link":"https:\/\/lasprimeras.com.do\/index.php\/2023\/08\/30\/fp-nueva-resolucion-jce-traza-camino-peligroso-para-elecciones-2024\/","title":{"rendered":"FP: Nueva resoluci\u00f3n JCE traza camino peligroso para elecciones 2024"},"content":{"rendered":"\n<p>El&nbsp;&nbsp;delegado Pol\u00edtico del Partido Fuerza del Pueblo (FP) ante la Junta Central Electoral (JCE) asegur\u00f3 que con la resoluci\u00f3n 53-2023, el organismo comicial transita un camino peligroso y f\u00fanebre que coloca en alto riesgo el montaje de las elecciones municipales, congresuales y presidenciales del a\u00f1o 2024.<\/p>\n\n\n\n<p>\u201cCon su postura, dejando de lado las observaciones que hicimos las principales organizaciones pol\u00edticas de la oposici\u00f3n del pa\u00eds, la JCE transita un camino peligroso y f\u00fanebre que ponen en peligro el buen montaje del venidero proceso electoral\u201d, puntualiz\u00f3 Manuel Crespo.<\/p>\n\n\n\n<p>El tambi\u00e9n miembro de la Direcci\u00f3n Pol\u00edtica de la FP lamento que los miembros del organismo comicial, pierdan de vista la sentencia del Tribunal Constitucional&nbsp;&nbsp;(TC), que declar\u00f3 nulo los art\u00edculos de las leyes que intentaron prohibir la libertad de reuni\u00f3n, organizaci\u00f3n y expresi\u00f3n de los partidos pol\u00edticos.<\/p>\n\n\n\n<p>\u201cLos t\u00e9cnicos de los partidos pol\u00edticos de la oposici\u00f3n nos vamos a reunir en las pr\u00f3ximas horas para evaluar y decidir las acciones que tomaremos en contra de la resoluci\u00f3n 53-2023, mediante la cual la JCE&nbsp;&nbsp;mantiene la advertencia de sancionar a los partidos pol\u00edticos que violen el Comunicado de Admonici\u00f3n, a trav\u00e9s del cual prohibi\u00f3 los m\u00edtines, marchas, caravanas y todo tipo de actividades proselitistas\u201d, indic\u00f3.<\/p>\n\n\n\n<p>Manuel Crespo se\u00f1al\u00f3 que con la referida soluci\u00f3n, es muy claro y evidente que el organismo comicial pretende desconocer el art\u00edculo 48 de nuestra Carta Magna, que consagra la libertad de reuni\u00f3n y de organizaci\u00f3n en la Rep\u00fablica Dominicana.<\/p>\n\n\n\n<p>El delegado Pol\u00edtico de la FP ante la JCE asegur\u00f3 que la organizaci\u00f3n liderada por el expresidente Leonel Fern\u00e1ndez y los dem\u00e1s partidos de la oposici\u00f3n, mantendr\u00e1n la defensa en cualquier terreno de la Constituci\u00f3n de la Rep\u00fablica.<\/p>\n\n\n\n<p>\u201cNadie en la Rep\u00fablica Dominicana est\u00e1 por encima de la Constituci\u00f3n, ni los miembros de la JCE ni las organizaciones pol\u00edticas. Por lo tanto, todo lo que debemos hacer es simplemente cumplir con su mandato\u201d, puntualiz\u00f3.<\/p>\n","protected":false},"excerpt":{"rendered":"<p>El&nbsp;&nbsp;delegado Pol\u00edtico del Partido Fuerza del Pueblo (FP) ante la Junta Central Electoral (JCE) asegur\u00f3 que con la resoluci\u00f3n 53-2023, el organismo comicial transita un camino peligroso y f\u00fanebre que&hellip;<\/p>\n","protected":false},"author":2,"featured_media":57672,"comment_status":"open","ping_status":"open","sticky":false,"template":"","format":"standard","meta":{"content-type":"","jetpack_post_was_ever_published":false,"_jetpack_newsletter_access":"","_jetpack_dont_email_post_to_subs":false,"_jetpack_newsletter_tier_id":0,"_jetpack_memberships_contains_paywalled_content":false,"_jetpack_memberships_contains_paid_content":false,"footnotes":""},"categories":[25],"tags":[79,183,4296,370],"class_list":["post-59050","post","type-post","status-publish","format-standard","has-post-thumbnail","hentry","category-portada","tag-fp","tag-jce","tag-peligroso","tag-resolucion"],"jetpack_featured_media_url":"https:\/\/lasprimeras.com.do\/wp-content\/uploads\/2023\/08\/Manuel-Crespo-1.jpg","jetpack-related-posts":[{"id":49023,"url":"https:\/\/lasprimeras.com.do\/index.php\/2023\/05\/07\/dirigente-de-la-fp-cuestiona-borrador-de-la-resolucion-de-la-jce-dice-favorece-oficialismo\/","url_meta":{"origin":59050,"position":0},"title":"Dirigente de la FP cuestiona \u201cBorrador de la Resoluci\u00f3n de la JCE\u201d, dice favorece oficialismo","author":"prenxa100","date":"7 de mayo de 2023","format":false,"excerpt":"Santo Domingo .- El miembro de la Direcci\u00f3n Central de la Fuerza del Pueblo (FP), Pedro Jim\u00e9nez cuestion\u00f3 hoy al pleno de la Junta Central Electoral de favorecer al gobierno, con el borrador de la resoluci\u00f3n sobre el porcentaje de las reservas de las candidaturas dispuesto por la Ley 33-18,\u2026","rel":"","context":"En \u00abPORTADA\u00bb","block_context":{"text":"PORTADA","link":"https:\/\/lasprimeras.com.do\/index.php\/category\/portada\/"},"img":{"alt_text":"","src":"","width":0,"height":0},"classes":[]},{"id":49302,"url":"https:\/\/lasprimeras.com.do\/index.php\/2023\/05\/10\/fp-y-otras-organizaciones-someteran-recursos-contra-resolucion-jce\/","url_meta":{"origin":59050,"position":1},"title":"FP y otras organizaciones someter\u00e1n recursos contra resoluci\u00f3n JCE","author":"prenxa100","date":"10 de mayo de 2023","format":false,"excerpt":"SANTO DOMINGO.-.El Partido Fuerza del Pueblo (FP) y otras organizaciones pol\u00edticas someter\u00e1n en las pr\u00f3ximas horas un recurso en contra de la resoluci\u00f3n de la Junta Central Electoral (JCE) que estableci\u00f3 un 20 por ciento de las reservas en los diferentes niveles de elecci\u00f3n para los comicios del a\u00f1o 2024.\u2026","rel":"","context":"En \u00abSin categor\u00eda\u00bb","block_context":{"text":"Sin categor\u00eda","link":"https:\/\/lasprimeras.com.do\/index.php\/category\/sin-categoria\/"},"img":{"alt_text":"","src":"","width":0,"height":0},"classes":[]},{"id":52145,"url":"https:\/\/lasprimeras.com.do\/index.php\/2023\/06\/07\/fp-solicita-jce-realizar-simulacro-de-escrutinio-con-presencia-de-delegados\/","url_meta":{"origin":59050,"position":2},"title":"FP solicita JCE realizar simulacro de escrutinio con presencia de delegados","author":"prenxa100","date":"7 de junio de 2023","format":false,"excerpt":"El partido Fuerza del Pueblo (FP) solicit\u00f3 a la Junta Central Electoral (JCE) realizar un simulacro del proceso automatizaci\u00f3n del escrutinio con la participaci\u00f3n de los delegados de los partidos, movimientos y agrupaciones pol\u00edticas, con el objetivo de crear precedentes de confianza de cara a las elecciones municipales, congresuales y\u2026","rel":"","context":"En \u00abPORTADA\u00bb","block_context":{"text":"PORTADA","link":"https:\/\/lasprimeras.com.do\/index.php\/category\/portada\/"},"img":{"alt_text":"","src":"","width":0,"height":0},"classes":[]},{"id":50868,"url":"https:\/\/lasprimeras.com.do\/index.php\/2023\/05\/24\/fp-dice-jce-rectifico-y-reconocio-reclamos-de-oposicion\/","url_meta":{"origin":59050,"position":3},"title":"FP dice JCE rectific\u00f3 y reconoci\u00f3 reclamos de oposici\u00f3n","author":"prenxa100","date":"24 de mayo de 2023","format":false,"excerpt":"Santo Domingo.- El partido Fuerza del Pueblo (FP) asegur\u00f3 que la Junta Central Electoral (JCE) con la resoluci\u00f3n No. 14-2023 rectific\u00f3 y reconoci\u00f3 los reclamos de todos los partidos de la oposici\u00f3n, quienes demandaban el cumplimiento del art\u00edculo 136 de la ley 20-23 sobre r\u00e9gimen electoral. \u201cAl tomar esta decisi\u00f3n\u2026","rel":"","context":"En \u00abSin categor\u00eda\u00bb","block_context":{"text":"Sin categor\u00eda","link":"https:\/\/lasprimeras.com.do\/index.php\/category\/sin-categoria\/"},"img":{"alt_text":"","src":"","width":0,"height":0},"classes":[]},{"id":116638,"url":"https:\/\/lasprimeras.com.do\/index.php\/2025\/12\/02\/fuerza-del-pueblo-exige-a-la-jce-retirar-advertencia-por-propaganda-y-niega-violacion-electoral\/","url_meta":{"origin":59050,"position":4},"title":"Fuerza del Pueblo exige a la JCE retirar advertencia por propaganda y niega violaci\u00f3n electoral","author":"Nelson Feliz","date":"2 de diciembre de 2025","format":false,"excerpt":"En un acto de alguacil depositado el 2 de diciembre, el partido calific\u00f3 la imputaci\u00f3n como \"infundada\". La Fuerza del Pueblo (FP) exigi\u00f3 a la Junta Central Electoral (JCE) retirar la advertencia en la que se le atribuye presunta propaganda electoral prohibida durante la \"Marcha del Pueblo\", y neg\u00f3 de\u2026","rel":"","context":"En \u00abPOLITICA\u00bb","block_context":{"text":"POLITICA","link":"https:\/\/lasprimeras.com.do\/index.php\/category\/politica\/"},"img":{"alt_text":"","src":"https:\/\/i0.wp.com\/lasprimeras.com.do\/wp-content\/uploads\/2025\/12\/leonel-fernandez.jpg?resize=350%2C200&ssl=1","width":350,"height":200,"srcset":"https:\/\/i0.wp.com\/lasprimeras.com.do\/wp-content\/uploads\/2025\/12\/leonel-fernandez.jpg?resize=350%2C200&ssl=1 1x, https:\/\/i0.wp.com\/lasprimeras.com.do\/wp-content\/uploads\/2025\/12\/leonel-fernandez.jpg?resize=525%2C300&ssl=1 1.5x, https:\/\/i0.wp.com\/lasprimeras.com.do\/wp-content\/uploads\/2025\/12\/leonel-fernandez.jpg?resize=700%2C400&ssl=1 2x"},"classes":[]},{"id":57239,"url":"https:\/\/lasprimeras.com.do\/index.php\/2023\/08\/10\/fp-pide-explicacion-sobre-averias-de-internet-en-jce-advierte-podrian-afectar-elecciones-del-2024\/","url_meta":{"origin":59050,"position":5},"title":"FP pide explicaci\u00f3n sobre aver\u00edas de internet en JCE: Advierte podr\u00edan afectar elecciones del 2024","author":"Nelson Feliz","date":"10 de agosto de 2023","format":false,"excerpt":"El partido Fuerza del Pueblo (FP) pidi\u00f3 a la Junta Central Electoral (JCE) un informe bien detallado sobre las m\u00faltiples y diversas fallas del internet, que ha presentado la sede central de ese organismo, durante el presente a\u00f1o para la data m\u00f3vil y otros equipos de inform\u00e1tica. \u201cUna de esas\u2026","rel":"","context":"En \u00abPORTADA\u00bb","block_context":{"text":"PORTADA","link":"https:\/\/lasprimeras.com.do\/index.php\/category\/portada\/"},"img":{"alt_text":"Manuel Crespo","src":"https:\/\/i0.wp.com\/lasprimeras.com.do\/wp-content\/uploads\/2023\/08\/Manuel-Crespo.jpg?resize=350%2C200&ssl=1","width":350,"height":200,"srcset":"https:\/\/i0.wp.com\/lasprimeras.com.do\/wp-content\/uploads\/2023\/08\/Manuel-Crespo.jpg?resize=350%2C200&ssl=1 1x, https:\/\/i0.wp.com\/lasprimeras.com.do\/wp-content\/uploads\/2023\/08\/Manuel-Crespo.jpg?resize=525%2C300&ssl=1 1.5x, https:\/\/i0.wp.com\/lasprimeras.com.do\/wp-content\/uploads\/2023\/08\/Manuel-Crespo.jpg?resize=700%2C400&ssl=1 2x"},"classes":[]}],"jetpack_sharing_enabled":true,"_links":{"self":[{"href":"https:\/\/lasprimeras.com.do\/index.php\/wp-json\/wp\/v2\/posts\/59050","targetHints":{"allow":["GET"]}}],"collection":[{"href":"https:\/\/lasprimeras.com.do\/index.php\/wp-json\/wp\/v2\/posts"}],"about":[{"href":"https:\/\/lasprimeras.com.do\/index.php\/wp-json\/wp\/v2\/types\/post"}],"author":[{"embeddable":true,"href":"https:\/\/lasprimeras.com.do\/index.php\/wp-json\/wp\/v2\/users\/2"}],"replies":[{"embeddable":true,"href":"https:\/\/lasprimeras.com.do\/index.php\/wp-json\/wp\/v2\/comments?post=59050"}],"version-history":[{"count":1,"href":"https:\/\/lasprimeras.com.do\/index.php\/wp-json\/wp\/v2\/posts\/59050\/revisions"}],"predecessor-version":[{"id":59051,"href":"https:\/\/lasprimeras.com.do\/index.php\/wp-json\/wp\/v2\/posts\/59050\/revisions\/59051"}],"wp:featuredmedia":[{"embeddable":true,"href":"https:\/\/lasprimeras.com.do\/index.php\/wp-json\/wp\/v2\/media\/57672"}],"wp:attachment":[{"href":"https:\/\/lasprimeras.com.do\/index.php\/wp-json\/wp\/v2\/media?parent=59050"}],"wp:term":[{"taxonomy":"category","embeddable":true,"href":"https:\/\/lasprimeras.com.do\/index.php\/wp-json\/wp\/v2\/categories?post=59050"},{"taxonomy":"post_tag","embeddable":true,"href":"https:\/\/lasprimeras.com.do\/index.php\/wp-json\/wp\/v2\/tags?post=59050"}],"curies":[{"name":"wp","href":"https:\/\/api.w.org\/{rel}","templated":true}]}}