{"id":59052,"date":"2023-08-30T11:15:05","date_gmt":"2023-08-30T15:15:05","guid":{"rendered":"https:\/\/lasprimeras.com.do\/?p=59052"},"modified":"2023-08-30T11:15:06","modified_gmt":"2023-08-30T15:15:06","slug":"senado-aprueba-en-primera-lectura-el-proyecto-de-ley-de-bienes-incautados","status":"publish","type":"post","link":"https:\/\/lasprimeras.com.do\/index.php\/2023\/08\/30\/senado-aprueba-en-primera-lectura-el-proyecto-de-ley-de-bienes-incautados\/","title":{"rendered":"Senado aprueba en primera lectura el proyecto de ley de bienes incautados"},"content":{"rendered":"\n<p>Tras su reintroducci\u00f3n en esta legislatura, el Senado de la Rep\u00fablica aprob\u00f3 este martes en primera lectura el proyecto de Ley para la Administraci\u00f3n y Disposici\u00f3n de Bienes Incautados, Decomisados y Abandonados en los Procesos Penales y en los Juicios de Extinci\u00f3n de Dominio.<\/p>\n\n\n\n<p>La iniciativa de los senadores de San Juan, F\u00e9lix Bautista y Ram\u00f3n Rogelio Genao, de La Vega, permitir\u00eda al Estado alquilar y vender los bienes incautados por narcotr\u00e1fico sin necesidad de una sentencia definitiva.<\/p>\n\n\n\n<p>Tiene por objeto establecer un sistema de administraci\u00f3n, control, mantenimiento de los bienes que sean incautados, secuestrados o abandonados en el curso de un proceso penal o de extinci\u00f3n de dominio, as\u00ed como su destino final en los casos en que se disponga su decomiso o se declare la extinci\u00f3n de dominio mediante sentencia definitiva.<\/p>\n\n\n\n<p>Seg\u00fan el art\u00edculo 70 de la pieza, la instituci\u00f3n encargada de administrar los bienes incautados podr\u00e1 vender los patrimonios sin esperar una sentencia definitiva de decomiso.<\/p>\n\n\n\n<p>\u00c1mbito de aplicaci\u00f3n<\/p>\n\n\n\n<p>Las disposiciones de esta ley ser\u00e1n aplicables a todos los bienes que sean incautados, secuestrados o abandonados en el curso de un proceso penal o de extinci\u00f3n de dominio, as\u00ed como a aquellos respecto de los cuales una sentencia definitiva declar\u00f3 su decomiso o la extinci\u00f3n de dominio.<\/p>\n","protected":false},"excerpt":{"rendered":"<p>Tras su reintroducci\u00f3n en esta legislatura, el Senado de la Rep\u00fablica aprob\u00f3 este martes en primera lectura el proyecto de Ley para la Administraci\u00f3n y Disposici\u00f3n de Bienes Incautados, Decomisados&hellip;<\/p>\n","protected":false},"author":2,"featured_media":59053,"comment_status":"open","ping_status":"open","sticky":false,"template":"","format":"standard","meta":{"content-type":"","jetpack_post_was_ever_published":false,"_jetpack_newsletter_access":"","_jetpack_dont_email_post_to_subs":false,"_jetpack_newsletter_tier_id":0,"_jetpack_memberships_contains_paywalled_content":false,"_jetpack_memberships_contains_paid_content":false,"footnotes":""},"categories":[39],"tags":[3039,3041,411,276,413],"class_list":["post-59052","post","type-post","status-publish","format-standard","has-post-thumbnail","hentry","category-economia","tag-bienes","tag-incautados","tag-ley","tag-proyecto","tag-senado"],"jetpack_featured_media_url":"https:\/\/lasprimeras.com.do\/wp-content\/uploads\/2023\/08\/Felix-Bautista.jpg","jetpack-related-posts":[{"id":64940,"url":"https:\/\/lasprimeras.com.do\/index.php\/2023\/10\/24\/senado-convierte-en-ley-proyecto-crea-organismo-administrara-bienes-incautados\/","url_meta":{"origin":59052,"position":0},"title":"Senado convierte en Ley proyecto crea organismo administrar\u00e1 bienes incautados","author":"Nelson Feliz","date":"24 de octubre de 2023","format":false,"excerpt":"Los senadores adem\u00e1s aprobaron y convirtieron en ley el proyecto que sanciona el delito de Abigeato, que tipifica y sancionar la sustracci\u00f3n o robo de ganado mayor o menos, vivo, sacrificado o descuartizado en la Rep\u00fablica Dominicana. Por Martin Restituyo El pleno de senadores aprob\u00f3 este martes a unanimidad y\u2026","rel":"","context":"En \u00abNACIONALES\u00bb","block_context":{"text":"NACIONALES","link":"https:\/\/lasprimeras.com.do\/index.php\/category\/nacionales\/"},"img":{"alt_text":"senado","src":"https:\/\/i0.wp.com\/lasprimeras.com.do\/wp-content\/uploads\/2023\/10\/senado-1.jpg?resize=350%2C200&ssl=1","width":350,"height":200,"srcset":"https:\/\/i0.wp.com\/lasprimeras.com.do\/wp-content\/uploads\/2023\/10\/senado-1.jpg?resize=350%2C200&ssl=1 1x, https:\/\/i0.wp.com\/lasprimeras.com.do\/wp-content\/uploads\/2023\/10\/senado-1.jpg?resize=525%2C300&ssl=1 1.5x, https:\/\/i0.wp.com\/lasprimeras.com.do\/wp-content\/uploads\/2023\/10\/senado-1.jpg?resize=700%2C400&ssl=1 2x"},"classes":[]},{"id":65541,"url":"https:\/\/lasprimeras.com.do\/index.php\/2023\/10\/29\/abinader-promulga-ley-60-23-sobre-administracion-de-bienes-secuestrados-incautados-y-abandonados\/","url_meta":{"origin":59052,"position":1},"title":"Abinader promulga Ley 60-23, sobre administraci\u00f3n de bienes secuestrados, incautados y abandonados","author":"Nelson Feliz","date":"29 de octubre de 2023","format":false,"excerpt":"Al finalizar la tarde de este viernes 27 de octubre, el presidente Luis Abinader public\u00f3 la Ley 60-23. El nuevo texto legal hab\u00eda sido remitido desde el Senado el pasado mi\u00e9rcoles 25. La ley establece una serie de principios que rigen la administraci\u00f3n de todos los bienes sujetos al \u00e1mbito\u2026","rel":"","context":"En \u00abNACIONALES\u00bb","block_context":{"text":"NACIONALES","link":"https:\/\/lasprimeras.com.do\/index.php\/category\/nacionales\/"},"img":{"alt_text":"Gobierno dominicano","src":"https:\/\/i0.wp.com\/lasprimeras.com.do\/wp-content\/uploads\/2023\/08\/Palacio.jpg?resize=350%2C200&ssl=1","width":350,"height":200,"srcset":"https:\/\/i0.wp.com\/lasprimeras.com.do\/wp-content\/uploads\/2023\/08\/Palacio.jpg?resize=350%2C200&ssl=1 1x, https:\/\/i0.wp.com\/lasprimeras.com.do\/wp-content\/uploads\/2023\/08\/Palacio.jpg?resize=525%2C300&ssl=1 1.5x, https:\/\/i0.wp.com\/lasprimeras.com.do\/wp-content\/uploads\/2023\/08\/Palacio.jpg?resize=700%2C400&ssl=1 2x"},"classes":[]},{"id":78774,"url":"https:\/\/lasprimeras.com.do\/index.php\/2024\/03\/20\/designan-a-marte-castro-en-incabide\/","url_meta":{"origin":59052,"position":2},"title":"Designan a Marte Castro en INCABIDE","author":"BIMARY DE JES\u00daS Matos","date":"20 de marzo de 2024","format":false,"excerpt":"Santo Domingo.-El presidente Luis Abinader design\u00f3 ayer al obispo Jes\u00fas Castro Marte y Julio Miguel \u00c1ngel Casta\u00f1os Guzm\u00e1n miembros del Consejo Directivo del Instituto Nacional de Custodia y Administraci\u00f3n de Bienes Incautados, Decomisados y en Extinci\u00f3n de Dominio. La medida est\u00e1 en el decreto 156-24 y responde a la Ley\u2026","rel":"","context":"En \u00abNACIONALES\u00bb","block_context":{"text":"NACIONALES","link":"https:\/\/lasprimeras.com.do\/index.php\/category\/nacionales\/"},"img":{"alt_text":"","src":"https:\/\/i0.wp.com\/lasprimeras.com.do\/wp-content\/uploads\/2024\/03\/homicidio-exdirector-de-pn-impactado-por-muerte-a-tiros-de-su-tio-focus-min0.43-0.39-608-342.webp?resize=350%2C200&ssl=1","width":350,"height":200,"srcset":"https:\/\/i0.wp.com\/lasprimeras.com.do\/wp-content\/uploads\/2024\/03\/homicidio-exdirector-de-pn-impactado-por-muerte-a-tiros-de-su-tio-focus-min0.43-0.39-608-342.webp?resize=350%2C200&ssl=1 1x, https:\/\/i0.wp.com\/lasprimeras.com.do\/wp-content\/uploads\/2024\/03\/homicidio-exdirector-de-pn-impactado-por-muerte-a-tiros-de-su-tio-focus-min0.43-0.39-608-342.webp?resize=525%2C300&ssl=1 1.5x, https:\/\/i0.wp.com\/lasprimeras.com.do\/wp-content\/uploads\/2024\/03\/homicidio-exdirector-de-pn-impactado-por-muerte-a-tiros-de-su-tio-focus-min0.43-0.39-608-342.webp?resize=700%2C400&ssl=1 2x"},"classes":[]},{"id":54482,"url":"https:\/\/lasprimeras.com.do\/index.php\/2023\/07\/11\/ocabid-participa-entrenamiento-con-the-u-s-marshals-service-de-los-ee-uu\/","url_meta":{"origin":59052,"position":3},"title":"OCABID participa entrenamiento con The U.S. Marshals Service de los EE.UU.","author":"Nelson Feliz","date":"11 de julio de 2023","format":false,"excerpt":"Funcionarios de la Oficina de Custodia y Administraci\u00f3n de Bienes Incautados y Decomisados (OCABID) participaron en un entrenamiento con la agencia federal The U.S. Marshals Service de los Estados Unidos, sobre procesos y sistemas de gesti\u00f3n de bienes incautados y decomisados. El adiestramiento, realizado en la ciudad de Washington, forma\u2026","rel":"","context":"En \u00abNACIONALES\u00bb","block_context":{"text":"NACIONALES","link":"https:\/\/lasprimeras.com.do\/index.php\/category\/nacionales\/"},"img":{"alt_text":"Manuel Oviedo Estrada","src":"https:\/\/i0.wp.com\/lasprimeras.com.do\/wp-content\/uploads\/2023\/07\/Manuel-Oviedo-director-OCABID.jpg?resize=350%2C200&ssl=1","width":350,"height":200,"srcset":"https:\/\/i0.wp.com\/lasprimeras.com.do\/wp-content\/uploads\/2023\/07\/Manuel-Oviedo-director-OCABID.jpg?resize=350%2C200&ssl=1 1x, https:\/\/i0.wp.com\/lasprimeras.com.do\/wp-content\/uploads\/2023\/07\/Manuel-Oviedo-director-OCABID.jpg?resize=525%2C300&ssl=1 1.5x, https:\/\/i0.wp.com\/lasprimeras.com.do\/wp-content\/uploads\/2023\/07\/Manuel-Oviedo-director-OCABID.jpg?resize=700%2C400&ssl=1 2x"},"classes":[]},{"id":65692,"url":"https:\/\/lasprimeras.com.do\/index.php\/2023\/10\/30\/abinader-sobre-ley-de-bienes-incautados-es-una-ley-obviamente-controversial-pero-necesaria\/","url_meta":{"origin":59052,"position":4},"title":"Abinader sobre ley de bienes incautados: &#8220;Es una ley obviamente controversial, pero necesaria&#8221;","author":"Nelson Feliz","date":"30 de octubre de 2023","format":false,"excerpt":"El presidente Luis Abinader dijo este lunes que la Ley 60-23 sobre Bienes Incautados es una \"ley obviamente controversial, pero era necesaria\". \"Era necesaria porque muchas veces esos bienes, incluso, cuando son bienes muebles al final se da\u00f1an, un veh\u00edculo se da\u00f1a y no vale para nadie\", sentenci\u00f3. Adem\u00e1s, dio\u2026","rel":"","context":"En \u00abNACIONALES\u00bb","block_context":{"text":"NACIONALES","link":"https:\/\/lasprimeras.com.do\/index.php\/category\/nacionales\/"},"img":{"alt_text":"Luis Abinader en La Semanal con la Prensa","src":"https:\/\/i0.wp.com\/lasprimeras.com.do\/wp-content\/uploads\/2023\/10\/Luis-Abinader-en-La-Semanal-con-la-Prensa.jpg?resize=350%2C200&ssl=1","width":350,"height":200,"srcset":"https:\/\/i0.wp.com\/lasprimeras.com.do\/wp-content\/uploads\/2023\/10\/Luis-Abinader-en-La-Semanal-con-la-Prensa.jpg?resize=350%2C200&ssl=1 1x, https:\/\/i0.wp.com\/lasprimeras.com.do\/wp-content\/uploads\/2023\/10\/Luis-Abinader-en-La-Semanal-con-la-Prensa.jpg?resize=525%2C300&ssl=1 1.5x, https:\/\/i0.wp.com\/lasprimeras.com.do\/wp-content\/uploads\/2023\/10\/Luis-Abinader-en-La-Semanal-con-la-Prensa.jpg?resize=700%2C400&ssl=1 2x"},"classes":[]},{"id":48605,"url":"https:\/\/lasprimeras.com.do\/index.php\/2023\/05\/02\/director-de-la-ocabid-se-reune-con-presidente-de-la-suprema-corte-de-justicia\/","url_meta":{"origin":59052,"position":5},"title":"Director de la OCABID se re\u00fane con presidente de la Suprema Corte de Justicia","author":"prenxa100","date":"2 de mayo de 2023","format":false,"excerpt":"Santo Domingo: El director de la Oficina de Custodia y Administraci\u00f3n de Bienes Incautados y Decomisados (OCABID), Manuel Oviedo Estrada, se reuni\u00f3 con el presidente de la Suprema Corte de Justicia, Dr. Luis Henry Molina, con el objetivo de intercambiar impresiones y sentar las bases que permitan la coordinaci\u00f3n efectiva\u2026","rel":"","context":"En \u00abNACIONALES\u00bb","block_context":{"text":"NACIONALES","link":"https:\/\/lasprimeras.com.do\/index.php\/category\/nacionales\/"},"img":{"alt_text":"","src":"","width":0,"height":0},"classes":[]}],"jetpack_sharing_enabled":true,"_links":{"self":[{"href":"https:\/\/lasprimeras.com.do\/index.php\/wp-json\/wp\/v2\/posts\/59052","targetHints":{"allow":["GET"]}}],"collection":[{"href":"https:\/\/lasprimeras.com.do\/index.php\/wp-json\/wp\/v2\/posts"}],"about":[{"href":"https:\/\/lasprimeras.com.do\/index.php\/wp-json\/wp\/v2\/types\/post"}],"author":[{"embeddable":true,"href":"https:\/\/lasprimeras.com.do\/index.php\/wp-json\/wp\/v2\/users\/2"}],"replies":[{"embeddable":true,"href":"https:\/\/lasprimeras.com.do\/index.php\/wp-json\/wp\/v2\/comments?post=59052"}],"version-history":[{"count":1,"href":"https:\/\/lasprimeras.com.do\/index.php\/wp-json\/wp\/v2\/posts\/59052\/revisions"}],"predecessor-version":[{"id":59054,"href":"https:\/\/lasprimeras.com.do\/index.php\/wp-json\/wp\/v2\/posts\/59052\/revisions\/59054"}],"wp:featuredmedia":[{"embeddable":true,"href":"https:\/\/lasprimeras.com.do\/index.php\/wp-json\/wp\/v2\/media\/59053"}],"wp:attachment":[{"href":"https:\/\/lasprimeras.com.do\/index.php\/wp-json\/wp\/v2\/media?parent=59052"}],"wp:term":[{"taxonomy":"category","embeddable":true,"href":"https:\/\/lasprimeras.com.do\/index.php\/wp-json\/wp\/v2\/categories?post=59052"},{"taxonomy":"post_tag","embeddable":true,"href":"https:\/\/lasprimeras.com.do\/index.php\/wp-json\/wp\/v2\/tags?post=59052"}],"curies":[{"name":"wp","href":"https:\/\/api.w.org\/{rel}","templated":true}]}}