{"id":59058,"date":"2023-08-30T12:51:43","date_gmt":"2023-08-30T16:51:43","guid":{"rendered":"https:\/\/lasprimeras.com.do\/?p=59058"},"modified":"2023-08-30T23:41:38","modified_gmt":"2023-08-31T03:41:38","slug":"amaprosado-inicia-su-tradicional-encuentro-con-los-candidatos-con-la-asistencia-de-leonel-fernandez","status":"publish","type":"post","link":"https:\/\/lasprimeras.com.do\/index.php\/2023\/08\/30\/amaprosado-inicia-su-tradicional-encuentro-con-los-candidatos-con-la-asistencia-de-leonel-fernandez\/","title":{"rendered":"Amaprosado pospone &#8220;Encuentro con los candidatos&#8221; con la asistencia de Leonel Fern\u00e1ndez"},"content":{"rendered":"\n<p><strong>Andr\u00e9s Cosma invita a los comerciantes a acudir a la actividad.<\/strong><\/p>\n\n\n\n<p>La Asociaci\u00f3n de Mayoristas de Provisiones de Santo Domingo (Amaprosado) realizar\u00e1 a partir de este jueves su tradicional encuentro con los candidatos presidenciales, en los cuales los aspirantes podr\u00e1n presentar sus planes de gobierno con relaci\u00f3n a ese sector.<\/p>\n\n\n\n<p>Andr\u00e9s Cosma, presidente de Amaprosado, inform\u00f3 que el primero de los encuentros se realizar\u00e1 este jueves 31 de agosto y al mismo asistir\u00e1 el aspirante presidencial del partido Fuerza del Pueblo (FP), Leonel Fern\u00e1ndez.<\/p>\n\n\n\n<p>Indic\u00f3 que en las distintas jornadas los comerciantes podr\u00e1n hacer preguntas y escuchar de los principales candidatos la visi\u00f3n que tienen sobre ese sector.<\/p>\n\n\n\n<p>El primer encuentro est\u00e1 pautado a realizarse este jueves a las 5:00 de la tarde en el local de Amaprosado, ubicado en la avenida 27 de Febrero con Doctor Defill\u00f3, en el Distrito Nacional.<\/p>\n\n\n\n<p>Cosma sostuvo que en la actividad se dar\u00e1n cita los m\u00e1s importantes l\u00edderes del comercio del pa\u00eds del sector comercio de provisiones y dirigentes de las asociaciones y federaciones de comerciantes no solo mayoristas sino tambi\u00e9n detallistas.<\/p>\n\n\n\n<p>Agreg\u00f3 que &#8220;El encuentro con los candidatos&#8221; es un acercamiento con los aspirantes presidenciales que permitir\u00e1 conocer la visi\u00f3n de cada uno de ellos en favor del sector comercio de provisiones.<\/p>\n\n\n\n<p>Al realizar el anuncio, Cosma hizo un llamado a los comerciantes del sector para que asistan a la actividad.<\/p>\n\n\n\n<p>Dijo que en lo adelante ser\u00e1n realizados encuentros con los dem\u00e1s candidatos y se ir\u00e1n informando las fechas de cada una de esas actividades.<\/p>\n","protected":false},"excerpt":{"rendered":"<p>Andr\u00e9s Cosma invita a los comerciantes a acudir a la actividad. La Asociaci\u00f3n de Mayoristas de Provisiones de Santo Domingo (Amaprosado) realizar\u00e1 a partir de este jueves su tradicional encuentro&hellip;<\/p>\n","protected":false},"author":2,"featured_media":59121,"comment_status":"open","ping_status":"open","sticky":false,"template":"","format":"standard","meta":{"content-type":"","jetpack_post_was_ever_published":false,"_jetpack_newsletter_access":"","_jetpack_dont_email_post_to_subs":false,"_jetpack_newsletter_tier_id":0,"_jetpack_memberships_contains_paywalled_content":false,"_jetpack_memberships_contains_paid_content":false,"footnotes":""},"categories":[39,25],"tags":[3531,2621,2086,51],"class_list":["post-59058","post","type-post","status-publish","format-standard","has-post-thumbnail","hentry","category-economia","category-portada","tag-amaprosado","tag-candidatos","tag-encuentro","tag-leonel-fernandez"],"jetpack_featured_media_url":"https:\/\/lasprimeras.com.do\/wp-content\/uploads\/2023\/08\/WhatsApp-Image-2023-08-30-at-10.40.05-PM.jpeg","jetpack-related-posts":[{"id":82199,"url":"https:\/\/lasprimeras.com.do\/index.php\/2024\/04\/29\/candidatos-al-cn-plantean-retos-de-formalizacion-de-las-mipymes-en-conversatorio-de-amaprosado\/","url_meta":{"origin":59058,"position":0},"title":"Candidatos al CN plantean retos de formalizaci\u00f3n de las Mipymes en Conversatorio de Amaprosado","author":"Nelson Feliz","date":"29 de abril de 2024","format":false,"excerpt":"El senador por la provincia Santo Domingo y aspirante a la reelecci\u00f3n en ese cargo por el Partido Revolucionario Moderno (PRM), Antonio Taveras, manifest\u00f3 que trabaja en un proyecto de Ley que abarca la formalizaci\u00f3n empresarial para el beneficio de las micro, peque\u00f1as y medianas empresas (Mipymes). Al participar en\u2026","rel":"","context":"En \u00abECONOM\u00cdA\u00bb","block_context":{"text":"ECONOM\u00cdA","link":"https:\/\/lasprimeras.com.do\/index.php\/category\/economia\/"},"img":{"alt_text":"Amaprosado","src":"https:\/\/i0.wp.com\/lasprimeras.com.do\/wp-content\/uploads\/2024\/04\/Amaprosado-1.jpg?resize=350%2C200&ssl=1","width":350,"height":200,"srcset":"https:\/\/i0.wp.com\/lasprimeras.com.do\/wp-content\/uploads\/2024\/04\/Amaprosado-1.jpg?resize=350%2C200&ssl=1 1x, https:\/\/i0.wp.com\/lasprimeras.com.do\/wp-content\/uploads\/2024\/04\/Amaprosado-1.jpg?resize=525%2C300&ssl=1 1.5x, https:\/\/i0.wp.com\/lasprimeras.com.do\/wp-content\/uploads\/2024\/04\/Amaprosado-1.jpg?resize=700%2C400&ssl=1 2x"},"classes":[]},{"id":121670,"url":"https:\/\/lasprimeras.com.do\/index.php\/2026\/02\/06\/leonel-se-reune-con-industriales-y-comerciantes-en-santiago\/","url_meta":{"origin":59058,"position":1},"title":"Leonel se re\u00fane con industriales y comerciantes en Santiago","author":"Nelson Feliz","date":"6 de febrero de 2026","format":false,"excerpt":"Sostendr\u00e1 m\u00e1s encuentros con sectores empresariales, profesionales y sociales, adem\u00e1s de m\u00faltiples juramentaciones de nuevos miembros de la Fuerza del Pueblo. El presidente del partido Fuerza del Pueblo, Leonel Fern\u00e1ndez, inici\u00f3 este viernes una agenda de trabajo de tres d\u00edas en la provincia de Santiago con un encuentro con industriales\u2026","rel":"","context":"En \u00abPOLITICA\u00bb","block_context":{"text":"POLITICA","link":"https:\/\/lasprimeras.com.do\/index.php\/category\/politica\/"},"img":{"alt_text":"Leonel Fern\u00e1ndez","src":"https:\/\/i0.wp.com\/lasprimeras.com.do\/wp-content\/uploads\/2026\/02\/Leonel-Fernandez.jpg?resize=350%2C200&ssl=1","width":350,"height":200,"srcset":"https:\/\/i0.wp.com\/lasprimeras.com.do\/wp-content\/uploads\/2026\/02\/Leonel-Fernandez.jpg?resize=350%2C200&ssl=1 1x, https:\/\/i0.wp.com\/lasprimeras.com.do\/wp-content\/uploads\/2026\/02\/Leonel-Fernandez.jpg?resize=525%2C300&ssl=1 1.5x, https:\/\/i0.wp.com\/lasprimeras.com.do\/wp-content\/uploads\/2026\/02\/Leonel-Fernandez.jpg?resize=700%2C400&ssl=1 2x"},"classes":[]},{"id":104125,"url":"https:\/\/lasprimeras.com.do\/index.php\/2025\/07\/21\/amaprosado-llama-a-convocar-nuevo-dialogo-tripartita-sobre-el-proyecto-de-codigo-laboral\/","url_meta":{"origin":59058,"position":2},"title":"Amaprosado llama a convocar nuevo di\u00e1logo tripartita sobre el proyecto de C\u00f3digo Laboral","author":"Nelson Feliz","date":"21 de julio de 2025","format":false,"excerpt":"Olga Payero asume nueva directiva de esa entidad. La Asociaci\u00f3n de Mayoristas en provisiones de Santo Domingo (Amaprosado) hizo un llamado este domingo a que los diferentes sectores vuelvan a sentarse en la mesa del di\u00e1logo para tratar la reforma al C\u00f3digo Laboral, bajo el argumento de que de aprobarse\u2026","rel":"","context":"En \u00abECONOM\u00cdA\u00bb","block_context":{"text":"ECONOM\u00cdA","link":"https:\/\/lasprimeras.com.do\/index.php\/category\/economia\/"},"img":{"alt_text":"","src":"https:\/\/i0.wp.com\/lasprimeras.com.do\/wp-content\/uploads\/2025\/07\/amaprosado.jpg?resize=350%2C200&ssl=1","width":350,"height":200,"srcset":"https:\/\/i0.wp.com\/lasprimeras.com.do\/wp-content\/uploads\/2025\/07\/amaprosado.jpg?resize=350%2C200&ssl=1 1x, https:\/\/i0.wp.com\/lasprimeras.com.do\/wp-content\/uploads\/2025\/07\/amaprosado.jpg?resize=525%2C300&ssl=1 1.5x, https:\/\/i0.wp.com\/lasprimeras.com.do\/wp-content\/uploads\/2025\/07\/amaprosado.jpg?resize=700%2C400&ssl=1 2x"},"classes":[]},{"id":68630,"url":"https:\/\/lasprimeras.com.do\/index.php\/2023\/11\/26\/amaprosado-solicita-representacion-del-comercio-en-organismos-gubernamentales\/","url_meta":{"origin":59058,"position":3},"title":"Amaprosado solicita representaci\u00f3n del comercio en organismos gubernamentales","author":"Nelson Feliz","date":"26 de noviembre de 2023","format":false,"excerpt":"Andr\u00e9s Cosma dice por grandes aportes a la econom\u00eda, Amaprosado requiere donde hacer propuestas. El presidente de la Asociaci\u00f3n de Mayoristas de Provisiones de Santo Domingo (Amaprosado), Andr\u00e9s Cosma, manifest\u00f3 que, a pesar de los aportes del comercio de provisiones a la econom\u00eda nacional, ese sector no dispone de representaci\u00f3n\u2026","rel":"","context":"En \u00abECONOM\u00cdA\u00bb","block_context":{"text":"ECONOM\u00cdA","link":"https:\/\/lasprimeras.com.do\/index.php\/category\/economia\/"},"img":{"alt_text":"Andr\u00e9s Cosma","src":"https:\/\/i0.wp.com\/lasprimeras.com.do\/wp-content\/uploads\/2023\/11\/Cosma-1.jpg?resize=350%2C200&ssl=1","width":350,"height":200,"srcset":"https:\/\/i0.wp.com\/lasprimeras.com.do\/wp-content\/uploads\/2023\/11\/Cosma-1.jpg?resize=350%2C200&ssl=1 1x, https:\/\/i0.wp.com\/lasprimeras.com.do\/wp-content\/uploads\/2023\/11\/Cosma-1.jpg?resize=525%2C300&ssl=1 1.5x, https:\/\/i0.wp.com\/lasprimeras.com.do\/wp-content\/uploads\/2023\/11\/Cosma-1.jpg?resize=700%2C400&ssl=1 2x"},"classes":[]},{"id":115719,"url":"https:\/\/lasprimeras.com.do\/index.php\/2025\/11\/24\/amaprosado-llama-al-comportamiento-etico-de-los-comercios-en-viernes-negro-y-navidad\/","url_meta":{"origin":59058,"position":4},"title":"Amaprosado llama al comportamiento \u00e9tico de los comercios en Viernes Negro y Navidad","author":"Nelson Feliz","date":"24 de noviembre de 2025","format":false,"excerpt":"La directiva de Amaprosado celebr\u00f3 el 64 aniversario de la entidad con un mensaje de unidad La Asociaci\u00f3n Mayorista de Provisiones de Santo Domingo (Amaprosado) hizo un firme llamado a la transparencia y al comportamiento \u00e9tico de los comercios del pa\u00eds ante el incremento de ventas que genera el Viernes\u2026","rel":"","context":"En \u00abECONOM\u00cdA\u00bb","block_context":{"text":"ECONOM\u00cdA","link":"https:\/\/lasprimeras.com.do\/index.php\/category\/economia\/"},"img":{"alt_text":"","src":"https:\/\/i0.wp.com\/lasprimeras.com.do\/wp-content\/uploads\/2025\/11\/amaprosado-1.jpg?resize=350%2C200&ssl=1","width":350,"height":200,"srcset":"https:\/\/i0.wp.com\/lasprimeras.com.do\/wp-content\/uploads\/2025\/11\/amaprosado-1.jpg?resize=350%2C200&ssl=1 1x, https:\/\/i0.wp.com\/lasprimeras.com.do\/wp-content\/uploads\/2025\/11\/amaprosado-1.jpg?resize=525%2C300&ssl=1 1.5x, https:\/\/i0.wp.com\/lasprimeras.com.do\/wp-content\/uploads\/2025\/11\/amaprosado-1.jpg?resize=700%2C400&ssl=1 2x"},"classes":[]},{"id":86056,"url":"https:\/\/lasprimeras.com.do\/index.php\/2024\/07\/16\/amaprosado-confirma-arroz-ha-aumentado-permanentemente-este-ano\/","url_meta":{"origin":59058,"position":5},"title":"AMAPROSADO confirma arroz ha aumentado permanentemente este a\u00f1o","author":"Nelson Feliz","date":"16 de julio de 2024","format":false,"excerpt":"La Asociaci\u00f3n de Mayoristas de Provisiones de Santo Domingo (Amaprosado), Andr\u00e9s Cosma, sostuvo hoy que el precio del arroz ha aumentado permanentemente en los \u00faltimos meses, afectando a la poblaci\u00f3n dominicana. Cosma, manifest\u00f3 que el saco de 125 libras de arroz, se est\u00e1 comercializando a RD $4,100.00 pesos, lo que\u2026","rel":"","context":"En \u00abSin categor\u00eda\u00bb","block_context":{"text":"Sin categor\u00eda","link":"https:\/\/lasprimeras.com.do\/index.php\/category\/sin-categoria\/"},"img":{"alt_text":"Andr\u00e9s Cosma","src":"https:\/\/i0.wp.com\/lasprimeras.com.do\/wp-content\/uploads\/2024\/06\/Andres-Cosma.jpg?resize=350%2C200&ssl=1","width":350,"height":200,"srcset":"https:\/\/i0.wp.com\/lasprimeras.com.do\/wp-content\/uploads\/2024\/06\/Andres-Cosma.jpg?resize=350%2C200&ssl=1 1x, https:\/\/i0.wp.com\/lasprimeras.com.do\/wp-content\/uploads\/2024\/06\/Andres-Cosma.jpg?resize=525%2C300&ssl=1 1.5x, https:\/\/i0.wp.com\/lasprimeras.com.do\/wp-content\/uploads\/2024\/06\/Andres-Cosma.jpg?resize=700%2C400&ssl=1 2x"},"classes":[]}],"jetpack_sharing_enabled":true,"_links":{"self":[{"href":"https:\/\/lasprimeras.com.do\/index.php\/wp-json\/wp\/v2\/posts\/59058","targetHints":{"allow":["GET"]}}],"collection":[{"href":"https:\/\/lasprimeras.com.do\/index.php\/wp-json\/wp\/v2\/posts"}],"about":[{"href":"https:\/\/lasprimeras.com.do\/index.php\/wp-json\/wp\/v2\/types\/post"}],"author":[{"embeddable":true,"href":"https:\/\/lasprimeras.com.do\/index.php\/wp-json\/wp\/v2\/users\/2"}],"replies":[{"embeddable":true,"href":"https:\/\/lasprimeras.com.do\/index.php\/wp-json\/wp\/v2\/comments?post=59058"}],"version-history":[{"count":2,"href":"https:\/\/lasprimeras.com.do\/index.php\/wp-json\/wp\/v2\/posts\/59058\/revisions"}],"predecessor-version":[{"id":59123,"href":"https:\/\/lasprimeras.com.do\/index.php\/wp-json\/wp\/v2\/posts\/59058\/revisions\/59123"}],"wp:featuredmedia":[{"embeddable":true,"href":"https:\/\/lasprimeras.com.do\/index.php\/wp-json\/wp\/v2\/media\/59121"}],"wp:attachment":[{"href":"https:\/\/lasprimeras.com.do\/index.php\/wp-json\/wp\/v2\/media?parent=59058"}],"wp:term":[{"taxonomy":"category","embeddable":true,"href":"https:\/\/lasprimeras.com.do\/index.php\/wp-json\/wp\/v2\/categories?post=59058"},{"taxonomy":"post_tag","embeddable":true,"href":"https:\/\/lasprimeras.com.do\/index.php\/wp-json\/wp\/v2\/tags?post=59058"}],"curies":[{"name":"wp","href":"https:\/\/api.w.org\/{rel}","templated":true}]}}