{"id":59061,"date":"2023-08-30T13:02:53","date_gmt":"2023-08-30T17:02:53","guid":{"rendered":"https:\/\/lasprimeras.com.do\/?p=59061"},"modified":"2023-08-30T13:02:55","modified_gmt":"2023-08-30T17:02:55","slug":"seaboard-anuncia-que-su-barcaza-estrella-del-mar-iii-fue-escogida-planta-del-ano-2023","status":"publish","type":"post","link":"https:\/\/lasprimeras.com.do\/index.php\/2023\/08\/30\/seaboard-anuncia-que-su-barcaza-estrella-del-mar-iii-fue-escogida-planta-del-ano-2023\/","title":{"rendered":"Seaboard anuncia que su barcaza Estrella del Mar III fue escogida \u201cPlanta del A\u00f1o 2023\u201d"},"content":{"rendered":"\n<p><strong>Destaca que la Planta Estrella del Mar III es un innovador proyecto de 148 MW que ejemplifica una soluci\u00f3n de energ\u00eda eficiente, ecol\u00f3gica, econ\u00f3mica y resiliente.<\/strong><\/p>\n\n\n\n<p>El vicepresidente ejecutivo de la empresa Seaboard Corporation Transcontinental Capital Corp. (Bermuda), Armando Rodr\u00edguez, anunci\u00f3 hoy que la barcaza flotante Estrella del Mar III fue escogida como la \u201cPlanta del A\u00f1o 2023\u201d, por la mundialmente prestigiosa revista Power, especializada en la industria de generaci\u00f3n de electricidad.<\/p>\n\n\n\n<p>Este es el m\u00e1s alto honor que otorga cada a\u00f1o dicha revista Power, y al seleccionar la planta flotante Estrella del Mar III, sobre todos los dem\u00e1s proyectos de generaci\u00f3n de electricidad puestos en servicio en el mundo durante el pasado a\u00f1o, se hizo menci\u00f3n espec\u00edfica de \u00e9sta ser &#8220;la primera barcaza flotante de turbina de gas de ciclo combinado de su tipo que cumple con una notable variedad de demandas de sistemas de energ\u00eda moderno\u201d.<\/p>\n\n\n\n<p>Durante un encuentro-almuerzo con miembros de los medios de comunicaci\u00f3n tradicionales y digitales, el se\u00f1or Armando Rodr\u00edguez, resalt\u00f3 que la reconocida periodista Sonal Patel, editora asociado senior de la revista Power, indic\u00f3 en un art\u00edculo que, Estrella del Mar III tambi\u00e9n trabaja con una turbina de gas-flexible, que se puede modificar f\u00e1cilmente para quemar hidr\u00f3geno seg\u00fan sea necesario.<\/p>\n\n\n\n<p>Asimismo, sostuvo que &#8220;integra una soluci\u00f3n de almacenamiento de energ\u00eda de bater\u00eda, asegurando que Estrella del Mar III este equipada para abordar los obst\u00e1culos presentes y futuros anticipados dentro de un panorama energ\u00e9tico que cambia r\u00e1pidamente&#8221;.<\/p>\n\n\n\n<p>Armando Rodr\u00edguez aprovech\u00f3 la ocasi\u00f3n para resaltar el alto grado del compromiso econ\u00f3mico y social que la empresa mantiene con el pa\u00eds.<\/p>\n\n\n\n<p>Con activos netos de alrededor de USD$350 millones, Transcontinental Capital Corp. (Bermuda), LTD. es, desde 1990, el productor privado de generaci\u00f3n pionero en la Rep\u00fablica Dominicana, habiendo ya desarrollado 4 proyectos, cada uno de mayor capacidad, eficiencia y mejor desempe\u00f1o medioambiental que el anterior.<\/p>\n\n\n\n<p>Algunos de los datos que presenta la revista Power sobre la referida planta est\u00e1n, que es un innovador proyecto de 148 MW que ejemplifica una soluci\u00f3n de energ\u00eda eficiente, ecol\u00f3gica, econ\u00f3mica y resiliente.<\/p>\n\n\n\n<p>En su discurso, Armando Rodr\u00edguez record\u00f3 que Estrella del Mar III arrib\u00f3 a la Rep\u00fablica Dominicana en mayo del 2021, siendo puesta a flote en la Bah\u00eda de Ocoa desde donde fue remolcada hasta su ubicaci\u00f3n actual en la ribera occidental del R\u00edo Ozama, donde fue puesta en operaci\u00f3n comercial el 1ro de junio del 2022, manteni\u00e9ndose en operaci\u00f3n desde entonces.<\/p>\n","protected":false},"excerpt":{"rendered":"<p>Destaca que la Planta Estrella del Mar III es un innovador proyecto de 148 MW que ejemplifica una soluci\u00f3n de energ\u00eda eficiente, ecol\u00f3gica, econ\u00f3mica y resiliente. El vicepresidente ejecutivo de&hellip;<\/p>\n","protected":false},"author":2,"featured_media":59062,"comment_status":"open","ping_status":"open","sticky":false,"template":"","format":"standard","meta":{"content-type":"","jetpack_post_was_ever_published":false,"_jetpack_newsletter_access":"","_jetpack_dont_email_post_to_subs":false,"_jetpack_newsletter_tier_id":0,"_jetpack_memberships_contains_paywalled_content":false,"_jetpack_memberships_contains_paid_content":false,"footnotes":""},"categories":[39,25],"tags":[3032,6893,6894,6895,1011,1286],"class_list":["post-59061","post","type-post","status-publish","format-standard","has-post-thumbnail","hentry","category-economia","category-portada","tag-barcaza","tag-estrella-del-mar-iii","tag-planta-del-ano-2023","tag-power","tag-revista","tag-seaboard"],"jetpack_featured_media_url":"https:\/\/lasprimeras.com.do\/wp-content\/uploads\/2023\/08\/Armando-Rodriguez.jpg","jetpack-related-posts":[{"id":109300,"url":"https:\/\/lasprimeras.com.do\/index.php\/2025\/09\/16\/karpowership-solicita-permiso-ambiental-para-operar-tercera-barcaza-de-generacion-electrica-en-azua\/","url_meta":{"origin":59061,"position":0},"title":"Karpowership solicita permiso ambiental para operar tercera barcaza de generaci\u00f3n el\u00e9ctrica en Azua","author":"Nelson Feliz","date":"16 de septiembre de 2025","format":false,"excerpt":"El Ministerio de Medio Ambiente eval\u00faa una propuesta de modificaci\u00f3n de la licencia ambiental que posee la empresa Karpowership, que opera dos barcazas ubicadas en Azua, para expandir ese sistema con una nueva central el\u00e9ctrica dentro del pol\u00edgono autorizado por las autoridades. As\u00ed lo inform\u00f3 el viceministro de Gesti\u00f3n Ambiental\u2026","rel":"","context":"En \u00abNACIONALES\u00bb","block_context":{"text":"NACIONALES","link":"https:\/\/lasprimeras.com.do\/index.php\/category\/nacionales\/"},"img":{"alt_text":"","src":"https:\/\/i0.wp.com\/lasprimeras.com.do\/wp-content\/uploads\/2025\/09\/Una-tercera-barcaza.jpg?resize=350%2C200&ssl=1","width":350,"height":200,"srcset":"https:\/\/i0.wp.com\/lasprimeras.com.do\/wp-content\/uploads\/2025\/09\/Una-tercera-barcaza.jpg?resize=350%2C200&ssl=1 1x, https:\/\/i0.wp.com\/lasprimeras.com.do\/wp-content\/uploads\/2025\/09\/Una-tercera-barcaza.jpg?resize=525%2C300&ssl=1 1.5x, https:\/\/i0.wp.com\/lasprimeras.com.do\/wp-content\/uploads\/2025\/09\/Una-tercera-barcaza.jpg?resize=700%2C400&ssl=1 2x"},"classes":[]},{"id":107830,"url":"https:\/\/lasprimeras.com.do\/index.php\/2025\/08\/31\/llega-al-pais-buque-que-alimentara-de-gas-natural-a-la-planta-termoelectrica-manzanillo-power-land\/","url_meta":{"origin":59061,"position":1},"title":"Llega al pa\u00eds buque que alimentar\u00e1 de gas natural a la planta termoel\u00e9ctrica Manzanillo Power Land","author":"Nelson Feliz","date":"31 de agosto de 2025","format":false,"excerpt":"La desarrolladora de la planta Manzanillo Power Land, Energ\u00eda 2000, comunic\u00f3 este domingo la llegada a la Bah\u00eda de Manzanillo del buque \"Energos Freeze\", una unidad flotante de almacenamiento y regasificaci\u00f3n de gas natural licuado (FSRU, por sus siglas en ingl\u00e9s), lo que contribuir\u00e1 \"mitigar los apagones\". Seg\u00fan una nota\u2026","rel":"","context":"En \u00abECONOM\u00cdA\u00bb","block_context":{"text":"ECONOM\u00cdA","link":"https:\/\/lasprimeras.com.do\/index.php\/category\/economia\/"},"img":{"alt_text":"","src":"https:\/\/i0.wp.com\/lasprimeras.com.do\/wp-content\/uploads\/2025\/08\/manzanillo-power-land-recibe-fsru-que-garantiza-gas-natural-dcf53f6d-focus-0-0-896-504.jpg?resize=350%2C200&ssl=1","width":350,"height":200,"srcset":"https:\/\/i0.wp.com\/lasprimeras.com.do\/wp-content\/uploads\/2025\/08\/manzanillo-power-land-recibe-fsru-que-garantiza-gas-natural-dcf53f6d-focus-0-0-896-504.jpg?resize=350%2C200&ssl=1 1x, https:\/\/i0.wp.com\/lasprimeras.com.do\/wp-content\/uploads\/2025\/08\/manzanillo-power-land-recibe-fsru-que-garantiza-gas-natural-dcf53f6d-focus-0-0-896-504.jpg?resize=525%2C300&ssl=1 1.5x, https:\/\/i0.wp.com\/lasprimeras.com.do\/wp-content\/uploads\/2025\/08\/manzanillo-power-land-recibe-fsru-que-garantiza-gas-natural-dcf53f6d-focus-0-0-896-504.jpg?resize=700%2C400&ssl=1 2x"},"classes":[]},{"id":88118,"url":"https:\/\/lasprimeras.com.do\/index.php\/2024\/08\/22\/buque-anclado-cerca-del-malecon-es-propiedad-de-empresa-que-opera-barcazas-en-azua\/","url_meta":{"origin":59061,"position":2},"title":"Buque anclado cerca del Malec\u00f3n es propiedad de empresa que opera barcazas en Azua","author":"Nelson Feliz","date":"22 de agosto de 2024","format":false,"excerpt":"Desde el pasado 9 de agosto se encuentra anclado en territorio nacional, pr\u00f3ximo al Malec\u00f3n de Santo Domingo espec\u00edficamente, el buque Karmol LNGT Powership Europe, propiedad de la empresa Karpowership, que opera las barcazas de generaci\u00f3n el\u00e9ctrica apostadas en Azua. Sin embargo, contrario a las embarcaciones ubicadas en el distrito\u2026","rel":"","context":"En \u00abNACIONALES\u00bb","block_context":{"text":"NACIONALES","link":"https:\/\/lasprimeras.com.do\/index.php\/category\/nacionales\/"},"img":{"alt_text":"El buque Karmol, que almacena gas natural, est\u00e1 anclado en aguas de Santo Domingo. (EDDY VITTINI)","src":"https:\/\/i0.wp.com\/lasprimeras.com.do\/wp-content\/uploads\/2024\/08\/El-buque-Karmol-scaled.jpg?resize=350%2C200&ssl=1","width":350,"height":200,"srcset":"https:\/\/i0.wp.com\/lasprimeras.com.do\/wp-content\/uploads\/2024\/08\/El-buque-Karmol-scaled.jpg?resize=350%2C200&ssl=1 1x, https:\/\/i0.wp.com\/lasprimeras.com.do\/wp-content\/uploads\/2024\/08\/El-buque-Karmol-scaled.jpg?resize=525%2C300&ssl=1 1.5x, https:\/\/i0.wp.com\/lasprimeras.com.do\/wp-content\/uploads\/2024\/08\/El-buque-Karmol-scaled.jpg?resize=700%2C400&ssl=1 2x, https:\/\/i0.wp.com\/lasprimeras.com.do\/wp-content\/uploads\/2024\/08\/El-buque-Karmol-scaled.jpg?resize=1050%2C600&ssl=1 3x, https:\/\/i0.wp.com\/lasprimeras.com.do\/wp-content\/uploads\/2024\/08\/El-buque-Karmol-scaled.jpg?resize=1400%2C800&ssl=1 4x"},"classes":[]},{"id":59181,"url":"https:\/\/lasprimeras.com.do\/index.php\/2023\/08\/31\/medio-ambiente-investiga-derrame-de-combustible-en-la-planta-electrica-que-opera-en-azua\/","url_meta":{"origin":59061,"position":3},"title":"Medio Ambiente investiga derrame de combustible en la planta el\u00e9ctrica que opera en Azua","author":"Nelson Feliz","date":"31 de agosto de 2023","format":false,"excerpt":"Un equipo t\u00e9cnico del Ministerio de Medio Ambiente y Recursos Naturales realiz\u00f3 una inspecci\u00f3n a la barcaza de la empresa Karpowership que opera en Puerto Viejo de Azua, luego que la dependencia oficial recibiera una denuncia sobre un derrame de combustible. \u201cNuestros t\u00e9cnicos realizan una evaluaci\u00f3n de la situaci\u00f3n. Medio\u2026","rel":"","context":"En \u00abNACIONALES\u00bb","block_context":{"text":"NACIONALES","link":"https:\/\/lasprimeras.com.do\/index.php\/category\/nacionales\/"},"img":{"alt_text":"Barcaza en Los Negros, provincia Azua","src":"https:\/\/i0.wp.com\/lasprimeras.com.do\/wp-content\/uploads\/2023\/08\/Barcaza-en-Los-Negros-provincia-Azua.jpg?resize=350%2C200&ssl=1","width":350,"height":200,"srcset":"https:\/\/i0.wp.com\/lasprimeras.com.do\/wp-content\/uploads\/2023\/08\/Barcaza-en-Los-Negros-provincia-Azua.jpg?resize=350%2C200&ssl=1 1x, https:\/\/i0.wp.com\/lasprimeras.com.do\/wp-content\/uploads\/2023\/08\/Barcaza-en-Los-Negros-provincia-Azua.jpg?resize=525%2C300&ssl=1 1.5x, https:\/\/i0.wp.com\/lasprimeras.com.do\/wp-content\/uploads\/2023\/08\/Barcaza-en-Los-Negros-provincia-Azua.jpg?resize=700%2C400&ssl=1 2x"},"classes":[]},{"id":59830,"url":"https:\/\/lasprimeras.com.do\/index.php\/2023\/09\/07\/mpresa-dice-implementa-medidas-adicionales-tras-derrame-en-barcazas-de-azua\/","url_meta":{"origin":59061,"position":4},"title":"mpresa dice implementa &#8220;medidas adicionales&#8221; tras derrame en barcazas de Azua","author":"Nelson Feliz","date":"7 de septiembre de 2023","format":false,"excerpt":"La empresa Karadeniz Powership, encargada de las operaciones de las barcazas ubicadas en Los Negros, provincia Azua, inform\u00f3 que ha implementado medidas adicionales en sus instalaciones, tras el derrame registrado la semana pasada en la planta. \"Tras realizar un detallado an\u00e1lisis del incidente, hemos implementado medidas adicionales en nuestras instalaciones.\u2026","rel":"","context":"En \u00abNACIONALES\u00bb","block_context":{"text":"NACIONALES","link":"https:\/\/lasprimeras.com.do\/index.php\/category\/nacionales\/"},"img":{"alt_text":"","src":"https:\/\/i0.wp.com\/lasprimeras.com.do\/wp-content\/uploads\/2023\/09\/barcaza.jpg?resize=350%2C200&ssl=1","width":350,"height":200,"srcset":"https:\/\/i0.wp.com\/lasprimeras.com.do\/wp-content\/uploads\/2023\/09\/barcaza.jpg?resize=350%2C200&ssl=1 1x, https:\/\/i0.wp.com\/lasprimeras.com.do\/wp-content\/uploads\/2023\/09\/barcaza.jpg?resize=525%2C300&ssl=1 1.5x, https:\/\/i0.wp.com\/lasprimeras.com.do\/wp-content\/uploads\/2023\/09\/barcaza.jpg?resize=700%2C400&ssl=1 2x"},"classes":[]},{"id":66067,"url":"https:\/\/lasprimeras.com.do\/index.php\/2023\/11\/02\/eted-apuesta-por-la-transformacion-del-sector-electrico-para-el-desarrollo-economico-del-pais\/","url_meta":{"origin":59061,"position":5},"title":"ETED apuesta por la transformaci\u00f3n del sector el\u00e9ctrico para el desarrollo econ\u00f3mico del pa\u00eds","author":"Nelson Feliz","date":"2 de noviembre de 2023","format":false,"excerpt":"Celebra diecis\u00e9is a\u00f1os trabajando en la calidad, permanencia, eficiencia y estabilidad del servicio el\u00e9ctrico; reduce las p\u00e9rdidas en transmisi\u00f3n a un promedio de 1.65%. Arribando a su decimosexto aniversario, la Empresa de Transmisi\u00f3n El\u00e9ctrica Dominicana (ETED) ha impulsado el desarrollo y crecimiento de la econom\u00eda dominicana a trav\u00e9s del sector\u2026","rel":"","context":"En \u00abECONOM\u00cdA\u00bb","block_context":{"text":"ECONOM\u00cdA","link":"https:\/\/lasprimeras.com.do\/index.php\/category\/economia\/"},"img":{"alt_text":"Martin Robles","src":"https:\/\/i0.wp.com\/lasprimeras.com.do\/wp-content\/uploads\/2023\/11\/Martin-Robles.jpg?resize=350%2C200&ssl=1","width":350,"height":200,"srcset":"https:\/\/i0.wp.com\/lasprimeras.com.do\/wp-content\/uploads\/2023\/11\/Martin-Robles.jpg?resize=350%2C200&ssl=1 1x, https:\/\/i0.wp.com\/lasprimeras.com.do\/wp-content\/uploads\/2023\/11\/Martin-Robles.jpg?resize=525%2C300&ssl=1 1.5x, https:\/\/i0.wp.com\/lasprimeras.com.do\/wp-content\/uploads\/2023\/11\/Martin-Robles.jpg?resize=700%2C400&ssl=1 2x"},"classes":[]}],"jetpack_sharing_enabled":true,"_links":{"self":[{"href":"https:\/\/lasprimeras.com.do\/index.php\/wp-json\/wp\/v2\/posts\/59061","targetHints":{"allow":["GET"]}}],"collection":[{"href":"https:\/\/lasprimeras.com.do\/index.php\/wp-json\/wp\/v2\/posts"}],"about":[{"href":"https:\/\/lasprimeras.com.do\/index.php\/wp-json\/wp\/v2\/types\/post"}],"author":[{"embeddable":true,"href":"https:\/\/lasprimeras.com.do\/index.php\/wp-json\/wp\/v2\/users\/2"}],"replies":[{"embeddable":true,"href":"https:\/\/lasprimeras.com.do\/index.php\/wp-json\/wp\/v2\/comments?post=59061"}],"version-history":[{"count":1,"href":"https:\/\/lasprimeras.com.do\/index.php\/wp-json\/wp\/v2\/posts\/59061\/revisions"}],"predecessor-version":[{"id":59063,"href":"https:\/\/lasprimeras.com.do\/index.php\/wp-json\/wp\/v2\/posts\/59061\/revisions\/59063"}],"wp:featuredmedia":[{"embeddable":true,"href":"https:\/\/lasprimeras.com.do\/index.php\/wp-json\/wp\/v2\/media\/59062"}],"wp:attachment":[{"href":"https:\/\/lasprimeras.com.do\/index.php\/wp-json\/wp\/v2\/media?parent=59061"}],"wp:term":[{"taxonomy":"category","embeddable":true,"href":"https:\/\/lasprimeras.com.do\/index.php\/wp-json\/wp\/v2\/categories?post=59061"},{"taxonomy":"post_tag","embeddable":true,"href":"https:\/\/lasprimeras.com.do\/index.php\/wp-json\/wp\/v2\/tags?post=59061"}],"curies":[{"name":"wp","href":"https:\/\/api.w.org\/{rel}","templated":true}]}}