{"id":59115,"date":"2023-08-30T23:30:57","date_gmt":"2023-08-31T03:30:57","guid":{"rendered":"https:\/\/lasprimeras.com.do\/?p=59115"},"modified":"2023-08-30T23:30:59","modified_gmt":"2023-08-31T03:30:59","slug":"danilo-diaz-resolucion-de-la-jce-favorece-campana-reeleccionista","status":"publish","type":"post","link":"https:\/\/lasprimeras.com.do\/index.php\/2023\/08\/30\/danilo-diaz-resolucion-de-la-jce-favorece-campana-reeleccionista\/","title":{"rendered":"Danilo D\u00edaz: Resoluci\u00f3n de la JCE favorece campa\u00f1a reeleccionista"},"content":{"rendered":"\n<p class=\"wp-block-paragraph\"><strong>Es lamentable que la JCE haya preferido la confrontaci\u00f3n antes que el di\u00e1logo con los partidos pol\u00edticos, como establece la Ley.<\/strong><\/p>\n\n\n\n<p class=\"wp-block-paragraph\">El delegado pol\u00edtico suplente del Partido de la Liberaci\u00f3n Dominicana (PLD) ante la Junta Central Electoral, Danilo D\u00edaz, dijo que la ratificaci\u00f3n de ese organismo prohibiendo los m\u00edtines, marchas y vallas publicitarias durante la precampa\u00f1a tiene el prop\u00f3sito de sacar de las calles a los partidos de oposici\u00f3n y favorecer la campa\u00f1a reeleccionista del presidente Luis Abinader.<\/p>\n\n\n\n<p class=\"wp-block-paragraph\">\u201cEl Partido de la Liberaci\u00f3n Dominicana est\u00e1 impactado porque la Junta decidi\u00f3 recorrer el camino del distanciamiento con los partidos pol\u00edticos y acercarse a las propuestas y acercamiento del gobierno del PRM\u201d, declar\u00f3 D\u00edaz.<\/p>\n\n\n\n<p class=\"wp-block-paragraph\">El tambi\u00e9n miembro del Comit\u00e9 Pol\u00edtico del PLD record\u00f3 que el Partido de la Liberaci\u00f3n Dominicana, la Fuerza del Pueblo y el Partido Revolucionario Dominicana depositaron un recurso de reconsideraci\u00f3n al Comunicado de Admonici\u00f3n de la Junta Central Electoral y que la respuesta, ofrecida ese mismo d\u00eda, fue una resoluci\u00f3n ratificando su posici\u00f3n y complaciendo las presiones gubernamentales.<\/p>\n\n\n\n<p class=\"wp-block-paragraph\">\u201cSolicit\u00e1bamos sobre todo, una audiencia p\u00fablica que no ha sido celebrada tanto para emitir esta resoluci\u00f3n como tambi\u00e9n el comunicado de advertencia porque se han hecho al margen de reunirse y de escuchar a los partidos pol\u00edticos y en esa instancia que depositamos las fuerzas opositoras el PLD, Fuerza del Pueblo y el PRD, formalmente le solicitamos una audiencia p\u00fablica ignorando esa la respuesta fue una resoluci\u00f3n queriendo complacerla la presiones gubernamentales que hemos denunciado\u201d, dijo D\u00edaz.<\/p>\n\n\n\n<p class=\"wp-block-paragraph\">\u201cNosotros como partido y las dem\u00e1s fuerzas opositoras no reuniremos con los equipos t\u00e9cnicos y legales para conocer de la misma, pero indudablemente este camino que ha decidido recorrer la junta es un camino que puede traer consecuencias imprevisibles\u201d, advirti\u00f3 D\u00edaz.<\/p>\n\n\n\n<p class=\"wp-block-paragraph\">Refiri\u00f3 que adem\u00e1s del recurso de reconsideraci\u00f3n del Comunicado de Admonici\u00f3n de la Junta Central Electoral, los partidos de oposici\u00f3n solicitaron una audiencia p\u00fablica que igualmente ha sido obviada por el organismo comicial.<\/p>\n\n\n\n<p class=\"wp-block-paragraph\">Sostuvo que la solicitud que hacen los partidos opositores a la Junta para que reconsidere su decisi\u00f3n de prohibir los m\u00edtines, marchas y vallas publicitarias en la precampa\u00f1a est\u00e1 amparada en la Constituci\u00f3n de la Rep\u00fablica.<\/p>\n","protected":false},"excerpt":{"rendered":"<p>Es lamentable que la JCE haya preferido la confrontaci\u00f3n antes que el di\u00e1logo con los partidos pol\u00edticos, como establece la Ley. El delegado pol\u00edtico suplente del Partido de la Liberaci\u00f3n&hellip;<\/p>\n","protected":false},"author":2,"featured_media":58281,"comment_status":"open","ping_status":"open","sticky":false,"template":"","format":"standard","meta":{"content-type":"","_jetpack_newsletter_access":"","_jetpack_dont_email_post_to_subs":false,"_jetpack_newsletter_tier_id":0,"_jetpack_memberships_contains_paywalled_content":false,"_jetpack_feature_clip_id":0,"_jetpack_memberships_contains_paid_content":false,"footnotes":"","jetpack_post_was_ever_published":false},"categories":[1],"tags":[147,1241,183,6920,370],"class_list":["post-59115","post","type-post","status-publish","format-standard","has-post-thumbnail","hentry","category-sin-categoria","tag-campana","tag-danilo-diaz","tag-jce","tag-reeleccionista","tag-resolucion"],"jetpack-related-posts":[{"id":133765,"url":"https:\/\/lasprimeras.com.do\/index.php\/2026\/07\/01\/danilo-diaz-certificacion-de-la-jce-no-modifica-consulta-interna-del-pld\/","url_meta":{"origin":59115,"position":0},"title":"Danilo D\u00edaz: Certificaci\u00f3n de la JCE no modifica consulta interna del PLD","author":"Nelson Feliz","date":"1 de julio de 2026","format":false,"excerpt":"Danilo D\u00edaz califica de persecuci\u00f3n pol\u00edtica la apelaci\u00f3n contra el auto de no ha lugar a Gonzalo Castillo y Jos\u00e9 Ram\u00f3n Peralta. El miembro del Comit\u00e9 Pol\u00edtico del Partido de la Liberaci\u00f3n Dominicana (PLD, Danilo D\u00edaz, aclar\u00f3 que la Certificaci\u00f3n emitida por la Junta Central Electoral sobre la Consulta que\u2026","rel":"","context":"En \u00abPOLITICA\u00bb","block_context":{"text":"POLITICA","link":"https:\/\/lasprimeras.com.do\/index.php\/category\/politica\/"},"img":{"alt_text":"Danilo D\u00edaz","src":"https:\/\/i0.wp.com\/lasprimeras.com.do\/wp-content\/uploads\/2026\/07\/Danilo-Diaz.jpg?resize=350%2C200&ssl=1","width":350,"height":200,"srcset":"https:\/\/i0.wp.com\/lasprimeras.com.do\/wp-content\/uploads\/2026\/07\/Danilo-Diaz.jpg?resize=350%2C200&ssl=1 1x, https:\/\/i0.wp.com\/lasprimeras.com.do\/wp-content\/uploads\/2026\/07\/Danilo-Diaz.jpg?resize=525%2C300&ssl=1 1.5x, https:\/\/i0.wp.com\/lasprimeras.com.do\/wp-content\/uploads\/2026\/07\/Danilo-Diaz.jpg?resize=700%2C400&ssl=1 2x"},"classes":[]},{"id":50776,"url":"https:\/\/lasprimeras.com.do\/index.php\/2023\/05\/23\/danilo-diaz-es-correcta-rectificacion-de-la-jce\/","url_meta":{"origin":59115,"position":1},"title":"Danilo D\u00edaz: Es correcta rectificaci\u00f3n de la JCE","author":"prenxa100","date":"23 de mayo de 2023","format":false,"excerpt":"El PLD considera positiva y v\u00e1lida la resoluci\u00f3n de 14-2023 de la Junta Central Electoral, que rectifica la resoluci\u00f3n anterior. SANTO DOMINGO.-. El miembro de su Comit\u00e9 Pol\u00edtico del Partido de la Liberaci\u00f3n Dominicana (PLD) Danilo D\u00edaz, consider\u00f3 positiva y v\u00e1lida la resoluci\u00f3n 14-2023 de la Junta Central Electoral, en\u2026","rel":"","context":"En \u00abPORTADA\u00bb","block_context":{"text":"PORTADA","link":"https:\/\/lasprimeras.com.do\/index.php\/category\/portada\/"},"img":{"alt_text":"","src":"","width":0,"height":0},"classes":[]},{"id":49571,"url":"https:\/\/lasprimeras.com.do\/index.php\/2023\/05\/12\/danilo-diaz-asegura-oposicion-recurrira-resolucion-jce-sobre-el-20-candidaturas\/","url_meta":{"origin":59115,"position":2},"title":"Danilo D\u00edaz asegura oposici\u00f3n recurrir\u00e1 resoluci\u00f3n JCE sobre el 20 % candidaturas","author":"prenxa100","date":"12 de mayo de 2023","format":false,"excerpt":"SANTO DOMINGO.-.El delegado pol\u00edtico del Partido de la Liberaci\u00f3n Dominicana (PLD) ante la Junta Central Electoral, Danilo D\u00edaz, revel\u00f3 este jueves que la entidad de la estrella amarilla, junto a otros m\u00e1s de 20 partidos de oposici\u00f3n recurrir\u00e1n ante los \u00f3rganos competentes la decisi\u00f3n de la Junta Central Electoral (JCE)\u2026","rel":"","context":"En \u00abSin categor\u00eda\u00bb","block_context":{"text":"Sin categor\u00eda","link":"https:\/\/lasprimeras.com.do\/index.php\/category\/sin-categoria\/"},"img":{"alt_text":"","src":"","width":0,"height":0},"classes":[]},{"id":100567,"url":"https:\/\/lasprimeras.com.do\/index.php\/2025\/06\/08\/presidente-de-la-jce-roman-jaquez-visita-casa-nacional-del-pld\/","url_meta":{"origin":59115,"position":3},"title":"Presidente de la JCE Rom\u00e1n J\u00e1quez visita Casa Nacional del PLD","author":"Nelson Feliz","date":"8 de junio de 2025","format":false,"excerpt":"El presidente de la Junta Central Electoral (JCE), Rom\u00e1n J\u00e1quez Liranzo, visit\u00f3 la Casa Nacional Reinaldo Pared P\u00e9rez del Partido de la Liberaci\u00f3n Dominicana (PLD) compartiendo con los dirigentes de la organizaci\u00f3n pol\u00edtica quienes participan en el Diplomado Especializado en Administraci\u00f3n Electoral, organizado por la JCE, a trav\u00e9s del Instituto\u2026","rel":"","context":"En \u00abPOLITICA\u00bb","block_context":{"text":"POLITICA","link":"https:\/\/lasprimeras.com.do\/index.php\/category\/politica\/"},"img":{"alt_text":"","src":"https:\/\/i0.wp.com\/lasprimeras.com.do\/wp-content\/uploads\/2025\/06\/Roman-Jaquez.jpg?resize=350%2C200&ssl=1","width":350,"height":200,"srcset":"https:\/\/i0.wp.com\/lasprimeras.com.do\/wp-content\/uploads\/2025\/06\/Roman-Jaquez.jpg?resize=350%2C200&ssl=1 1x, https:\/\/i0.wp.com\/lasprimeras.com.do\/wp-content\/uploads\/2025\/06\/Roman-Jaquez.jpg?resize=525%2C300&ssl=1 1.5x, https:\/\/i0.wp.com\/lasprimeras.com.do\/wp-content\/uploads\/2025\/06\/Roman-Jaquez.jpg?resize=700%2C400&ssl=1 2x"},"classes":[]},{"id":136416,"url":"https:\/\/lasprimeras.com.do\/index.php\/2026\/08\/03\/pld-entrega-a-la-jce-el-padron-de-miembros-y-militantes\/","url_meta":{"origin":59115,"position":4},"title":"PLD entrega a la JCE el Padr\u00f3n de miembros y militantes","author":"Nelson Feliz","date":"3 de agosto de 2026","format":false,"excerpt":"SANTO DOMINGO - El Partido de la Liberaci\u00f3n Dominicana (PLD) entreg\u00f3 ante la Junta Central Electoral (JCE) el padr\u00f3n de miembros de esa organizaci\u00f3n pol\u00edtica, para cumplir con lo que establece en el art\u00edculo 9 de la ley 33-18 de Partidos, Agrupaciones y Movimientos Pol\u00edticos. Una delegaci\u00f3n del PLD integrada\u2026","rel":"","context":"En \u00abPOLITICA\u00bb","block_context":{"text":"POLITICA","link":"https:\/\/lasprimeras.com.do\/index.php\/category\/politica\/"},"img":{"alt_text":"","src":"https:\/\/i0.wp.com\/lasprimeras.com.do\/wp-content\/uploads\/2026\/08\/PLD.jpg?resize=350%2C200&ssl=1","width":350,"height":200,"srcset":"https:\/\/i0.wp.com\/lasprimeras.com.do\/wp-content\/uploads\/2026\/08\/PLD.jpg?resize=350%2C200&ssl=1 1x, https:\/\/i0.wp.com\/lasprimeras.com.do\/wp-content\/uploads\/2026\/08\/PLD.jpg?resize=525%2C300&ssl=1 1.5x, https:\/\/i0.wp.com\/lasprimeras.com.do\/wp-content\/uploads\/2026\/08\/PLD.jpg?resize=700%2C400&ssl=1 2x"},"classes":[]},{"id":50135,"url":"https:\/\/lasprimeras.com.do\/index.php\/2023\/05\/17\/delegado-del-pld-denuncia-jce-adopto-desiciones-con-un-calendario-retrasado\/","url_meta":{"origin":59115,"position":5},"title":"Delegado del PLD denuncia JCE adopto desiciones con un calendario retrasado","author":"prenxa100","date":"17 de mayo de 2023","format":false,"excerpt":"Santo Domingo.-. El delegado suplente del Partido de la Liberaci\u00f3n Dominicana (PLD) ante la Junta Central Electoral (JCE), Danilo D\u00edaz, declar\u00f3 que el organismo de elecciones est\u00e1 adoptando decisiones con un calendario retrasado. El miembro del Comit\u00e9 Pol\u00edtico del PLD declar\u00f3 que la Junta Central Electoral est\u00e1 emitiendo resoluciones y\u2026","rel":"","context":"En \u00abPORTADA\u00bb","block_context":{"text":"PORTADA","link":"https:\/\/lasprimeras.com.do\/index.php\/category\/portada\/"},"img":{"alt_text":"","src":"","width":0,"height":0},"classes":[]}],"jetpack_sharing_enabled":true,"jetpack_featured_media_url":"https:\/\/lasprimeras.com.do\/wp-content\/uploads\/2023\/08\/Danilo-Diaz.jpg","_links":{"self":[{"href":"https:\/\/lasprimeras.com.do\/index.php\/wp-json\/wp\/v2\/posts\/59115","targetHints":{"allow":["GET"]}}],"collection":[{"href":"https:\/\/lasprimeras.com.do\/index.php\/wp-json\/wp\/v2\/posts"}],"about":[{"href":"https:\/\/lasprimeras.com.do\/index.php\/wp-json\/wp\/v2\/types\/post"}],"author":[{"embeddable":true,"href":"https:\/\/lasprimeras.com.do\/index.php\/wp-json\/wp\/v2\/users\/2"}],"replies":[{"embeddable":true,"href":"https:\/\/lasprimeras.com.do\/index.php\/wp-json\/wp\/v2\/comments?post=59115"}],"version-history":[{"count":1,"href":"https:\/\/lasprimeras.com.do\/index.php\/wp-json\/wp\/v2\/posts\/59115\/revisions"}],"predecessor-version":[{"id":59116,"href":"https:\/\/lasprimeras.com.do\/index.php\/wp-json\/wp\/v2\/posts\/59115\/revisions\/59116"}],"wp:featuredmedia":[{"embeddable":true,"href":"https:\/\/lasprimeras.com.do\/index.php\/wp-json\/wp\/v2\/media\/58281"}],"wp:attachment":[{"href":"https:\/\/lasprimeras.com.do\/index.php\/wp-json\/wp\/v2\/media?parent=59115"}],"wp:term":[{"taxonomy":"category","embeddable":true,"href":"https:\/\/lasprimeras.com.do\/index.php\/wp-json\/wp\/v2\/categories?post=59115"},{"taxonomy":"post_tag","embeddable":true,"href":"https:\/\/lasprimeras.com.do\/index.php\/wp-json\/wp\/v2\/tags?post=59115"}],"curies":[{"name":"wp","href":"https:\/\/api.w.org\/{rel}","templated":true}]}}