{"id":59403,"date":"2023-09-03T20:11:17","date_gmt":"2023-09-04T00:11:17","guid":{"rendered":"https:\/\/lasprimeras.com.do\/?p=59403"},"modified":"2023-09-03T20:12:47","modified_gmt":"2023-09-04T00:12:47","slug":"abinader-llama-a-los-militantes-guardianes-del-triunfo-del-prm-en-el-2020","status":"publish","type":"post","link":"https:\/\/lasprimeras.com.do\/index.php\/2023\/09\/03\/abinader-llama-a-los-militantes-guardianes-del-triunfo-del-prm-en-el-2020\/","title":{"rendered":"Abinader llama a los militantes del PRM guardianes del triunfo en el 2020"},"content":{"rendered":"\n<p><strong>Llama a los perreme\u00edstas a ser guardianes de sus principios y recordar que el PRM es el garante de la transparencia y de la lucha contra la corrupci\u00f3n porque es el partido del cambio<\/strong>.<\/p>\n\n\n\n<p>Por Martin Restituyo<\/p>\n\n\n\n<p>El aspirante a la nominaci\u00f3n presidencial por el Partido Revolucionario Moderno (PRM), Luis Abinader, dijo que \u00e9l es un presidente que est\u00e1 para dar la cara y resolver los problemas del pa\u00eds y llam\u00f3 a los militantes de esa organizaci\u00f3n a ser guardianes de sus principios que fueron los que les dieron el triunfo en 2020.<\/p>\n\n\n\n<p>Al dirigirse a una concentraci\u00f3n de sus seguidores en el Pabell\u00f3n de Balonmano del Parque Mirador del Este, Santo Domingo Este, Abinader pidi\u00f3 preservar los principios que es la caracter\u00edstica que los diferencia de quienes gobernaron por 16 a\u00f1os desde 2004 a 2020. Si se pierden esos principios, dijo, se convierten en lo mismo del pasado, y la gente vot\u00f3 para cambiar la oscuridad, la opacidad, la criminalidad y la corrupci\u00f3n.<\/p>\n\n\n\n<p>Record\u00f3 que son el partido del cambio, de las reformas, de las transformaciones y por eso, armados de los principios y de la ideolog\u00eda de transparencia y de honestidad caminar\u00e1n todos los rincones del pa\u00eds para decirle a todos los dominicanos que en ellos hay una diferencia.<\/p>\n\n\n\n<p>\u201cHacia atr\u00e1s est\u00e1 la oscuridad, la corrupci\u00f3n, la opacidad y de este lado est\u00e1 el progreso, el desarrollo, la transparencia\u201d, enfatiz\u00f3.<\/p>\n\n\n\n<p>Indic\u00f3 que como partido moderno y verdaderamente socialdem\u00f3crata duplic\u00f3 el monto de las ayudas sociales y la cantidad de beneficiarios \u201cm\u00e1s de lo que prometimos\u201d por lo que tienen un legado de gobierno para salir a defenderlo y cuando los opositores digan que realizaron algo lo env\u00eden a Google para que vean que lo que dicen no es verdad.<\/p>\n\n\n\n<p>\u201cCompa\u00f1eras y compa\u00f1eros vayan con la moral alta, con alegr\u00eda, con pasi\u00f3n, con emoci\u00f3n; vayan a buscar el coraz\u00f3n de los dominicanos y dominicanas, vayan a buscar el apoyo, ustedes pueden y tienen credibilidad, hay resultados, hay un gobierno que ha respetado y ha cuidado cada centavo del erario, cada centavo lo ha dispuesto a resolver los problemas de la gente. Con la moral alta, con emoci\u00f3n vamos a decirles a quienes quieren regresar para retornar al pasado que ni van ni vuelven porque el cambio sigue y sigue en cada rinc\u00f3n de la Rep\u00fablica Dominicana\u201d, manifest\u00f3 Abinader.<\/p>\n\n\n\n<p>Dijo que el PRM representa la superaci\u00f3n del individualismo que corro\u00eda la unidad interna de los viejos partidos que afectaba la confianza y la credibilidad en los proyectos de continuidad para el despegue definitivo del pa\u00eds, lo que se evidencia con el cambio que mostramos a tres a\u00f1os de asumir la direcci\u00f3n de Estado.<\/p>\n\n\n\n<p>&#8221; Somos el partido que representa a todos los dominicanos, a las clases trabajadoras, a los campesinos, profesionales y empresarios, a los j\u00f3venes y las mujeres. SOMOS EL PARTIDO DE TODOS Y TODAS. Somos el partido que mejor representa a la Rep\u00fablica Dominicana; la esperanza nacional y el hogar de la mayor\u00eda social del pueblo dominicano&#8221;, enfatiz\u00f3 el aspirante a la repostulaci\u00f3n.<\/p>\n\n\n\n<p>Abinader llam\u00f3 a sus compa\u00f1eros a no olvidar nunca que el verdadero triunfo de un partido pol\u00edtico no se alcanza \u00fanicamente con su llegada al poder, sino cuando se utiliza para ponerlo al servicio de la gente y para solucionar sus problemas reales.<\/p>\n\n\n\n<p>El l\u00edder del PRM insisti\u00f3 en que el claro inter\u00e9s de la oposici\u00f3n no es el de solucionar los problemas del pa\u00eds y mucho menos la transparencia y honestidad.<\/p>\n\n\n\n<p>Record\u00f3 que en 2020 se impusieron en las urnas a una cultura perversa y corrupta que se basaba en favorecer los intereses particulares en perjuicio del inter\u00e9s general.<\/p>\n\n\n\n<p>&#8220;Vencimos a todos aquellos que hurtaron las oportunidades y la esperanza de un pueblo que ha so\u00f1ado durante mucho tiempo con un pa\u00eds que reconozca su derecho a una vivienda digna, a un salario justo y a una educaci\u00f3n de calidad. Vencimos en las urnas a aquellos que se creyeron que el Estado les pertenec\u00eda&#8221;, recalc\u00f3.<\/p>\n\n\n\n<p>Destac\u00f3 que este a\u00f1o se trabaja en 1,581 obras que cambiar\u00e1n la piel de este pa\u00eds, entre las cuales cit\u00f3, a Santo Domingo Este donde se avanza con las ampliaciones de las avenidas Ecol\u00f3gica, H\u00edpica y San Isidro<\/p>\n\n\n\n<p>Tambi\u00e9n la construcci\u00f3n de 1,416 apartamentos, un nuevo palacio de justicia, un hospital materno infantil, un centro integral para ni\u00f1os, liceos, centros deportivos y destacamentos policiales.<\/p>\n\n\n\n<p>Hizo especial menci\u00f3n del Malec\u00f3n de Santo Domingo Este, colocaci\u00f3n de tuber\u00edas para agua potable, el inicio del asfaltado y la entrega se t\u00edtulos de propiedad de los terrenos donde la gente tiene sus casas.<\/p>\n\n\n\n<p>Resalt\u00f3 que se trabaja en la licitaci\u00f3n de tren Metropolitano de Santo Domingo que va desde la avenida M\u00e1ximo G\u00f3mez hasta la Charles de Gaulle soterrado y desde all\u00ed continuar\u00e1 hasta el Aeropuerto Internacional Las Am\u00e9ricas.<\/p>\n\n\n\n<p>&#8220;Hemos hecho mucho con poco. Y eso solo es por una raz\u00f3n, gobernamos mejor y el dinero va para ustedes, no para el bolsillo de nadie en el gobierno&#8221;, apostill\u00f3 el aspirante a la nominaci\u00f3n presidencial por el PRM.<\/p>\n\n\n\n<p>Asegur\u00f3 que lo logrado, a pesar de las condiciones adversas en las que le toc\u00f3 gobernar, es el resultado de que asumimos la Presidencia de la Rep\u00fablica para&#8221;trabajar por la recuperaci\u00f3n econ\u00f3mica, por proteger a las familias de nuestro pa\u00eds y por el desarrollo de la Rep\u00fablica Dominicana&#8221;.<\/p>\n\n\n\n<p>Abinader inici\u00f3 este s\u00e1bado sus actividades proselitistas con miras a conseguir la repostulaci\u00f3n por su partido con actos en Sabana P\u00e9rdida, Santo Domingo Norte; los Alcarrizos y Las Caobas, Santo Domingo Oeste.<\/p>\n\n\n\n<p>En estas actividades advirti\u00f3 a sus opositores que \u201csu tiempo ya pas\u00f3 y aunque intenten volver a enga\u00f1ar, los dominicanos tienen memoria (\u2026) ustedes ni vuelven ni van porque el cambio sigue&#8221; porque el PRM va a las calles a defender su buena gesti\u00f3n de gobierno.<\/p>\n\n\n\n<p>En el acto de este domingo estuvieron presentes los dirigentes perreme\u00edstas Jos\u00e9 Ignacio Paliza, Carolina Mej\u00eda, Rafael Burgos G\u00f3mez, Alfredo Pacheco, Wellington Arnaud, Ricardo de los Santos, Rafael Santos, Ito Bison\u00f3, Rafael Feliz, Tony Pe\u00f1a Guaba, Kelvin Cruz, M\u00e9rido Torres, Julia Drullard, Dio Astacio, Robert Polanco, Antonio Taveras, Julio C\u00e9sar de Le\u00f3n, Alexis Jim\u00e9nez, Abelardo Rutinel y Juan Jos\u00e9 Rojas.<\/p>\n\n\n\n<p>Tambi\u00e9n los presidentes de los partidos Pa\u00eds Posible, Milton Morrison y Revolucionario Social Dem\u00f3crata (PRSD), Luis Miguel Decamps.<\/p>\n","protected":false},"excerpt":{"rendered":"<p>Llama a los perreme\u00edstas a ser guardianes de sus principios y recordar que el PRM es el garante de la transparencia y de la lucha contra la corrupci\u00f3n porque es&hellip;<\/p>\n","protected":false},"author":2,"featured_media":59404,"comment_status":"open","ping_status":"open","sticky":false,"template":"","format":"standard","meta":{"content-type":"","jetpack_post_was_ever_published":false,"_jetpack_newsletter_access":"","_jetpack_dont_email_post_to_subs":false,"_jetpack_newsletter_tier_id":0,"_jetpack_memberships_contains_paywalled_content":false,"_jetpack_memberships_contains_paid_content":false,"footnotes":""},"categories":[25],"tags":[1841,5257,67,7051,31,898],"class_list":["post-59403","post","type-post","status-publish","format-standard","has-post-thumbnail","hentry","category-portada","tag-corrupcion","tag-guardianes","tag-luis-abinader","tag-perremeistas-2","tag-prm","tag-transparencia"],"jetpack_featured_media_url":"https:\/\/lasprimeras.com.do\/wp-content\/uploads\/2023\/09\/Luis-Abinader-2.jpg","jetpack-related-posts":[{"id":122234,"url":"https:\/\/lasprimeras.com.do\/index.php\/2026\/02\/15\/abinader-advirtio-a-quien-permita-o-participe-en-corrupcion-es-un-traidor-a-principios-del-prm\/","url_meta":{"origin":59403,"position":0},"title":"Abinader advirti\u00f3 a quien permita o participe en corrupci\u00f3n es un traidor a principios del PRM","author":"Nelson Feliz","date":"15 de febrero de 2026","format":false,"excerpt":"Luis Abinader","rel":"","context":"En \u00abPOLITICA\u00bb","block_context":{"text":"POLITICA","link":"https:\/\/lasprimeras.com.do\/index.php\/category\/politica\/"},"img":{"alt_text":"Luis Abinader","src":"https:\/\/i0.wp.com\/lasprimeras.com.do\/wp-content\/uploads\/2026\/02\/Luis-Abinader.jpeg?resize=350%2C200&ssl=1","width":350,"height":200,"srcset":"https:\/\/i0.wp.com\/lasprimeras.com.do\/wp-content\/uploads\/2026\/02\/Luis-Abinader.jpeg?resize=350%2C200&ssl=1 1x, https:\/\/i0.wp.com\/lasprimeras.com.do\/wp-content\/uploads\/2026\/02\/Luis-Abinader.jpeg?resize=525%2C300&ssl=1 1.5x, https:\/\/i0.wp.com\/lasprimeras.com.do\/wp-content\/uploads\/2026\/02\/Luis-Abinader.jpeg?resize=700%2C400&ssl=1 2x"},"classes":[]},{"id":82186,"url":"https:\/\/lasprimeras.com.do\/index.php\/2024\/04\/29\/abinader-llama-a-perremeistas-a-consumar-en-votos-la-simpatia-que-reflejan-las-encuestas\/","url_meta":{"origin":59403,"position":1},"title":"Abinader llama a perreme\u00edstas a consumar en votos la simpat\u00eda que reflejan las encuestas","author":"Nelson Feliz","date":"29 de abril de 2024","format":false,"excerpt":"Guido G\u00f3mez Mazara, expresa que el 19 de mayo el PRM ganar\u00e1 en primera vuelta y le dar\u00e1 a la oposici\u00f3n una pela de calz\u00f3n quitado. El candidato presidencial por el Partido Revolucionario Moderno (PRM), Luis Abinader, pronunci\u00f3 un en\u00e9rgico discurso en un acto celebrado en el Club de los\u2026","rel":"","context":"En \u00abPORTADA\u00bb","block_context":{"text":"PORTADA","link":"https:\/\/lasprimeras.com.do\/index.php\/category\/portada\/"},"img":{"alt_text":"Luis Abinader","src":"https:\/\/i0.wp.com\/lasprimeras.com.do\/wp-content\/uploads\/2024\/04\/Luis-Abinader-4.jpg?resize=350%2C200&ssl=1","width":350,"height":200,"srcset":"https:\/\/i0.wp.com\/lasprimeras.com.do\/wp-content\/uploads\/2024\/04\/Luis-Abinader-4.jpg?resize=350%2C200&ssl=1 1x, https:\/\/i0.wp.com\/lasprimeras.com.do\/wp-content\/uploads\/2024\/04\/Luis-Abinader-4.jpg?resize=525%2C300&ssl=1 1.5x"},"classes":[]},{"id":114188,"url":"https:\/\/lasprimeras.com.do\/index.php\/2025\/11\/11\/impulsan-el-orgullo-perremeista-en-sd-norte-fortalecen-la-verificacion-de-militancia-y-simpatia-del-prm\/","url_meta":{"origin":59403,"position":2},"title":"Impulsan el orgullo perreme\u00edsta en SD-Norte: fortalecen la verificaci\u00f3n de militancia y simpat\u00eda del PRM","author":"Nelson Feliz","date":"11 de noviembre de 2025","format":false,"excerpt":"El dirigente pol\u00edtico del Partido Revolucionario Moderno (PRM), Juan Herrera, encabez\u00f3 un nuevo encuentro del conversatorio \u201cEl Poder del Orgullo Perreme\u00edsta\u201d, una iniciativa formativa que combina el recorrido de los cinco a\u00f1os de gesti\u00f3n gubernamental con el proceso de consolidaci\u00f3n institucional del partido. Durante la actividad, Herrera destac\u00f3 los logros\u2026","rel":"","context":"En \u00abPOLITICA\u00bb","block_context":{"text":"POLITICA","link":"https:\/\/lasprimeras.com.do\/index.php\/category\/politica\/"},"img":{"alt_text":"","src":"https:\/\/i0.wp.com\/lasprimeras.com.do\/wp-content\/uploads\/2025\/11\/Juan-Herrera.jpg?resize=350%2C200&ssl=1","width":350,"height":200,"srcset":"https:\/\/i0.wp.com\/lasprimeras.com.do\/wp-content\/uploads\/2025\/11\/Juan-Herrera.jpg?resize=350%2C200&ssl=1 1x, https:\/\/i0.wp.com\/lasprimeras.com.do\/wp-content\/uploads\/2025\/11\/Juan-Herrera.jpg?resize=525%2C300&ssl=1 1.5x, https:\/\/i0.wp.com\/lasprimeras.com.do\/wp-content\/uploads\/2025\/11\/Juan-Herrera.jpg?resize=700%2C400&ssl=1 2x"},"classes":[]},{"id":103861,"url":"https:\/\/lasprimeras.com.do\/index.php\/2025\/07\/19\/bases-del-prm-expresan-indignacion-por-designaciones-ajenas-al-partido\/","url_meta":{"origin":59403,"position":3},"title":"Bases del PRM expresan indignaci\u00f3n por designaciones ajenas al partido","author":"Nelson Feliz","date":"19 de julio de 2025","format":false,"excerpt":"Anthony Brito lanza duro mensaje al presidente Abinader \u00a1Alerta y Preocupaci\u00f3n desde las Bases del PRM! El dirigente del Partido Revolucionario Moderno (PRM) en Santo Domingo Este, Anthony Brito, alz\u00f3 la voz este mi\u00e9rcoles con un en\u00e9rgico y cr\u00edtico mensaje dirigido al presidente de la Rep\u00fablica, Luis Abinader, ante la\u2026","rel":"","context":"En \u00abPOLITICA\u00bb","block_context":{"text":"POLITICA","link":"https:\/\/lasprimeras.com.do\/index.php\/category\/politica\/"},"img":{"alt_text":"","src":"https:\/\/i0.wp.com\/lasprimeras.com.do\/wp-content\/uploads\/2025\/07\/AnthonyBrito881957816.jpeg?resize=350%2C200&ssl=1","width":350,"height":200,"srcset":"https:\/\/i0.wp.com\/lasprimeras.com.do\/wp-content\/uploads\/2025\/07\/AnthonyBrito881957816.jpeg?resize=350%2C200&ssl=1 1x, https:\/\/i0.wp.com\/lasprimeras.com.do\/wp-content\/uploads\/2025\/07\/AnthonyBrito881957816.jpeg?resize=525%2C300&ssl=1 1.5x, https:\/\/i0.wp.com\/lasprimeras.com.do\/wp-content\/uploads\/2025\/07\/AnthonyBrito881957816.jpeg?resize=700%2C400&ssl=1 2x, https:\/\/i0.wp.com\/lasprimeras.com.do\/wp-content\/uploads\/2025\/07\/AnthonyBrito881957816.jpeg?resize=1050%2C600&ssl=1 3x"},"classes":[]},{"id":122201,"url":"https:\/\/lasprimeras.com.do\/index.php\/2026\/02\/15\/carolina-llama-a-los-perremeistas-a-defender-al-gobierno-y-a-seguir-trabajando-para-ganar-en-2028\/","url_meta":{"origin":59403,"position":4},"title":"Carolina llama a los perreme\u00edstas a defender al Gobierno y a seguir trabajando para ganar en 2028","author":"Nelson Feliz","date":"15 de febrero de 2026","format":false,"excerpt":"Mej\u00eda habl\u00f3 durante la celebraci\u00f3n del 11 aniversario del PRM a trav\u00e9s de un video que desat\u00f3 una gran ovaci\u00f3n La secretaria general del Partido Revolucionario Moderno (PRM), Carolina Mej\u00eda, aprovech\u00f3 la celebraci\u00f3n de los 11 a\u00f1os del PRM para hacer la sigu iente exhortaci\u00f3n: \u201cDefendamos nuestro Gobierno, un Gobierno\u2026","rel":"","context":"En \u00abPOLITICA\u00bb","block_context":{"text":"POLITICA","link":"https:\/\/lasprimeras.com.do\/index.php\/category\/politica\/"},"img":{"alt_text":"Carolina Mej\u00eda","src":"https:\/\/i0.wp.com\/lasprimeras.com.do\/wp-content\/uploads\/2024\/06\/Carolina-Mejia.jpg?resize=350%2C200&ssl=1","width":350,"height":200,"srcset":"https:\/\/i0.wp.com\/lasprimeras.com.do\/wp-content\/uploads\/2024\/06\/Carolina-Mejia.jpg?resize=350%2C200&ssl=1 1x, https:\/\/i0.wp.com\/lasprimeras.com.do\/wp-content\/uploads\/2024\/06\/Carolina-Mejia.jpg?resize=525%2C300&ssl=1 1.5x"},"classes":[]},{"id":63353,"url":"https:\/\/lasprimeras.com.do\/index.php\/2023\/10\/11\/abinader-insta-a-jovenes-convertirse-en-guardianes-de-la-transparencia-honestidad-e-integridad\/","url_meta":{"origin":59403,"position":5},"title":"Abinader insta a j\u00f3venes convertirse en guardianes de la transparencia, honestidad e integridad","author":"Nelson Feliz","date":"11 de octubre de 2023","format":false,"excerpt":"El ministro de la Juventud califica al presidente Abinader como \u201cun verdadero referente de \u00e9tica y transparencia. El presiente Luis Abinader al encabezar el primer Congreso de \u00c9tica y Juventud, organizado por el Ministerio de la Juventud, hizo un llamado a los j\u00f3venes para que se conviertan en guardianes de\u2026","rel":"","context":"En \u00abNACIONALES\u00bb","block_context":{"text":"NACIONALES","link":"https:\/\/lasprimeras.com.do\/index.php\/category\/nacionales\/"},"img":{"alt_text":"Luis Abinader","src":"https:\/\/i0.wp.com\/lasprimeras.com.do\/wp-content\/uploads\/2023\/10\/Luis-Abinader-8.jpg?resize=350%2C200&ssl=1","width":350,"height":200,"srcset":"https:\/\/i0.wp.com\/lasprimeras.com.do\/wp-content\/uploads\/2023\/10\/Luis-Abinader-8.jpg?resize=350%2C200&ssl=1 1x, https:\/\/i0.wp.com\/lasprimeras.com.do\/wp-content\/uploads\/2023\/10\/Luis-Abinader-8.jpg?resize=525%2C300&ssl=1 1.5x, https:\/\/i0.wp.com\/lasprimeras.com.do\/wp-content\/uploads\/2023\/10\/Luis-Abinader-8.jpg?resize=700%2C400&ssl=1 2x"},"classes":[]}],"jetpack_sharing_enabled":true,"_links":{"self":[{"href":"https:\/\/lasprimeras.com.do\/index.php\/wp-json\/wp\/v2\/posts\/59403","targetHints":{"allow":["GET"]}}],"collection":[{"href":"https:\/\/lasprimeras.com.do\/index.php\/wp-json\/wp\/v2\/posts"}],"about":[{"href":"https:\/\/lasprimeras.com.do\/index.php\/wp-json\/wp\/v2\/types\/post"}],"author":[{"embeddable":true,"href":"https:\/\/lasprimeras.com.do\/index.php\/wp-json\/wp\/v2\/users\/2"}],"replies":[{"embeddable":true,"href":"https:\/\/lasprimeras.com.do\/index.php\/wp-json\/wp\/v2\/comments?post=59403"}],"version-history":[{"count":2,"href":"https:\/\/lasprimeras.com.do\/index.php\/wp-json\/wp\/v2\/posts\/59403\/revisions"}],"predecessor-version":[{"id":59406,"href":"https:\/\/lasprimeras.com.do\/index.php\/wp-json\/wp\/v2\/posts\/59403\/revisions\/59406"}],"wp:featuredmedia":[{"embeddable":true,"href":"https:\/\/lasprimeras.com.do\/index.php\/wp-json\/wp\/v2\/media\/59404"}],"wp:attachment":[{"href":"https:\/\/lasprimeras.com.do\/index.php\/wp-json\/wp\/v2\/media?parent=59403"}],"wp:term":[{"taxonomy":"category","embeddable":true,"href":"https:\/\/lasprimeras.com.do\/index.php\/wp-json\/wp\/v2\/categories?post=59403"},{"taxonomy":"post_tag","embeddable":true,"href":"https:\/\/lasprimeras.com.do\/index.php\/wp-json\/wp\/v2\/tags?post=59403"}],"curies":[{"name":"wp","href":"https:\/\/api.w.org\/{rel}","templated":true}]}}