{"id":59412,"date":"2023-09-03T21:12:37","date_gmt":"2023-09-04T01:12:37","guid":{"rendered":"https:\/\/lasprimeras.com.do\/?p=59412"},"modified":"2023-09-03T21:12:39","modified_gmt":"2023-09-04T01:12:39","slug":"multitud-desafia-torrencial-aguacero-en-apoyo-a-precandidatos-de-la-fuerza-del-pueblo-en-mao","status":"publish","type":"post","link":"https:\/\/lasprimeras.com.do\/index.php\/2023\/09\/03\/multitud-desafia-torrencial-aguacero-en-apoyo-a-precandidatos-de-la-fuerza-del-pueblo-en-mao\/","title":{"rendered":"Multitud desaf\u00eda torrencial aguacero en apoyo a precandidatos de la Fuerza del Pueblo en Mao"},"content":{"rendered":"\n<p><strong>El l\u00edder de la oposici\u00f3n pol\u00edtica dominicana, Leonel Fern\u00e1ndez, desarroll\u00f3 una amplia agenda de trabajo este fin de semana en Santiago, Valverde, Mao y provincia de la L\u00ednea Noroeste.<\/strong><\/p>\n\n\n\n<p>En Mao, Valverde, el presidente y l\u00edder del partido Fuerza del Pueblo, Leonel Fern\u00e1ndez, encabez\u00f3 una gran concentraci\u00f3n con los precandidatos a puestos de elecci\u00f3n popular entre los que se destacaron el aspirante a a senador Manuel G\u00fcichardo; los precandidatos a diputados Johanny Guzm\u00e1n, Segundo Monci\u00f3n, Adriana Ure\u00f1a, Edilberto Cordero, Welingthon N\u00fa\u00f1ez, Leocadio Batista, V\u00edctor Boutdierd, entre otros aspirantes a ocupar un puesto en la C\u00e1mara de Diputados.<\/p>\n\n\n\n<p>Los precandidatos a las alcald\u00edas de Valverde, Esperanza y Laguna Salada: Bolivar Mena, Railin Rodr\u00edguez, Edward de Jes\u00fas, Yonni de Jes\u00fas, H\u00e9ctor Herrera, Aridio Montesino, Andr\u00e9s Escoto, Pedro B\u00e1ez y; una gran cantidad de aspirantes a regidores y suplentes y; directores de distritos municipales, se dieron cita a la gran concentraci\u00f3n, desafiando un torrencial aguacero que cay\u00f3 la tarde de este domingo en la &#8220;Los Bellos Atardeceres&#8221;.<\/p>\n\n\n\n<p>Simpatizantes, amigos y relacionados de la Fuerza del Pueblo que asistieron en apoyo a los precandidatos a puestos municipales y congresuales de la entidad pol\u00edtica opositora se mantuvieron firmes en el lugar de la concentraci\u00f3n, a pesar de los torrenciales aguaceros que cayeron en la zona.<\/p>\n\n\n\n<p>La actividad que desaf\u00edo las inclemencias del tiempo estuvo presidida por Fern\u00e1ndez, se desarroll\u00f3 con la presencia de diversos sectores productivos, sociales, culturales y pol\u00edticos de la provincia; teniendo como escenario la calle Constituci\u00f3n, esquina 27 de Febrero, en Mao.<\/p>\n\n\n\n<p>El l\u00edder de la oposici\u00f3n pol\u00edtica dominicana tambi\u00e9n dej\u00f3 inaugurado dos locales de la FP, uno en Navarrete, provincia Santiago; previo a su llegada a Valverde y, el otro en Mao, despu\u00e9s de la concentraci\u00f3n.<\/p>\n\n\n\n<p>De igual manera, junto a la direcci\u00f3n provincial de la Fuerza del Pueblo en Valverde, se evalu\u00f3 el proceso de afiliaci\u00f3n de nuevos militantes para alcanzar la meta de los 2 millones de afiliados en el padr\u00f3n de la organizaci\u00f3n, que se depositar\u00e1 en la Junta Central Electoral (JCE) el pr\u00f3ximo 25 de septiembre, dos d\u00edas despu\u00e9s de la concentraci\u00f3n pautada para el 23 del presente mes, en la Plaza de la Bandera; con esta manifestaci\u00f3n ser\u00e1 celebrado este hecho sin precedentes en la historia de los partidos pol\u00edticos dominicanos.<\/p>\n","protected":false},"excerpt":{"rendered":"<p>El l\u00edder de la oposici\u00f3n pol\u00edtica dominicana, Leonel Fern\u00e1ndez, desarroll\u00f3 una amplia agenda de trabajo este fin de semana en Santiago, Valverde, Mao y provincia de la L\u00ednea Noroeste. En&hellip;<\/p>\n","protected":false},"author":2,"featured_media":59413,"comment_status":"open","ping_status":"open","sticky":false,"template":"","format":"standard","meta":{"content-type":"","jetpack_post_was_ever_published":false,"_jetpack_newsletter_access":"","_jetpack_dont_email_post_to_subs":false,"_jetpack_newsletter_tier_id":0,"_jetpack_memberships_contains_paywalled_content":false,"_jetpack_memberships_contains_paid_content":false,"footnotes":""},"categories":[25],"tags":[7057,7055,158,67,2913,5818,3855,7056],"class_list":["post-59412","post","type-post","status-publish","format-standard","has-post-thumbnail","hentry","category-portada","tag-aguacero","tag-desafia","tag-fuerza-del-pueblo","tag-luis-abinader","tag-mao","tag-multitud","tag-precandidatos","tag-torrencial"],"jetpack_featured_media_url":"https:\/\/lasprimeras.com.do\/wp-content\/uploads\/2023\/09\/Luis-Abinader-4.jpg","jetpack-related-posts":[{"id":59459,"url":"https:\/\/lasprimeras.com.do\/index.php\/2023\/09\/04\/leonel-reitera-que-el-gobierno-del-cambio-es-neveras-vacias-estufas-apaga-y-en-la-mesa-na-de-na\/","url_meta":{"origin":59412,"position":0},"title":"Leonel reitera que el gobierno del &#8220;cambio&#8221; es neveras vac\u00edas, estufas apaga\u2019 y en la mesa, \u201cna de na\u201d","author":"Nelson Feliz","date":"4 de septiembre de 2023","format":false,"excerpt":"El precandidato a la Presidencia de la Rep\u00fablica por el partido Fuerza del Pueblo, Leonel Fern\u00e1ndez, reiter\u00f3 en Valverde, Mao que el gobierno de Luis Abinader, \u201cha significado las neveras vac\u00edas, las estufas apaga\u2019 y, en la mesa na' de na\u201d. Leonel Fern\u00e1ndez asegur\u00f3 que: \u201cLo esencial para un pueblo\u2026","rel":"","context":"En \u00abPORTADA\u00bb","block_context":{"text":"PORTADA","link":"https:\/\/lasprimeras.com.do\/index.php\/category\/portada\/"},"img":{"alt_text":"Leonel Fern\u00e1ndez","src":"https:\/\/i0.wp.com\/lasprimeras.com.do\/wp-content\/uploads\/2023\/09\/Leonel-Fernandez-1.jpg?resize=350%2C200&ssl=1","width":350,"height":200,"srcset":"https:\/\/i0.wp.com\/lasprimeras.com.do\/wp-content\/uploads\/2023\/09\/Leonel-Fernandez-1.jpg?resize=350%2C200&ssl=1 1x, https:\/\/i0.wp.com\/lasprimeras.com.do\/wp-content\/uploads\/2023\/09\/Leonel-Fernandez-1.jpg?resize=525%2C300&ssl=1 1.5x, https:\/\/i0.wp.com\/lasprimeras.com.do\/wp-content\/uploads\/2023\/09\/Leonel-Fernandez-1.jpg?resize=700%2C400&ssl=1 2x"},"classes":[]},{"id":59303,"url":"https:\/\/lasprimeras.com.do\/index.php\/2023\/09\/01\/leonel-hara-concentracion-este-domingo-en-mao\/","url_meta":{"origin":59412,"position":1},"title":"Leonel har\u00e1 concentraci\u00f3n este domingo en Mao","author":"Nelson Feliz","date":"1 de septiembre de 2023","format":false,"excerpt":"Desarrollar\u00e1 agenda en Santiago y Valverde. El precandidato presidencial del partido Fuerza del Pueblo (FP), Leonel Fern\u00e1ndez, estar\u00e1 este domingo en las provincias de Santiago y Valverde, donde encabezar\u00e1 varias actividades pol\u00edticas. Dentro de la agenda que desarrollar\u00e1 Fern\u00e1ndez, participar\u00e1 en una gran concentraci\u00f3n a las 4 de la tarde,\u2026","rel":"","context":"En \u00abPORTADA\u00bb","block_context":{"text":"PORTADA","link":"https:\/\/lasprimeras.com.do\/index.php\/category\/portada\/"},"img":{"alt_text":"Leonel Fern\u00e1ndez","src":"https:\/\/i0.wp.com\/lasprimeras.com.do\/wp-content\/uploads\/2023\/09\/Leonel-Fernandez-3.jpg?resize=350%2C200&ssl=1","width":350,"height":200,"srcset":"https:\/\/i0.wp.com\/lasprimeras.com.do\/wp-content\/uploads\/2023\/09\/Leonel-Fernandez-3.jpg?resize=350%2C200&ssl=1 1x, https:\/\/i0.wp.com\/lasprimeras.com.do\/wp-content\/uploads\/2023\/09\/Leonel-Fernandez-3.jpg?resize=525%2C300&ssl=1 1.5x, https:\/\/i0.wp.com\/lasprimeras.com.do\/wp-content\/uploads\/2023\/09\/Leonel-Fernandez-3.jpg?resize=700%2C400&ssl=1 2x"},"classes":[]},{"id":82583,"url":"https:\/\/lasprimeras.com.do\/index.php\/2024\/05\/05\/la-gente-recibe-a-leonel-bajo-lluvia-en-santiago-rodriguez-y-lloviznando-en-mao\/","url_meta":{"origin":59412,"position":2},"title":"La gente recibe a Leonel bajo lluvia en Santiago Rodr\u00edguez y lloviznando en Mao","author":"Esteffany Vargas","date":"5 de mayo de 2024","format":false,"excerpt":"Recorri\u00f3 la L\u00ednea Noroeste, desde Montecristi a hasta Valverde. El candidato presidencial del partido Fuerza del Pueblo y organizaciones aliadas, Leonel Fern\u00e1ndez, concluy\u00f3 aqu\u00ed una intensa, y exitosa agenda, que incluy\u00f3 marchas-caravanas en Montecristi, Dajab\u00f3n, Santiago Rodr\u00edguez, Valverde y en esta provincia. El l\u00edder opositor moviliz\u00f3 a miles de personas\u2026","rel":"","context":"En \u00abPORTADA\u00bb","block_context":{"text":"PORTADA","link":"https:\/\/lasprimeras.com.do\/index.php\/category\/portada\/"},"img":{"alt_text":"Leonel Fern\u00e1ndez","src":"https:\/\/i0.wp.com\/lasprimeras.com.do\/wp-content\/uploads\/2024\/05\/Leonel-Fernandez-Linea.jpg?resize=350%2C200&ssl=1","width":350,"height":200,"srcset":"https:\/\/i0.wp.com\/lasprimeras.com.do\/wp-content\/uploads\/2024\/05\/Leonel-Fernandez-Linea.jpg?resize=350%2C200&ssl=1 1x, https:\/\/i0.wp.com\/lasprimeras.com.do\/wp-content\/uploads\/2024\/05\/Leonel-Fernandez-Linea.jpg?resize=525%2C300&ssl=1 1.5x, https:\/\/i0.wp.com\/lasprimeras.com.do\/wp-content\/uploads\/2024\/05\/Leonel-Fernandez-Linea.jpg?resize=700%2C400&ssl=1 2x"},"classes":[]},{"id":55571,"url":"https:\/\/lasprimeras.com.do\/index.php\/2023\/07\/22\/lf-moviliza-miles-de-simpatizantes-en-recorrido-junto-a-precandidatos-de-hermanas-mirabal\/","url_meta":{"origin":59412,"position":3},"title":"LF moviliza miles de simpatizantes en recorrido junto a precandidatos de Hermanas Mirabal","author":"Nelson Feliz","date":"22 de julio de 2023","format":false,"excerpt":"Emoci\u00f3n de las mujeres caracteriza recorrido de la Fuerza del Pueblo en Hermanas Mirabal. El l\u00edder de la oposici\u00f3n pol\u00edtica dominicana y precandidato presidencial de la Fuerza del Pueblo, Leonel Fern\u00e1ndez, continu\u00f3 este fin de semana recorriendo las calles del pa\u00eds junto a los precandidatos municipales y congresuales de esa\u2026","rel":"","context":"En \u00abPORTADA\u00bb","block_context":{"text":"PORTADA","link":"https:\/\/lasprimeras.com.do\/index.php\/category\/portada\/"},"img":{"alt_text":"Leonel Fern\u00e1ndez","src":"https:\/\/i0.wp.com\/lasprimeras.com.do\/wp-content\/uploads\/2023\/07\/Leonel-Fernandez-9.jpg?resize=350%2C200&ssl=1","width":350,"height":200,"srcset":"https:\/\/i0.wp.com\/lasprimeras.com.do\/wp-content\/uploads\/2023\/07\/Leonel-Fernandez-9.jpg?resize=350%2C200&ssl=1 1x, https:\/\/i0.wp.com\/lasprimeras.com.do\/wp-content\/uploads\/2023\/07\/Leonel-Fernandez-9.jpg?resize=525%2C300&ssl=1 1.5x, https:\/\/i0.wp.com\/lasprimeras.com.do\/wp-content\/uploads\/2023\/07\/Leonel-Fernandez-9.jpg?resize=700%2C400&ssl=1 2x"},"classes":[]},{"id":55642,"url":"https:\/\/lasprimeras.com.do\/index.php\/2023\/07\/23\/leonel-el-gobierno-del-prm-vacio-las-neveras-y-apago-las-estufas-de-los-dominicanos\/","url_meta":{"origin":59412,"position":4},"title":"Leonel: El gobierno del PRM vaci\u00f3 las neveras y apag\u00f3 las estufas de los dominicanos","author":"Nelson Feliz","date":"23 de julio de 2023","format":false,"excerpt":"Aspirantes municipales del PRM llegan en masas a la FP El precandidato presidencial de la Fuerza del Pueblo, Leonel Fern\u00e1ndez, reiter\u00f3 las duras cr\u00edticas que mantiene contra la actual gesti\u00f3n gubernamental de encarecimiento del costo de la vida y la falta de gerencia para dirigir el pa\u00eds. Fern\u00e1ndez describi\u00f3 a\u2026","rel":"","context":"En \u00abPORTADA\u00bb","block_context":{"text":"PORTADA","link":"https:\/\/lasprimeras.com.do\/index.php\/category\/portada\/"},"img":{"alt_text":"Leonel Fernandez","src":"https:\/\/i0.wp.com\/lasprimeras.com.do\/wp-content\/uploads\/2023\/07\/Leonel-Fernandez-1.jpg?resize=350%2C200&ssl=1","width":350,"height":200,"srcset":"https:\/\/i0.wp.com\/lasprimeras.com.do\/wp-content\/uploads\/2023\/07\/Leonel-Fernandez-1.jpg?resize=350%2C200&ssl=1 1x, https:\/\/i0.wp.com\/lasprimeras.com.do\/wp-content\/uploads\/2023\/07\/Leonel-Fernandez-1.jpg?resize=525%2C300&ssl=1 1.5x, https:\/\/i0.wp.com\/lasprimeras.com.do\/wp-content\/uploads\/2023\/07\/Leonel-Fernandez-1.jpg?resize=700%2C400&ssl=1 2x"},"classes":[]},{"id":54985,"url":"https:\/\/lasprimeras.com.do\/index.php\/2023\/07\/16\/leonel-fernandez-recorre-calles-junto-a-precandidatos-de-la-fuerza-del-pueblo\/","url_meta":{"origin":59412,"position":5},"title":"Leonel Fern\u00e1ndez recorre calles junto a precandidatos de la Fuerza del Pueblo","author":"Nelson Feliz","date":"16 de julio de 2023","format":false,"excerpt":"Durante el recorrido, el expresidente saludaba a los mun\u00edcipes, quienes euf\u00f3ricos cantaban y bailaban la canci\u00f3n \"Se Van\", del artista, dirigente fundador de la Fuerza del Pueblo, Johnny Ventura. El precandidato presidencial de la Fuerza del Pueblo para los comicios del 2024, Leonel Fern\u00e1ndez, recorri\u00f3 las calles de los barrios\u2026","rel":"","context":"En \u00abSin categor\u00eda\u00bb","block_context":{"text":"Sin categor\u00eda","link":"https:\/\/lasprimeras.com.do\/index.php\/category\/sin-categoria\/"},"img":{"alt_text":"Leonel Fernandez sc","src":"https:\/\/i0.wp.com\/lasprimeras.com.do\/wp-content\/uploads\/2023\/07\/Leonel-Fernandez-sc.jpeg?resize=350%2C200&ssl=1","width":350,"height":200,"srcset":"https:\/\/i0.wp.com\/lasprimeras.com.do\/wp-content\/uploads\/2023\/07\/Leonel-Fernandez-sc.jpeg?resize=350%2C200&ssl=1 1x, https:\/\/i0.wp.com\/lasprimeras.com.do\/wp-content\/uploads\/2023\/07\/Leonel-Fernandez-sc.jpeg?resize=525%2C300&ssl=1 1.5x, https:\/\/i0.wp.com\/lasprimeras.com.do\/wp-content\/uploads\/2023\/07\/Leonel-Fernandez-sc.jpeg?resize=700%2C400&ssl=1 2x"},"classes":[]}],"jetpack_sharing_enabled":true,"_links":{"self":[{"href":"https:\/\/lasprimeras.com.do\/index.php\/wp-json\/wp\/v2\/posts\/59412","targetHints":{"allow":["GET"]}}],"collection":[{"href":"https:\/\/lasprimeras.com.do\/index.php\/wp-json\/wp\/v2\/posts"}],"about":[{"href":"https:\/\/lasprimeras.com.do\/index.php\/wp-json\/wp\/v2\/types\/post"}],"author":[{"embeddable":true,"href":"https:\/\/lasprimeras.com.do\/index.php\/wp-json\/wp\/v2\/users\/2"}],"replies":[{"embeddable":true,"href":"https:\/\/lasprimeras.com.do\/index.php\/wp-json\/wp\/v2\/comments?post=59412"}],"version-history":[{"count":1,"href":"https:\/\/lasprimeras.com.do\/index.php\/wp-json\/wp\/v2\/posts\/59412\/revisions"}],"predecessor-version":[{"id":59414,"href":"https:\/\/lasprimeras.com.do\/index.php\/wp-json\/wp\/v2\/posts\/59412\/revisions\/59414"}],"wp:featuredmedia":[{"embeddable":true,"href":"https:\/\/lasprimeras.com.do\/index.php\/wp-json\/wp\/v2\/media\/59413"}],"wp:attachment":[{"href":"https:\/\/lasprimeras.com.do\/index.php\/wp-json\/wp\/v2\/media?parent=59412"}],"wp:term":[{"taxonomy":"category","embeddable":true,"href":"https:\/\/lasprimeras.com.do\/index.php\/wp-json\/wp\/v2\/categories?post=59412"},{"taxonomy":"post_tag","embeddable":true,"href":"https:\/\/lasprimeras.com.do\/index.php\/wp-json\/wp\/v2\/tags?post=59412"}],"curies":[{"name":"wp","href":"https:\/\/api.w.org\/{rel}","templated":true}]}}