{"id":59418,"date":"2023-09-03T21:28:05","date_gmt":"2023-09-04T01:28:05","guid":{"rendered":"https:\/\/lasprimeras.com.do\/?p=59418"},"modified":"2023-09-03T21:28:07","modified_gmt":"2023-09-04T01:28:07","slug":"roberto-angel-juramenta-en-la-unidad-externa-a-83-dirigentes-del-pld-en-salcedo","status":"publish","type":"post","link":"https:\/\/lasprimeras.com.do\/index.php\/2023\/09\/03\/roberto-angel-juramenta-en-la-unidad-externa-a-83-dirigentes-del-pld-en-salcedo\/","title":{"rendered":"Roberto \u00c1ngel juramenta en la Unidad Externa a 83 dirigentes del PLD en Salcedo"},"content":{"rendered":"\n<p><strong>Entre los juramentados est\u00e1 el fil\u00e1ntropo y odont\u00f3logo de Hermanas Mirabal Kibert Dario Veras Henr\u00edquez<\/strong><\/p>\n\n\n\n<p>El miembro de la Direcci\u00f3n Ejecutiva del Partido Revolucionario Moderno (PRM), Roberto \u00c1ngel Salcedo, jurament\u00f3 en la Unidad Externa con Luis a 83 dirigentes del Partido de la Liberaci\u00f3n Dominicana (PLD) y de otras organizaciones opositoras en la provincia Salcedo, Hermanas Mirabal, quienes pasan a trabajar por la reelecci\u00f3n del presidente Luis Abinader.<\/p>\n\n\n\n<p>Roberto \u00c1ngel, quien tom\u00f3 el juramento junto a Luis Ren\u00e9 Cana\u00e1n, exsenador peledeista y coordinador de esa plataforma pol\u00edtica electoral en el Nordeste, se\u00f1al\u00f3 que la integraci\u00f3n de importantes dirigentes de otras organizaciones es una muestra de que el PRM es la principal fuerza pol\u00edtica del pa\u00eds, que se fortalece para ganar de forma arrolladora las elecciones de febrero y de mayo de 2024.<\/p>\n\n\n\n<p>El alto dirigente pol\u00edtico aprovech\u00f3 la ocasi\u00f3n para llamar a toda la dirigencia perremeista a mantener la unidad, que asegura es la \u00fanica garant\u00eda para retener el poder m\u00e1s all\u00e1 del 2024.<\/p>\n\n\n\n<p>&#8220;En pol\u00edtica solo puede lograrse el \u00e9xito sobre la base de la sumatoria. Nunca en divisi\u00f3n se lograr\u00e1n objetivos pol\u00edticos estrat\u00e9gicos, por lo que debe ser un imperativo general promover la unidad de criterios en todas las instancias del partido&#8221; expres\u00f3.<\/p>\n\n\n\n<p>Roberto \u00c1ngel manifest\u00f3 que la meta es trabajar de la mano para que el PRM gane la mayor\u00eda de alcaldes y directores de distrito municipales en febrero y para que el presidente Abinader obtenga un triunfo convincente en primera vuelta en los comicios de mayo.<\/p>\n\n\n\n<figure class=\"wp-block-image size-full is-resized\"><img decoding=\"async\" src=\"https:\/\/lasprimeras.com.do\/wp-content\/uploads\/2023\/09\/Roberto-Angel-Salcedo-1.jpg\" alt=\"\" class=\"wp-image-59420\" style=\"width:840px;height:430px\" width=\"840\" height=\"430\"\/><\/figure>\n\n\n\n<p><strong>Comprometidos a apoyar a Abinader y al PRM<\/strong><\/p>\n\n\n\n<p>De su lado, el exsenador Luis Ren\u00e9 Cana\u00e1n dijo que todos los juramentados est\u00e1n comprometidos a apoyar al PRM, para que Abinader contin\u00fae en la direcci\u00f3n del Estado m\u00e1s all\u00e1 de 2024.<\/p>\n\n\n\n<p>Entre los juramentados en la Unidad Externa con Luis est\u00e1 el m\u00e9dico odont\u00f3logo y fil\u00e1ntropo de esa provincia Kibert Dario Veras Henr\u00edquez, y el aspirante a regidor Rafael Acosta, quien fuera un destacado dirigente del PLD en Salcedo.<\/p>\n\n\n\n<p><strong>Otros juramentados<\/strong><\/p>\n\n\n\n<p>Adem\u00e1s del doctor Veras Henr\u00edquez y Rafael Acosta, ingresaron a la Unidad Externa Luis Miguel Estrella de la Cruz, Jos\u00e9 Blanco Paulino, Miguelina de la Cruz N\u00fa\u00f1ez, Carlos Miguel Paulino, Pedro Garc\u00eda, Julian G\u00f3mez Adames, Mar\u00eda Mercedes Suriel y Jos\u00e9 Rafael Hern\u00e1ndez.<\/p>\n\n\n\n<p>Asimismo, Eduardo Arturo Gil, Jos\u00e9 Francisco Hidalgo, Leandro Jos\u00e9 de la Cruz, Jos\u00e9 Manuel Ceballos S\u00e1nchez, Liliana Mu\u00f1oz, Cornelio Rogelio Abr\u00e9u, Renier Reynoso, Bernardo Vargas Polanco, Edily L\u00f3pez Mariz\u00e1n, Alcenio Miguel Brito, Rafael Evangelista Rosario.<\/p>\n\n\n\n<p>Tambi\u00e9n, Miguel Villavizar, Omar V\u00e1squez, Feliz Antonio Reyes, Berman Francisco Molina Amarante, Jos\u00e9 Bernardo Santos Paulino, Juan Rafael Toribio Pichardo, Juan Carlos Fermin, Leonidas Santos Est\u00e9vez, Luis David L\u00f3pez Tiribio, Jos\u00e9 Benjam\u00edn Parra, entre otros.<\/p>\n\n\n\n<p>En el acto, realizado en la casa del exsenador Cana\u00e1n estuvieron presentes adem\u00e1s, la alcaldesa y aspirante a senadora de la provincia Hermanas Mirabal, Mercedes Ort\u00edz, y el presidente provincial del PRM, Domingo Adames, entre otros importantes dirigentes provinciales y municipales de partido gobernante.<\/p>\n","protected":false},"excerpt":{"rendered":"<p>Entre los juramentados est\u00e1 el fil\u00e1ntropo y odont\u00f3logo de Hermanas Mirabal Kibert Dario Veras Henr\u00edquez El miembro de la Direcci\u00f3n Ejecutiva del Partido Revolucionario Moderno (PRM), Roberto \u00c1ngel Salcedo, jurament\u00f3&hellip;<\/p>\n","protected":false},"author":2,"featured_media":59419,"comment_status":"open","ping_status":"open","sticky":false,"template":"","format":"standard","meta":{"content-type":"","jetpack_post_was_ever_published":false,"_jetpack_newsletter_access":"","_jetpack_dont_email_post_to_subs":false,"_jetpack_newsletter_tier_id":0,"_jetpack_memberships_contains_paywalled_content":false,"_jetpack_memberships_contains_paid_content":false,"footnotes":""},"categories":[25],"tags":[983,268,269,3714,6146,7060],"class_list":["post-59418","post","type-post","status-publish","format-standard","has-post-thumbnail","hentry","category-portada","tag-dirigentes","tag-juramenta","tag-pld","tag-roberto-angel","tag-salcedo","tag-unidad-externa"],"jetpack_featured_media_url":"https:\/\/lasprimeras.com.do\/wp-content\/uploads\/2023\/09\/Roberto-Angel-Salcedo.jpg","jetpack-related-posts":[{"id":57427,"url":"https:\/\/lasprimeras.com.do\/index.php\/2023\/08\/12\/roberto-angel-y-luis-rene-canaan-posicionan-unidad-externa-con-luis-hermanas-mirabal\/","url_meta":{"origin":59418,"position":0},"title":"Roberto \u00c1ngel y Luis Ren\u00e9 Cana\u00e1n posicionan &#8220;Unidad Externa con Luis&#8221; Hermanas Mirabal","author":"Nelson Feliz","date":"12 de agosto de 2023","format":false,"excerpt":"Cana\u00e1n es designado coordinador de la Unidad Externa con Luis en las provincias de la regi\u00f3n nordeste. El miembro de la Direcci\u00f3n Ejecutiva del Partido Revolucionario Moderno (PRM) Roberto \u00c1ngel Salcedo y el exsenador Luis Ren\u00e9 Cana\u00e1n, alto dirigente pol\u00edtico renunciante del Partido de la Liberaci\u00f3n Dominicana (PLD), dejaron posicionada\u2026","rel":"","context":"En \u00abPORTADA\u00bb","block_context":{"text":"PORTADA","link":"https:\/\/lasprimeras.com.do\/index.php\/category\/portada\/"},"img":{"alt_text":"Roberto \u00c1ngel Salcedo y Luis Ren\u00e9 Cana\u00e1n","src":"https:\/\/i0.wp.com\/lasprimeras.com.do\/wp-content\/uploads\/2023\/08\/Roberto-Angel-Salcedo-y-Luis-Rene-Canaan.jpg?resize=350%2C200&ssl=1","width":350,"height":200,"srcset":"https:\/\/i0.wp.com\/lasprimeras.com.do\/wp-content\/uploads\/2023\/08\/Roberto-Angel-Salcedo-y-Luis-Rene-Canaan.jpg?resize=350%2C200&ssl=1 1x, https:\/\/i0.wp.com\/lasprimeras.com.do\/wp-content\/uploads\/2023\/08\/Roberto-Angel-Salcedo-y-Luis-Rene-Canaan.jpg?resize=525%2C300&ssl=1 1.5x, https:\/\/i0.wp.com\/lasprimeras.com.do\/wp-content\/uploads\/2023\/08\/Roberto-Angel-Salcedo-y-Luis-Rene-Canaan.jpg?resize=700%2C400&ssl=1 2x"},"classes":[]},{"id":61190,"url":"https:\/\/lasprimeras.com.do\/index.php\/2023\/09\/22\/roberto-angel-juramenta-exgobernadora-del-pld-en-dajabon-en-la-unidad-externa\/","url_meta":{"origin":59418,"position":1},"title":"Roberto \u00c1ngel juramenta exgobernadora del PLD en Dajab\u00f3n en la Unidad Externa","author":"Nelson Feliz","date":"22 de septiembre de 2023","format":false,"excerpt":"Esther Ram\u00edrez ingres\u00f3 a esta plataforma electoral externa del PRM junto a su equipo pol\u00edtico y decenas de expeledeistas. El miembro de la Direcci\u00f3n Ejecutiva del Partido Revolucionario Moderno (PRM), Roberto \u00c1ngel Salcedo, jurament\u00f3 en la Unidad Externa con Luis a la exgobernadora del PLD en la provincia Dajab\u00f3n, Esther\u2026","rel":"","context":"En \u00abSin categor\u00eda\u00bb","block_context":{"text":"Sin categor\u00eda","link":"https:\/\/lasprimeras.com.do\/index.php\/category\/sin-categoria\/"},"img":{"alt_text":"Roberto Angel Salcedo","src":"https:\/\/i0.wp.com\/lasprimeras.com.do\/wp-content\/uploads\/2023\/09\/Roberto-Angel.jpg?resize=350%2C200&ssl=1","width":350,"height":200,"srcset":"https:\/\/i0.wp.com\/lasprimeras.com.do\/wp-content\/uploads\/2023\/09\/Roberto-Angel.jpg?resize=350%2C200&ssl=1 1x, https:\/\/i0.wp.com\/lasprimeras.com.do\/wp-content\/uploads\/2023\/09\/Roberto-Angel.jpg?resize=525%2C300&ssl=1 1.5x, https:\/\/i0.wp.com\/lasprimeras.com.do\/wp-content\/uploads\/2023\/09\/Roberto-Angel.jpg?resize=700%2C400&ssl=1 2x"},"classes":[]},{"id":61235,"url":"https:\/\/lasprimeras.com.do\/index.php\/2023\/09\/24\/roberto-angel-juramenta-a-regidor-de-palo-alto-y-decenas-de-dirigentes-del-pld-en-barahona\/","url_meta":{"origin":59418,"position":2},"title":"Roberto \u00c1ngel juramenta a regidor de Palo Alto y decenas de dirigentes del PLD en Barahona","author":"Nelson Feliz","date":"24 de septiembre de 2023","format":false,"excerpt":"Por Martin Restituyo El miembro de la Direcci\u00f3n Ejecutiva del Partido Revolucionario Moderno (PRM) Roberto \u00c1ngel Salcedo, jurament\u00f3 en la Unidad Externa con Luis al regidor Luis Osvaldo D\u00edaz (Ney), dirigente peledeista y vicepresidente del Consejo de Regidores de Palo Alto, en Barahona, y a un grupo de militantes que\u2026","rel":"","context":"En \u00abPORTADA\u00bb","block_context":{"text":"PORTADA","link":"https:\/\/lasprimeras.com.do\/index.php\/category\/portada\/"},"img":{"alt_text":"Roberto \u00c1ngel Salcedo","src":"https:\/\/i0.wp.com\/lasprimeras.com.do\/wp-content\/uploads\/2023\/09\/Roberto-Angel-Salcedo-9.jpg?resize=350%2C200&ssl=1","width":350,"height":200,"srcset":"https:\/\/i0.wp.com\/lasprimeras.com.do\/wp-content\/uploads\/2023\/09\/Roberto-Angel-Salcedo-9.jpg?resize=350%2C200&ssl=1 1x, https:\/\/i0.wp.com\/lasprimeras.com.do\/wp-content\/uploads\/2023\/09\/Roberto-Angel-Salcedo-9.jpg?resize=525%2C300&ssl=1 1.5x, https:\/\/i0.wp.com\/lasprimeras.com.do\/wp-content\/uploads\/2023\/09\/Roberto-Angel-Salcedo-9.jpg?resize=700%2C400&ssl=1 2x"},"classes":[]},{"id":62810,"url":"https:\/\/lasprimeras.com.do\/index.php\/2023\/10\/08\/roberto-angel-juramenta-en-la-unidad-externa-miembro-del-cc-del-pld-en-san-luis\/","url_meta":{"origin":59418,"position":3},"title":"Roberto \u00c1ngel juramenta en la \u201cUnidad Externa\u201d miembro del CC del PLD en San Luis","author":"Nelson Feliz","date":"8 de octubre de 2023","format":false,"excerpt":"La renuncia de Onasis C\u00e9spedes, dos aspirantes a regidores y otras personalidades importantes, ocurre en momentos que el PLD realiza elecciones internas para escoger candidatos a cargos municipales. El miembro de la direcci\u00f3n Ejecutiva del Partido Revolucionario Moderno (PRM), Roberto \u00c1ngel Salcedo, \u00a0jurament\u00f3 en la \u201cUnidad Externa con Luis\u201d, a\u2026","rel":"","context":"En \u00abPORTADA\u00bb","block_context":{"text":"PORTADA","link":"https:\/\/lasprimeras.com.do\/index.php\/category\/portada\/"},"img":{"alt_text":"Roberto \u00c1ngel Salcedo","src":"https:\/\/i0.wp.com\/lasprimeras.com.do\/wp-content\/uploads\/2023\/10\/Roberto-Angel-Salcedo-1.jpg?resize=350%2C200&ssl=1","width":350,"height":200,"srcset":"https:\/\/i0.wp.com\/lasprimeras.com.do\/wp-content\/uploads\/2023\/10\/Roberto-Angel-Salcedo-1.jpg?resize=350%2C200&ssl=1 1x, https:\/\/i0.wp.com\/lasprimeras.com.do\/wp-content\/uploads\/2023\/10\/Roberto-Angel-Salcedo-1.jpg?resize=525%2C300&ssl=1 1.5x, https:\/\/i0.wp.com\/lasprimeras.com.do\/wp-content\/uploads\/2023\/10\/Roberto-Angel-Salcedo-1.jpg?resize=700%2C400&ssl=1 2x"},"classes":[]},{"id":61490,"url":"https:\/\/lasprimeras.com.do\/index.php\/2023\/09\/27\/roberto-angel-juramenta-en-la-cuaba-112-dirigentes-coordinadores-del-pld-en-unidad-externa\/","url_meta":{"origin":59418,"position":4},"title":"Roberto \u00c1ngel juramenta en La Cuaba 112 dirigentes coordinadores del PLD en Unidad Externa","author":"Nelson Feliz","date":"27 de septiembre de 2023","format":false,"excerpt":"El miembro de la Direcci\u00f3n Ejecutiva del Partido Revolucionario Moderno (PRM), Roberto \u00c1ngel Salcedo, jurament\u00f3 este mi\u00e9rcoles a 112 expresidentes y coordinadores zonales del Partido de la Liberaci\u00f3n Dominicana (PLD) en el Distrito Municipal La Cuaba, Pedro Brand, en la Unidad Externa con Luis, para respaldar la reelecci\u00f3n del presidente\u2026","rel":"","context":"En \u00abPORTADA\u00bb","block_context":{"text":"PORTADA","link":"https:\/\/lasprimeras.com.do\/index.php\/category\/portada\/"},"img":{"alt_text":"Roberto \u00c1ngel Salcedo","src":"https:\/\/i0.wp.com\/lasprimeras.com.do\/wp-content\/uploads\/2023\/09\/Roberto-Angel-Salcedo-4.jpg?resize=350%2C200&ssl=1","width":350,"height":200,"srcset":"https:\/\/i0.wp.com\/lasprimeras.com.do\/wp-content\/uploads\/2023\/09\/Roberto-Angel-Salcedo-4.jpg?resize=350%2C200&ssl=1 1x, https:\/\/i0.wp.com\/lasprimeras.com.do\/wp-content\/uploads\/2023\/09\/Roberto-Angel-Salcedo-4.jpg?resize=525%2C300&ssl=1 1.5x, https:\/\/i0.wp.com\/lasprimeras.com.do\/wp-content\/uploads\/2023\/09\/Roberto-Angel-Salcedo-4.jpg?resize=700%2C400&ssl=1 2x"},"classes":[]},{"id":60023,"url":"https:\/\/lasprimeras.com.do\/index.php\/2023\/09\/09\/roberto-angel-juramenta-50-presidentes-de-comite-de-base-del-pld-en-la-caleta\/","url_meta":{"origin":59418,"position":5},"title":"Roberto \u00c1ngel\u00a0 juramenta 50 presidentes de comit\u00e9 de base del PLD en La Caleta","author":"Nelson Feliz","date":"9 de septiembre de 2023","format":false,"excerpt":"Con los juramentados este s\u00e1bado, totalizan m\u00e1s de 100 los ex dirigentes que abandonan la oposici\u00f3n para integrarse en la Unidad Externa de apoyo a la reelecci\u00f3n del presidente Luis Abinader. El miembro de la Direcci\u00f3n Ejecutiva del Partido Revolucionario Moderno (PRM), Roberto \u00c1ngel Salcedo, jurament\u00f3 este s\u00e1bado en la\u2026","rel":"","context":"En \u00abPORTADA\u00bb","block_context":{"text":"PORTADA","link":"https:\/\/lasprimeras.com.do\/index.php\/category\/portada\/"},"img":{"alt_text":"Roberto \u00c1ngel Salcedo","src":"https:\/\/i0.wp.com\/lasprimeras.com.do\/wp-content\/uploads\/2023\/09\/Roberto-Angel-Salcedo-3.jpg?resize=350%2C200&ssl=1","width":350,"height":200,"srcset":"https:\/\/i0.wp.com\/lasprimeras.com.do\/wp-content\/uploads\/2023\/09\/Roberto-Angel-Salcedo-3.jpg?resize=350%2C200&ssl=1 1x, https:\/\/i0.wp.com\/lasprimeras.com.do\/wp-content\/uploads\/2023\/09\/Roberto-Angel-Salcedo-3.jpg?resize=525%2C300&ssl=1 1.5x, https:\/\/i0.wp.com\/lasprimeras.com.do\/wp-content\/uploads\/2023\/09\/Roberto-Angel-Salcedo-3.jpg?resize=700%2C400&ssl=1 2x"},"classes":[]}],"jetpack_sharing_enabled":true,"_links":{"self":[{"href":"https:\/\/lasprimeras.com.do\/index.php\/wp-json\/wp\/v2\/posts\/59418","targetHints":{"allow":["GET"]}}],"collection":[{"href":"https:\/\/lasprimeras.com.do\/index.php\/wp-json\/wp\/v2\/posts"}],"about":[{"href":"https:\/\/lasprimeras.com.do\/index.php\/wp-json\/wp\/v2\/types\/post"}],"author":[{"embeddable":true,"href":"https:\/\/lasprimeras.com.do\/index.php\/wp-json\/wp\/v2\/users\/2"}],"replies":[{"embeddable":true,"href":"https:\/\/lasprimeras.com.do\/index.php\/wp-json\/wp\/v2\/comments?post=59418"}],"version-history":[{"count":1,"href":"https:\/\/lasprimeras.com.do\/index.php\/wp-json\/wp\/v2\/posts\/59418\/revisions"}],"predecessor-version":[{"id":59421,"href":"https:\/\/lasprimeras.com.do\/index.php\/wp-json\/wp\/v2\/posts\/59418\/revisions\/59421"}],"wp:featuredmedia":[{"embeddable":true,"href":"https:\/\/lasprimeras.com.do\/index.php\/wp-json\/wp\/v2\/media\/59419"}],"wp:attachment":[{"href":"https:\/\/lasprimeras.com.do\/index.php\/wp-json\/wp\/v2\/media?parent=59418"}],"wp:term":[{"taxonomy":"category","embeddable":true,"href":"https:\/\/lasprimeras.com.do\/index.php\/wp-json\/wp\/v2\/categories?post=59418"},{"taxonomy":"post_tag","embeddable":true,"href":"https:\/\/lasprimeras.com.do\/index.php\/wp-json\/wp\/v2\/tags?post=59418"}],"curies":[{"name":"wp","href":"https:\/\/api.w.org\/{rel}","templated":true}]}}