{"id":59422,"date":"2023-09-03T21:40:52","date_gmt":"2023-09-04T01:40:52","guid":{"rendered":"https:\/\/lasprimeras.com.do\/?p=59422"},"modified":"2023-09-03T21:40:53","modified_gmt":"2023-09-04T01:40:53","slug":"abel-en-fantino-si-el-prm-sabe-contar-que-no-cuente-con-el-pueblo","status":"publish","type":"post","link":"https:\/\/lasprimeras.com.do\/index.php\/2023\/09\/03\/abel-en-fantino-si-el-prm-sabe-contar-que-no-cuente-con-el-pueblo\/","title":{"rendered":"Abel en Fantino: \u00abSi el PRM sabe contar, que no cuente con el pueblo"},"content":{"rendered":"\n<p>El candidato presidencial del Partido de la Liberaci\u00f3n Dominicana (PLD), Abel Mart\u00ednez, advirti\u00f3 al Gobierno del PRM que, s\u00ed sabe contar, que no cuente con el pueblo dominicano.<\/p>\n\n\n\n<p>\u00abA nosotros nos luce bailar y brincar, porque vamos para el Gobierno. Pero a los del PRM, por m\u00e1s que brinquen y salten \u00a1E\u2019 pa\u2019 fuera que van!\u00bb, proclam\u00f3 el l\u00edder de la oposici\u00f3n, ante una multitud.<\/p>\n\n\n\n<p>Abel Mart\u00ednez habl\u00f3 en Fantino, provincia S\u00e1nchez Ram\u00edrez, durante la proclamaci\u00f3n como candidato del actual alcalde, Gaby Padilla, de quien destac\u00f3 su excelente gesti\u00f3n al frente del Ayuntamiento.<\/p>\n\n\n\n<p>\u00abCon la dignidad del pueblo no se juega. El PRM ha descalabrado a la Rep\u00fablica Dominicana. Si saben contar, que no cuente con el pueblo dominicano. Y que cuenten los d\u00edas que les quedan en el Palacio\u00bb, enfatiz\u00f3.<\/p>\n\n\n\n<p>El candidato presidencial del PLD garantiz\u00f3 rescatar el pa\u00eds de la inoperancia y abandono en que mantiene el Gobierno a las familias dominicanas, a las que Abel Mart\u00ednez, indica, lleva en el coraz\u00f3n.<\/p>\n\n\n\n<p>Obras PLD en S\u00e1nchez Ram\u00edrez<\/p>\n\n\n\n<p>En los gobiernos del PLD (2012-2020) se invirtieron m\u00e1s de RD$7,980 millones en producci\u00f3n de pi\u00f1a, cacao, tilapias, hierbas arom\u00e1ticas y factor\u00edas de arroz.<\/p>\n\n\n\n<p>En 9 Visitas Sorpresa en Cotu\u00ed, El Callej\u00f3n del Duey, Angelina y La Mata, se invirtieron RD$800 millones, en 29 proyectos productivos y comunitarios.<\/p>\n\n\n\n<figure class=\"wp-block-embed is-type-rich is-provider-twitter wp-block-embed-twitter\"><div class=\"wp-block-embed__wrapper\">\n<div class=\"embed-twitter\"><blockquote class=\"twitter-tweet\" data-width=\"500\" data-dnt=\"true\"><p lang=\"es\" dir=\"ltr\">&quot;A nosotros nos luce bailar y brincar, porque vamos para el Gobierno. Pero a los del PRM, por m\u00e1s que brinquen y salten \u00a1E&#39; pa&#39; fuera que van!&quot;, proclam\u00f3 el l\u00edder de la oposici\u00f3n, ante una multitud. <a href=\"https:\/\/t.co\/zlRvkGGH12\">pic.twitter.com\/zlRvkGGH12<\/a><\/p>&mdash; PLD (@PLDenlinea) <a href=\"https:\/\/twitter.com\/PLDenlinea\/status\/1698490760427921625?ref_src=twsrc%5Etfw\">September 4, 2023<\/a><\/blockquote><script async src=\"https:\/\/platform.twitter.com\/widgets.js\" charset=\"utf-8\"><\/script><\/div>\n<\/div><\/figure>\n","protected":false},"excerpt":{"rendered":"<p>El candidato presidencial del Partido de la Liberaci\u00f3n Dominicana (PLD), Abel Mart\u00ednez, advirti\u00f3 al Gobierno del PRM que, s\u00ed sabe contar, que no cuente con el pueblo dominicano. \u00abA nosotros&hellip;<\/p>\n","protected":false},"author":2,"featured_media":59423,"comment_status":"open","ping_status":"open","sticky":false,"template":"","format":"standard","meta":{"content-type":"","jetpack_post_was_ever_published":false,"_jetpack_newsletter_access":"","_jetpack_dont_email_post_to_subs":false,"_jetpack_newsletter_tier_id":0,"_jetpack_memberships_contains_paywalled_content":false,"_jetpack_memberships_contains_paid_content":false,"footnotes":""},"categories":[25],"tags":[822,7061,269,31],"class_list":["post-59422","post","type-post","status-publish","format-standard","has-post-thumbnail","hentry","category-portada","tag-abel-martinez","tag-fantino","tag-pld","tag-prm"],"jetpack_featured_media_url":"https:\/\/lasprimeras.com.do\/wp-content\/uploads\/2023\/09\/Abel-Martinez.jpeg","jetpack-related-posts":[{"id":104644,"url":"https:\/\/lasprimeras.com.do\/index.php\/2025\/07\/25\/abel-martinez-asegura-que-la-mejor-coyuntura-para-el-regreso-del-pld-al-poder-es-ahora\/","url_meta":{"origin":59422,"position":0},"title":"Abel Mart\u00ednez asegura que la mejor coyuntura para el regreso del PLD al poder es ahora","author":"Nelson Feliz","date":"25 de julio de 2025","format":false,"excerpt":"El miembro del Comit\u00e9 Pol\u00edtico del PLD , Abel Mart\u00ednez, considera que, con el reencuentro en 2028 entre el PLD y el pueblo dominicano, se cerrar\u00e1 el paso de las actuales promesas incumplidas, regresando las soluciones reales a los problemas que enfrenta RD.,\u00abLa historia nos da una nueva oportunidad, y\u2026","rel":"","context":"En \u00abPOLITICA\u00bb","block_context":{"text":"POLITICA","link":"https:\/\/lasprimeras.com.do\/index.php\/category\/politica\/"},"img":{"alt_text":"","src":"https:\/\/i0.wp.com\/lasprimeras.com.do\/wp-content\/uploads\/2024\/09\/ABEL-MARTINEZ.jpg?resize=350%2C200&ssl=1","width":350,"height":200,"srcset":"https:\/\/i0.wp.com\/lasprimeras.com.do\/wp-content\/uploads\/2024\/09\/ABEL-MARTINEZ.jpg?resize=350%2C200&ssl=1 1x, https:\/\/i0.wp.com\/lasprimeras.com.do\/wp-content\/uploads\/2024\/09\/ABEL-MARTINEZ.jpg?resize=525%2C300&ssl=1 1.5x, https:\/\/i0.wp.com\/lasprimeras.com.do\/wp-content\/uploads\/2024\/09\/ABEL-MARTINEZ.jpg?resize=700%2C400&ssl=1 2x"},"classes":[]},{"id":62813,"url":"https:\/\/lasprimeras.com.do\/index.php\/2023\/10\/08\/abel-a-prm-te-conozco-bacalao-aunque-vengas-disfrazao\/","url_meta":{"origin":59422,"position":1},"title":"Abel a PRM: \u00abTe conozco bacalao, aunque vengas disfrazao\u00bb","author":"Nelson Feliz","date":"8 de octubre de 2023","format":false,"excerpt":"El candidato presidencial del Partido de la Liberaci\u00f3n Dominicana (PLD), Abel Mart\u00ednez, enumer\u00f3 los sectores en los que, asegura, el Gobierno del PRM le ha fallado al pueblo. Se\u00f1al\u00f3 el colapso de los sistemas de salud y educativo, as\u00ed como el abandono de la producci\u00f3n agr\u00edcola, que ha quebrado a\u2026","rel":"","context":"En \u00abPORTADA\u00bb","block_context":{"text":"PORTADA","link":"https:\/\/lasprimeras.com.do\/index.php\/category\/portada\/"},"img":{"alt_text":"Abel Mart\u00ednez","src":"https:\/\/i0.wp.com\/lasprimeras.com.do\/wp-content\/uploads\/2023\/10\/Abel-Martinez.jpeg?resize=350%2C200&ssl=1","width":350,"height":200,"srcset":"https:\/\/i0.wp.com\/lasprimeras.com.do\/wp-content\/uploads\/2023\/10\/Abel-Martinez.jpeg?resize=350%2C200&ssl=1 1x, https:\/\/i0.wp.com\/lasprimeras.com.do\/wp-content\/uploads\/2023\/10\/Abel-Martinez.jpeg?resize=525%2C300&ssl=1 1.5x, https:\/\/i0.wp.com\/lasprimeras.com.do\/wp-content\/uploads\/2023\/10\/Abel-Martinez.jpeg?resize=700%2C400&ssl=1 2x, https:\/\/i0.wp.com\/lasprimeras.com.do\/wp-content\/uploads\/2023\/10\/Abel-Martinez.jpeg?resize=1050%2C600&ssl=1 3x"},"classes":[]},{"id":109804,"url":"https:\/\/lasprimeras.com.do\/index.php\/2025\/09\/20\/abel-martinez-el-hoyo-corrupto-en-senasa-solo-es-equiparable-al-hoyo-ineficiente-del-sector-electrico\/","url_meta":{"origin":59422,"position":2},"title":"Abel Mart\u00ednez: \u201cEl hoyo corrupto en SENASA\u201d solo es equiparable al hoyo ineficiente del sector el\u00e9ctrico","author":"Nelson Feliz","date":"20 de septiembre de 2025","format":false,"excerpt":"El miembro del Comit\u00e9 Pol\u00edtico del Partido de la Liberaci\u00f3n Dominicana (PLD), Abel Mart\u00ednez, calific\u00f3 como un verdadero abismo de corrupci\u00f3n el esc\u00e1ndalo en SENASA, se\u00f1alando que ese \u201choyo criminal contra el erario\u201d solo puede compararse con el \u201choyo ineficiente y sin fondo\u201d del sector el\u00e9ctrico dominicano. Mart\u00ednez demand\u00f3 que\u2026","rel":"","context":"En \u00abPOLITICA\u00bb","block_context":{"text":"POLITICA","link":"https:\/\/lasprimeras.com.do\/index.php\/category\/politica\/"},"img":{"alt_text":"","src":"https:\/\/i0.wp.com\/lasprimeras.com.do\/wp-content\/uploads\/2025\/09\/Abel-Martinez.jpg?resize=350%2C200&ssl=1","width":350,"height":200,"srcset":"https:\/\/i0.wp.com\/lasprimeras.com.do\/wp-content\/uploads\/2025\/09\/Abel-Martinez.jpg?resize=350%2C200&ssl=1 1x, https:\/\/i0.wp.com\/lasprimeras.com.do\/wp-content\/uploads\/2025\/09\/Abel-Martinez.jpg?resize=525%2C300&ssl=1 1.5x, https:\/\/i0.wp.com\/lasprimeras.com.do\/wp-content\/uploads\/2025\/09\/Abel-Martinez.jpg?resize=700%2C400&ssl=1 2x"},"classes":[]},{"id":83426,"url":"https:\/\/lasprimeras.com.do\/index.php\/2024\/05\/15\/abel-al-prm-no-hay-mas-campana-sucia-que-cuatro-anos-de-maltrato-al-pueblo-dominicano\/","url_meta":{"origin":59422,"position":3},"title":"Abel al PRM: \u00abNo hay m\u00e1s campa\u00f1a sucia que cuatro a\u00f1os de maltrato al pueblo dominicano","author":"Nelson Feliz","date":"15 de mayo de 2024","format":false,"excerpt":"El candidato presidencial por el Partido de la Liberaci\u00f3n Dominicana (PLD), Abel Mart\u00ednez, respondi\u00f3 esta tarde al PRM sobre la supuesta campa\u00f1a sucia contra el Gobierno, a d\u00edas de celebrarse el proceso electoral del 19 de mayo. El l\u00edder de la oposici\u00f3n habl\u00f3 a los medios de comunicaci\u00f3n durante su\u2026","rel":"","context":"En \u00abPORTADA\u00bb","block_context":{"text":"PORTADA","link":"https:\/\/lasprimeras.com.do\/index.php\/category\/portada\/"},"img":{"alt_text":"Abel Mart\u00ednez","src":"https:\/\/i0.wp.com\/lasprimeras.com.do\/wp-content\/uploads\/2024\/05\/Abel-al-PRM.jpg?resize=350%2C200&ssl=1","width":350,"height":200,"srcset":"https:\/\/i0.wp.com\/lasprimeras.com.do\/wp-content\/uploads\/2024\/05\/Abel-al-PRM.jpg?resize=350%2C200&ssl=1 1x, https:\/\/i0.wp.com\/lasprimeras.com.do\/wp-content\/uploads\/2024\/05\/Abel-al-PRM.jpg?resize=525%2C300&ssl=1 1.5x"},"classes":[]},{"id":53299,"url":"https:\/\/lasprimeras.com.do\/index.php\/2023\/06\/25\/abel-martinez-liberaremos-a-republica-dominicana-de-este-mal-gobierno\/","url_meta":{"origin":59422,"position":4},"title":"Abel Mart\u00ednez: \u00abLiberaremos a Rep\u00fablica Dominicana de este mal gobierno\u00bb","author":"Nelson Feliz","date":"25 de junio de 2023","format":false,"excerpt":"El candidato presidencial por el Partido de la Liberaci\u00f3n Dominicana (PLD), Abel Mart\u00ednez, encabez\u00f3 una marcha en Santo Domingo Este junto al candidato a la alcald\u00eda de este municipio, Luis Alberto Tejeda. Desde los balcones, techos, aceras y calles; los vecinos de SDE vociferaban las penurias que a diario viven\u2026","rel":"","context":"En \u00abPORTADA\u00bb","block_context":{"text":"PORTADA","link":"https:\/\/lasprimeras.com.do\/index.php\/category\/portada\/"},"img":{"alt_text":"Abel Mart\u00ednez","src":"https:\/\/i0.wp.com\/lasprimeras.com.do\/wp-content\/uploads\/2023\/06\/Abel-Martinez.jpeg?resize=350%2C200&ssl=1","width":350,"height":200,"srcset":"https:\/\/i0.wp.com\/lasprimeras.com.do\/wp-content\/uploads\/2023\/06\/Abel-Martinez.jpeg?resize=350%2C200&ssl=1 1x, https:\/\/i0.wp.com\/lasprimeras.com.do\/wp-content\/uploads\/2023\/06\/Abel-Martinez.jpeg?resize=525%2C300&ssl=1 1.5x, https:\/\/i0.wp.com\/lasprimeras.com.do\/wp-content\/uploads\/2023\/06\/Abel-Martinez.jpeg?resize=700%2C400&ssl=1 2x, https:\/\/i0.wp.com\/lasprimeras.com.do\/wp-content\/uploads\/2023\/06\/Abel-Martinez.jpeg?resize=1050%2C600&ssl=1 3x"},"classes":[]},{"id":74086,"url":"https:\/\/lasprimeras.com.do\/index.php\/2024\/01\/18\/abel-martinez-cientos-de-miles-de-dominicanos-que-votaron-por-el-prm-estan-arrepentidos\/","url_meta":{"origin":59422,"position":5},"title":"Abel Mart\u00ednez: \u00abCientos de miles de dominicanos que votaron por el PRM est\u00e1n arrepentidos\u00bb","author":"Nelson Feliz","date":"18 de enero de 2024","format":false,"excerpt":"El candidato presidencial por el Partido de la Liberaci\u00f3n Dominicana (PLD), Abel Mart\u00ednez, afirm\u00f3 que cientos de miles de dominicanos que votaron por el PRM est\u00e1n arrepentidos debido al mal manejo que \u00e9ste ha tenido al frente del Gobierno. El l\u00edder de la oposici\u00f3n habl\u00f3 a los medios de comunicaci\u00f3n\u2026","rel":"","context":"En \u00abPORTADA\u00bb","block_context":{"text":"PORTADA","link":"https:\/\/lasprimeras.com.do\/index.php\/category\/portada\/"},"img":{"alt_text":"Abel Mart\u00ednez","src":"https:\/\/i0.wp.com\/lasprimeras.com.do\/wp-content\/uploads\/2024\/01\/Abel-Martinez-1.jpeg?resize=350%2C200&ssl=1","width":350,"height":200,"srcset":"https:\/\/i0.wp.com\/lasprimeras.com.do\/wp-content\/uploads\/2024\/01\/Abel-Martinez-1.jpeg?resize=350%2C200&ssl=1 1x, https:\/\/i0.wp.com\/lasprimeras.com.do\/wp-content\/uploads\/2024\/01\/Abel-Martinez-1.jpeg?resize=525%2C300&ssl=1 1.5x, https:\/\/i0.wp.com\/lasprimeras.com.do\/wp-content\/uploads\/2024\/01\/Abel-Martinez-1.jpeg?resize=700%2C400&ssl=1 2x, https:\/\/i0.wp.com\/lasprimeras.com.do\/wp-content\/uploads\/2024\/01\/Abel-Martinez-1.jpeg?resize=1050%2C600&ssl=1 3x, https:\/\/i0.wp.com\/lasprimeras.com.do\/wp-content\/uploads\/2024\/01\/Abel-Martinez-1.jpeg?resize=1400%2C800&ssl=1 4x"},"classes":[]}],"jetpack_sharing_enabled":true,"_links":{"self":[{"href":"https:\/\/lasprimeras.com.do\/index.php\/wp-json\/wp\/v2\/posts\/59422","targetHints":{"allow":["GET"]}}],"collection":[{"href":"https:\/\/lasprimeras.com.do\/index.php\/wp-json\/wp\/v2\/posts"}],"about":[{"href":"https:\/\/lasprimeras.com.do\/index.php\/wp-json\/wp\/v2\/types\/post"}],"author":[{"embeddable":true,"href":"https:\/\/lasprimeras.com.do\/index.php\/wp-json\/wp\/v2\/users\/2"}],"replies":[{"embeddable":true,"href":"https:\/\/lasprimeras.com.do\/index.php\/wp-json\/wp\/v2\/comments?post=59422"}],"version-history":[{"count":1,"href":"https:\/\/lasprimeras.com.do\/index.php\/wp-json\/wp\/v2\/posts\/59422\/revisions"}],"predecessor-version":[{"id":59424,"href":"https:\/\/lasprimeras.com.do\/index.php\/wp-json\/wp\/v2\/posts\/59422\/revisions\/59424"}],"wp:featuredmedia":[{"embeddable":true,"href":"https:\/\/lasprimeras.com.do\/index.php\/wp-json\/wp\/v2\/media\/59423"}],"wp:attachment":[{"href":"https:\/\/lasprimeras.com.do\/index.php\/wp-json\/wp\/v2\/media?parent=59422"}],"wp:term":[{"taxonomy":"category","embeddable":true,"href":"https:\/\/lasprimeras.com.do\/index.php\/wp-json\/wp\/v2\/categories?post=59422"},{"taxonomy":"post_tag","embeddable":true,"href":"https:\/\/lasprimeras.com.do\/index.php\/wp-json\/wp\/v2\/tags?post=59422"}],"curies":[{"name":"wp","href":"https:\/\/api.w.org\/{rel}","templated":true}]}}