{"id":59428,"date":"2023-09-04T06:36:30","date_gmt":"2023-09-04T10:36:30","guid":{"rendered":"https:\/\/lasprimeras.com.do\/?p=59428"},"modified":"2023-09-04T06:36:32","modified_gmt":"2023-09-04T10:36:32","slug":"onamet-aguaceros-con-tronadas-por-la-incidencia-de-vaguada-y-la-humedad-dejada-por-una-onda-tropical","status":"publish","type":"post","link":"https:\/\/lasprimeras.com.do\/index.php\/2023\/09\/04\/onamet-aguaceros-con-tronadas-por-la-incidencia-de-vaguada-y-la-humedad-dejada-por-una-onda-tropical\/","title":{"rendered":"Onamet: Aguaceros con tronadas por la incidencia de vaguada y la humedad dejada por una onda tropical"},"content":{"rendered":"\n<p>La Oficina Nacional de Meteorologia (ONAMET), report\u00f3 este lunes que nuestra \u00e1rea de pron\u00f3sticos permanece h\u00fameda e inestable, producto del paso de una onda tropical y los efectos de una vaguada que se localiza en varios niveles de la troposfera, y mantiene las condiciones propicias para que se presenten aguaceros moderados a fuertes localmente, tronadas y ocasionales r\u00e1fagas de viento sobre provincias del noreste, el litoral costero Caribe\u00f1o, llanura oriental, la Cordillera Central y la zona fronteriza.<\/p>\n\n\n\n<p>Los meteor\u00f3logos Damaris Mercedes y Llery Rodr\u00edguez manifestaron que las provincias que se encuentran en niveles de alerta son: El Gran Santo Domingo (incluyendo el Distrito Nacional), La Altagracia, El Seibo, Hato Mayor, La Romana, San Pedro de Macor\u00eds, Peravia, San Crist\u00f3bal, La Vega, Monse\u00f1or Nouel, San Jos\u00e9 de Ocoa, Santiago, Santiago Rodr\u00edguez, Monte Plata, Dajab\u00f3n, Valverde y San Juan, entre otras aleda\u00f1as. Esta actividad de precipitaciones ser\u00e1 m\u00e1s frecuente durante la tarde hasta las primeras horas de la noche.<\/p>\n\n\n\n<p>La ONAMET mantiene un Alerta meteorol\u00f3gica para cuatro provincias por descargas el\u00e9ctricas, aguaceros moderados a fuertes y r\u00e1fagas de viento, y ante posibles crecidas repentinas de r\u00edos, arroyos y ca\u00f1adas, inundaciones urbanas y\/o rurales, as\u00ed como deslizamientos de tierra.<\/p>\n\n\n\n<p>Para ma\u00f1ana martes, una vaguada en varios niveles de la troposfera y los efectos locales (calentamiento diurno y orogr\u00e1fico), favorecer\u00e1n las condiciones del tiempo, para que ocurran aguaceros moderados a fuertes, tormentas el\u00e9ctricas y r\u00e1fagas de viento, especialmente durante la tarde hasta las primeras horas de la noche, sobre poblados de las regiones: noroeste, norte, el litoral costero Caribe\u00f1o, y la Cordillera Central.<\/p>\n\n\n\n<p>En la costa Atl\u00e1ntica, se les recomienda a los operadores de fr\u00e1giles y peque\u00f1as embarcaciones desde Cabo San Rafael, en la Altagracia; hasta Punta Mangles, en el Seibo, a permanecer en puerto por viento y olas anormales.<\/p>\n\n\n\n<p>Para todas las dem\u00e1s \u00e1reas costeras, se recomienda navegar cerca del per\u00edmetro costero sin aventurarse mar adentro, debido a viento y olas anormales.<\/p>\n\n\n\n<p>La ONAMET informa que: La tormenta Tropical GERT se localiza a 1,385 km al este\/noreste de Bermuda, con vientos m\u00e1ximos sostenidos de 85 kph, movi\u00e9ndose al norte a 39 km\/h.<\/p>\n\n\n\n<p>La tormenta tropical KATIA, se ubica a unos 1,640 km al noroeste de las islas de Cabo Verde, con vientos m\u00e1ximos sostenidos de 55 kph, se mueve al noroeste a 11 kph.<\/p>\n\n\n\n<p>Se vigila una activa onda tropical ubicada a varios cientos de kil\u00f3metros al suroeste de las islas de Cabo Verde con probabilidad de un 60% para alcanzar la categor\u00eda de cicl\u00f3n tropical en las pr\u00f3ximas 48 horas.<\/p>\n\n\n\n<p>Distrito Nacional: Nublado con aguaceros, tronadas y r\u00e1fagas de viento.<\/p>\n\n\n\n<p>Santo Domingo Este: Nublado con aguaceros, tronadas y r\u00e1fagas de viento.<\/p>\n\n\n\n<p>Santo Domingo Norte: Nublado con aguaceros, tronadas y r\u00e1fagas de viento.<\/p>\n\n\n\n<p>Santo Domingo Oeste: Nublado con aguaceros, tronadas y r\u00e1fagas de viento..<\/p>\n\n\n\n<p>El Gran Santo Domingo: Temperatura m\u00e1xima entre 28 \u00b0C y 30 \u00b0C y m\u00ednima entre 23 \u00b0C y 25\u202f\u00b0C.<\/p>\n\n\n\n<p>Resumen: Onda tropical deja abundante humedad, y combinada con una vaguada provocar\u00e1n aguaceros, tormentas el\u00e9ctricas y r\u00e1fagas de viento en la regi\u00f3n: noreste, el litoral costero Caribe\u00f1o, llanura oriental, la Cordillera Central y la zona fronteriza. Se mantiene un Alerta para cuatro provincias.<\/p>\n\n\n\n<p>El martes, los efectos de una vaguada en varios niveles de la atmosfera, junto a los factores de calentamiento diurno y orogr\u00e1ficos estar\u00e1n generando desde horas matutinas y entrada la tarde aguaceros fuertes en ocasiones con tronadas y r\u00e1fagas de viento hacia las regiones: noroeste, norte, el litoral costero Caribe\u00f1o, y la cordillera Central.<\/p>\n","protected":false},"excerpt":{"rendered":"<p>La Oficina Nacional de Meteorologia (ONAMET), report\u00f3 este lunes que nuestra \u00e1rea de pron\u00f3sticos permanece h\u00fameda e inestable, producto del paso de una onda tropical y los efectos de una&hellip;<\/p>\n","protected":false},"author":2,"featured_media":55104,"comment_status":"open","ping_status":"open","sticky":false,"template":"","format":"standard","meta":{"content-type":"","jetpack_post_was_ever_published":false,"_jetpack_newsletter_access":"","_jetpack_dont_email_post_to_subs":false,"_jetpack_newsletter_tier_id":0,"_jetpack_memberships_contains_paywalled_content":false,"_jetpack_memberships_contains_paid_content":false,"footnotes":""},"categories":[35,25],"tags":[2375,4550,1517,4892,4891,1518],"class_list":["post-59428","post","type-post","status-publish","format-standard","has-post-thumbnail","hentry","category-nacionales","category-portada","tag-aguaceros","tag-humedad","tag-onamet","tag-onda-tropical","tag-tronadas","tag-vaguada"],"jetpack_featured_media_url":"https:\/\/lasprimeras.com.do\/wp-content\/uploads\/2023\/07\/lluvias-1.jpg","jetpack-related-posts":[{"id":55103,"url":"https:\/\/lasprimeras.com.do\/index.php\/2023\/07\/18\/onda-tropical-continua-generando-aguaceros-y-tronadas-sobre-el-pais\/","url_meta":{"origin":59428,"position":0},"title":"Onda Tropical contin\u00faa generando aguaceros y tronadas sobre el pa\u00eds","author":"Nelson Feliz","date":"18 de julio de 2023","format":false,"excerpt":"La Oficina Nacional de Meteorolog\u00eda inform\u00f3 que el d\u00eda de hoy amanece nublado en las provincias La Altagracia, El Seibo, Hato Mayor, Saman\u00e1, Mar\u00eda Trinidad S\u00e1nchez, Peravia, San Crist\u00f3bal, San Jos\u00e9 de Ocoa, Azua y Barahona. All\u00ed se observan aguaceros y tronadas que continuar\u00e1n en las horas diurnas, asociados a\u2026","rel":"","context":"En \u00abNACIONALES\u00bb","block_context":{"text":"NACIONALES","link":"https:\/\/lasprimeras.com.do\/index.php\/category\/nacionales\/"},"img":{"alt_text":"","src":"https:\/\/i0.wp.com\/lasprimeras.com.do\/wp-content\/uploads\/2023\/07\/lluvias-1.jpg?resize=350%2C200&ssl=1","width":350,"height":200,"srcset":"https:\/\/i0.wp.com\/lasprimeras.com.do\/wp-content\/uploads\/2023\/07\/lluvias-1.jpg?resize=350%2C200&ssl=1 1x, https:\/\/i0.wp.com\/lasprimeras.com.do\/wp-content\/uploads\/2023\/07\/lluvias-1.jpg?resize=525%2C300&ssl=1 1.5x"},"classes":[]},{"id":55932,"url":"https:\/\/lasprimeras.com.do\/index.php\/2023\/07\/26\/onamet-anuncia-aguaceros-tronadas-y-rafagas-de-viento-por-onda-tropical\/","url_meta":{"origin":59428,"position":1},"title":"ONAMET anuncia aguaceros, tronadas y r\u00e1fagas de viento por Onda Tropical\u00a0","author":"Nelson Feliz","date":"26 de julio de 2023","format":false,"excerpt":"Alertas meteorol\u00f3gicas y recomendaciones marinas vigentes. La Oficina Nacional de Meteorolog\u00eda (ONAMET), informo sobre el paso de una activa onda tropical estar\u00e1 generando en el transcurso de la tarde y la noche, nublados acompa\u00f1ados de aguaceros moderados a fuertes localmente, tormentas el\u00e9ctricas, r\u00e1fagas de viento e incrementos del oleaje en\u2026","rel":"","context":"En \u00abNACIONALES\u00bb","block_context":{"text":"NACIONALES","link":"https:\/\/lasprimeras.com.do\/index.php\/category\/nacionales\/"},"img":{"alt_text":"","src":"https:\/\/i0.wp.com\/lasprimeras.com.do\/wp-content\/uploads\/2023\/07\/lluvias-1.jpg?resize=350%2C200&ssl=1","width":350,"height":200,"srcset":"https:\/\/i0.wp.com\/lasprimeras.com.do\/wp-content\/uploads\/2023\/07\/lluvias-1.jpg?resize=350%2C200&ssl=1 1x, https:\/\/i0.wp.com\/lasprimeras.com.do\/wp-content\/uploads\/2023\/07\/lluvias-1.jpg?resize=525%2C300&ssl=1 1.5x"},"classes":[]},{"id":57362,"url":"https:\/\/lasprimeras.com.do\/index.php\/2023\/08\/11\/sensacion-termica-en-el-pais-oscila-entre-32-y-38-grados\/","url_meta":{"origin":59428,"position":2},"title":"Sensaci\u00f3n t\u00e9rmica en el pa\u00eds oscila entre 32 y 38 grados","author":"Nelson Feliz","date":"11 de agosto de 2023","format":false,"excerpt":"Onda tropical ubicada en Hait\u00ed se aleja de nuestro territorio. La Oficina Nacional de Meteorolog\u00eda (Onamet) informa este viernes que la humedad asociada a una onda tropical ubicada sobre Hait\u00ed que empieza a alejarse de nuestro territorio continuar\u00e1 aportando condiciones favorables para que se presenten algunos nublados acompa\u00f1ados de aguaceros,\u2026","rel":"","context":"En \u00abNACIONALES\u00bb","block_context":{"text":"NACIONALES","link":"https:\/\/lasprimeras.com.do\/index.php\/category\/nacionales\/"},"img":{"alt_text":"","src":"https:\/\/i0.wp.com\/lasprimeras.com.do\/wp-content\/uploads\/2023\/06\/calor.png?resize=350%2C200&ssl=1","width":350,"height":200,"srcset":"https:\/\/i0.wp.com\/lasprimeras.com.do\/wp-content\/uploads\/2023\/06\/calor.png?resize=350%2C200&ssl=1 1x, https:\/\/i0.wp.com\/lasprimeras.com.do\/wp-content\/uploads\/2023\/06\/calor.png?resize=525%2C300&ssl=1 1.5x, https:\/\/i0.wp.com\/lasprimeras.com.do\/wp-content\/uploads\/2023\/06\/calor.png?resize=700%2C400&ssl=1 2x"},"classes":[]},{"id":110140,"url":"https:\/\/lasprimeras.com.do\/index.php\/2025\/09\/26\/activa-onda-tropical-y-vaguada-provocara-aguaceros-y-tronadas-durante-el-fin-de-semana\/","url_meta":{"origin":59428,"position":3},"title":"Activa onda tropical y vaguada provocar\u00e1 aguaceros y tronadas durante el fin de semana","author":"Nelson Feliz","date":"26 de septiembre de 2025","format":false,"excerpt":"La Instituto Dominicano de Meteorolog\u00eda, informa sobre la activa onda tropical con alto potencial cicl\u00f3nico se ha movido al oeste, ubic\u00e1ndose sobre Hait\u00ed, aun as\u00ed la masa de aire que nos cubre se mantiene con bastante humedad e inestabilidad por la incidencia de la vaguada. Por consiguiente, seguir\u00e1n ocurriendo aumentos\u2026","rel":"","context":"En \u00abCLIMA\u00bb","block_context":{"text":"CLIMA","link":"https:\/\/lasprimeras.com.do\/index.php\/category\/clima\/"},"img":{"alt_text":"","src":"https:\/\/i0.wp.com\/lasprimeras.com.do\/wp-content\/uploads\/2025\/06\/Lluvias.jpg?resize=350%2C200&ssl=1","width":350,"height":200},"classes":[]},{"id":113360,"url":"https:\/\/lasprimeras.com.do\/index.php\/2025\/11\/02\/indomet-advierte-onda-tropical-y-vaguada-seguira-provocando-aguaceros-con-tormentas-electricas\/","url_meta":{"origin":59428,"position":4},"title":"INDOMET advierte onda tropical y vaguada seguir\u00e1 provocando aguaceros con tormentas el\u00e9ctricas","author":"Nelson Feliz","date":"2 de noviembre de 2025","format":false,"excerpt":"SE MANTIENEN LOS ALERTAS Y AVISOS METEOROL\u00d3GICOS El Instituto Dominicano De Meteorolog\u00eda inform\u00f3 este domingo que debido al tr\u00e1nsito de una onda tropical sobre el territorio dominicano m\u00e1s la incidencia de una vaguada en los niveles altos de la troposfera, seguir\u00e1n los aguaceros con tormentas el\u00e9ctricas y r\u00e1fagas de viento,\u2026","rel":"","context":"En \u00abCLIMA\u00bb","block_context":{"text":"CLIMA","link":"https:\/\/lasprimeras.com.do\/index.php\/category\/clima\/"},"img":{"alt_text":"","src":"https:\/\/i0.wp.com\/lasprimeras.com.do\/wp-content\/uploads\/2025\/10\/lluvias.jpg?resize=350%2C200&ssl=1","width":350,"height":200,"srcset":"https:\/\/i0.wp.com\/lasprimeras.com.do\/wp-content\/uploads\/2025\/10\/lluvias.jpg?resize=350%2C200&ssl=1 1x, https:\/\/i0.wp.com\/lasprimeras.com.do\/wp-content\/uploads\/2025\/10\/lluvias.jpg?resize=525%2C300&ssl=1 1.5x, https:\/\/i0.wp.com\/lasprimeras.com.do\/wp-content\/uploads\/2025\/10\/lluvias.jpg?resize=700%2C400&ssl=1 2x"},"classes":[]},{"id":84939,"url":"https:\/\/lasprimeras.com.do\/index.php\/2024\/06\/18\/vaguada-seguira-produciendo-aguaceros-tronadas-y-rafagas-de-viento-en-varias-localidades\/","url_meta":{"origin":59428,"position":5},"title":"Vaguada seguir\u00e1 produciendo aguaceros, tronadas y r\u00e1fagas de viento en varias localidades","author":"Nelson Feliz","date":"18 de junio de 2024","format":false,"excerpt":"Potencial Cicl\u00f3n Tropical n\u00famero uno sobre el suroeste del Golfo de M\u00e9xico; se\u00a0 mantienen vigentes las alertas. La Oficina Nacional de Meteorolog\u00eda (ONAMET) informa que permanece una vaguada en diferentes niveles de la troposfera interactuando con el viento del este\/sureste y los efectos locales, (calentamiento diurno y orogr\u00e1fico), ambos continuar\u00e1n\u2026","rel":"","context":"En \u00abNACIONALES\u00bb","block_context":{"text":"NACIONALES","link":"https:\/\/lasprimeras.com.do\/index.php\/category\/nacionales\/"},"img":{"alt_text":"","src":"https:\/\/i0.wp.com\/lasprimeras.com.do\/wp-content\/uploads\/2023\/10\/WhatsApp-Image-2023-10-04-at-5.20.12-PM-2.webp?resize=350%2C200&ssl=1","width":350,"height":200,"srcset":"https:\/\/i0.wp.com\/lasprimeras.com.do\/wp-content\/uploads\/2023\/10\/WhatsApp-Image-2023-10-04-at-5.20.12-PM-2.webp?resize=350%2C200&ssl=1 1x, https:\/\/i0.wp.com\/lasprimeras.com.do\/wp-content\/uploads\/2023\/10\/WhatsApp-Image-2023-10-04-at-5.20.12-PM-2.webp?resize=525%2C300&ssl=1 1.5x, https:\/\/i0.wp.com\/lasprimeras.com.do\/wp-content\/uploads\/2023\/10\/WhatsApp-Image-2023-10-04-at-5.20.12-PM-2.webp?resize=700%2C400&ssl=1 2x, https:\/\/i0.wp.com\/lasprimeras.com.do\/wp-content\/uploads\/2023\/10\/WhatsApp-Image-2023-10-04-at-5.20.12-PM-2.webp?resize=1050%2C600&ssl=1 3x"},"classes":[]}],"jetpack_sharing_enabled":true,"_links":{"self":[{"href":"https:\/\/lasprimeras.com.do\/index.php\/wp-json\/wp\/v2\/posts\/59428","targetHints":{"allow":["GET"]}}],"collection":[{"href":"https:\/\/lasprimeras.com.do\/index.php\/wp-json\/wp\/v2\/posts"}],"about":[{"href":"https:\/\/lasprimeras.com.do\/index.php\/wp-json\/wp\/v2\/types\/post"}],"author":[{"embeddable":true,"href":"https:\/\/lasprimeras.com.do\/index.php\/wp-json\/wp\/v2\/users\/2"}],"replies":[{"embeddable":true,"href":"https:\/\/lasprimeras.com.do\/index.php\/wp-json\/wp\/v2\/comments?post=59428"}],"version-history":[{"count":1,"href":"https:\/\/lasprimeras.com.do\/index.php\/wp-json\/wp\/v2\/posts\/59428\/revisions"}],"predecessor-version":[{"id":59429,"href":"https:\/\/lasprimeras.com.do\/index.php\/wp-json\/wp\/v2\/posts\/59428\/revisions\/59429"}],"wp:featuredmedia":[{"embeddable":true,"href":"https:\/\/lasprimeras.com.do\/index.php\/wp-json\/wp\/v2\/media\/55104"}],"wp:attachment":[{"href":"https:\/\/lasprimeras.com.do\/index.php\/wp-json\/wp\/v2\/media?parent=59428"}],"wp:term":[{"taxonomy":"category","embeddable":true,"href":"https:\/\/lasprimeras.com.do\/index.php\/wp-json\/wp\/v2\/categories?post=59428"},{"taxonomy":"post_tag","embeddable":true,"href":"https:\/\/lasprimeras.com.do\/index.php\/wp-json\/wp\/v2\/tags?post=59428"}],"curies":[{"name":"wp","href":"https:\/\/api.w.org\/{rel}","templated":true}]}}